{"id":9876,"date":"2021-07-13T18:51:55","date_gmt":"2021-07-13T18:51:55","guid":{"rendered":"https:\/\/www.africa-press.net\/cotedivoire\/?p=9876"},"modified":"2021-07-15T18:46:20","modified_gmt":"2021-07-15T18:46:20","slug":"laurent-gbagbo-et-ses-gors-sont-ils-a-la-croisee-des-chemins","status":"publish","type":"post","link":"https:\/\/www.africa-press.net\/cotedivoire\/politique\/laurent-gbagbo-et-ses-gors-sont-ils-a-la-croisee-des-chemins","title":{"rendered":"Laurent Gbagbo et ses GORs sont-ils \u00e0 la crois\u00e9e des chemins ?"},"content":{"rendered":"<p><span style=\"color: #ff6600\"><strong><a href=\"https:\/\/www.africa-press.net\/\">Africa-Press<\/a> &#8211; <a href=\"https:\/\/www.africa-press.net\/cotedivoire\">C\u00f4te d&rsquo;Ivoire<\/a>. <\/strong><\/span>Plut\u00f4t que de vous acharner sur la pauvre Simone Ehivet, puisque vous affectionnez tant les dossiers judiciaires, je vais vous en proposer un. Vous \u00e9tiez au pouvoir et M. Nicolas Sarkozy vous a bombard\u00e9s sous pr\u00e9texte que M. Gbagbo ne voulait pas quitter le pouvoir. Ok. Question. O\u00f9 est ce qu\u2019il est \u00e9crit et sign\u00e9 \u00e0 l\u2019ONU et sans la constitution fran\u00e7aise que lorsqu\u2019on refuse de quitter le pouvoir on doit \u00eatre bombard\u00e9? N\u2019y avait t-il pas d\u2019autres solutions pour \u00e9pargner les vies humaines?<\/p>\n<p>Gbagbo lui-m\u00eame avait propos\u00e9 un recomptage des voies, pendant que nous autres suggeraient la reprise compl\u00e8te des \u00e9lections sur tout le territoire pr\u00e9c\u00e9d\u00e9e d\u2019un d\u00e9sarmement effectif des hommes de Soro. En quoi le pr\u00e9sident de la France \u00e9tait- il concern\u00e9 par les \u00e9lections d\u2019un autre pays, fusse-t-il une ancienne colonie? Gbagbo, ses conseillers juridiques, et toute la clique GOR devraient s\u2019en prendre \u00e0 pr\u00e9sent \u00e0 Nicolas Sarkozy et \u00e0 Soro Guillaume, le petit tra\u00eetre.<\/p>\n<p>Le Conseil Constitutionnel avait d\u00e9clar\u00e9 Gbagbo vainqueur et ce m\u00eame conseil constitutionnel ne se d\u00e9dit pas. Alors quelque soit les tonnes de bombardements de Sarkozy, Gbagbo demeure jusqu\u2019\u00e0 preuve du contraire le Pr\u00e9sident l\u00e9gal de la C\u00f4te d\u2019Ivoire en fait mais bon ce d\u00e9bat est clos par la force des choses. N\u00e9anmoins, simple question de bon sens, non? Tout le monde semble l\u2019ignorer m\u00eame les soient disant juristes et journalistes. Sarkozy n\u2019est plus pr\u00e9sident de la France, il se pavane partout.<\/p>\n<p>Vous ne devriez plus avoir peur de le convoquer au tribunal international. C\u2019est l\u00e0 que nous autres on vous attendait et non pas \u00e0 chercher des b\u00eates noires sur Simone et Affi. Vous accusez Simone de vous avoir induit en erreur en ne c\u00e9dant pas le pouvoir. Vous vous d\u00e9douanez et bl\u00e2mer la pauvre. Simone n\u2019\u00e9tait pas au pouvoir m\u00eame si elle avait une certaine influence sur quelques militaires.<\/p>\n<p>C\u2019est Gbagbo qui \u00e9tait le responsable, le d\u00e9cideur. Ayons tous le courage de le lui rappeler. Quand il signait n\u2019importe comment sans l\u2019avis de ses camarades de lutte, sans d\u00e9sarmement des rebelles, quand il dansait \u00e0 la rue princesse avec le rebelles, est-ce Simone et Affi qui le poussaient \u00e0 se comporter ainsi? Soyons s\u00e9rieux. Quand on a \u00e9chou\u00e9 on doit avoir le courage de le reconna\u00eetre et d\u2019apprendre de ses erreurs, dr\u00f4les de r\u00e9conciliateurs.<\/p>\n<p>Autre sujet, Affi est le pr\u00e9sident l\u00e9gal de votre parti le FPI. Gbagbo en est cofondateur d\u2019apr\u00e8s ce que nous avons appris. Par respect Affi a toujours dit qu\u2019il peut c\u00e9der la pr\u00e9sidence du parti \u00e0 Gbagbo mais \u00e0 condition d\u2019y mettre la mani\u00e8re l\u00e9gale. Sortez nous un article de votre parti qui dit que M. Gbagbo peut \u00e0 tout moment et comme il le veut \u00eatre le pr\u00e9sident du parti. Sur quelle base l\u00e9gale le prenez lui pour pr\u00e9sident du FPI? Pourquoi aux derni\u00e8res l\u00e9gislatives vous vous \u00eates pr\u00e9sent\u00e9 sous la banni\u00e8re de EDS pendant que Affi se pr\u00e9sentait sous la banni\u00e8re du FPI?<\/p>\n<p>C\u2019est ce d\u00e9sordre, ce cafouillage que vous affectionnez tant qui vous a fait perdre le pouvoir. Vous confondez sentiments personnels, business, et les int\u00e9r\u00eats du pays. Ayez le courage de quitter dans les \u00e9motions et sensations et faites face aux r\u00e9alit\u00e9s de mani\u00e8re lucide. Restons dans l\u2019objectivit\u00e9. Pourquoi vous ne saisissez pas la CPI pour que vos bourreaux Soro Guillaume et Sarkozy s\u2019expliquent? Plut\u00f4t que de vous d\u00e9verser sur Simone et Affi Nguessan pour avoir remercier et collaborer un temps soit peu avec le Pr\u00e9sident Ouattara?<\/p>\n<p>Vous oubliez que Ouattara est le Pr\u00e9sident de la R\u00e9publique de C\u00f4te d\u2019Ivoire depuis bient\u00f4t quinze ann\u00e9es, peu importe la mani\u00e8re mais c\u2019est cela la r\u00e9alit\u00e9 du terrain. Il faut respecter cela et il faut respecter et craindre le pouvoir. A cet effet, j\u2019aime bien la posture du Pr\u00e9sident Ouattara. En son temps on l\u2019a accus\u00e9 \u00e0 tort ou \u00e0 raison d\u2019\u00eatre le financier et l\u2019instigateur de la r\u00e9bellion qui a endeuill\u00e9 le pays. Jamais la moindre preuve juridique n\u2019a \u00e9t\u00e9 apport\u00e9e m\u00eame quand vous \u00e9tiez au pouvoir.<\/p>\n<p>Aussi \u00e0 supposer que Gbagbo, ses conseillers juridiques, et les GORs d\u00e9cident de convoquer Sarkozy au tribunal. Supposons que Sarkozy cite Ouattara et le juge demande \u00e0 celui-ci de compara\u00eetre, de venir t\u00e9moigner. Ouattara peut tr\u00e8s bien regarder Sarkozy dans les yeux et lui dire qu\u2019il ne sait pas de quoi Sarkozy parle. Lui Ouattara a \u00e9t\u00e9 port\u00e9 \u00e0 la t\u00eate de la C\u00f4te d\u2019Ivoire par le coll\u00e8ge \u00e9lectoral et il a pr\u00eat\u00e9 serment l\u00e9galement et selon la constitution.<\/p>\n<p>M\u00eame s\u2019il est b\u00e9n\u00e9ficiaire de deux \u00e9v\u00e9nements, je veux dire la r\u00e9bellion et les bombardements Sarkoziens, Ouattara est bien acquitt\u00e9 aujourd\u2019hui et demain s\u2019il y a un proc\u00e8s. Les auteurs directs devront apprendre que quand on envoie il faut savoir faire la commission.Alors je r\u00e9p\u00e8te que plut\u00f4t que de verser votre \u00e9chec sur Simone et Affi, vous feriez mieux de chercher l\u2019auteur de vos malheurs qui n\u2019est autre que Nicolas Sarkozy et votre mauvaise mani\u00e8re d\u2019avoir g\u00e9r\u00e9 la crise \u00e9lectorale.<\/p>\n<p>R\u00e9fl\u00e9chissez \u00e0 l\u2019\u00e9quation Nady Bamba que vos adversaires vous ont pos\u00e9e. Arr\u00eatons vos danses de sorciers et de sorci\u00e8res de mauvais go\u00fbts sur la pauvre Simone et Affi Nguessan. Je parie que 99% d\u2019entre vous ne connaissent pas les textes du FPI et n\u2019avez pas de carte de membre du parti. Vous ne participez pas au financement du parti. Vous \u00eates juste des sympathisants de Gbagbo et vous pr\u00e9f\u00e9rez pour certains aller cr\u00e9er vos partis politiques alors que le FPI est l\u00e0, etc.<\/p>\n<p>La politique ce n\u2019est pas palabre, encore moins une affaire de gros c\u0153ur ou d\u2019appartenance ethnique. La politique tout comme la vie tout court est un jeu d\u2019intelligence o\u00f9 on anime des d\u00e9bats contradictoires, enrichissants et portant sur des projets de d\u00e9veloppement et du bien \u00eatre des populations. Ce que vous avez d\u00e9nonc\u00e9 hier sous Houphou\u00ebt et le PDCI, arr\u00eatez de faire la m\u00eame chose. Je parle ici du culte de la personnalit\u00e9, du manque de d\u00e9bats contradictoires et d\u2019ouverture. Vous \u00eates actuellement \u00e0 la recherche d\u2019un alli\u00e9 qui lui aussi se cherche apr\u00e8s des \u00e9garements au RHDP.<\/p>\n<p>Ou mieux encore, je vous sugg\u00e8re de quitter ce chemin plein de contradictions judiciaires et de vous atteler \u00e0 faire la paix entre vous membres de parti. Travaillez \u00e0 l\u2019unification de votre parti, arr\u00eatez de transposer vos palabres priv\u00e9s sur la place publique. Renforcez les structures de votre parti en y int\u00e9grant beaucoup de jeunes qualifi\u00e9s et comp\u00e9tents.<\/p>\n<p>Organisez un congr\u00e8s pour aplanir en interne toutes vos contradictions et frustrations \u00e0 r\u00e9p\u00e9titions en mettant \u00e0 jour vos textes. Travaillez sur des programmes de d\u00e9veloppement du pays qui vont vous faire attirer plus de membres actifs. Acceptez qu\u2019on touche \u00e0 votre fetiche pour qu\u2019il s\u2019am\u00e9liore dans le bon sens car c\u2019est un \u00eatre humain avec ses d\u00e9fauts et qualit\u00e9s comme vous et moi. Lui-m\u00eame doit accepter les critiques constructives \u00e9galement.<\/p>\n<p>Enfin, je profite pour lancer \u00e0 l\u2019ensemble de tous les politiciens ivoiriens que ce que le peuple de C\u00f4te d\u2019Ivoire, la soci\u00e9t\u00e9 civile dans son ensemble attendent de vous, ce sont des programmes de d\u00e9veloppement, une proposition d\u2019une constitution impersonnelle dans laquelle le pr\u00e9sident \u00e9lu est reconnu par ses adversaires, le pr\u00e9sident a un salaire vot\u00e9 et approuv\u00e9 par le congr\u00e8s, une pr\u00e9sidence aux pouvoirs \u00e9quilibr\u00e9s avec les autres institutions du pays, que le pr\u00e9sident ne soit plus l\u2019alpha et l\u2019om\u00e9ga du pays, qu\u2019il ait des pouvoirs limit\u00e9s, approuv\u00e9s et connus de tous.<\/p>\n<p>C\u2019est \u00e9galement une solution pour mettre fin aux palabres et guerres li\u00e9es aux \u00e9lections. Il faut banaliser quelque peu la fonction de chef de l\u2019Etat en Afrique comme les occidentaux l\u2019ont si bien compris. Un pr\u00e9sident qu\u2019on peut d\u00e9mettre de ses fonctions pour manquement grave sans attendre les prochaines \u00e9lections.<\/p>\n<p>Nous voulons de vous les politiciens au pouvoir ou qui veulent revenir au pouvoir ou qui veulent y acc\u00e9der pour la premi\u00e8re fois, des projets de d\u00e9veloppement complet du pays, un pays democratique , un pays de droit, un pays o\u00f9 tous les citoyens sont \u00e9gaux devant la loi y compris le pr\u00e9sident de la r\u00e9publique, un pays o\u00f9 les populations se soignent correctement, mangent \u00e0 leur faim, travaillent, font leurs business, un pays o\u00f9 les habitants quels que soient leur opinion politique leur ethnie leur religion se sentent en s\u00e9curit\u00e9, un pays o\u00f9 les lois sont appliqu\u00e9es avec rigueur \u00e9quitablement pour tous. etc.<\/p>\n<p>&nbsp;<\/p>\n","protected":false},"excerpt":{"rendered":"<p>Africa-Press &#8211; C\u00f4te d&rsquo;Ivoire. Plut\u00f4t que de vous acharner sur la pauvre Simone Ehivet, puisque vous affectionnez tant les dossiers judiciaires, je vais vous en proposer un. Vous \u00e9tiez au pouvoir et M. Nicolas Sarkozy vous a bombard\u00e9s sous pr\u00e9texte que M. Gbagbo ne voulait pas quitter le pouvoir. Ok. Question. O\u00f9 est ce qu\u2019il [&hellip;]<\/p>\n","protected":false},"author":82,"featured_media":9875,"comment_status":"open","ping_status":"closed","sticky":false,"template":"","format":"standard","meta":{"footnotes":""},"categories":[11,2,10],"tags":[56,63,29],"class_list":["post-9876","post","type-post","status-publish","format-standard","has-post-thumbnail","hentry","category-homepage-french","category-politique","category-toutes-les-actualites","tag-africa-press","tag-africa-press-cote-divoire","tag-cote-divoire"],"yoast_head":"<!-- This site is optimized with the Yoast SEO Premium plugin v26.1 (Yoast SEO v27.0) - https:\/\/yoast.com\/product\/yoast-seo-premium-wordpress\/ -->\n<title>Laurent Gbagbo et ses GORs sont-ils \u00e0 la crois\u00e9e des chemins ? - C\u00f4te d&#039;Ivoire<\/title>\n<meta name=\"description\" content=\"Plut\u00f4t que de vous acharner sur la pauvre Simone Ehivet, puisque vous affectionnez tant les dossiers judiciaires, je vai ...\" \/>\n<meta name=\"robots\" content=\"index, follow, max-snippet:-1, max-image-preview:large, max-video-preview:-1\" \/>\n<link rel=\"canonical\" href=\"https:\/\/www.africa-press.net\/cotedivoire\/politique\/laurent-gbagbo-et-ses-gors-sont-ils-a-la-croisee-des-chemins\" \/>\n<meta property=\"og:locale\" content=\"fr_FR\" \/>\n<meta property=\"og:type\" content=\"article\" \/>\n<meta property=\"og:title\" content=\"Laurent Gbagbo et ses GORs sont-ils \u00e0 la crois\u00e9e des chemins ?\" \/>\n<meta property=\"og:description\" content=\"Plut\u00f4t que de vous acharner sur la pauvre Simone Ehivet, puisque vous affectionnez tant les dossiers judiciaires, je vai ...\" \/>\n<meta property=\"og:url\" content=\"https:\/\/www.africa-press.net\/cotedivoire\/politique\/laurent-gbagbo-et-ses-gors-sont-ils-a-la-croisee-des-chemins\" \/>\n<meta property=\"og:site_name\" content=\"C\u00f4te d&#039;Ivoire\" \/>\n<meta property=\"article:published_time\" content=\"2021-07-13T18:51:55+00:00\" \/>\n<meta property=\"article:modified_time\" content=\"2021-07-15T18:46:20+00:00\" \/>\n<meta property=\"og:image\" content=\"https:\/\/static.africa-press.net\/cote\/sites\/43\/2021\/07\/img-60edcfdc950b9.jpg\" \/>\n\t<meta property=\"og:image:width\" content=\"720\" \/>\n\t<meta property=\"og:image:height\" content=\"540\" \/>\n\t<meta property=\"og:image:type\" content=\"image\/jpeg\" \/>\n<meta name=\"author\" content=\"cfeditorfr\" \/>\n<meta name=\"twitter:card\" content=\"summary_large_image\" \/>\n<meta name=\"twitter:label1\" content=\"\u00c9crit par\" \/>\n\t<meta name=\"twitter:data1\" content=\"cfeditorfr\" \/>\n\t<meta name=\"twitter:label2\" content=\"Dur\u00e9e de lecture estim\u00e9e\" \/>\n\t<meta name=\"twitter:data2\" content=\"8 minutes\" \/>\n<script type=\"application\/ld+json\" class=\"yoast-schema-graph\">{\"@context\":\"https:\/\/schema.org\",\"@graph\":[{\"@type\":\"Article\",\"@id\":\"https:\/\/www.africa-press.net\/cotedivoire\/politique\/laurent-gbagbo-et-ses-gors-sont-ils-a-la-croisee-des-chemins#article\",\"isPartOf\":{\"@id\":\"https:\/\/www.africa-press.net\/cotedivoire\/politique\/laurent-gbagbo-et-ses-gors-sont-ils-a-la-croisee-des-chemins\"},\"author\":{\"name\":\"cfeditorfr\",\"@id\":\"https:\/\/www.africa-press.net\/cotedivoire\/#\/schema\/person\/2b1cf3cd81a31e3cd26889ca66d677f1\"},\"headline\":\"Laurent Gbagbo et ses GORs sont-ils \u00e0 la crois\u00e9e des chemins ?\",\"datePublished\":\"2021-07-13T18:51:55+00:00\",\"dateModified\":\"2021-07-15T18:46:20+00:00\",\"mainEntityOfPage\":{\"@id\":\"https:\/\/www.africa-press.net\/cotedivoire\/politique\/laurent-gbagbo-et-ses-gors-sont-ils-a-la-croisee-des-chemins\"},\"wordCount\":1576,\"commentCount\":0,\"image\":{\"@id\":\"https:\/\/www.africa-press.net\/cotedivoire\/politique\/laurent-gbagbo-et-ses-gors-sont-ils-a-la-croisee-des-chemins#primaryimage\"},\"thumbnailUrl\":\"https:\/\/static.africa-press.net\/cote\/sites\/43\/2021\/07\/img-60edcfdc950b9.jpg\",\"keywords\":[\"Africa Press\",\"Africa Press-C\u00f4te d'Ivoire\",\"C\u00d4TE D'IVOIRE\"],\"articleSection\":[\"homepage-french\",\"Politique\",\"Toutes les actualit\u00e9s\"],\"inLanguage\":\"fr-FR\",\"potentialAction\":[{\"@type\":\"CommentAction\",\"name\":\"Comment\",\"target\":[\"https:\/\/www.africa-press.net\/cotedivoire\/politique\/laurent-gbagbo-et-ses-gors-sont-ils-a-la-croisee-des-chemins#respond\"]}]},{\"@type\":\"WebPage\",\"@id\":\"https:\/\/www.africa-press.net\/cotedivoire\/politique\/laurent-gbagbo-et-ses-gors-sont-ils-a-la-croisee-des-chemins\",\"url\":\"https:\/\/www.africa-press.net\/cotedivoire\/politique\/laurent-gbagbo-et-ses-gors-sont-ils-a-la-croisee-des-chemins\",\"name\":\"Laurent Gbagbo et ses GORs sont-ils \u00e0 la crois\u00e9e des chemins ? - C\u00f4te d&#039;Ivoire\",\"isPartOf\":{\"@id\":\"https:\/\/www.africa-press.net\/cotedivoire\/#website\"},\"primaryImageOfPage\":{\"@id\":\"https:\/\/www.africa-press.net\/cotedivoire\/politique\/laurent-gbagbo-et-ses-gors-sont-ils-a-la-croisee-des-chemins#primaryimage\"},\"image\":{\"@id\":\"https:\/\/www.africa-press.net\/cotedivoire\/politique\/laurent-gbagbo-et-ses-gors-sont-ils-a-la-croisee-des-chemins#primaryimage\"},\"thumbnailUrl\":\"https:\/\/static.africa-press.net\/cote\/sites\/43\/2021\/07\/img-60edcfdc950b9.jpg\",\"datePublished\":\"2021-07-13T18:51:55+00:00\",\"dateModified\":\"2021-07-15T18:46:20+00:00\",\"author\":{\"@id\":\"https:\/\/www.africa-press.net\/cotedivoire\/#\/schema\/person\/2b1cf3cd81a31e3cd26889ca66d677f1\"},\"description\":\"Plut\u00f4t que de vous acharner sur la pauvre Simone Ehivet, puisque vous affectionnez tant les dossiers judiciaires, je vai ...\",\"breadcrumb\":{\"@id\":\"https:\/\/www.africa-press.net\/cotedivoire\/politique\/laurent-gbagbo-et-ses-gors-sont-ils-a-la-croisee-des-chemins#breadcrumb\"},\"inLanguage\":\"fr-FR\",\"potentialAction\":[{\"@type\":\"ReadAction\",\"target\":[\"https:\/\/www.africa-press.net\/cotedivoire\/politique\/laurent-gbagbo-et-ses-gors-sont-ils-a-la-croisee-des-chemins\"]}]},{\"@type\":\"ImageObject\",\"inLanguage\":\"fr-FR\",\"@id\":\"https:\/\/www.africa-press.net\/cotedivoire\/politique\/laurent-gbagbo-et-ses-gors-sont-ils-a-la-croisee-des-chemins#primaryimage\",\"url\":\"https:\/\/static.africa-press.net\/cote\/sites\/43\/2021\/07\/img-60edcfdc950b9.jpg\",\"contentUrl\":\"https:\/\/static.africa-press.net\/cote\/sites\/43\/2021\/07\/img-60edcfdc950b9.jpg\",\"width\":720,\"height\":540,\"caption\":\"Laurent Gbagbo et ses GORs sont-ils \u00e0 la crois\u00e9e des chemins ?\"},{\"@type\":\"BreadcrumbList\",\"@id\":\"https:\/\/www.africa-press.net\/cotedivoire\/politique\/laurent-gbagbo-et-ses-gors-sont-ils-a-la-croisee-des-chemins#breadcrumb\",\"itemListElement\":[{\"@type\":\"ListItem\",\"position\":1,\"name\":\"Accueil\",\"item\":\"https:\/\/www.africa-press.net\/cotedivoire\/\"},{\"@type\":\"ListItem\",\"position\":2,\"name\":\"Laurent Gbagbo et ses GORs sont-ils \u00e0 la crois\u00e9e des chemins ?\"}]},{\"@type\":\"WebSite\",\"@id\":\"https:\/\/www.africa-press.net\/cotedivoire\/#website\",\"url\":\"https:\/\/www.africa-press.net\/cotedivoire\/\",\"name\":\"C\u00f4te d&#039;Ivoire\",\"description\":\"Just another Africa News Agency Sites site\",\"potentialAction\":[{\"@type\":\"SearchAction\",\"target\":{\"@type\":\"EntryPoint\",\"urlTemplate\":\"https:\/\/www.africa-press.net\/cotedivoire\/?s={search_term_string}\"},\"query-input\":{\"@type\":\"PropertyValueSpecification\",\"valueRequired\":true,\"valueName\":\"search_term_string\"}}],\"inLanguage\":\"fr-FR\"},{\"@type\":\"Person\",\"@id\":\"https:\/\/www.africa-press.net\/cotedivoire\/#\/schema\/person\/2b1cf3cd81a31e3cd26889ca66d677f1\",\"name\":\"cfeditorfr\"}]}<\/script>\n<!-- \/ Yoast SEO Premium plugin. -->","yoast_head_json":{"title":"Laurent Gbagbo et ses GORs sont-ils \u00e0 la crois\u00e9e des chemins ? - C\u00f4te d&#039;Ivoire","description":"Plut\u00f4t que de vous acharner sur la pauvre Simone Ehivet, puisque vous affectionnez tant les dossiers judiciaires, je vai ...","robots":{"index":"index","follow":"follow","max-snippet":"max-snippet:-1","max-image-preview":"max-image-preview:large","max-video-preview":"max-video-preview:-1"},"canonical":"https:\/\/www.africa-press.net\/cotedivoire\/politique\/laurent-gbagbo-et-ses-gors-sont-ils-a-la-croisee-des-chemins","og_locale":"fr_FR","og_type":"article","og_title":"Laurent Gbagbo et ses GORs sont-ils \u00e0 la crois\u00e9e des chemins ?","og_description":"Plut\u00f4t que de vous acharner sur la pauvre Simone Ehivet, puisque vous affectionnez tant les dossiers judiciaires, je vai ...","og_url":"https:\/\/www.africa-press.net\/cotedivoire\/politique\/laurent-gbagbo-et-ses-gors-sont-ils-a-la-croisee-des-chemins","og_site_name":"C\u00f4te d&#039;Ivoire","article_published_time":"2021-07-13T18:51:55+00:00","article_modified_time":"2021-07-15T18:46:20+00:00","og_image":[{"width":720,"height":540,"url":"https:\/\/static.africa-press.net\/cote\/sites\/43\/2021\/07\/img-60edcfdc950b9.jpg","type":"image\/jpeg"}],"author":"cfeditorfr","twitter_card":"summary_large_image","twitter_misc":{"\u00c9crit par":"cfeditorfr","Dur\u00e9e de lecture estim\u00e9e":"8 minutes"},"schema":{"@context":"https:\/\/schema.org","@graph":[{"@type":"Article","@id":"https:\/\/www.africa-press.net\/cotedivoire\/politique\/laurent-gbagbo-et-ses-gors-sont-ils-a-la-croisee-des-chemins#article","isPartOf":{"@id":"https:\/\/www.africa-press.net\/cotedivoire\/politique\/laurent-gbagbo-et-ses-gors-sont-ils-a-la-croisee-des-chemins"},"author":{"name":"cfeditorfr","@id":"https:\/\/www.africa-press.net\/cotedivoire\/#\/schema\/person\/2b1cf3cd81a31e3cd26889ca66d677f1"},"headline":"Laurent Gbagbo et ses GORs sont-ils \u00e0 la crois\u00e9e des chemins ?","datePublished":"2021-07-13T18:51:55+00:00","dateModified":"2021-07-15T18:46:20+00:00","mainEntityOfPage":{"@id":"https:\/\/www.africa-press.net\/cotedivoire\/politique\/laurent-gbagbo-et-ses-gors-sont-ils-a-la-croisee-des-chemins"},"wordCount":1576,"commentCount":0,"image":{"@id":"https:\/\/www.africa-press.net\/cotedivoire\/politique\/laurent-gbagbo-et-ses-gors-sont-ils-a-la-croisee-des-chemins#primaryimage"},"thumbnailUrl":"https:\/\/static.africa-press.net\/cote\/sites\/43\/2021\/07\/img-60edcfdc950b9.jpg","keywords":["Africa Press","Africa Press-C\u00f4te d'Ivoire","C\u00d4TE D'IVOIRE"],"articleSection":["homepage-french","Politique","Toutes les actualit\u00e9s"],"inLanguage":"fr-FR","potentialAction":[{"@type":"CommentAction","name":"Comment","target":["https:\/\/www.africa-press.net\/cotedivoire\/politique\/laurent-gbagbo-et-ses-gors-sont-ils-a-la-croisee-des-chemins#respond"]}]},{"@type":"WebPage","@id":"https:\/\/www.africa-press.net\/cotedivoire\/politique\/laurent-gbagbo-et-ses-gors-sont-ils-a-la-croisee-des-chemins","url":"https:\/\/www.africa-press.net\/cotedivoire\/politique\/laurent-gbagbo-et-ses-gors-sont-ils-a-la-croisee-des-chemins","name":"Laurent Gbagbo et ses GORs sont-ils \u00e0 la crois\u00e9e des chemins ? - C\u00f4te d&#039;Ivoire","isPartOf":{"@id":"https:\/\/www.africa-press.net\/cotedivoire\/#website"},"primaryImageOfPage":{"@id":"https:\/\/www.africa-press.net\/cotedivoire\/politique\/laurent-gbagbo-et-ses-gors-sont-ils-a-la-croisee-des-chemins#primaryimage"},"image":{"@id":"https:\/\/www.africa-press.net\/cotedivoire\/politique\/laurent-gbagbo-et-ses-gors-sont-ils-a-la-croisee-des-chemins#primaryimage"},"thumbnailUrl":"https:\/\/static.africa-press.net\/cote\/sites\/43\/2021\/07\/img-60edcfdc950b9.jpg","datePublished":"2021-07-13T18:51:55+00:00","dateModified":"2021-07-15T18:46:20+00:00","author":{"@id":"https:\/\/www.africa-press.net\/cotedivoire\/#\/schema\/person\/2b1cf3cd81a31e3cd26889ca66d677f1"},"description":"Plut\u00f4t que de vous acharner sur la pauvre Simone Ehivet, puisque vous affectionnez tant les dossiers judiciaires, je vai ...","breadcrumb":{"@id":"https:\/\/www.africa-press.net\/cotedivoire\/politique\/laurent-gbagbo-et-ses-gors-sont-ils-a-la-croisee-des-chemins#breadcrumb"},"inLanguage":"fr-FR","potentialAction":[{"@type":"ReadAction","target":["https:\/\/www.africa-press.net\/cotedivoire\/politique\/laurent-gbagbo-et-ses-gors-sont-ils-a-la-croisee-des-chemins"]}]},{"@type":"ImageObject","inLanguage":"fr-FR","@id":"https:\/\/www.africa-press.net\/cotedivoire\/politique\/laurent-gbagbo-et-ses-gors-sont-ils-a-la-croisee-des-chemins#primaryimage","url":"https:\/\/static.africa-press.net\/cote\/sites\/43\/2021\/07\/img-60edcfdc950b9.jpg","contentUrl":"https:\/\/static.africa-press.net\/cote\/sites\/43\/2021\/07\/img-60edcfdc950b9.jpg","width":720,"height":540,"caption":"Laurent Gbagbo et ses GORs sont-ils \u00e0 la crois\u00e9e des chemins ?"},{"@type":"BreadcrumbList","@id":"https:\/\/www.africa-press.net\/cotedivoire\/politique\/laurent-gbagbo-et-ses-gors-sont-ils-a-la-croisee-des-chemins#breadcrumb","itemListElement":[{"@type":"ListItem","position":1,"name":"Accueil","item":"https:\/\/www.africa-press.net\/cotedivoire\/"},{"@type":"ListItem","position":2,"name":"Laurent Gbagbo et ses GORs sont-ils \u00e0 la crois\u00e9e des chemins ?"}]},{"@type":"WebSite","@id":"https:\/\/www.africa-press.net\/cotedivoire\/#website","url":"https:\/\/www.africa-press.net\/cotedivoire\/","name":"C\u00f4te d&#039;Ivoire","description":"Just another Africa News Agency Sites site","potentialAction":[{"@type":"SearchAction","target":{"@type":"EntryPoint","urlTemplate":"https:\/\/www.africa-press.net\/cotedivoire\/?s={search_term_string}"},"query-input":{"@type":"PropertyValueSpecification","valueRequired":true,"valueName":"search_term_string"}}],"inLanguage":"fr-FR"},{"@type":"Person","@id":"https:\/\/www.africa-press.net\/cotedivoire\/#\/schema\/person\/2b1cf3cd81a31e3cd26889ca66d677f1","name":"cfeditorfr"}]}},"_links":{"self":[{"href":"https:\/\/www.africa-press.net\/cotedivoire\/wp-json\/wp\/v2\/posts\/9876","targetHints":{"allow":["GET"]}}],"collection":[{"href":"https:\/\/www.africa-press.net\/cotedivoire\/wp-json\/wp\/v2\/posts"}],"about":[{"href":"https:\/\/www.africa-press.net\/cotedivoire\/wp-json\/wp\/v2\/types\/post"}],"author":[{"embeddable":true,"href":"https:\/\/www.africa-press.net\/cotedivoire\/wp-json\/wp\/v2\/users\/82"}],"replies":[{"embeddable":true,"href":"https:\/\/www.africa-press.net\/cotedivoire\/wp-json\/wp\/v2\/comments?post=9876"}],"version-history":[{"count":0,"href":"https:\/\/www.africa-press.net\/cotedivoire\/wp-json\/wp\/v2\/posts\/9876\/revisions"}],"wp:featuredmedia":[{"embeddable":true,"href":"https:\/\/www.africa-press.net\/cotedivoire\/wp-json\/wp\/v2\/media\/9875"}],"wp:attachment":[{"href":"https:\/\/www.africa-press.net\/cotedivoire\/wp-json\/wp\/v2\/media?parent=9876"}],"wp:term":[{"taxonomy":"category","embeddable":true,"href":"https:\/\/www.africa-press.net\/cotedivoire\/wp-json\/wp\/v2\/categories?post=9876"},{"taxonomy":"post_tag","embeddable":true,"href":"https:\/\/www.africa-press.net\/cotedivoire\/wp-json\/wp\/v2\/tags?post=9876"}],"curies":[{"name":"wp","href":"https:\/\/api.w.org\/{rel}","templated":true}]}}