{"id":9879,"date":"2021-07-13T18:58:37","date_gmt":"2021-07-13T18:58:37","guid":{"rendered":"https:\/\/www.africa-press.net\/cotedivoire\/?p=9879"},"modified":"2021-07-15T18:46:30","modified_gmt":"2021-07-15T18:46:30","slug":"de-retour-en-cote-divoire-gbagbo-affine-sa-strategie-politique","status":"publish","type":"post","link":"https:\/\/www.africa-press.net\/cotedivoire\/politique\/de-retour-en-cote-divoire-gbagbo-affine-sa-strategie-politique","title":{"rendered":"De retour en C\u00f4te d&rsquo;Ivoire, Gbagbo affine sa strat\u00e9gie politique"},"content":{"rendered":"<p><span style=\"color: #ff6600\"><strong><a href=\"https:\/\/www.africa-press.net\/\">Africa-Press<\/a> &#8211; <a href=\"https:\/\/www.africa-press.net\/cotedivoire\">C\u00f4te d&rsquo;Ivoire<\/a>. <\/strong><\/span>En rencontrant l&rsquo;ancien pr\u00e9sident Henri Konan B\u00e9di\u00e9 et en critiquant \u00e0 demi-mot le chef de l&rsquo;Etat Alassane Ouattara, Laurent Gbagbo revient petit \u00e0 petit dans le jeu politique, moins d&rsquo;un mois apr\u00e8s son grand retour en C\u00f4te d&rsquo;Ivoire.<\/p>\n<p>\u00ab\u00a0Assumons de faire de la politique!\u00a0\u00bb, a lanc\u00e9 M.Gbagbo le week-end dernier lors d&rsquo;une visite \u00e0 M. B\u00e9di\u00e9 \u00e0 Daoukro (centre).<\/p>\n<p>A 76 ans, si le pas de Laurent Gbagbo est devenu plus lent, son discours reste aff\u00fbt\u00e9, surtout lorsqu&rsquo;il s&rsquo;agit d&rsquo;envoyer des fl\u00e8ches au pouvoir en place.<\/p>\n<p>\u00ab\u00a0Si on ne veut pas que le pays br\u00fble, on doit respecter ce qui est \u00e9crit. Respectez les textes, respectez les \u00eatres humains!\u00a0\u00bb, a-t-il martel\u00e9, en r\u00e9f\u00e9rence \u00e0 la r\u00e9\u00e9lection d&rsquo;Alassane Ouattara en octobre 2020 pour un troisi\u00e8me mandat que l&rsquo;opposition juge inconstitutionnel.<\/p>\n<p>Forte en symbole, sa rencontre avec M. B\u00e9di\u00e9 est celle de deux anciens pr\u00e9sidents longtemps rivaux et aujourd&rsquo;hui manifestement pr\u00eats \u00e0 s&rsquo;entendre. \u00ab\u00a0C\u2019est une visite importante de l\u2019un des trois protagonistes de la crise politique de 2010-2011 au domicile d\u2019un autre, dans son fief\u00a0\u00bb, souligne Rinaldo Depagne, analyste \u00e0 l&rsquo;International Crisis Group (ICG).<\/p>\n<p>\u00ab\u00a0Cela montre que Gbagbo a int\u00e9gr\u00e9 le principe de r\u00e9conciliation en allant voir un de ses anciens fr\u00e8res ennemis dans son territoire\u00a0\u00bb, ajoute-t-il.<\/p>\n<p>Ce rapprochement s&rsquo;est nou\u00e9 au fil de ces derni\u00e8res ann\u00e9es, notamment lorsque le Parti d\u00e9mocratique de C\u00f4te d&rsquo;Ivoire (PDCI) de M. B\u00e9di\u00e9 a quitt\u00e9 la coalition au pouvoir en 2018.<\/p>\n<p>Il avait ensuite rendu visite \u00e0 Laurent Gbagbo fin juillet 2019 \u00e0 Bruxelles, o\u00f9 ce dernier r\u00e9sidait en libert\u00e9 conditionnelle en attendant la confirmation de son acquittement devant la Cour p\u00e9nale internationale (CPI).<\/p>\n<p>M. Gbagbo y \u00e9tait poursuivi pour crimes contre l&rsquo;humanit\u00e9 au cours des violences post-\u00e9lectorales de 2010-2011, n\u00e9es de son refus de reconna\u00eetre sa d\u00e9faite \u00e0 la pr\u00e9sidentielle face \u00e0 Alassane Ouattara.<\/p>\n<p>&#8211; Pas de renouvellement &#8211;<\/p>\n<p>Le parti de Laurent Gbagbo, le Front populaire ivoirien (FPI), et le PDCI se sont ensuite associ\u00e9s dans de nombreuses circonscriptions pour les l\u00e9gislatives de mars dernier.<\/p>\n<p>\u00ab\u00a0L\u2019\u00e9v\u00e8nement politique est toujours cr\u00e9\u00e9 par les m\u00eames personnages, le regard se tourne toujours vers des gens \u00e2g\u00e9s et on ne voit pas de renouvellement de la vie politique\u00a0\u00bb, note Rinaldo Depagne.<\/p>\n<p>\u00ab\u00a0Ils ont une place \u00e0 part dans l\u2019histoire de la C\u00f4te d\u2019Ivoire et jouent tous les trois les prolongations\u00a0\u00bb, estime de son c\u00f4t\u00e9 le politologue ivoirien Jean Alabro qui voit dans le \u00ab\u00a0projet de r\u00e9conciliation\u00a0\u00bb de MM. B\u00e9di\u00e9 et Gbagbo une forme de \u00ab\u00a0testament politique\u00a0\u00bb.<\/p>\n<p>Les deux anciens pr\u00e9sidents r\u00e9ussiront-ils \u00e0 imposer leur agenda de r\u00e9conciliation \u00e0 Alassane Ouattara? Lundi, la r\u00e9ponse du parti au pouvoir \u00e0 ce sujet a \u00e9t\u00e9 cinglante. Et la perspective d&rsquo;une rencontre entre les trois principaux acteurs politiques de la C\u00f4te d&rsquo;Ivoire ne semble pas au programme dans l&rsquo;imm\u00e9diat.<\/p>\n<p>\u00ab\u00a0Nous n&rsquo;accepterons pas qu&rsquo;on nous impose un nouvel ordre politique. Nous n&rsquo;avons pas besoin d&rsquo;un dialogue national\u00a0\u00bb, a assur\u00e9 Adama Bictogo, n\u00b02 du Rassemblement des houphou\u00ebtistes pour la d\u00e9mocratie et la paix (RHDP), d\u00e9non\u00e7ant \u00ab\u00a0une alliance de dupes (&#8230;) qui n&rsquo;ira pas loin\u00a0\u00bb.<\/p>\n<p>\u00ab\u00a0Il y avait peut-\u00eatre un d\u00e9sir au parti au pouvoir de voir Laurent Gbagbo \u00e0 la retraite, mais on ne prend pas ce chemin l\u00e0! Depuis son retour, il a \u00e9t\u00e9 assez public\u00a0\u00bb, estime Rinaldo Depagne.<\/p>\n<p>\u00ab\u00a0C\u2019est une douce illusion de croire que Gbagbo pourrait s\u2019arr\u00eater et faire autre chose que de la politique\u00a0\u00bb, conclut le politologue ivoirien Jean Alabro.<\/p>\n","protected":false},"excerpt":{"rendered":"<p>Africa-Press &#8211; C\u00f4te d&rsquo;Ivoire. En rencontrant l&rsquo;ancien pr\u00e9sident Henri Konan B\u00e9di\u00e9 et en critiquant \u00e0 demi-mot le chef de l&rsquo;Etat Alassane Ouattara, Laurent Gbagbo revient petit \u00e0 petit dans le jeu politique, moins d&rsquo;un mois apr\u00e8s son grand retour en C\u00f4te d&rsquo;Ivoire. \u00ab\u00a0Assumons de faire de la politique!\u00a0\u00bb, a lanc\u00e9 M.Gbagbo le week-end dernier lors [&hellip;]<\/p>\n","protected":false},"author":82,"featured_media":9878,"comment_status":"open","ping_status":"closed","sticky":false,"template":"","format":"standard","meta":{"footnotes":""},"categories":[11,2,20,10],"tags":[56,63,29],"class_list":["post-9879","post","type-post","status-publish","format-standard","has-post-thumbnail","hentry","category-homepage-french","category-politique","category-top-nouvelles","category-toutes-les-actualites","tag-africa-press","tag-africa-press-cote-divoire","tag-cote-divoire"],"yoast_head":"<!-- This site is optimized with the Yoast SEO Premium plugin v26.1 (Yoast SEO v27.0) - https:\/\/yoast.com\/product\/yoast-seo-premium-wordpress\/ -->\n<title>De retour en C\u00f4te d&#039;Ivoire, Gbagbo affine sa strat\u00e9gie politique - C\u00f4te d&#039;Ivoire<\/title>\n<meta name=\"description\" content=\"En rencontrant l&#039;ancien pr\u00e9sident Henri Konan B\u00e9di\u00e9 et en critiquant \u00e0 demi-mot le chef de l&#039;Etat Alassane Ouattara, Lau ...\" \/>\n<meta name=\"robots\" content=\"index, follow, max-snippet:-1, max-image-preview:large, max-video-preview:-1\" \/>\n<link rel=\"canonical\" href=\"https:\/\/www.africa-press.net\/cotedivoire\/politique\/de-retour-en-cote-divoire-gbagbo-affine-sa-strategie-politique\" \/>\n<meta property=\"og:locale\" content=\"fr_FR\" \/>\n<meta property=\"og:type\" content=\"article\" \/>\n<meta property=\"og:title\" content=\"De retour en C\u00f4te d&#039;Ivoire, Gbagbo affine sa strat\u00e9gie politique\" \/>\n<meta property=\"og:description\" content=\"En rencontrant l&#039;ancien pr\u00e9sident Henri Konan B\u00e9di\u00e9 et en critiquant \u00e0 demi-mot le chef de l&#039;Etat Alassane Ouattara, Lau ...\" \/>\n<meta property=\"og:url\" content=\"https:\/\/www.africa-press.net\/cotedivoire\/politique\/de-retour-en-cote-divoire-gbagbo-affine-sa-strategie-politique\" \/>\n<meta property=\"og:site_name\" content=\"C\u00f4te d&#039;Ivoire\" \/>\n<meta property=\"article:published_time\" content=\"2021-07-13T18:58:37+00:00\" \/>\n<meta property=\"article:modified_time\" content=\"2021-07-15T18:46:30+00:00\" \/>\n<meta property=\"og:image\" content=\"https:\/\/static.africa-press.net\/cote\/sites\/43\/2021\/07\/img-60edd002081a4.jpg\" \/>\n\t<meta property=\"og:image:width\" content=\"768\" \/>\n\t<meta property=\"og:image:height\" content=\"465\" \/>\n\t<meta property=\"og:image:type\" content=\"image\/jpeg\" \/>\n<meta name=\"author\" content=\"cfeditorfr\" \/>\n<meta name=\"twitter:card\" content=\"summary_large_image\" \/>\n<meta name=\"twitter:label1\" content=\"\u00c9crit par\" \/>\n\t<meta name=\"twitter:data1\" content=\"cfeditorfr\" \/>\n\t<meta name=\"twitter:label2\" content=\"Dur\u00e9e de lecture estim\u00e9e\" \/>\n\t<meta name=\"twitter:data2\" content=\"3 minutes\" \/>\n<script type=\"application\/ld+json\" class=\"yoast-schema-graph\">{\"@context\":\"https:\/\/schema.org\",\"@graph\":[{\"@type\":\"Article\",\"@id\":\"https:\/\/www.africa-press.net\/cotedivoire\/politique\/de-retour-en-cote-divoire-gbagbo-affine-sa-strategie-politique#article\",\"isPartOf\":{\"@id\":\"https:\/\/www.africa-press.net\/cotedivoire\/politique\/de-retour-en-cote-divoire-gbagbo-affine-sa-strategie-politique\"},\"author\":{\"name\":\"cfeditorfr\",\"@id\":\"https:\/\/www.africa-press.net\/cotedivoire\/#\/schema\/person\/2b1cf3cd81a31e3cd26889ca66d677f1\"},\"headline\":\"De retour en C\u00f4te d&rsquo;Ivoire, Gbagbo affine sa strat\u00e9gie politique\",\"datePublished\":\"2021-07-13T18:58:37+00:00\",\"dateModified\":\"2021-07-15T18:46:30+00:00\",\"mainEntityOfPage\":{\"@id\":\"https:\/\/www.africa-press.net\/cotedivoire\/politique\/de-retour-en-cote-divoire-gbagbo-affine-sa-strategie-politique\"},\"wordCount\":643,\"commentCount\":0,\"image\":{\"@id\":\"https:\/\/www.africa-press.net\/cotedivoire\/politique\/de-retour-en-cote-divoire-gbagbo-affine-sa-strategie-politique#primaryimage\"},\"thumbnailUrl\":\"https:\/\/static.africa-press.net\/cote\/sites\/43\/2021\/07\/img-60edd002081a4.jpg\",\"keywords\":[\"Africa Press\",\"Africa Press-C\u00f4te d'Ivoire\",\"C\u00d4TE D'IVOIRE\"],\"articleSection\":[\"homepage-french\",\"Politique\",\"Top Nouvelles\",\"Toutes les actualit\u00e9s\"],\"inLanguage\":\"fr-FR\",\"potentialAction\":[{\"@type\":\"CommentAction\",\"name\":\"Comment\",\"target\":[\"https:\/\/www.africa-press.net\/cotedivoire\/politique\/de-retour-en-cote-divoire-gbagbo-affine-sa-strategie-politique#respond\"]}]},{\"@type\":\"WebPage\",\"@id\":\"https:\/\/www.africa-press.net\/cotedivoire\/politique\/de-retour-en-cote-divoire-gbagbo-affine-sa-strategie-politique\",\"url\":\"https:\/\/www.africa-press.net\/cotedivoire\/politique\/de-retour-en-cote-divoire-gbagbo-affine-sa-strategie-politique\",\"name\":\"De retour en C\u00f4te d'Ivoire, Gbagbo affine sa strat\u00e9gie politique - C\u00f4te d&#039;Ivoire\",\"isPartOf\":{\"@id\":\"https:\/\/www.africa-press.net\/cotedivoire\/#website\"},\"primaryImageOfPage\":{\"@id\":\"https:\/\/www.africa-press.net\/cotedivoire\/politique\/de-retour-en-cote-divoire-gbagbo-affine-sa-strategie-politique#primaryimage\"},\"image\":{\"@id\":\"https:\/\/www.africa-press.net\/cotedivoire\/politique\/de-retour-en-cote-divoire-gbagbo-affine-sa-strategie-politique#primaryimage\"},\"thumbnailUrl\":\"https:\/\/static.africa-press.net\/cote\/sites\/43\/2021\/07\/img-60edd002081a4.jpg\",\"datePublished\":\"2021-07-13T18:58:37+00:00\",\"dateModified\":\"2021-07-15T18:46:30+00:00\",\"author\":{\"@id\":\"https:\/\/www.africa-press.net\/cotedivoire\/#\/schema\/person\/2b1cf3cd81a31e3cd26889ca66d677f1\"},\"description\":\"En rencontrant l'ancien pr\u00e9sident Henri Konan B\u00e9di\u00e9 et en critiquant \u00e0 demi-mot le chef de l'Etat Alassane Ouattara, Lau ...\",\"breadcrumb\":{\"@id\":\"https:\/\/www.africa-press.net\/cotedivoire\/politique\/de-retour-en-cote-divoire-gbagbo-affine-sa-strategie-politique#breadcrumb\"},\"inLanguage\":\"fr-FR\",\"potentialAction\":[{\"@type\":\"ReadAction\",\"target\":[\"https:\/\/www.africa-press.net\/cotedivoire\/politique\/de-retour-en-cote-divoire-gbagbo-affine-sa-strategie-politique\"]}]},{\"@type\":\"ImageObject\",\"inLanguage\":\"fr-FR\",\"@id\":\"https:\/\/www.africa-press.net\/cotedivoire\/politique\/de-retour-en-cote-divoire-gbagbo-affine-sa-strategie-politique#primaryimage\",\"url\":\"https:\/\/static.africa-press.net\/cote\/sites\/43\/2021\/07\/img-60edd002081a4.jpg\",\"contentUrl\":\"https:\/\/static.africa-press.net\/cote\/sites\/43\/2021\/07\/img-60edd002081a4.jpg\",\"width\":768,\"height\":465,\"caption\":\"De retour en C\u00f4te d'Ivoire, Gbagbo affine sa strat\u00e9gie politique\"},{\"@type\":\"BreadcrumbList\",\"@id\":\"https:\/\/www.africa-press.net\/cotedivoire\/politique\/de-retour-en-cote-divoire-gbagbo-affine-sa-strategie-politique#breadcrumb\",\"itemListElement\":[{\"@type\":\"ListItem\",\"position\":1,\"name\":\"Accueil\",\"item\":\"https:\/\/www.africa-press.net\/cotedivoire\/\"},{\"@type\":\"ListItem\",\"position\":2,\"name\":\"De retour en C\u00f4te d&#8217;Ivoire, Gbagbo affine sa strat\u00e9gie politique\"}]},{\"@type\":\"WebSite\",\"@id\":\"https:\/\/www.africa-press.net\/cotedivoire\/#website\",\"url\":\"https:\/\/www.africa-press.net\/cotedivoire\/\",\"name\":\"C\u00f4te d&#039;Ivoire\",\"description\":\"Just another Africa News Agency Sites site\",\"potentialAction\":[{\"@type\":\"SearchAction\",\"target\":{\"@type\":\"EntryPoint\",\"urlTemplate\":\"https:\/\/www.africa-press.net\/cotedivoire\/?s={search_term_string}\"},\"query-input\":{\"@type\":\"PropertyValueSpecification\",\"valueRequired\":true,\"valueName\":\"search_term_string\"}}],\"inLanguage\":\"fr-FR\"},{\"@type\":\"Person\",\"@id\":\"https:\/\/www.africa-press.net\/cotedivoire\/#\/schema\/person\/2b1cf3cd81a31e3cd26889ca66d677f1\",\"name\":\"cfeditorfr\"}]}<\/script>\n<!-- \/ Yoast SEO Premium plugin. -->","yoast_head_json":{"title":"De retour en C\u00f4te d'Ivoire, Gbagbo affine sa strat\u00e9gie politique - C\u00f4te d&#039;Ivoire","description":"En rencontrant l'ancien pr\u00e9sident Henri Konan B\u00e9di\u00e9 et en critiquant \u00e0 demi-mot le chef de l'Etat Alassane Ouattara, Lau ...","robots":{"index":"index","follow":"follow","max-snippet":"max-snippet:-1","max-image-preview":"max-image-preview:large","max-video-preview":"max-video-preview:-1"},"canonical":"https:\/\/www.africa-press.net\/cotedivoire\/politique\/de-retour-en-cote-divoire-gbagbo-affine-sa-strategie-politique","og_locale":"fr_FR","og_type":"article","og_title":"De retour en C\u00f4te d'Ivoire, Gbagbo affine sa strat\u00e9gie politique","og_description":"En rencontrant l'ancien pr\u00e9sident Henri Konan B\u00e9di\u00e9 et en critiquant \u00e0 demi-mot le chef de l'Etat Alassane Ouattara, Lau ...","og_url":"https:\/\/www.africa-press.net\/cotedivoire\/politique\/de-retour-en-cote-divoire-gbagbo-affine-sa-strategie-politique","og_site_name":"C\u00f4te d&#039;Ivoire","article_published_time":"2021-07-13T18:58:37+00:00","article_modified_time":"2021-07-15T18:46:30+00:00","og_image":[{"width":768,"height":465,"url":"https:\/\/static.africa-press.net\/cote\/sites\/43\/2021\/07\/img-60edd002081a4.jpg","type":"image\/jpeg"}],"author":"cfeditorfr","twitter_card":"summary_large_image","twitter_misc":{"\u00c9crit par":"cfeditorfr","Dur\u00e9e de lecture estim\u00e9e":"3 minutes"},"schema":{"@context":"https:\/\/schema.org","@graph":[{"@type":"Article","@id":"https:\/\/www.africa-press.net\/cotedivoire\/politique\/de-retour-en-cote-divoire-gbagbo-affine-sa-strategie-politique#article","isPartOf":{"@id":"https:\/\/www.africa-press.net\/cotedivoire\/politique\/de-retour-en-cote-divoire-gbagbo-affine-sa-strategie-politique"},"author":{"name":"cfeditorfr","@id":"https:\/\/www.africa-press.net\/cotedivoire\/#\/schema\/person\/2b1cf3cd81a31e3cd26889ca66d677f1"},"headline":"De retour en C\u00f4te d&rsquo;Ivoire, Gbagbo affine sa strat\u00e9gie politique","datePublished":"2021-07-13T18:58:37+00:00","dateModified":"2021-07-15T18:46:30+00:00","mainEntityOfPage":{"@id":"https:\/\/www.africa-press.net\/cotedivoire\/politique\/de-retour-en-cote-divoire-gbagbo-affine-sa-strategie-politique"},"wordCount":643,"commentCount":0,"image":{"@id":"https:\/\/www.africa-press.net\/cotedivoire\/politique\/de-retour-en-cote-divoire-gbagbo-affine-sa-strategie-politique#primaryimage"},"thumbnailUrl":"https:\/\/static.africa-press.net\/cote\/sites\/43\/2021\/07\/img-60edd002081a4.jpg","keywords":["Africa Press","Africa Press-C\u00f4te d'Ivoire","C\u00d4TE D'IVOIRE"],"articleSection":["homepage-french","Politique","Top Nouvelles","Toutes les actualit\u00e9s"],"inLanguage":"fr-FR","potentialAction":[{"@type":"CommentAction","name":"Comment","target":["https:\/\/www.africa-press.net\/cotedivoire\/politique\/de-retour-en-cote-divoire-gbagbo-affine-sa-strategie-politique#respond"]}]},{"@type":"WebPage","@id":"https:\/\/www.africa-press.net\/cotedivoire\/politique\/de-retour-en-cote-divoire-gbagbo-affine-sa-strategie-politique","url":"https:\/\/www.africa-press.net\/cotedivoire\/politique\/de-retour-en-cote-divoire-gbagbo-affine-sa-strategie-politique","name":"De retour en C\u00f4te d'Ivoire, Gbagbo affine sa strat\u00e9gie politique - C\u00f4te d&#039;Ivoire","isPartOf":{"@id":"https:\/\/www.africa-press.net\/cotedivoire\/#website"},"primaryImageOfPage":{"@id":"https:\/\/www.africa-press.net\/cotedivoire\/politique\/de-retour-en-cote-divoire-gbagbo-affine-sa-strategie-politique#primaryimage"},"image":{"@id":"https:\/\/www.africa-press.net\/cotedivoire\/politique\/de-retour-en-cote-divoire-gbagbo-affine-sa-strategie-politique#primaryimage"},"thumbnailUrl":"https:\/\/static.africa-press.net\/cote\/sites\/43\/2021\/07\/img-60edd002081a4.jpg","datePublished":"2021-07-13T18:58:37+00:00","dateModified":"2021-07-15T18:46:30+00:00","author":{"@id":"https:\/\/www.africa-press.net\/cotedivoire\/#\/schema\/person\/2b1cf3cd81a31e3cd26889ca66d677f1"},"description":"En rencontrant l'ancien pr\u00e9sident Henri Konan B\u00e9di\u00e9 et en critiquant \u00e0 demi-mot le chef de l'Etat Alassane Ouattara, Lau ...","breadcrumb":{"@id":"https:\/\/www.africa-press.net\/cotedivoire\/politique\/de-retour-en-cote-divoire-gbagbo-affine-sa-strategie-politique#breadcrumb"},"inLanguage":"fr-FR","potentialAction":[{"@type":"ReadAction","target":["https:\/\/www.africa-press.net\/cotedivoire\/politique\/de-retour-en-cote-divoire-gbagbo-affine-sa-strategie-politique"]}]},{"@type":"ImageObject","inLanguage":"fr-FR","@id":"https:\/\/www.africa-press.net\/cotedivoire\/politique\/de-retour-en-cote-divoire-gbagbo-affine-sa-strategie-politique#primaryimage","url":"https:\/\/static.africa-press.net\/cote\/sites\/43\/2021\/07\/img-60edd002081a4.jpg","contentUrl":"https:\/\/static.africa-press.net\/cote\/sites\/43\/2021\/07\/img-60edd002081a4.jpg","width":768,"height":465,"caption":"De retour en C\u00f4te d'Ivoire, Gbagbo affine sa strat\u00e9gie politique"},{"@type":"BreadcrumbList","@id":"https:\/\/www.africa-press.net\/cotedivoire\/politique\/de-retour-en-cote-divoire-gbagbo-affine-sa-strategie-politique#breadcrumb","itemListElement":[{"@type":"ListItem","position":1,"name":"Accueil","item":"https:\/\/www.africa-press.net\/cotedivoire\/"},{"@type":"ListItem","position":2,"name":"De retour en C\u00f4te d&#8217;Ivoire, Gbagbo affine sa strat\u00e9gie politique"}]},{"@type":"WebSite","@id":"https:\/\/www.africa-press.net\/cotedivoire\/#website","url":"https:\/\/www.africa-press.net\/cotedivoire\/","name":"C\u00f4te d&#039;Ivoire","description":"Just another Africa News Agency Sites site","potentialAction":[{"@type":"SearchAction","target":{"@type":"EntryPoint","urlTemplate":"https:\/\/www.africa-press.net\/cotedivoire\/?s={search_term_string}"},"query-input":{"@type":"PropertyValueSpecification","valueRequired":true,"valueName":"search_term_string"}}],"inLanguage":"fr-FR"},{"@type":"Person","@id":"https:\/\/www.africa-press.net\/cotedivoire\/#\/schema\/person\/2b1cf3cd81a31e3cd26889ca66d677f1","name":"cfeditorfr"}]}},"_links":{"self":[{"href":"https:\/\/www.africa-press.net\/cotedivoire\/wp-json\/wp\/v2\/posts\/9879","targetHints":{"allow":["GET"]}}],"collection":[{"href":"https:\/\/www.africa-press.net\/cotedivoire\/wp-json\/wp\/v2\/posts"}],"about":[{"href":"https:\/\/www.africa-press.net\/cotedivoire\/wp-json\/wp\/v2\/types\/post"}],"author":[{"embeddable":true,"href":"https:\/\/www.africa-press.net\/cotedivoire\/wp-json\/wp\/v2\/users\/82"}],"replies":[{"embeddable":true,"href":"https:\/\/www.africa-press.net\/cotedivoire\/wp-json\/wp\/v2\/comments?post=9879"}],"version-history":[{"count":0,"href":"https:\/\/www.africa-press.net\/cotedivoire\/wp-json\/wp\/v2\/posts\/9879\/revisions"}],"wp:featuredmedia":[{"embeddable":true,"href":"https:\/\/www.africa-press.net\/cotedivoire\/wp-json\/wp\/v2\/media\/9878"}],"wp:attachment":[{"href":"https:\/\/www.africa-press.net\/cotedivoire\/wp-json\/wp\/v2\/media?parent=9879"}],"wp:term":[{"taxonomy":"category","embeddable":true,"href":"https:\/\/www.africa-press.net\/cotedivoire\/wp-json\/wp\/v2\/categories?post=9879"},{"taxonomy":"post_tag","embeddable":true,"href":"https:\/\/www.africa-press.net\/cotedivoire\/wp-json\/wp\/v2\/tags?post=9879"}],"curies":[{"name":"wp","href":"https:\/\/api.w.org\/{rel}","templated":true}]}}