{"id":98791,"date":"2025-05-09T17:43:48","date_gmt":"2025-05-09T17:43:48","guid":{"rendered":"https:\/\/www.africa-press.net\/cotedivoire\/politique\/promotion-du-numerique-le-gouvernement-annonce-un-important-forum-international-en-juillet-a-abidjan"},"modified":"2025-05-09T18:01:42","modified_gmt":"2025-05-09T18:01:42","slug":"promotion-du-numerique-le-gouvernement-annonce-un-important-forum-international-en-juillet-a-abidjan","status":"publish","type":"post","link":"https:\/\/www.africa-press.net\/cotedivoire\/economie\/promotion-du-numerique-le-gouvernement-annonce-un-important-forum-international-en-juillet-a-abidjan","title":{"rendered":"Promotion du num\u00e9rique, le gouvernement annonce un important forum international en juillet \u00e0 Abidjan"},"content":{"rendered":"<p><span style=\"color: #ff6600\"><strong>Africa-Press &#8211; C\u00f4te d&rsquo;Ivoire. <\/strong><\/span>Le Gouvernement ivoirien a annonce\u0301 ce mercredi, a\u0300 l\u2019issue du Conseil des ministres, l\u2019organisation de la prochaine e\u0301dition du Forum international \u00ab Ivoire Tech Forum 2025 \u00bb, qui se tiendra a\u0300 Abidjan du 9 au 11 juillet 2025.<\/p>\n<p>Cette initiative s\u2019inscrit dans le cadre de la Strate\u0301gie nationale de transformation nume\u0301rique et mobilise plusieurs ministe\u0300res cle\u0301s autour du Ministe\u0300re de la Transition Nume\u0301rique et de la Digitalisation.<\/p>\n<p>Conc\u0327u comme une plateforme d\u2019e\u0301changes a\u0300 dimension internationale, Ivoire Tech Forum 2025 vise a\u0300 connecter les startups nume\u0301riques ivoiriennes et africaines a\u0300 l\u2019e\u0301cosyste\u0300me technologique mondial, tout en mettant en lumie\u0300re les talents locaux, les innovations prometteuses et les opportunite\u0301s d\u2019investissement dans le secteur du nume\u0301rique.<\/p>\n<p>Place\u0301e sous le the\u0300me \u00ab Le nume\u0301rique au service de tous: comment les nouvelles technologies transforment notre quotidien \u00bb, cette e\u0301dition pre\u0301voit de re\u0301unir pre\u0300s de 500 participants.<\/p>\n<p>Sont attendus, startups nume\u0301riques, grandes entreprises, institutions gouvernementales et investisseurs internationaux.<\/p>\n<p>Pendant trois jours, les participants prendront part a\u0300 une se\u0301rie d\u2019activite\u0301s articule\u0301es autour de confe\u0301rences, panels the\u0301matiques, expositions, ateliers pratiques, ainsi que des compe\u0301titions de startups.<\/p>\n<p>Des forums sectoriels seront e\u0301galement organise\u0301s autour de the\u0301matiques majeures telles que, la cyberse\u0301curite\u0301 et la protection des donne\u0301es, l&rsquo;Intelligence Artificielle, l&rsquo;entrepreneuriat technologique et les infrastructures technologiques<\/p>\n<p>Le forum se veut un catalyseur pour l\u2019e\u0301mergence d\u2019une e\u0301conomie nume\u0301rique inclusive, compe\u0301titive et durable, en facilitant les partenariats public-prive\u0301 et la valorisation des compe\u0301tences locales.<\/p>\n<p>L\u2019organisation de ce rendez-vous strate\u0301gique mobilise e\u0301galement le Ministe\u0300re de l\u2019Inte\u0301rieur et de la Se\u0301curite\u0301, le Ministe\u0300re des Finances et du Budget, le Ministe\u0300re des Affaires E\u0301trange\u0300res, de l\u2019Inte\u0301gration Africaine et des Ivoiriens de l\u2019Exte\u0301rieur, le Ministe\u0300re de la Promotion de la Jeunesse, de l\u2019Insertion Professionnelle et du Service Civique, ainsi que le Ministe\u0300re de la Culture et de la Francophonie.<\/p>\n<p>La Co\u0302te d\u2019Ivoire affirme une fois de plus son ambition de jouer un ro\u0302le de premier plan dans la transformation nume\u0301rique du continent africain.<\/p>\n<p><strong>Pour plus d&rsquo;informations et d&rsquo;analyses sur la <span style=\"color: #ff6600\">C\u00f4te d&rsquo;Ivoire<\/span>, suivez <span style=\"color: #ff6600\">Africa-Press<\/span><\/strong><\/p>\n","protected":false},"excerpt":{"rendered":"<p>Africa-Press &#8211; C\u00f4te d&rsquo;Ivoire. Le Gouvernement ivoirien a annonce\u0301 ce mercredi, a\u0300 l\u2019issue du Conseil des ministres, l\u2019organisation de la prochaine e\u0301dition du Forum international \u00ab Ivoire Tech Forum 2025 \u00bb, qui se tiendra a\u0300 Abidjan du 9 au 11 juillet 2025. Cette initiative s\u2019inscrit dans le cadre de la Strate\u0301gie nationale de transformation nume\u0301rique [&hellip;]<\/p>\n","protected":false},"author":82,"featured_media":98790,"comment_status":"open","ping_status":"closed","sticky":false,"template":"","format":"standard","meta":{"footnotes":""},"categories":[3,10],"tags":[30,16585,29,2486,3154,17623,17624,83],"class_list":["post-98791","post","type-post","status-publish","format-standard","has-post-thumbnail","hentry","category-economie","category-toutes-les-actualites","tag-abidjan","tag-accueillera","tag-cote-divoire","tag-forum","tag-ivoire","tag-juillet","tag-prochain","tag-tech"],"yoast_head":"<!-- This site is optimized with the Yoast SEO Premium plugin v26.1 (Yoast SEO v27.0) - https:\/\/yoast.com\/product\/yoast-seo-premium-wordpress\/ -->\n<title>Promotion du num\u00e9rique, le gouvernement annonce un important forum international en juillet \u00e0 Abidjan - C\u00f4te d&#039;Ivoire<\/title>\n<meta name=\"description\" content=\"Le Gouvernement ivoirien a annonce\u0301 ce mercredi, a\u0300 l\u2019issue du Conseil des ministres, l\u2019organisation de la prochaine e\u0301d ...\" \/>\n<meta name=\"robots\" content=\"index, follow, max-snippet:-1, max-image-preview:large, max-video-preview:-1\" \/>\n<link rel=\"canonical\" href=\"https:\/\/www.africa-press.net\/cotedivoire\/economie\/promotion-du-numerique-le-gouvernement-annonce-un-important-forum-international-en-juillet-a-abidjan\" \/>\n<meta property=\"og:locale\" content=\"fr_FR\" \/>\n<meta property=\"og:type\" content=\"article\" \/>\n<meta property=\"og:title\" content=\"Promotion du num\u00e9rique, le gouvernement annonce un important forum international en juillet \u00e0 Abidjan\" \/>\n<meta property=\"og:description\" content=\"Le Gouvernement ivoirien a annonce\u0301 ce mercredi, a\u0300 l\u2019issue du Conseil des ministres, l\u2019organisation de la prochaine e\u0301d ...\" \/>\n<meta property=\"og:url\" content=\"https:\/\/www.africa-press.net\/cotedivoire\/economie\/promotion-du-numerique-le-gouvernement-annonce-un-important-forum-international-en-juillet-a-abidjan\" \/>\n<meta property=\"og:site_name\" content=\"C\u00f4te d&#039;Ivoire\" \/>\n<meta property=\"article:published_time\" content=\"2025-05-09T17:43:48+00:00\" \/>\n<meta property=\"article:modified_time\" content=\"2025-05-09T18:01:42+00:00\" \/>\n<meta property=\"og:image\" content=\"https:\/\/static.africa-press.net\/cote\/sites\/43\/2025\/05\/sm_1746801011.468693.jpg\" \/>\n\t<meta property=\"og:image:width\" content=\"720\" \/>\n\t<meta property=\"og:image:height\" content=\"379\" \/>\n\t<meta property=\"og:image:type\" content=\"image\/jpeg\" \/>\n<meta name=\"author\" content=\"cfeditorfr\" \/>\n<meta name=\"twitter:card\" content=\"summary_large_image\" \/>\n<meta name=\"twitter:label1\" content=\"\u00c9crit par\" \/>\n\t<meta name=\"twitter:data1\" content=\"cfeditorfr\" \/>\n\t<meta name=\"twitter:label2\" content=\"Dur\u00e9e de lecture estim\u00e9e\" \/>\n\t<meta name=\"twitter:data2\" content=\"2 minutes\" \/>\n<script type=\"application\/ld+json\" class=\"yoast-schema-graph\">{\"@context\":\"https:\/\/schema.org\",\"@graph\":[{\"@type\":\"Article\",\"@id\":\"https:\/\/www.africa-press.net\/cotedivoire\/economie\/promotion-du-numerique-le-gouvernement-annonce-un-important-forum-international-en-juillet-a-abidjan#article\",\"isPartOf\":{\"@id\":\"https:\/\/www.africa-press.net\/cotedivoire\/economie\/promotion-du-numerique-le-gouvernement-annonce-un-important-forum-international-en-juillet-a-abidjan\"},\"author\":{\"name\":\"cfeditorfr\",\"@id\":\"https:\/\/www.africa-press.net\/cotedivoire\/#\/schema\/person\/2b1cf3cd81a31e3cd26889ca66d677f1\"},\"headline\":\"Promotion du num\u00e9rique, le gouvernement annonce un important forum international en juillet \u00e0 Abidjan\",\"datePublished\":\"2025-05-09T17:43:48+00:00\",\"dateModified\":\"2025-05-09T18:01:42+00:00\",\"mainEntityOfPage\":{\"@id\":\"https:\/\/www.africa-press.net\/cotedivoire\/economie\/promotion-du-numerique-le-gouvernement-annonce-un-important-forum-international-en-juillet-a-abidjan\"},\"wordCount\":412,\"commentCount\":0,\"image\":{\"@id\":\"https:\/\/www.africa-press.net\/cotedivoire\/economie\/promotion-du-numerique-le-gouvernement-annonce-un-important-forum-international-en-juillet-a-abidjan#primaryimage\"},\"thumbnailUrl\":\"https:\/\/static.africa-press.net\/cote\/sites\/43\/2025\/05\/sm_1746801011.468693.jpg\",\"keywords\":[\"Abidjan\",\"accueillera\",\"C\u00d4TE D'IVOIRE\",\"Forum\",\"ivoire\",\"juillet\",\"prochain\",\"Tech\"],\"articleSection\":[\"\u00c9conomie\",\"Toutes les actualit\u00e9s\"],\"inLanguage\":\"fr-FR\",\"potentialAction\":[{\"@type\":\"CommentAction\",\"name\":\"Comment\",\"target\":[\"https:\/\/www.africa-press.net\/cotedivoire\/economie\/promotion-du-numerique-le-gouvernement-annonce-un-important-forum-international-en-juillet-a-abidjan#respond\"]}]},{\"@type\":\"WebPage\",\"@id\":\"https:\/\/www.africa-press.net\/cotedivoire\/economie\/promotion-du-numerique-le-gouvernement-annonce-un-important-forum-international-en-juillet-a-abidjan\",\"url\":\"https:\/\/www.africa-press.net\/cotedivoire\/economie\/promotion-du-numerique-le-gouvernement-annonce-un-important-forum-international-en-juillet-a-abidjan\",\"name\":\"Promotion du num\u00e9rique, le gouvernement annonce un important forum international en juillet \u00e0 Abidjan - C\u00f4te d&#039;Ivoire\",\"isPartOf\":{\"@id\":\"https:\/\/www.africa-press.net\/cotedivoire\/#website\"},\"primaryImageOfPage\":{\"@id\":\"https:\/\/www.africa-press.net\/cotedivoire\/economie\/promotion-du-numerique-le-gouvernement-annonce-un-important-forum-international-en-juillet-a-abidjan#primaryimage\"},\"image\":{\"@id\":\"https:\/\/www.africa-press.net\/cotedivoire\/economie\/promotion-du-numerique-le-gouvernement-annonce-un-important-forum-international-en-juillet-a-abidjan#primaryimage\"},\"thumbnailUrl\":\"https:\/\/static.africa-press.net\/cote\/sites\/43\/2025\/05\/sm_1746801011.468693.jpg\",\"datePublished\":\"2025-05-09T17:43:48+00:00\",\"dateModified\":\"2025-05-09T18:01:42+00:00\",\"author\":{\"@id\":\"https:\/\/www.africa-press.net\/cotedivoire\/#\/schema\/person\/2b1cf3cd81a31e3cd26889ca66d677f1\"},\"description\":\"Le Gouvernement ivoirien a annonce\u0301 ce mercredi, a\u0300 l\u2019issue du Conseil des ministres, l\u2019organisation de la prochaine e\u0301d ...\",\"breadcrumb\":{\"@id\":\"https:\/\/www.africa-press.net\/cotedivoire\/economie\/promotion-du-numerique-le-gouvernement-annonce-un-important-forum-international-en-juillet-a-abidjan#breadcrumb\"},\"inLanguage\":\"fr-FR\",\"potentialAction\":[{\"@type\":\"ReadAction\",\"target\":[\"https:\/\/www.africa-press.net\/cotedivoire\/economie\/promotion-du-numerique-le-gouvernement-annonce-un-important-forum-international-en-juillet-a-abidjan\"]}]},{\"@type\":\"ImageObject\",\"inLanguage\":\"fr-FR\",\"@id\":\"https:\/\/www.africa-press.net\/cotedivoire\/economie\/promotion-du-numerique-le-gouvernement-annonce-un-important-forum-international-en-juillet-a-abidjan#primaryimage\",\"url\":\"https:\/\/static.africa-press.net\/cote\/sites\/43\/2025\/05\/sm_1746801011.468693.jpg\",\"contentUrl\":\"https:\/\/static.africa-press.net\/cote\/sites\/43\/2025\/05\/sm_1746801011.468693.jpg\",\"width\":720,\"height\":379,\"caption\":\"Promotion du num\u00e9rique, le gouvernement annonce un important forum international en juillet \u00e0 Abidjan\"},{\"@type\":\"BreadcrumbList\",\"@id\":\"https:\/\/www.africa-press.net\/cotedivoire\/economie\/promotion-du-numerique-le-gouvernement-annonce-un-important-forum-international-en-juillet-a-abidjan#breadcrumb\",\"itemListElement\":[{\"@type\":\"ListItem\",\"position\":1,\"name\":\"Accueil\",\"item\":\"https:\/\/www.africa-press.net\/cotedivoire\/\"},{\"@type\":\"ListItem\",\"position\":2,\"name\":\"Promotion du num\u00e9rique, le gouvernement annonce un important forum international en juillet \u00e0 Abidjan\"}]},{\"@type\":\"WebSite\",\"@id\":\"https:\/\/www.africa-press.net\/cotedivoire\/#website\",\"url\":\"https:\/\/www.africa-press.net\/cotedivoire\/\",\"name\":\"C\u00f4te d&#039;Ivoire\",\"description\":\"Just another Africa News Agency Sites site\",\"potentialAction\":[{\"@type\":\"SearchAction\",\"target\":{\"@type\":\"EntryPoint\",\"urlTemplate\":\"https:\/\/www.africa-press.net\/cotedivoire\/?s={search_term_string}\"},\"query-input\":{\"@type\":\"PropertyValueSpecification\",\"valueRequired\":true,\"valueName\":\"search_term_string\"}}],\"inLanguage\":\"fr-FR\"},{\"@type\":\"Person\",\"@id\":\"https:\/\/www.africa-press.net\/cotedivoire\/#\/schema\/person\/2b1cf3cd81a31e3cd26889ca66d677f1\",\"name\":\"cfeditorfr\"}]}<\/script>\n<!-- \/ Yoast SEO Premium plugin. -->","yoast_head_json":{"title":"Promotion du num\u00e9rique, le gouvernement annonce un important forum international en juillet \u00e0 Abidjan - C\u00f4te d&#039;Ivoire","description":"Le Gouvernement ivoirien a annonce\u0301 ce mercredi, a\u0300 l\u2019issue du Conseil des ministres, l\u2019organisation de la prochaine e\u0301d ...","robots":{"index":"index","follow":"follow","max-snippet":"max-snippet:-1","max-image-preview":"max-image-preview:large","max-video-preview":"max-video-preview:-1"},"canonical":"https:\/\/www.africa-press.net\/cotedivoire\/economie\/promotion-du-numerique-le-gouvernement-annonce-un-important-forum-international-en-juillet-a-abidjan","og_locale":"fr_FR","og_type":"article","og_title":"Promotion du num\u00e9rique, le gouvernement annonce un important forum international en juillet \u00e0 Abidjan","og_description":"Le Gouvernement ivoirien a annonce\u0301 ce mercredi, a\u0300 l\u2019issue du Conseil des ministres, l\u2019organisation de la prochaine e\u0301d ...","og_url":"https:\/\/www.africa-press.net\/cotedivoire\/economie\/promotion-du-numerique-le-gouvernement-annonce-un-important-forum-international-en-juillet-a-abidjan","og_site_name":"C\u00f4te d&#039;Ivoire","article_published_time":"2025-05-09T17:43:48+00:00","article_modified_time":"2025-05-09T18:01:42+00:00","og_image":[{"width":720,"height":379,"url":"https:\/\/static.africa-press.net\/cote\/sites\/43\/2025\/05\/sm_1746801011.468693.jpg","type":"image\/jpeg"}],"author":"cfeditorfr","twitter_card":"summary_large_image","twitter_misc":{"\u00c9crit par":"cfeditorfr","Dur\u00e9e de lecture estim\u00e9e":"2 minutes"},"schema":{"@context":"https:\/\/schema.org","@graph":[{"@type":"Article","@id":"https:\/\/www.africa-press.net\/cotedivoire\/economie\/promotion-du-numerique-le-gouvernement-annonce-un-important-forum-international-en-juillet-a-abidjan#article","isPartOf":{"@id":"https:\/\/www.africa-press.net\/cotedivoire\/economie\/promotion-du-numerique-le-gouvernement-annonce-un-important-forum-international-en-juillet-a-abidjan"},"author":{"name":"cfeditorfr","@id":"https:\/\/www.africa-press.net\/cotedivoire\/#\/schema\/person\/2b1cf3cd81a31e3cd26889ca66d677f1"},"headline":"Promotion du num\u00e9rique, le gouvernement annonce un important forum international en juillet \u00e0 Abidjan","datePublished":"2025-05-09T17:43:48+00:00","dateModified":"2025-05-09T18:01:42+00:00","mainEntityOfPage":{"@id":"https:\/\/www.africa-press.net\/cotedivoire\/economie\/promotion-du-numerique-le-gouvernement-annonce-un-important-forum-international-en-juillet-a-abidjan"},"wordCount":412,"commentCount":0,"image":{"@id":"https:\/\/www.africa-press.net\/cotedivoire\/economie\/promotion-du-numerique-le-gouvernement-annonce-un-important-forum-international-en-juillet-a-abidjan#primaryimage"},"thumbnailUrl":"https:\/\/static.africa-press.net\/cote\/sites\/43\/2025\/05\/sm_1746801011.468693.jpg","keywords":["Abidjan","accueillera","C\u00d4TE D'IVOIRE","Forum","ivoire","juillet","prochain","Tech"],"articleSection":["\u00c9conomie","Toutes les actualit\u00e9s"],"inLanguage":"fr-FR","potentialAction":[{"@type":"CommentAction","name":"Comment","target":["https:\/\/www.africa-press.net\/cotedivoire\/economie\/promotion-du-numerique-le-gouvernement-annonce-un-important-forum-international-en-juillet-a-abidjan#respond"]}]},{"@type":"WebPage","@id":"https:\/\/www.africa-press.net\/cotedivoire\/economie\/promotion-du-numerique-le-gouvernement-annonce-un-important-forum-international-en-juillet-a-abidjan","url":"https:\/\/www.africa-press.net\/cotedivoire\/economie\/promotion-du-numerique-le-gouvernement-annonce-un-important-forum-international-en-juillet-a-abidjan","name":"Promotion du num\u00e9rique, le gouvernement annonce un important forum international en juillet \u00e0 Abidjan - C\u00f4te d&#039;Ivoire","isPartOf":{"@id":"https:\/\/www.africa-press.net\/cotedivoire\/#website"},"primaryImageOfPage":{"@id":"https:\/\/www.africa-press.net\/cotedivoire\/economie\/promotion-du-numerique-le-gouvernement-annonce-un-important-forum-international-en-juillet-a-abidjan#primaryimage"},"image":{"@id":"https:\/\/www.africa-press.net\/cotedivoire\/economie\/promotion-du-numerique-le-gouvernement-annonce-un-important-forum-international-en-juillet-a-abidjan#primaryimage"},"thumbnailUrl":"https:\/\/static.africa-press.net\/cote\/sites\/43\/2025\/05\/sm_1746801011.468693.jpg","datePublished":"2025-05-09T17:43:48+00:00","dateModified":"2025-05-09T18:01:42+00:00","author":{"@id":"https:\/\/www.africa-press.net\/cotedivoire\/#\/schema\/person\/2b1cf3cd81a31e3cd26889ca66d677f1"},"description":"Le Gouvernement ivoirien a annonce\u0301 ce mercredi, a\u0300 l\u2019issue du Conseil des ministres, l\u2019organisation de la prochaine e\u0301d ...","breadcrumb":{"@id":"https:\/\/www.africa-press.net\/cotedivoire\/economie\/promotion-du-numerique-le-gouvernement-annonce-un-important-forum-international-en-juillet-a-abidjan#breadcrumb"},"inLanguage":"fr-FR","potentialAction":[{"@type":"ReadAction","target":["https:\/\/www.africa-press.net\/cotedivoire\/economie\/promotion-du-numerique-le-gouvernement-annonce-un-important-forum-international-en-juillet-a-abidjan"]}]},{"@type":"ImageObject","inLanguage":"fr-FR","@id":"https:\/\/www.africa-press.net\/cotedivoire\/economie\/promotion-du-numerique-le-gouvernement-annonce-un-important-forum-international-en-juillet-a-abidjan#primaryimage","url":"https:\/\/static.africa-press.net\/cote\/sites\/43\/2025\/05\/sm_1746801011.468693.jpg","contentUrl":"https:\/\/static.africa-press.net\/cote\/sites\/43\/2025\/05\/sm_1746801011.468693.jpg","width":720,"height":379,"caption":"Promotion du num\u00e9rique, le gouvernement annonce un important forum international en juillet \u00e0 Abidjan"},{"@type":"BreadcrumbList","@id":"https:\/\/www.africa-press.net\/cotedivoire\/economie\/promotion-du-numerique-le-gouvernement-annonce-un-important-forum-international-en-juillet-a-abidjan#breadcrumb","itemListElement":[{"@type":"ListItem","position":1,"name":"Accueil","item":"https:\/\/www.africa-press.net\/cotedivoire\/"},{"@type":"ListItem","position":2,"name":"Promotion du num\u00e9rique, le gouvernement annonce un important forum international en juillet \u00e0 Abidjan"}]},{"@type":"WebSite","@id":"https:\/\/www.africa-press.net\/cotedivoire\/#website","url":"https:\/\/www.africa-press.net\/cotedivoire\/","name":"C\u00f4te d&#039;Ivoire","description":"Just another Africa News Agency Sites site","potentialAction":[{"@type":"SearchAction","target":{"@type":"EntryPoint","urlTemplate":"https:\/\/www.africa-press.net\/cotedivoire\/?s={search_term_string}"},"query-input":{"@type":"PropertyValueSpecification","valueRequired":true,"valueName":"search_term_string"}}],"inLanguage":"fr-FR"},{"@type":"Person","@id":"https:\/\/www.africa-press.net\/cotedivoire\/#\/schema\/person\/2b1cf3cd81a31e3cd26889ca66d677f1","name":"cfeditorfr"}]}},"_links":{"self":[{"href":"https:\/\/www.africa-press.net\/cotedivoire\/wp-json\/wp\/v2\/posts\/98791","targetHints":{"allow":["GET"]}}],"collection":[{"href":"https:\/\/www.africa-press.net\/cotedivoire\/wp-json\/wp\/v2\/posts"}],"about":[{"href":"https:\/\/www.africa-press.net\/cotedivoire\/wp-json\/wp\/v2\/types\/post"}],"author":[{"embeddable":true,"href":"https:\/\/www.africa-press.net\/cotedivoire\/wp-json\/wp\/v2\/users\/82"}],"replies":[{"embeddable":true,"href":"https:\/\/www.africa-press.net\/cotedivoire\/wp-json\/wp\/v2\/comments?post=98791"}],"version-history":[{"count":0,"href":"https:\/\/www.africa-press.net\/cotedivoire\/wp-json\/wp\/v2\/posts\/98791\/revisions"}],"wp:featuredmedia":[{"embeddable":true,"href":"https:\/\/www.africa-press.net\/cotedivoire\/wp-json\/wp\/v2\/media\/98790"}],"wp:attachment":[{"href":"https:\/\/www.africa-press.net\/cotedivoire\/wp-json\/wp\/v2\/media?parent=98791"}],"wp:term":[{"taxonomy":"category","embeddable":true,"href":"https:\/\/www.africa-press.net\/cotedivoire\/wp-json\/wp\/v2\/categories?post=98791"},{"taxonomy":"post_tag","embeddable":true,"href":"https:\/\/www.africa-press.net\/cotedivoire\/wp-json\/wp\/v2\/tags?post=98791"}],"curies":[{"name":"wp","href":"https:\/\/api.w.org\/{rel}","templated":true}]}}