{"id":98794,"date":"2025-05-09T17:44:07","date_gmt":"2025-05-09T17:44:07","guid":{"rendered":"https:\/\/www.africa-press.net\/cotedivoire\/politique\/comite-pour-lelimination-de-la-discrimination-raciale-des-nations-unies-le-gouvernement-se-mobilise-pour-la-reelection-de-sidiki-diaby"},"modified":"2025-05-09T18:01:56","modified_gmt":"2025-05-09T18:01:56","slug":"comite-pour-lelimination-de-la-discrimination-raciale-des-nations-unies-le-gouvernement-se-mobilise-pour-la-reelection-de-sidiki-diaby","status":"publish","type":"post","link":"https:\/\/www.africa-press.net\/cotedivoire\/politique\/comite-pour-lelimination-de-la-discrimination-raciale-des-nations-unies-le-gouvernement-se-mobilise-pour-la-reelection-de-sidiki-diaby","title":{"rendered":"Comit\u00e9 pour l&rsquo;\u00e9limination de la discrimination raciale des Nations Unies, le gouvernement se mobilise pour la r\u00e9\u00e9lection de Sidiki Diaby"},"content":{"rendered":"<p><span style=\"color: #ff6600\"><strong>Africa-Press &#8211; C\u00f4te d&rsquo;Ivoire. <\/strong><\/span>A\u0300 l\u2019occasion du Conseil des ministres tenu ce mercredi 7 mai 2025, le Gouvernement ivoirien a re\u0301affirme\u0301 son engagement en faveur des droits de l\u2019homme en adoptant une communication relative a\u0300 la candidature de Bakary Sidiki Diaby pour le renouvellement de son mandat au sein du Comite\u0301 pour l\u2019e\u0301limination de la discrimination raciale des Nations Unies.<\/p>\n<p>Cette de\u0301cision a e\u0301te\u0301 prise sous l\u2019e\u0301gide du ministe\u0300re de la Justice et des Droits de l\u2019Homme, en coordination avec le ministe\u0300re des Finances et du Budget ainsi que le ministe\u0300re des Affaires E\u0301trange\u0300res, de l\u2019Inte\u0301gration Africaine et des Ivoiriens de l\u2019Exte\u0301rieur.<\/p>\n<p>Membre de ce prestigieux comite\u0301 depuis son e\u0301lection le 24 juin 2021, lors de la 29e session des E\u0301tats parties a\u0300 la Convention internationale sur l\u2019e\u0301limination de toutes les formes de discrimination raciale, Bakary Sidiki Diaby voit son mandat arriver a\u0300 terme en juin 2025.<\/p>\n<p>Sa candidature pour un second mandat est ainsi officiellement soutenue par l\u2019E\u0301tat ivoirien, dans la perspective des e\u0301lections pre\u0301vues le 26 juin 2025 a\u0300 New York, aux E\u0301tats-Unis.<\/p>\n<p>Le Conseil a instruit le Garde des Sceaux, Ministre de la Justice et des Droits de l\u2019Homme, ainsi que l\u2019ensemble des ministres concerne\u0301s, de prendre toutes les dispositions ne\u0301cessaires pour appuyer efficacement cette candidature.<\/p>\n<p>L\u2019objectif est de garantir la continuite\u0301 de la contribution ivoirienne a\u0300 cet organe international de premier plan en matie\u0300re de protection et de promotion des droits humains.<\/p>\n<p>Par cette initiative, la Co\u0302te d\u2019Ivoire re\u0301affirme son attachement aux valeurs universelles de justice, d\u2019e\u0301galite\u0301 et de lutte contre toutes les formes de discrimination raciale.<\/p>\n<p><strong>Pour plus d&rsquo;informations et d&rsquo;analyses sur la <span style=\"color: #ff6600\">C\u00f4te d&rsquo;Ivoire<\/span>, suivez <span style=\"color: #ff6600\">Africa-Press<\/span><\/strong><\/p>\n","protected":false},"excerpt":{"rendered":"<p>Africa-Press &#8211; C\u00f4te d&rsquo;Ivoire. A\u0300 l\u2019occasion du Conseil des ministres tenu ce mercredi 7 mai 2025, le Gouvernement ivoirien a re\u0301affirme\u0301 son engagement en faveur des droits de l\u2019homme en adoptant une communication relative a\u0300 la candidature de Bakary Sidiki Diaby pour le renouvellement de son mandat au sein du Comite\u0301 pour l\u2019e\u0301limination de la [&hellip;]<\/p>\n","protected":false},"author":82,"featured_media":98793,"comment_status":"open","ping_status":"closed","sticky":false,"template":"","format":"standard","meta":{"footnotes":""},"categories":[2,20,10],"tags":[745,1991,29,3634,3105,4786,17626,17625],"class_list":["post-98794","post","type-post","status-publish","format-standard","has-post-thumbnail","hentry","category-politique","category-top-nouvelles","category-toutes-les-actualites","tag-candidature","tag-comite","tag-cote-divoire","tag-mandat","tag-nations-unies","tag-renouvellement","tag-sidiki-diaby","tag-soutient"],"yoast_head":"<!-- This site is optimized with the Yoast SEO Premium plugin v26.1 (Yoast SEO v27.0) - https:\/\/yoast.com\/product\/yoast-seo-premium-wordpress\/ -->\n<title>Comit\u00e9 pour l&#039;\u00e9limination de la discrimination raciale des Nations Unies, le gouvernement se mobilise pour la r\u00e9\u00e9lection de Sidiki Diaby - C\u00f4te d&#039;Ivoire<\/title>\n<meta name=\"description\" content=\"A\u0300 l\u2019occasion du Conseil des ministres tenu ce mercredi 7 mai 2025, le Gouvernement ivoirien a re\u0301affirme\u0301 son engagemen ...\" \/>\n<meta name=\"robots\" content=\"index, follow, max-snippet:-1, max-image-preview:large, max-video-preview:-1\" \/>\n<link rel=\"canonical\" href=\"https:\/\/www.africa-press.net\/cotedivoire\/politique\/comite-pour-lelimination-de-la-discrimination-raciale-des-nations-unies-le-gouvernement-se-mobilise-pour-la-reelection-de-sidiki-diaby\" \/>\n<meta property=\"og:locale\" content=\"fr_FR\" \/>\n<meta property=\"og:type\" content=\"article\" \/>\n<meta property=\"og:title\" content=\"Comit\u00e9 pour l&#039;\u00e9limination de la discrimination raciale des Nations Unies, le gouvernement se mobilise pour la r\u00e9\u00e9lection de Sidiki Diaby\" \/>\n<meta property=\"og:description\" content=\"A\u0300 l\u2019occasion du Conseil des ministres tenu ce mercredi 7 mai 2025, le Gouvernement ivoirien a re\u0301affirme\u0301 son engagemen ...\" \/>\n<meta property=\"og:url\" content=\"https:\/\/www.africa-press.net\/cotedivoire\/politique\/comite-pour-lelimination-de-la-discrimination-raciale-des-nations-unies-le-gouvernement-se-mobilise-pour-la-reelection-de-sidiki-diaby\" \/>\n<meta property=\"og:site_name\" content=\"C\u00f4te d&#039;Ivoire\" \/>\n<meta property=\"article:published_time\" content=\"2025-05-09T17:44:07+00:00\" \/>\n<meta property=\"article:modified_time\" content=\"2025-05-09T18:01:56+00:00\" \/>\n<meta property=\"og:image\" content=\"https:\/\/static.africa-press.net\/cote\/sites\/43\/2025\/05\/sm_1746801028.010565.jpg\" \/>\n\t<meta property=\"og:image:width\" content=\"720\" \/>\n\t<meta property=\"og:image:height\" content=\"376\" \/>\n\t<meta property=\"og:image:type\" content=\"image\/jpeg\" \/>\n<meta name=\"author\" content=\"cfeditorfr\" \/>\n<meta name=\"twitter:card\" content=\"summary_large_image\" \/>\n<meta name=\"twitter:label1\" content=\"\u00c9crit par\" \/>\n\t<meta name=\"twitter:data1\" content=\"cfeditorfr\" \/>\n\t<meta name=\"twitter:label2\" content=\"Dur\u00e9e de lecture estim\u00e9e\" \/>\n\t<meta name=\"twitter:data2\" content=\"2 minutes\" \/>\n<script type=\"application\/ld+json\" class=\"yoast-schema-graph\">{\"@context\":\"https:\/\/schema.org\",\"@graph\":[{\"@type\":\"Article\",\"@id\":\"https:\/\/www.africa-press.net\/cotedivoire\/politique\/comite-pour-lelimination-de-la-discrimination-raciale-des-nations-unies-le-gouvernement-se-mobilise-pour-la-reelection-de-sidiki-diaby#article\",\"isPartOf\":{\"@id\":\"https:\/\/www.africa-press.net\/cotedivoire\/politique\/comite-pour-lelimination-de-la-discrimination-raciale-des-nations-unies-le-gouvernement-se-mobilise-pour-la-reelection-de-sidiki-diaby\"},\"author\":{\"name\":\"cfeditorfr\",\"@id\":\"https:\/\/www.africa-press.net\/cotedivoire\/#\/schema\/person\/2b1cf3cd81a31e3cd26889ca66d677f1\"},\"headline\":\"Comit\u00e9 pour l&rsquo;\u00e9limination de la discrimination raciale des Nations Unies, le gouvernement se mobilise pour la r\u00e9\u00e9lection de Sidiki Diaby\",\"datePublished\":\"2025-05-09T17:44:07+00:00\",\"dateModified\":\"2025-05-09T18:01:56+00:00\",\"mainEntityOfPage\":{\"@id\":\"https:\/\/www.africa-press.net\/cotedivoire\/politique\/comite-pour-lelimination-de-la-discrimination-raciale-des-nations-unies-le-gouvernement-se-mobilise-pour-la-reelection-de-sidiki-diaby\"},\"wordCount\":332,\"commentCount\":0,\"image\":{\"@id\":\"https:\/\/www.africa-press.net\/cotedivoire\/politique\/comite-pour-lelimination-de-la-discrimination-raciale-des-nations-unies-le-gouvernement-se-mobilise-pour-la-reelection-de-sidiki-diaby#primaryimage\"},\"thumbnailUrl\":\"https:\/\/static.africa-press.net\/cote\/sites\/43\/2025\/05\/sm_1746801028.010565.jpg\",\"keywords\":[\"candidature\",\"Comit\u00e9\",\"C\u00d4TE D'IVOIRE\",\"mandat\",\"Nations Unies\",\"renouvellement\",\"Sidiki Diaby\",\"soutient\"],\"articleSection\":[\"Politique\",\"Top Nouvelles\",\"Toutes les actualit\u00e9s\"],\"inLanguage\":\"fr-FR\",\"potentialAction\":[{\"@type\":\"CommentAction\",\"name\":\"Comment\",\"target\":[\"https:\/\/www.africa-press.net\/cotedivoire\/politique\/comite-pour-lelimination-de-la-discrimination-raciale-des-nations-unies-le-gouvernement-se-mobilise-pour-la-reelection-de-sidiki-diaby#respond\"]}]},{\"@type\":\"WebPage\",\"@id\":\"https:\/\/www.africa-press.net\/cotedivoire\/politique\/comite-pour-lelimination-de-la-discrimination-raciale-des-nations-unies-le-gouvernement-se-mobilise-pour-la-reelection-de-sidiki-diaby\",\"url\":\"https:\/\/www.africa-press.net\/cotedivoire\/politique\/comite-pour-lelimination-de-la-discrimination-raciale-des-nations-unies-le-gouvernement-se-mobilise-pour-la-reelection-de-sidiki-diaby\",\"name\":\"Comit\u00e9 pour l'\u00e9limination de la discrimination raciale des Nations Unies, le gouvernement se mobilise pour la r\u00e9\u00e9lection de Sidiki Diaby - C\u00f4te d&#039;Ivoire\",\"isPartOf\":{\"@id\":\"https:\/\/www.africa-press.net\/cotedivoire\/#website\"},\"primaryImageOfPage\":{\"@id\":\"https:\/\/www.africa-press.net\/cotedivoire\/politique\/comite-pour-lelimination-de-la-discrimination-raciale-des-nations-unies-le-gouvernement-se-mobilise-pour-la-reelection-de-sidiki-diaby#primaryimage\"},\"image\":{\"@id\":\"https:\/\/www.africa-press.net\/cotedivoire\/politique\/comite-pour-lelimination-de-la-discrimination-raciale-des-nations-unies-le-gouvernement-se-mobilise-pour-la-reelection-de-sidiki-diaby#primaryimage\"},\"thumbnailUrl\":\"https:\/\/static.africa-press.net\/cote\/sites\/43\/2025\/05\/sm_1746801028.010565.jpg\",\"datePublished\":\"2025-05-09T17:44:07+00:00\",\"dateModified\":\"2025-05-09T18:01:56+00:00\",\"author\":{\"@id\":\"https:\/\/www.africa-press.net\/cotedivoire\/#\/schema\/person\/2b1cf3cd81a31e3cd26889ca66d677f1\"},\"description\":\"A\u0300 l\u2019occasion du Conseil des ministres tenu ce mercredi 7 mai 2025, le Gouvernement ivoirien a re\u0301affirme\u0301 son engagemen ...\",\"breadcrumb\":{\"@id\":\"https:\/\/www.africa-press.net\/cotedivoire\/politique\/comite-pour-lelimination-de-la-discrimination-raciale-des-nations-unies-le-gouvernement-se-mobilise-pour-la-reelection-de-sidiki-diaby#breadcrumb\"},\"inLanguage\":\"fr-FR\",\"potentialAction\":[{\"@type\":\"ReadAction\",\"target\":[\"https:\/\/www.africa-press.net\/cotedivoire\/politique\/comite-pour-lelimination-de-la-discrimination-raciale-des-nations-unies-le-gouvernement-se-mobilise-pour-la-reelection-de-sidiki-diaby\"]}]},{\"@type\":\"ImageObject\",\"inLanguage\":\"fr-FR\",\"@id\":\"https:\/\/www.africa-press.net\/cotedivoire\/politique\/comite-pour-lelimination-de-la-discrimination-raciale-des-nations-unies-le-gouvernement-se-mobilise-pour-la-reelection-de-sidiki-diaby#primaryimage\",\"url\":\"https:\/\/static.africa-press.net\/cote\/sites\/43\/2025\/05\/sm_1746801028.010565.jpg\",\"contentUrl\":\"https:\/\/static.africa-press.net\/cote\/sites\/43\/2025\/05\/sm_1746801028.010565.jpg\",\"width\":720,\"height\":376,\"caption\":\"Comit\u00e9 pour l'\u00e9limination de la discrimination raciale des Nations Unies, le gouvernement se mobilise pour la r\u00e9\u00e9lection de Sidiki Diaby\"},{\"@type\":\"BreadcrumbList\",\"@id\":\"https:\/\/www.africa-press.net\/cotedivoire\/politique\/comite-pour-lelimination-de-la-discrimination-raciale-des-nations-unies-le-gouvernement-se-mobilise-pour-la-reelection-de-sidiki-diaby#breadcrumb\",\"itemListElement\":[{\"@type\":\"ListItem\",\"position\":1,\"name\":\"Accueil\",\"item\":\"https:\/\/www.africa-press.net\/cotedivoire\/\"},{\"@type\":\"ListItem\",\"position\":2,\"name\":\"Comit\u00e9 pour l&rsquo;\u00e9limination de la discrimination raciale des Nations Unies, le gouvernement se mobilise pour la r\u00e9\u00e9lection de Sidiki Diaby\"}]},{\"@type\":\"WebSite\",\"@id\":\"https:\/\/www.africa-press.net\/cotedivoire\/#website\",\"url\":\"https:\/\/www.africa-press.net\/cotedivoire\/\",\"name\":\"C\u00f4te d&#039;Ivoire\",\"description\":\"Just another Africa News Agency Sites site\",\"potentialAction\":[{\"@type\":\"SearchAction\",\"target\":{\"@type\":\"EntryPoint\",\"urlTemplate\":\"https:\/\/www.africa-press.net\/cotedivoire\/?s={search_term_string}\"},\"query-input\":{\"@type\":\"PropertyValueSpecification\",\"valueRequired\":true,\"valueName\":\"search_term_string\"}}],\"inLanguage\":\"fr-FR\"},{\"@type\":\"Person\",\"@id\":\"https:\/\/www.africa-press.net\/cotedivoire\/#\/schema\/person\/2b1cf3cd81a31e3cd26889ca66d677f1\",\"name\":\"cfeditorfr\"}]}<\/script>\n<!-- \/ Yoast SEO Premium plugin. -->","yoast_head_json":{"title":"Comit\u00e9 pour l'\u00e9limination de la discrimination raciale des Nations Unies, le gouvernement se mobilise pour la r\u00e9\u00e9lection de Sidiki Diaby - C\u00f4te d&#039;Ivoire","description":"A\u0300 l\u2019occasion du Conseil des ministres tenu ce mercredi 7 mai 2025, le Gouvernement ivoirien a re\u0301affirme\u0301 son engagemen ...","robots":{"index":"index","follow":"follow","max-snippet":"max-snippet:-1","max-image-preview":"max-image-preview:large","max-video-preview":"max-video-preview:-1"},"canonical":"https:\/\/www.africa-press.net\/cotedivoire\/politique\/comite-pour-lelimination-de-la-discrimination-raciale-des-nations-unies-le-gouvernement-se-mobilise-pour-la-reelection-de-sidiki-diaby","og_locale":"fr_FR","og_type":"article","og_title":"Comit\u00e9 pour l'\u00e9limination de la discrimination raciale des Nations Unies, le gouvernement se mobilise pour la r\u00e9\u00e9lection de Sidiki Diaby","og_description":"A\u0300 l\u2019occasion du Conseil des ministres tenu ce mercredi 7 mai 2025, le Gouvernement ivoirien a re\u0301affirme\u0301 son engagemen ...","og_url":"https:\/\/www.africa-press.net\/cotedivoire\/politique\/comite-pour-lelimination-de-la-discrimination-raciale-des-nations-unies-le-gouvernement-se-mobilise-pour-la-reelection-de-sidiki-diaby","og_site_name":"C\u00f4te d&#039;Ivoire","article_published_time":"2025-05-09T17:44:07+00:00","article_modified_time":"2025-05-09T18:01:56+00:00","og_image":[{"width":720,"height":376,"url":"https:\/\/static.africa-press.net\/cote\/sites\/43\/2025\/05\/sm_1746801028.010565.jpg","type":"image\/jpeg"}],"author":"cfeditorfr","twitter_card":"summary_large_image","twitter_misc":{"\u00c9crit par":"cfeditorfr","Dur\u00e9e de lecture estim\u00e9e":"2 minutes"},"schema":{"@context":"https:\/\/schema.org","@graph":[{"@type":"Article","@id":"https:\/\/www.africa-press.net\/cotedivoire\/politique\/comite-pour-lelimination-de-la-discrimination-raciale-des-nations-unies-le-gouvernement-se-mobilise-pour-la-reelection-de-sidiki-diaby#article","isPartOf":{"@id":"https:\/\/www.africa-press.net\/cotedivoire\/politique\/comite-pour-lelimination-de-la-discrimination-raciale-des-nations-unies-le-gouvernement-se-mobilise-pour-la-reelection-de-sidiki-diaby"},"author":{"name":"cfeditorfr","@id":"https:\/\/www.africa-press.net\/cotedivoire\/#\/schema\/person\/2b1cf3cd81a31e3cd26889ca66d677f1"},"headline":"Comit\u00e9 pour l&rsquo;\u00e9limination de la discrimination raciale des Nations Unies, le gouvernement se mobilise pour la r\u00e9\u00e9lection de Sidiki Diaby","datePublished":"2025-05-09T17:44:07+00:00","dateModified":"2025-05-09T18:01:56+00:00","mainEntityOfPage":{"@id":"https:\/\/www.africa-press.net\/cotedivoire\/politique\/comite-pour-lelimination-de-la-discrimination-raciale-des-nations-unies-le-gouvernement-se-mobilise-pour-la-reelection-de-sidiki-diaby"},"wordCount":332,"commentCount":0,"image":{"@id":"https:\/\/www.africa-press.net\/cotedivoire\/politique\/comite-pour-lelimination-de-la-discrimination-raciale-des-nations-unies-le-gouvernement-se-mobilise-pour-la-reelection-de-sidiki-diaby#primaryimage"},"thumbnailUrl":"https:\/\/static.africa-press.net\/cote\/sites\/43\/2025\/05\/sm_1746801028.010565.jpg","keywords":["candidature","Comit\u00e9","C\u00d4TE D'IVOIRE","mandat","Nations Unies","renouvellement","Sidiki Diaby","soutient"],"articleSection":["Politique","Top Nouvelles","Toutes les actualit\u00e9s"],"inLanguage":"fr-FR","potentialAction":[{"@type":"CommentAction","name":"Comment","target":["https:\/\/www.africa-press.net\/cotedivoire\/politique\/comite-pour-lelimination-de-la-discrimination-raciale-des-nations-unies-le-gouvernement-se-mobilise-pour-la-reelection-de-sidiki-diaby#respond"]}]},{"@type":"WebPage","@id":"https:\/\/www.africa-press.net\/cotedivoire\/politique\/comite-pour-lelimination-de-la-discrimination-raciale-des-nations-unies-le-gouvernement-se-mobilise-pour-la-reelection-de-sidiki-diaby","url":"https:\/\/www.africa-press.net\/cotedivoire\/politique\/comite-pour-lelimination-de-la-discrimination-raciale-des-nations-unies-le-gouvernement-se-mobilise-pour-la-reelection-de-sidiki-diaby","name":"Comit\u00e9 pour l'\u00e9limination de la discrimination raciale des Nations Unies, le gouvernement se mobilise pour la r\u00e9\u00e9lection de Sidiki Diaby - C\u00f4te d&#039;Ivoire","isPartOf":{"@id":"https:\/\/www.africa-press.net\/cotedivoire\/#website"},"primaryImageOfPage":{"@id":"https:\/\/www.africa-press.net\/cotedivoire\/politique\/comite-pour-lelimination-de-la-discrimination-raciale-des-nations-unies-le-gouvernement-se-mobilise-pour-la-reelection-de-sidiki-diaby#primaryimage"},"image":{"@id":"https:\/\/www.africa-press.net\/cotedivoire\/politique\/comite-pour-lelimination-de-la-discrimination-raciale-des-nations-unies-le-gouvernement-se-mobilise-pour-la-reelection-de-sidiki-diaby#primaryimage"},"thumbnailUrl":"https:\/\/static.africa-press.net\/cote\/sites\/43\/2025\/05\/sm_1746801028.010565.jpg","datePublished":"2025-05-09T17:44:07+00:00","dateModified":"2025-05-09T18:01:56+00:00","author":{"@id":"https:\/\/www.africa-press.net\/cotedivoire\/#\/schema\/person\/2b1cf3cd81a31e3cd26889ca66d677f1"},"description":"A\u0300 l\u2019occasion du Conseil des ministres tenu ce mercredi 7 mai 2025, le Gouvernement ivoirien a re\u0301affirme\u0301 son engagemen ...","breadcrumb":{"@id":"https:\/\/www.africa-press.net\/cotedivoire\/politique\/comite-pour-lelimination-de-la-discrimination-raciale-des-nations-unies-le-gouvernement-se-mobilise-pour-la-reelection-de-sidiki-diaby#breadcrumb"},"inLanguage":"fr-FR","potentialAction":[{"@type":"ReadAction","target":["https:\/\/www.africa-press.net\/cotedivoire\/politique\/comite-pour-lelimination-de-la-discrimination-raciale-des-nations-unies-le-gouvernement-se-mobilise-pour-la-reelection-de-sidiki-diaby"]}]},{"@type":"ImageObject","inLanguage":"fr-FR","@id":"https:\/\/www.africa-press.net\/cotedivoire\/politique\/comite-pour-lelimination-de-la-discrimination-raciale-des-nations-unies-le-gouvernement-se-mobilise-pour-la-reelection-de-sidiki-diaby#primaryimage","url":"https:\/\/static.africa-press.net\/cote\/sites\/43\/2025\/05\/sm_1746801028.010565.jpg","contentUrl":"https:\/\/static.africa-press.net\/cote\/sites\/43\/2025\/05\/sm_1746801028.010565.jpg","width":720,"height":376,"caption":"Comit\u00e9 pour l'\u00e9limination de la discrimination raciale des Nations Unies, le gouvernement se mobilise pour la r\u00e9\u00e9lection de Sidiki Diaby"},{"@type":"BreadcrumbList","@id":"https:\/\/www.africa-press.net\/cotedivoire\/politique\/comite-pour-lelimination-de-la-discrimination-raciale-des-nations-unies-le-gouvernement-se-mobilise-pour-la-reelection-de-sidiki-diaby#breadcrumb","itemListElement":[{"@type":"ListItem","position":1,"name":"Accueil","item":"https:\/\/www.africa-press.net\/cotedivoire\/"},{"@type":"ListItem","position":2,"name":"Comit\u00e9 pour l&rsquo;\u00e9limination de la discrimination raciale des Nations Unies, le gouvernement se mobilise pour la r\u00e9\u00e9lection de Sidiki Diaby"}]},{"@type":"WebSite","@id":"https:\/\/www.africa-press.net\/cotedivoire\/#website","url":"https:\/\/www.africa-press.net\/cotedivoire\/","name":"C\u00f4te d&#039;Ivoire","description":"Just another Africa News Agency Sites site","potentialAction":[{"@type":"SearchAction","target":{"@type":"EntryPoint","urlTemplate":"https:\/\/www.africa-press.net\/cotedivoire\/?s={search_term_string}"},"query-input":{"@type":"PropertyValueSpecification","valueRequired":true,"valueName":"search_term_string"}}],"inLanguage":"fr-FR"},{"@type":"Person","@id":"https:\/\/www.africa-press.net\/cotedivoire\/#\/schema\/person\/2b1cf3cd81a31e3cd26889ca66d677f1","name":"cfeditorfr"}]}},"_links":{"self":[{"href":"https:\/\/www.africa-press.net\/cotedivoire\/wp-json\/wp\/v2\/posts\/98794","targetHints":{"allow":["GET"]}}],"collection":[{"href":"https:\/\/www.africa-press.net\/cotedivoire\/wp-json\/wp\/v2\/posts"}],"about":[{"href":"https:\/\/www.africa-press.net\/cotedivoire\/wp-json\/wp\/v2\/types\/post"}],"author":[{"embeddable":true,"href":"https:\/\/www.africa-press.net\/cotedivoire\/wp-json\/wp\/v2\/users\/82"}],"replies":[{"embeddable":true,"href":"https:\/\/www.africa-press.net\/cotedivoire\/wp-json\/wp\/v2\/comments?post=98794"}],"version-history":[{"count":0,"href":"https:\/\/www.africa-press.net\/cotedivoire\/wp-json\/wp\/v2\/posts\/98794\/revisions"}],"wp:featuredmedia":[{"embeddable":true,"href":"https:\/\/www.africa-press.net\/cotedivoire\/wp-json\/wp\/v2\/media\/98793"}],"wp:attachment":[{"href":"https:\/\/www.africa-press.net\/cotedivoire\/wp-json\/wp\/v2\/media?parent=98794"}],"wp:term":[{"taxonomy":"category","embeddable":true,"href":"https:\/\/www.africa-press.net\/cotedivoire\/wp-json\/wp\/v2\/categories?post=98794"},{"taxonomy":"post_tag","embeddable":true,"href":"https:\/\/www.africa-press.net\/cotedivoire\/wp-json\/wp\/v2\/tags?post=98794"}],"curies":[{"name":"wp","href":"https:\/\/api.w.org\/{rel}","templated":true}]}}