{"id":9885,"date":"2021-07-13T19:14:32","date_gmt":"2021-07-13T19:14:32","guid":{"rendered":"https:\/\/www.africa-press.net\/cotedivoire\/?p=9885"},"modified":"2021-07-15T18:46:54","modified_gmt":"2021-07-15T18:46:54","slug":"cote-divoire-la-tnt-peut-elle-trouver-son-equilibre","status":"publish","type":"post","link":"https:\/\/www.africa-press.net\/cotedivoire\/culture-et-art\/cote-divoire-la-tnt-peut-elle-trouver-son-equilibre","title":{"rendered":"la TNT peut-elle trouver son \u00e9quilibre\u00a0?"},"content":{"rendered":"<p><span style=\"color: #ff6600\"><strong><a href=\"https:\/\/www.africa-press.net\/\">Africa-Press<\/a> &#8211; <a href=\"https:\/\/www.africa-press.net\/cotedivoire\">C\u00f4te d&rsquo;Ivoire<\/a>. <\/strong><\/span>Initi\u00e9 en 2019, le d\u00e9ploiement de la t\u00e9l\u00e9vision num\u00e9rique terrestre n\u2019est pas encore achev\u00e9. Mais d\u00e9j\u00e0, les t\u00e9l\u00e9spectateurs profitent d\u2019une profusion de programmes in\u00e9dits. Reste aux nouvelles cha\u00eenes \u00e0 trouver un mod\u00e8le \u00e9conomique solide pour faire de cette lib\u00e9ralisation du secteur audiovisuel une r\u00e9ussite.<\/p>\n<p>Depuis le lancement de nouvelles cha\u00eenes en 2019, le monopole de la Radiodiffusion t\u00e9l\u00e9vision ivoirienne (RTI) n\u2019est plus. D\u00e9sormais, les spectateurs ont le choix entre six canaux qui se livrent une rude concurrence. En plus des trois qu\u2019offre le service public, RTI 1, RTI 2 et RTI 3, trois autres t\u00e9l\u00e9visions priv\u00e9es ont fait leur apparition sur les \u00e9crans : Life TV, A+ Ivoire et la Nouvelle Cha\u00eene ivoirienne (NCI). Une quatri\u00e8me cha\u00eene d\u2019information en continu, 7 Infos, a \u00e9galement re\u00e7u le feu vert de la Haute Autorit\u00e9 de la communication audiovisuelle (Haca), et se pr\u00e9pare \u00e0 diffuser d\u2019ici la fin de l\u2019ann\u00e9e.<\/p>\n<p>\u00ab Nous avons opt\u00e9 pour une ouverture contr\u00f4l\u00e9e, avec un nombre limit\u00e9 de projets. Aujourd\u2019hui, nous sommes fiers de la qualit\u00e9 de nos cha\u00eenes de t\u00e9l\u00e9vision \u00bb, se r\u00e9jouit Amadou Coulibaly, ministre de la Communication, des M\u00e9dias et de la Francophonie. Nomm\u00e9 le 6 avril dernier, il doit parachever le chantier de la T\u00e9l\u00e9vision num\u00e9rique terrestre (TNT), qui \u00e9tait cens\u00e9e \u00eatre totalement op\u00e9rationnelle en juin 2020.<\/p>\n<p>Pour l\u2019heure, la Soci\u00e9t\u00e9 ivoirienne de t\u00e9l\u00e9diffusion (IDT) estime qu\u2019environ 80 % de la population est couverte. Mais sans prendre en compte l\u2019\u00e9quipement des m\u00e9nages en d\u00e9codeurs, plus complexe \u00e0 r\u00e9aliser qu\u2019il n\u2019y para\u00eet. Cependant, Amadou Coulibaly se veut confiant : \u00ab Nous \u00e9teindrons le dernier signal analogique d\u2019ici la fin de cette ann\u00e9e. \u00bb Une course contre la montre est donc lanc\u00e9e pour atteindre l\u2019objectif annonc\u00e9 par le ministre, qui a initi\u00e9 une s\u00e9rie de rencontres avec les acteurs du secteur depuis mai.<\/p>\n<p><b>\u00a0<\/b><\/p>\n","protected":false},"excerpt":{"rendered":"<p>Africa-Press &#8211; C\u00f4te d&rsquo;Ivoire. Initi\u00e9 en 2019, le d\u00e9ploiement de la t\u00e9l\u00e9vision num\u00e9rique terrestre n\u2019est pas encore achev\u00e9. Mais d\u00e9j\u00e0, les t\u00e9l\u00e9spectateurs profitent d\u2019une profusion de programmes in\u00e9dits. Reste aux nouvelles cha\u00eenes \u00e0 trouver un mod\u00e8le \u00e9conomique solide pour faire de cette lib\u00e9ralisation du secteur audiovisuel une r\u00e9ussite. Depuis le lancement de nouvelles cha\u00eenes en [&hellip;]<\/p>\n","protected":false},"author":82,"featured_media":9884,"comment_status":"open","ping_status":"closed","sticky":false,"template":"","format":"standard","meta":{"footnotes":""},"categories":[5,11,10],"tags":[56,63,29],"class_list":["post-9885","post","type-post","status-publish","format-standard","has-post-thumbnail","hentry","category-culture-et-art","category-homepage-french","category-toutes-les-actualites","tag-africa-press","tag-africa-press-cote-divoire","tag-cote-divoire"],"yoast_head":"<!-- This site is optimized with the Yoast SEO Premium plugin v26.1 (Yoast SEO v27.0) - https:\/\/yoast.com\/product\/yoast-seo-premium-wordpress\/ -->\n<title>la TNT peut-elle trouver son \u00e9quilibre\u00a0? - C\u00f4te d&#039;Ivoire<\/title>\n<meta name=\"description\" content=\"Initi\u00e9 en 2019, le d\u00e9ploiement de la t\u00e9l\u00e9vision num\u00e9rique terrestre n\u2019est pas encore achev\u00e9. Mais d\u00e9j\u00e0, les t\u00e9l\u00e9spectate ...\" \/>\n<meta name=\"robots\" content=\"index, follow, max-snippet:-1, max-image-preview:large, max-video-preview:-1\" \/>\n<link rel=\"canonical\" href=\"https:\/\/www.africa-press.net\/cotedivoire\/culture-et-art\/cote-divoire-la-tnt-peut-elle-trouver-son-equilibre\" \/>\n<meta property=\"og:locale\" content=\"fr_FR\" \/>\n<meta property=\"og:type\" content=\"article\" \/>\n<meta property=\"og:title\" content=\"la TNT peut-elle trouver son \u00e9quilibre\u00a0?\" \/>\n<meta property=\"og:description\" content=\"Initi\u00e9 en 2019, le d\u00e9ploiement de la t\u00e9l\u00e9vision num\u00e9rique terrestre n\u2019est pas encore achev\u00e9. Mais d\u00e9j\u00e0, les t\u00e9l\u00e9spectate ...\" \/>\n<meta property=\"og:url\" content=\"https:\/\/www.africa-press.net\/cotedivoire\/culture-et-art\/cote-divoire-la-tnt-peut-elle-trouver-son-equilibre\" \/>\n<meta property=\"og:site_name\" content=\"C\u00f4te d&#039;Ivoire\" \/>\n<meta property=\"article:published_time\" content=\"2021-07-13T19:14:32+00:00\" \/>\n<meta property=\"article:modified_time\" content=\"2021-07-15T18:46:54+00:00\" \/>\n<meta property=\"og:image\" content=\"https:\/\/static.africa-press.net\/cote\/sites\/43\/2021\/07\/img-60edd07933e67.jpg\" \/>\n\t<meta property=\"og:image:width\" content=\"720\" \/>\n\t<meta property=\"og:image:height\" content=\"360\" \/>\n\t<meta property=\"og:image:type\" content=\"image\/jpeg\" \/>\n<meta name=\"author\" content=\"cfeditorfr\" \/>\n<meta name=\"twitter:card\" content=\"summary_large_image\" \/>\n<meta name=\"twitter:label1\" content=\"\u00c9crit par\" \/>\n\t<meta name=\"twitter:data1\" content=\"cfeditorfr\" \/>\n\t<meta name=\"twitter:label2\" content=\"Dur\u00e9e de lecture estim\u00e9e\" \/>\n\t<meta name=\"twitter:data2\" content=\"2 minutes\" \/>\n<script type=\"application\/ld+json\" class=\"yoast-schema-graph\">{\"@context\":\"https:\/\/schema.org\",\"@graph\":[{\"@type\":\"Article\",\"@id\":\"https:\/\/www.africa-press.net\/cotedivoire\/culture-et-art\/cote-divoire-la-tnt-peut-elle-trouver-son-equilibre#article\",\"isPartOf\":{\"@id\":\"https:\/\/www.africa-press.net\/cotedivoire\/culture-et-art\/cote-divoire-la-tnt-peut-elle-trouver-son-equilibre\"},\"author\":{\"name\":\"cfeditorfr\",\"@id\":\"https:\/\/www.africa-press.net\/cotedivoire\/#\/schema\/person\/2b1cf3cd81a31e3cd26889ca66d677f1\"},\"headline\":\"la TNT peut-elle trouver son \u00e9quilibre\u00a0?\",\"datePublished\":\"2021-07-13T19:14:32+00:00\",\"dateModified\":\"2021-07-15T18:46:54+00:00\",\"mainEntityOfPage\":{\"@id\":\"https:\/\/www.africa-press.net\/cotedivoire\/culture-et-art\/cote-divoire-la-tnt-peut-elle-trouver-son-equilibre\"},\"wordCount\":352,\"commentCount\":0,\"image\":{\"@id\":\"https:\/\/www.africa-press.net\/cotedivoire\/culture-et-art\/cote-divoire-la-tnt-peut-elle-trouver-son-equilibre#primaryimage\"},\"thumbnailUrl\":\"https:\/\/static.africa-press.net\/cote\/sites\/43\/2021\/07\/img-60edd07933e67.jpg\",\"keywords\":[\"Africa Press\",\"Africa Press-C\u00f4te d'Ivoire\",\"C\u00d4TE D'IVOIRE\"],\"articleSection\":[\"Culture et Art\",\"homepage-french\",\"Toutes les actualit\u00e9s\"],\"inLanguage\":\"fr-FR\",\"potentialAction\":[{\"@type\":\"CommentAction\",\"name\":\"Comment\",\"target\":[\"https:\/\/www.africa-press.net\/cotedivoire\/culture-et-art\/cote-divoire-la-tnt-peut-elle-trouver-son-equilibre#respond\"]}]},{\"@type\":\"WebPage\",\"@id\":\"https:\/\/www.africa-press.net\/cotedivoire\/culture-et-art\/cote-divoire-la-tnt-peut-elle-trouver-son-equilibre\",\"url\":\"https:\/\/www.africa-press.net\/cotedivoire\/culture-et-art\/cote-divoire-la-tnt-peut-elle-trouver-son-equilibre\",\"name\":\"la TNT peut-elle trouver son \u00e9quilibre\u00a0? - C\u00f4te d&#039;Ivoire\",\"isPartOf\":{\"@id\":\"https:\/\/www.africa-press.net\/cotedivoire\/#website\"},\"primaryImageOfPage\":{\"@id\":\"https:\/\/www.africa-press.net\/cotedivoire\/culture-et-art\/cote-divoire-la-tnt-peut-elle-trouver-son-equilibre#primaryimage\"},\"image\":{\"@id\":\"https:\/\/www.africa-press.net\/cotedivoire\/culture-et-art\/cote-divoire-la-tnt-peut-elle-trouver-son-equilibre#primaryimage\"},\"thumbnailUrl\":\"https:\/\/static.africa-press.net\/cote\/sites\/43\/2021\/07\/img-60edd07933e67.jpg\",\"datePublished\":\"2021-07-13T19:14:32+00:00\",\"dateModified\":\"2021-07-15T18:46:54+00:00\",\"author\":{\"@id\":\"https:\/\/www.africa-press.net\/cotedivoire\/#\/schema\/person\/2b1cf3cd81a31e3cd26889ca66d677f1\"},\"description\":\"Initi\u00e9 en 2019, le d\u00e9ploiement de la t\u00e9l\u00e9vision num\u00e9rique terrestre n\u2019est pas encore achev\u00e9. Mais d\u00e9j\u00e0, les t\u00e9l\u00e9spectate ...\",\"breadcrumb\":{\"@id\":\"https:\/\/www.africa-press.net\/cotedivoire\/culture-et-art\/cote-divoire-la-tnt-peut-elle-trouver-son-equilibre#breadcrumb\"},\"inLanguage\":\"fr-FR\",\"potentialAction\":[{\"@type\":\"ReadAction\",\"target\":[\"https:\/\/www.africa-press.net\/cotedivoire\/culture-et-art\/cote-divoire-la-tnt-peut-elle-trouver-son-equilibre\"]}]},{\"@type\":\"ImageObject\",\"inLanguage\":\"fr-FR\",\"@id\":\"https:\/\/www.africa-press.net\/cotedivoire\/culture-et-art\/cote-divoire-la-tnt-peut-elle-trouver-son-equilibre#primaryimage\",\"url\":\"https:\/\/static.africa-press.net\/cote\/sites\/43\/2021\/07\/img-60edd07933e67.jpg\",\"contentUrl\":\"https:\/\/static.africa-press.net\/cote\/sites\/43\/2021\/07\/img-60edd07933e67.jpg\",\"width\":720,\"height\":360,\"caption\":\"C\u00f4te d\u2019Ivoire : la TNT peut-elle trouver son \u00e9quilibre\u00a0?\"},{\"@type\":\"BreadcrumbList\",\"@id\":\"https:\/\/www.africa-press.net\/cotedivoire\/culture-et-art\/cote-divoire-la-tnt-peut-elle-trouver-son-equilibre#breadcrumb\",\"itemListElement\":[{\"@type\":\"ListItem\",\"position\":1,\"name\":\"Accueil\",\"item\":\"https:\/\/www.africa-press.net\/cotedivoire\/\"},{\"@type\":\"ListItem\",\"position\":2,\"name\":\"la TNT peut-elle trouver son \u00e9quilibre\u00a0?\"}]},{\"@type\":\"WebSite\",\"@id\":\"https:\/\/www.africa-press.net\/cotedivoire\/#website\",\"url\":\"https:\/\/www.africa-press.net\/cotedivoire\/\",\"name\":\"C\u00f4te d&#039;Ivoire\",\"description\":\"Just another Africa News Agency Sites site\",\"potentialAction\":[{\"@type\":\"SearchAction\",\"target\":{\"@type\":\"EntryPoint\",\"urlTemplate\":\"https:\/\/www.africa-press.net\/cotedivoire\/?s={search_term_string}\"},\"query-input\":{\"@type\":\"PropertyValueSpecification\",\"valueRequired\":true,\"valueName\":\"search_term_string\"}}],\"inLanguage\":\"fr-FR\"},{\"@type\":\"Person\",\"@id\":\"https:\/\/www.africa-press.net\/cotedivoire\/#\/schema\/person\/2b1cf3cd81a31e3cd26889ca66d677f1\",\"name\":\"cfeditorfr\"}]}<\/script>\n<!-- \/ Yoast SEO Premium plugin. -->","yoast_head_json":{"title":"la TNT peut-elle trouver son \u00e9quilibre\u00a0? - C\u00f4te d&#039;Ivoire","description":"Initi\u00e9 en 2019, le d\u00e9ploiement de la t\u00e9l\u00e9vision num\u00e9rique terrestre n\u2019est pas encore achev\u00e9. Mais d\u00e9j\u00e0, les t\u00e9l\u00e9spectate ...","robots":{"index":"index","follow":"follow","max-snippet":"max-snippet:-1","max-image-preview":"max-image-preview:large","max-video-preview":"max-video-preview:-1"},"canonical":"https:\/\/www.africa-press.net\/cotedivoire\/culture-et-art\/cote-divoire-la-tnt-peut-elle-trouver-son-equilibre","og_locale":"fr_FR","og_type":"article","og_title":"la TNT peut-elle trouver son \u00e9quilibre\u00a0?","og_description":"Initi\u00e9 en 2019, le d\u00e9ploiement de la t\u00e9l\u00e9vision num\u00e9rique terrestre n\u2019est pas encore achev\u00e9. Mais d\u00e9j\u00e0, les t\u00e9l\u00e9spectate ...","og_url":"https:\/\/www.africa-press.net\/cotedivoire\/culture-et-art\/cote-divoire-la-tnt-peut-elle-trouver-son-equilibre","og_site_name":"C\u00f4te d&#039;Ivoire","article_published_time":"2021-07-13T19:14:32+00:00","article_modified_time":"2021-07-15T18:46:54+00:00","og_image":[{"width":720,"height":360,"url":"https:\/\/static.africa-press.net\/cote\/sites\/43\/2021\/07\/img-60edd07933e67.jpg","type":"image\/jpeg"}],"author":"cfeditorfr","twitter_card":"summary_large_image","twitter_misc":{"\u00c9crit par":"cfeditorfr","Dur\u00e9e de lecture estim\u00e9e":"2 minutes"},"schema":{"@context":"https:\/\/schema.org","@graph":[{"@type":"Article","@id":"https:\/\/www.africa-press.net\/cotedivoire\/culture-et-art\/cote-divoire-la-tnt-peut-elle-trouver-son-equilibre#article","isPartOf":{"@id":"https:\/\/www.africa-press.net\/cotedivoire\/culture-et-art\/cote-divoire-la-tnt-peut-elle-trouver-son-equilibre"},"author":{"name":"cfeditorfr","@id":"https:\/\/www.africa-press.net\/cotedivoire\/#\/schema\/person\/2b1cf3cd81a31e3cd26889ca66d677f1"},"headline":"la TNT peut-elle trouver son \u00e9quilibre\u00a0?","datePublished":"2021-07-13T19:14:32+00:00","dateModified":"2021-07-15T18:46:54+00:00","mainEntityOfPage":{"@id":"https:\/\/www.africa-press.net\/cotedivoire\/culture-et-art\/cote-divoire-la-tnt-peut-elle-trouver-son-equilibre"},"wordCount":352,"commentCount":0,"image":{"@id":"https:\/\/www.africa-press.net\/cotedivoire\/culture-et-art\/cote-divoire-la-tnt-peut-elle-trouver-son-equilibre#primaryimage"},"thumbnailUrl":"https:\/\/static.africa-press.net\/cote\/sites\/43\/2021\/07\/img-60edd07933e67.jpg","keywords":["Africa Press","Africa Press-C\u00f4te d'Ivoire","C\u00d4TE D'IVOIRE"],"articleSection":["Culture et Art","homepage-french","Toutes les actualit\u00e9s"],"inLanguage":"fr-FR","potentialAction":[{"@type":"CommentAction","name":"Comment","target":["https:\/\/www.africa-press.net\/cotedivoire\/culture-et-art\/cote-divoire-la-tnt-peut-elle-trouver-son-equilibre#respond"]}]},{"@type":"WebPage","@id":"https:\/\/www.africa-press.net\/cotedivoire\/culture-et-art\/cote-divoire-la-tnt-peut-elle-trouver-son-equilibre","url":"https:\/\/www.africa-press.net\/cotedivoire\/culture-et-art\/cote-divoire-la-tnt-peut-elle-trouver-son-equilibre","name":"la TNT peut-elle trouver son \u00e9quilibre\u00a0? - C\u00f4te d&#039;Ivoire","isPartOf":{"@id":"https:\/\/www.africa-press.net\/cotedivoire\/#website"},"primaryImageOfPage":{"@id":"https:\/\/www.africa-press.net\/cotedivoire\/culture-et-art\/cote-divoire-la-tnt-peut-elle-trouver-son-equilibre#primaryimage"},"image":{"@id":"https:\/\/www.africa-press.net\/cotedivoire\/culture-et-art\/cote-divoire-la-tnt-peut-elle-trouver-son-equilibre#primaryimage"},"thumbnailUrl":"https:\/\/static.africa-press.net\/cote\/sites\/43\/2021\/07\/img-60edd07933e67.jpg","datePublished":"2021-07-13T19:14:32+00:00","dateModified":"2021-07-15T18:46:54+00:00","author":{"@id":"https:\/\/www.africa-press.net\/cotedivoire\/#\/schema\/person\/2b1cf3cd81a31e3cd26889ca66d677f1"},"description":"Initi\u00e9 en 2019, le d\u00e9ploiement de la t\u00e9l\u00e9vision num\u00e9rique terrestre n\u2019est pas encore achev\u00e9. Mais d\u00e9j\u00e0, les t\u00e9l\u00e9spectate ...","breadcrumb":{"@id":"https:\/\/www.africa-press.net\/cotedivoire\/culture-et-art\/cote-divoire-la-tnt-peut-elle-trouver-son-equilibre#breadcrumb"},"inLanguage":"fr-FR","potentialAction":[{"@type":"ReadAction","target":["https:\/\/www.africa-press.net\/cotedivoire\/culture-et-art\/cote-divoire-la-tnt-peut-elle-trouver-son-equilibre"]}]},{"@type":"ImageObject","inLanguage":"fr-FR","@id":"https:\/\/www.africa-press.net\/cotedivoire\/culture-et-art\/cote-divoire-la-tnt-peut-elle-trouver-son-equilibre#primaryimage","url":"https:\/\/static.africa-press.net\/cote\/sites\/43\/2021\/07\/img-60edd07933e67.jpg","contentUrl":"https:\/\/static.africa-press.net\/cote\/sites\/43\/2021\/07\/img-60edd07933e67.jpg","width":720,"height":360,"caption":"C\u00f4te d\u2019Ivoire : la TNT peut-elle trouver son \u00e9quilibre\u00a0?"},{"@type":"BreadcrumbList","@id":"https:\/\/www.africa-press.net\/cotedivoire\/culture-et-art\/cote-divoire-la-tnt-peut-elle-trouver-son-equilibre#breadcrumb","itemListElement":[{"@type":"ListItem","position":1,"name":"Accueil","item":"https:\/\/www.africa-press.net\/cotedivoire\/"},{"@type":"ListItem","position":2,"name":"la TNT peut-elle trouver son \u00e9quilibre\u00a0?"}]},{"@type":"WebSite","@id":"https:\/\/www.africa-press.net\/cotedivoire\/#website","url":"https:\/\/www.africa-press.net\/cotedivoire\/","name":"C\u00f4te d&#039;Ivoire","description":"Just another Africa News Agency Sites site","potentialAction":[{"@type":"SearchAction","target":{"@type":"EntryPoint","urlTemplate":"https:\/\/www.africa-press.net\/cotedivoire\/?s={search_term_string}"},"query-input":{"@type":"PropertyValueSpecification","valueRequired":true,"valueName":"search_term_string"}}],"inLanguage":"fr-FR"},{"@type":"Person","@id":"https:\/\/www.africa-press.net\/cotedivoire\/#\/schema\/person\/2b1cf3cd81a31e3cd26889ca66d677f1","name":"cfeditorfr"}]}},"_links":{"self":[{"href":"https:\/\/www.africa-press.net\/cotedivoire\/wp-json\/wp\/v2\/posts\/9885","targetHints":{"allow":["GET"]}}],"collection":[{"href":"https:\/\/www.africa-press.net\/cotedivoire\/wp-json\/wp\/v2\/posts"}],"about":[{"href":"https:\/\/www.africa-press.net\/cotedivoire\/wp-json\/wp\/v2\/types\/post"}],"author":[{"embeddable":true,"href":"https:\/\/www.africa-press.net\/cotedivoire\/wp-json\/wp\/v2\/users\/82"}],"replies":[{"embeddable":true,"href":"https:\/\/www.africa-press.net\/cotedivoire\/wp-json\/wp\/v2\/comments?post=9885"}],"version-history":[{"count":0,"href":"https:\/\/www.africa-press.net\/cotedivoire\/wp-json\/wp\/v2\/posts\/9885\/revisions"}],"wp:featuredmedia":[{"embeddable":true,"href":"https:\/\/www.africa-press.net\/cotedivoire\/wp-json\/wp\/v2\/media\/9884"}],"wp:attachment":[{"href":"https:\/\/www.africa-press.net\/cotedivoire\/wp-json\/wp\/v2\/media?parent=9885"}],"wp:term":[{"taxonomy":"category","embeddable":true,"href":"https:\/\/www.africa-press.net\/cotedivoire\/wp-json\/wp\/v2\/categories?post=9885"},{"taxonomy":"post_tag","embeddable":true,"href":"https:\/\/www.africa-press.net\/cotedivoire\/wp-json\/wp\/v2\/tags?post=9885"}],"curies":[{"name":"wp","href":"https:\/\/api.w.org\/{rel}","templated":true}]}}