{"id":9888,"date":"2021-07-13T19:22:17","date_gmt":"2021-07-13T19:22:17","guid":{"rendered":"https:\/\/www.africa-press.net\/cotedivoire\/?p=9888"},"modified":"2021-07-15T18:47:02","modified_gmt":"2021-07-15T18:47:02","slug":"cote-divoire-comment-kandia-camara-a-succede-a-hamed-bakayoko-a-la-mairie-dabobo","status":"publish","type":"post","link":"https:\/\/www.africa-press.net\/cotedivoire\/dossiers\/cote-divoire-comment-kandia-camara-a-succede-a-hamed-bakayoko-a-la-mairie-dabobo","title":{"rendered":"comment Kandia Camara a succ\u00e9d\u00e9 \u00e0 Hamed Bakayoko \u00e0 la mairie d\u2019Abobo"},"content":{"rendered":"<p><span style=\"color: #ff6600\"><strong><a href=\"https:\/\/www.africa-press.net\/\">Africa-Press<\/a> &#8211; <a href=\"https:\/\/www.africa-press.net\/cotedivoire\">C\u00f4te d&rsquo;Ivoire<\/a>. <\/strong><\/span>Le conseil municipal d\u2019Abobo a \u00e9lu ce 12 juillet la successeure du d\u00e9funt Premier ministre Hamed Bakayoko, avec plusieurs jours de retard. Les d\u00e9bats au sein du RHDP ont en effet dur\u00e9 plus longtemps que pr\u00e9vu\u2026<\/p>\n<p>Apr\u00e8s le d\u00e9c\u00e8s de Hamed Bakayoko le 10 mars, la question de son remplacement \u00e0 la mairie d\u2019Abobo, n\u2019a pas \u00e9t\u00e9 imm\u00e9diatement tranch\u00e9e. Trois candidats du Rassemblement des Houphou\u00ebtistes pour la d\u00e9mocratie et la paix (RHDP) \u2013 Kandia Camara, Brahima Ouattara et Jeanne Peuhmond \u2013 comptent parmi les favoris. Mais lorsque cette derni\u00e8re, premi\u00e8re adjointe au maire, renonce \u00e0 briguer le poste, un duel s\u2019amorce entre les deux autres pr\u00e9tendants.<\/p>\n<p><b>\u00a0<\/b><\/p>\n","protected":false},"excerpt":{"rendered":"<p>Africa-Press &#8211; C\u00f4te d&rsquo;Ivoire. Le conseil municipal d\u2019Abobo a \u00e9lu ce 12 juillet la successeure du d\u00e9funt Premier ministre Hamed Bakayoko, avec plusieurs jours de retard. Les d\u00e9bats au sein du RHDP ont en effet dur\u00e9 plus longtemps que pr\u00e9vu\u2026 Apr\u00e8s le d\u00e9c\u00e8s de Hamed Bakayoko le 10 mars, la question de son remplacement \u00e0 [&hellip;]<\/p>\n","protected":false},"author":82,"featured_media":9887,"comment_status":"open","ping_status":"closed","sticky":false,"template":"","format":"standard","meta":{"footnotes":""},"categories":[7,11,10],"tags":[56,63,29],"class_list":["post-9888","post","type-post","status-publish","format-standard","has-post-thumbnail","hentry","category-dossiers","category-homepage-french","category-toutes-les-actualites","tag-africa-press","tag-africa-press-cote-divoire","tag-cote-divoire"],"yoast_head":"<!-- This site is optimized with the Yoast SEO Premium plugin v26.1 (Yoast SEO v27.0) - https:\/\/yoast.com\/product\/yoast-seo-premium-wordpress\/ -->\n<title>comment Kandia Camara a succ\u00e9d\u00e9 \u00e0 Hamed Bakayoko \u00e0 la mairie d\u2019Abobo - C\u00f4te d&#039;Ivoire<\/title>\n<meta name=\"description\" content=\"Le conseil municipal d\u2019Abobo a \u00e9lu ce 12 juillet la successeure du d\u00e9funt Premier ministre Hamed Bakayoko, avec plusieur ...\" \/>\n<meta name=\"robots\" content=\"index, follow, max-snippet:-1, max-image-preview:large, max-video-preview:-1\" \/>\n<link rel=\"canonical\" href=\"https:\/\/www.africa-press.net\/cotedivoire\/dossiers\/cote-divoire-comment-kandia-camara-a-succede-a-hamed-bakayoko-a-la-mairie-dabobo\" \/>\n<meta property=\"og:locale\" content=\"fr_FR\" \/>\n<meta property=\"og:type\" content=\"article\" \/>\n<meta property=\"og:title\" content=\"comment Kandia Camara a succ\u00e9d\u00e9 \u00e0 Hamed Bakayoko \u00e0 la mairie d\u2019Abobo\" \/>\n<meta property=\"og:description\" content=\"Le conseil municipal d\u2019Abobo a \u00e9lu ce 12 juillet la successeure du d\u00e9funt Premier ministre Hamed Bakayoko, avec plusieur ...\" \/>\n<meta property=\"og:url\" content=\"https:\/\/www.africa-press.net\/cotedivoire\/dossiers\/cote-divoire-comment-kandia-camara-a-succede-a-hamed-bakayoko-a-la-mairie-dabobo\" \/>\n<meta property=\"og:site_name\" content=\"C\u00f4te d&#039;Ivoire\" \/>\n<meta property=\"article:published_time\" content=\"2021-07-13T19:22:17+00:00\" \/>\n<meta property=\"article:modified_time\" content=\"2021-07-15T18:47:02+00:00\" \/>\n<meta property=\"og:image\" content=\"https:\/\/static.africa-press.net\/cote\/sites\/43\/2021\/07\/img-60edd0a41920a.jpg\" \/>\n\t<meta property=\"og:image:width\" content=\"720\" \/>\n\t<meta property=\"og:image:height\" content=\"360\" \/>\n\t<meta property=\"og:image:type\" content=\"image\/jpeg\" \/>\n<meta name=\"author\" content=\"cfeditorfr\" \/>\n<meta name=\"twitter:card\" content=\"summary_large_image\" \/>\n<meta name=\"twitter:label1\" content=\"\u00c9crit par\" \/>\n\t<meta name=\"twitter:data1\" content=\"cfeditorfr\" \/>\n\t<meta name=\"twitter:label2\" content=\"Dur\u00e9e de lecture estim\u00e9e\" \/>\n\t<meta name=\"twitter:data2\" content=\"1 minute\" \/>\n<script type=\"application\/ld+json\" class=\"yoast-schema-graph\">{\"@context\":\"https:\/\/schema.org\",\"@graph\":[{\"@type\":\"Article\",\"@id\":\"https:\/\/www.africa-press.net\/cotedivoire\/dossiers\/cote-divoire-comment-kandia-camara-a-succede-a-hamed-bakayoko-a-la-mairie-dabobo#article\",\"isPartOf\":{\"@id\":\"https:\/\/www.africa-press.net\/cotedivoire\/dossiers\/cote-divoire-comment-kandia-camara-a-succede-a-hamed-bakayoko-a-la-mairie-dabobo\"},\"author\":{\"name\":\"cfeditorfr\",\"@id\":\"https:\/\/www.africa-press.net\/cotedivoire\/#\/schema\/person\/2b1cf3cd81a31e3cd26889ca66d677f1\"},\"headline\":\"comment Kandia Camara a succ\u00e9d\u00e9 \u00e0 Hamed Bakayoko \u00e0 la mairie d\u2019Abobo\",\"datePublished\":\"2021-07-13T19:22:17+00:00\",\"dateModified\":\"2021-07-15T18:47:02+00:00\",\"mainEntityOfPage\":{\"@id\":\"https:\/\/www.africa-press.net\/cotedivoire\/dossiers\/cote-divoire-comment-kandia-camara-a-succede-a-hamed-bakayoko-a-la-mairie-dabobo\"},\"wordCount\":135,\"commentCount\":0,\"image\":{\"@id\":\"https:\/\/www.africa-press.net\/cotedivoire\/dossiers\/cote-divoire-comment-kandia-camara-a-succede-a-hamed-bakayoko-a-la-mairie-dabobo#primaryimage\"},\"thumbnailUrl\":\"https:\/\/static.africa-press.net\/cote\/sites\/43\/2021\/07\/img-60edd0a41920a.jpg\",\"keywords\":[\"Africa Press\",\"Africa Press-C\u00f4te d'Ivoire\",\"C\u00d4TE D'IVOIRE\"],\"articleSection\":[\"Dossiers\",\"homepage-french\",\"Toutes les actualit\u00e9s\"],\"inLanguage\":\"fr-FR\",\"potentialAction\":[{\"@type\":\"CommentAction\",\"name\":\"Comment\",\"target\":[\"https:\/\/www.africa-press.net\/cotedivoire\/dossiers\/cote-divoire-comment-kandia-camara-a-succede-a-hamed-bakayoko-a-la-mairie-dabobo#respond\"]}]},{\"@type\":\"WebPage\",\"@id\":\"https:\/\/www.africa-press.net\/cotedivoire\/dossiers\/cote-divoire-comment-kandia-camara-a-succede-a-hamed-bakayoko-a-la-mairie-dabobo\",\"url\":\"https:\/\/www.africa-press.net\/cotedivoire\/dossiers\/cote-divoire-comment-kandia-camara-a-succede-a-hamed-bakayoko-a-la-mairie-dabobo\",\"name\":\"comment Kandia Camara a succ\u00e9d\u00e9 \u00e0 Hamed Bakayoko \u00e0 la mairie d\u2019Abobo - C\u00f4te d&#039;Ivoire\",\"isPartOf\":{\"@id\":\"https:\/\/www.africa-press.net\/cotedivoire\/#website\"},\"primaryImageOfPage\":{\"@id\":\"https:\/\/www.africa-press.net\/cotedivoire\/dossiers\/cote-divoire-comment-kandia-camara-a-succede-a-hamed-bakayoko-a-la-mairie-dabobo#primaryimage\"},\"image\":{\"@id\":\"https:\/\/www.africa-press.net\/cotedivoire\/dossiers\/cote-divoire-comment-kandia-camara-a-succede-a-hamed-bakayoko-a-la-mairie-dabobo#primaryimage\"},\"thumbnailUrl\":\"https:\/\/static.africa-press.net\/cote\/sites\/43\/2021\/07\/img-60edd0a41920a.jpg\",\"datePublished\":\"2021-07-13T19:22:17+00:00\",\"dateModified\":\"2021-07-15T18:47:02+00:00\",\"author\":{\"@id\":\"https:\/\/www.africa-press.net\/cotedivoire\/#\/schema\/person\/2b1cf3cd81a31e3cd26889ca66d677f1\"},\"description\":\"Le conseil municipal d\u2019Abobo a \u00e9lu ce 12 juillet la successeure du d\u00e9funt Premier ministre Hamed Bakayoko, avec plusieur ...\",\"breadcrumb\":{\"@id\":\"https:\/\/www.africa-press.net\/cotedivoire\/dossiers\/cote-divoire-comment-kandia-camara-a-succede-a-hamed-bakayoko-a-la-mairie-dabobo#breadcrumb\"},\"inLanguage\":\"fr-FR\",\"potentialAction\":[{\"@type\":\"ReadAction\",\"target\":[\"https:\/\/www.africa-press.net\/cotedivoire\/dossiers\/cote-divoire-comment-kandia-camara-a-succede-a-hamed-bakayoko-a-la-mairie-dabobo\"]}]},{\"@type\":\"ImageObject\",\"inLanguage\":\"fr-FR\",\"@id\":\"https:\/\/www.africa-press.net\/cotedivoire\/dossiers\/cote-divoire-comment-kandia-camara-a-succede-a-hamed-bakayoko-a-la-mairie-dabobo#primaryimage\",\"url\":\"https:\/\/static.africa-press.net\/cote\/sites\/43\/2021\/07\/img-60edd0a41920a.jpg\",\"contentUrl\":\"https:\/\/static.africa-press.net\/cote\/sites\/43\/2021\/07\/img-60edd0a41920a.jpg\",\"width\":720,\"height\":360,\"caption\":\"C\u00f4te d\u2019Ivoire : comment Kandia Camara a succ\u00e9d\u00e9 \u00e0 Hamed Bakayoko \u00e0 la mairie d\u2019Abobo\"},{\"@type\":\"BreadcrumbList\",\"@id\":\"https:\/\/www.africa-press.net\/cotedivoire\/dossiers\/cote-divoire-comment-kandia-camara-a-succede-a-hamed-bakayoko-a-la-mairie-dabobo#breadcrumb\",\"itemListElement\":[{\"@type\":\"ListItem\",\"position\":1,\"name\":\"Accueil\",\"item\":\"https:\/\/www.africa-press.net\/cotedivoire\/\"},{\"@type\":\"ListItem\",\"position\":2,\"name\":\"comment Kandia Camara a succ\u00e9d\u00e9 \u00e0 Hamed Bakayoko \u00e0 la mairie d\u2019Abobo\"}]},{\"@type\":\"WebSite\",\"@id\":\"https:\/\/www.africa-press.net\/cotedivoire\/#website\",\"url\":\"https:\/\/www.africa-press.net\/cotedivoire\/\",\"name\":\"C\u00f4te d&#039;Ivoire\",\"description\":\"Just another Africa News Agency Sites site\",\"potentialAction\":[{\"@type\":\"SearchAction\",\"target\":{\"@type\":\"EntryPoint\",\"urlTemplate\":\"https:\/\/www.africa-press.net\/cotedivoire\/?s={search_term_string}\"},\"query-input\":{\"@type\":\"PropertyValueSpecification\",\"valueRequired\":true,\"valueName\":\"search_term_string\"}}],\"inLanguage\":\"fr-FR\"},{\"@type\":\"Person\",\"@id\":\"https:\/\/www.africa-press.net\/cotedivoire\/#\/schema\/person\/2b1cf3cd81a31e3cd26889ca66d677f1\",\"name\":\"cfeditorfr\"}]}<\/script>\n<!-- \/ Yoast SEO Premium plugin. -->","yoast_head_json":{"title":"comment Kandia Camara a succ\u00e9d\u00e9 \u00e0 Hamed Bakayoko \u00e0 la mairie d\u2019Abobo - C\u00f4te d&#039;Ivoire","description":"Le conseil municipal d\u2019Abobo a \u00e9lu ce 12 juillet la successeure du d\u00e9funt Premier ministre Hamed Bakayoko, avec plusieur ...","robots":{"index":"index","follow":"follow","max-snippet":"max-snippet:-1","max-image-preview":"max-image-preview:large","max-video-preview":"max-video-preview:-1"},"canonical":"https:\/\/www.africa-press.net\/cotedivoire\/dossiers\/cote-divoire-comment-kandia-camara-a-succede-a-hamed-bakayoko-a-la-mairie-dabobo","og_locale":"fr_FR","og_type":"article","og_title":"comment Kandia Camara a succ\u00e9d\u00e9 \u00e0 Hamed Bakayoko \u00e0 la mairie d\u2019Abobo","og_description":"Le conseil municipal d\u2019Abobo a \u00e9lu ce 12 juillet la successeure du d\u00e9funt Premier ministre Hamed Bakayoko, avec plusieur ...","og_url":"https:\/\/www.africa-press.net\/cotedivoire\/dossiers\/cote-divoire-comment-kandia-camara-a-succede-a-hamed-bakayoko-a-la-mairie-dabobo","og_site_name":"C\u00f4te d&#039;Ivoire","article_published_time":"2021-07-13T19:22:17+00:00","article_modified_time":"2021-07-15T18:47:02+00:00","og_image":[{"width":720,"height":360,"url":"https:\/\/static.africa-press.net\/cote\/sites\/43\/2021\/07\/img-60edd0a41920a.jpg","type":"image\/jpeg"}],"author":"cfeditorfr","twitter_card":"summary_large_image","twitter_misc":{"\u00c9crit par":"cfeditorfr","Dur\u00e9e de lecture estim\u00e9e":"1 minute"},"schema":{"@context":"https:\/\/schema.org","@graph":[{"@type":"Article","@id":"https:\/\/www.africa-press.net\/cotedivoire\/dossiers\/cote-divoire-comment-kandia-camara-a-succede-a-hamed-bakayoko-a-la-mairie-dabobo#article","isPartOf":{"@id":"https:\/\/www.africa-press.net\/cotedivoire\/dossiers\/cote-divoire-comment-kandia-camara-a-succede-a-hamed-bakayoko-a-la-mairie-dabobo"},"author":{"name":"cfeditorfr","@id":"https:\/\/www.africa-press.net\/cotedivoire\/#\/schema\/person\/2b1cf3cd81a31e3cd26889ca66d677f1"},"headline":"comment Kandia Camara a succ\u00e9d\u00e9 \u00e0 Hamed Bakayoko \u00e0 la mairie d\u2019Abobo","datePublished":"2021-07-13T19:22:17+00:00","dateModified":"2021-07-15T18:47:02+00:00","mainEntityOfPage":{"@id":"https:\/\/www.africa-press.net\/cotedivoire\/dossiers\/cote-divoire-comment-kandia-camara-a-succede-a-hamed-bakayoko-a-la-mairie-dabobo"},"wordCount":135,"commentCount":0,"image":{"@id":"https:\/\/www.africa-press.net\/cotedivoire\/dossiers\/cote-divoire-comment-kandia-camara-a-succede-a-hamed-bakayoko-a-la-mairie-dabobo#primaryimage"},"thumbnailUrl":"https:\/\/static.africa-press.net\/cote\/sites\/43\/2021\/07\/img-60edd0a41920a.jpg","keywords":["Africa Press","Africa Press-C\u00f4te d'Ivoire","C\u00d4TE D'IVOIRE"],"articleSection":["Dossiers","homepage-french","Toutes les actualit\u00e9s"],"inLanguage":"fr-FR","potentialAction":[{"@type":"CommentAction","name":"Comment","target":["https:\/\/www.africa-press.net\/cotedivoire\/dossiers\/cote-divoire-comment-kandia-camara-a-succede-a-hamed-bakayoko-a-la-mairie-dabobo#respond"]}]},{"@type":"WebPage","@id":"https:\/\/www.africa-press.net\/cotedivoire\/dossiers\/cote-divoire-comment-kandia-camara-a-succede-a-hamed-bakayoko-a-la-mairie-dabobo","url":"https:\/\/www.africa-press.net\/cotedivoire\/dossiers\/cote-divoire-comment-kandia-camara-a-succede-a-hamed-bakayoko-a-la-mairie-dabobo","name":"comment Kandia Camara a succ\u00e9d\u00e9 \u00e0 Hamed Bakayoko \u00e0 la mairie d\u2019Abobo - C\u00f4te d&#039;Ivoire","isPartOf":{"@id":"https:\/\/www.africa-press.net\/cotedivoire\/#website"},"primaryImageOfPage":{"@id":"https:\/\/www.africa-press.net\/cotedivoire\/dossiers\/cote-divoire-comment-kandia-camara-a-succede-a-hamed-bakayoko-a-la-mairie-dabobo#primaryimage"},"image":{"@id":"https:\/\/www.africa-press.net\/cotedivoire\/dossiers\/cote-divoire-comment-kandia-camara-a-succede-a-hamed-bakayoko-a-la-mairie-dabobo#primaryimage"},"thumbnailUrl":"https:\/\/static.africa-press.net\/cote\/sites\/43\/2021\/07\/img-60edd0a41920a.jpg","datePublished":"2021-07-13T19:22:17+00:00","dateModified":"2021-07-15T18:47:02+00:00","author":{"@id":"https:\/\/www.africa-press.net\/cotedivoire\/#\/schema\/person\/2b1cf3cd81a31e3cd26889ca66d677f1"},"description":"Le conseil municipal d\u2019Abobo a \u00e9lu ce 12 juillet la successeure du d\u00e9funt Premier ministre Hamed Bakayoko, avec plusieur ...","breadcrumb":{"@id":"https:\/\/www.africa-press.net\/cotedivoire\/dossiers\/cote-divoire-comment-kandia-camara-a-succede-a-hamed-bakayoko-a-la-mairie-dabobo#breadcrumb"},"inLanguage":"fr-FR","potentialAction":[{"@type":"ReadAction","target":["https:\/\/www.africa-press.net\/cotedivoire\/dossiers\/cote-divoire-comment-kandia-camara-a-succede-a-hamed-bakayoko-a-la-mairie-dabobo"]}]},{"@type":"ImageObject","inLanguage":"fr-FR","@id":"https:\/\/www.africa-press.net\/cotedivoire\/dossiers\/cote-divoire-comment-kandia-camara-a-succede-a-hamed-bakayoko-a-la-mairie-dabobo#primaryimage","url":"https:\/\/static.africa-press.net\/cote\/sites\/43\/2021\/07\/img-60edd0a41920a.jpg","contentUrl":"https:\/\/static.africa-press.net\/cote\/sites\/43\/2021\/07\/img-60edd0a41920a.jpg","width":720,"height":360,"caption":"C\u00f4te d\u2019Ivoire : comment Kandia Camara a succ\u00e9d\u00e9 \u00e0 Hamed Bakayoko \u00e0 la mairie d\u2019Abobo"},{"@type":"BreadcrumbList","@id":"https:\/\/www.africa-press.net\/cotedivoire\/dossiers\/cote-divoire-comment-kandia-camara-a-succede-a-hamed-bakayoko-a-la-mairie-dabobo#breadcrumb","itemListElement":[{"@type":"ListItem","position":1,"name":"Accueil","item":"https:\/\/www.africa-press.net\/cotedivoire\/"},{"@type":"ListItem","position":2,"name":"comment Kandia Camara a succ\u00e9d\u00e9 \u00e0 Hamed Bakayoko \u00e0 la mairie d\u2019Abobo"}]},{"@type":"WebSite","@id":"https:\/\/www.africa-press.net\/cotedivoire\/#website","url":"https:\/\/www.africa-press.net\/cotedivoire\/","name":"C\u00f4te d&#039;Ivoire","description":"Just another Africa News Agency Sites site","potentialAction":[{"@type":"SearchAction","target":{"@type":"EntryPoint","urlTemplate":"https:\/\/www.africa-press.net\/cotedivoire\/?s={search_term_string}"},"query-input":{"@type":"PropertyValueSpecification","valueRequired":true,"valueName":"search_term_string"}}],"inLanguage":"fr-FR"},{"@type":"Person","@id":"https:\/\/www.africa-press.net\/cotedivoire\/#\/schema\/person\/2b1cf3cd81a31e3cd26889ca66d677f1","name":"cfeditorfr"}]}},"_links":{"self":[{"href":"https:\/\/www.africa-press.net\/cotedivoire\/wp-json\/wp\/v2\/posts\/9888","targetHints":{"allow":["GET"]}}],"collection":[{"href":"https:\/\/www.africa-press.net\/cotedivoire\/wp-json\/wp\/v2\/posts"}],"about":[{"href":"https:\/\/www.africa-press.net\/cotedivoire\/wp-json\/wp\/v2\/types\/post"}],"author":[{"embeddable":true,"href":"https:\/\/www.africa-press.net\/cotedivoire\/wp-json\/wp\/v2\/users\/82"}],"replies":[{"embeddable":true,"href":"https:\/\/www.africa-press.net\/cotedivoire\/wp-json\/wp\/v2\/comments?post=9888"}],"version-history":[{"count":0,"href":"https:\/\/www.africa-press.net\/cotedivoire\/wp-json\/wp\/v2\/posts\/9888\/revisions"}],"wp:featuredmedia":[{"embeddable":true,"href":"https:\/\/www.africa-press.net\/cotedivoire\/wp-json\/wp\/v2\/media\/9887"}],"wp:attachment":[{"href":"https:\/\/www.africa-press.net\/cotedivoire\/wp-json\/wp\/v2\/media?parent=9888"}],"wp:term":[{"taxonomy":"category","embeddable":true,"href":"https:\/\/www.africa-press.net\/cotedivoire\/wp-json\/wp\/v2\/categories?post=9888"},{"taxonomy":"post_tag","embeddable":true,"href":"https:\/\/www.africa-press.net\/cotedivoire\/wp-json\/wp\/v2\/tags?post=9888"}],"curies":[{"name":"wp","href":"https:\/\/api.w.org\/{rel}","templated":true}]}}