{"id":9891,"date":"2021-07-13T19:30:07","date_gmt":"2021-07-13T19:30:07","guid":{"rendered":"https:\/\/www.africa-press.net\/cotedivoire\/?p=9891"},"modified":"2021-07-15T18:47:10","modified_gmt":"2021-07-15T18:47:10","slug":"cote-divoire-ouattara-gbagbo-bictogo-soro-les-verites-damadou-soumahoro","status":"publish","type":"post","link":"https:\/\/www.africa-press.net\/cotedivoire\/politique\/cote-divoire-ouattara-gbagbo-bictogo-soro-les-verites-damadou-soumahoro","title":{"rendered":"Ouattara, Gbagbo, Bictogo, Soro\u2026 Les v\u00e9rit\u00e9s d\u2019Amadou Soumahoro"},"content":{"rendered":"<p><span style=\"color: #ff6600\"><strong><a href=\"https:\/\/www.africa-press.net\/\">Africa-Press<\/a> &#8211; <a href=\"https:\/\/www.africa-press.net\/cotedivoire\">C\u00f4te d&rsquo;Ivoire<\/a>. <\/strong><\/span>Des \u00e9quilibres entre majorit\u00e9 et opposition au sein de l\u2019Assembl\u00e9e nationale qu\u2019il pr\u00e9side au retour de l\u2019ancien pr\u00e9sident en passant par les relations entre les caciques de la majorit\u00e9 pr\u00e9sidentielle, Amadou Soumahoro se pose en premier partisan du chef de l\u2019\u00c9tat, Alassane Ouattara.<\/p>\n<p>Il a le sourire large, Amadou Soumahoro, lorsqu\u2019il nous re\u00e7oit dans son bureau de l\u2019Assembl\u00e9e nationale, \u00e0 la d\u00e9coration aussi sobre et classique que la nouvelle posture qu\u2019entend adopter son propri\u00e9taire. Ancien tenant de l\u2019aile \u00ab dure \u00bb du Rassemblement des R\u00e9publicains (RDR, d\u2019Alassane Ouattara), il tient d\u00e9sormais un discours aux antipodes de ceux qui \u00e9taient les siens lorsqu\u2019il faisait figure de \u00ab faucon \u00bb du camps pr\u00e9sidentiel. R\u00e9\u00e9lu fin mars \u00e0 la t\u00eate de l\u2019Assembl\u00e9e nationale, o\u00f9 il avait d\u00e9j\u00e0 succ\u00e9d\u00e9 \u00e0 Guillaume Soro, Amadou Soumahoro se veut d\u00e9sormais un homme de dialogue et de r\u00e9conciliation. Parfaitement dans la ligne au sein de la majorit\u00e9 pr\u00e9sidentielle.<\/p>\n<p>L\u2019homme n\u2019en manie pas moins l\u2019ironie mordante. \u00ab Vous vous souvenez, il y a encore quelques semaines, la rumeur m\u2019avait tu\u00e9 ! \u00bb, l\u00e2che-t-il dans un grand sourire \u00e0 peine la porte franchie. De fait, l\u2019\u00e9tat de sant\u00e9 de ce t\u00e9nor de la sc\u00e8ne politique ivoirienne a fait l\u2019objet de nombreuses sp\u00e9culations dans les semaines ayant suivi sa r\u00e9\u00e9lection. \u00ab Vous le voyez, je vais tr\u00e8s bien ! \u00bb, assure celui qui vient d\u2019\u00eatre reconduit \u00e0 la pr\u00e9sidence de l\u2019Assembl\u00e9e des parlementaires francophones (APF), ponctuant \u00e0 nouveau sa phrase d\u2019un sourire rassurant.<\/p>\n<p>Mais d\u00e8s qu\u2019il s\u2019agit d\u2019aborder les questions politiques, du retour de Laurent Gbagbo \u00e0 la situation de Guillaume Soro, des bisbilles internes \u00e0 la majorit\u00e9 pr\u00e9sidentielle \u00e0 son propre r\u00f4le \u00e0 la pr\u00e9sidence de l\u2019Assembl\u00e9e nationale, plus question de plaisanter : Amadou Soumahoro livre ses v\u00e9rit\u00e9s, en pesant chaque mot. Amadou Soumahoro, dans son bureau de l\u2019Assembl\u00e9e nationale. \u00a9 DR : Assembl\u00e9e nationale ivoirienne<\/p>\n<p><b>Jeune Afrique : Quelles sont vos relations avec Adama Bictogo, qui se pr\u00e9sente volontiers comme le \u00ab num\u00e9ro deux \u00bb de l\u2019Assembl\u00e9e nationale, \u00e0 l\u2019image d\u2019une sorte de \u00ab premier vice-pr\u00e9sident \u00bb ?<\/b><\/p>\n<p><b>Amadou Soumahoro :<\/b><\/p>\n<p>Aucun texte ne consacre un tel poste de premier vice-pr\u00e9sident de l\u2019Assembl\u00e9e nationale. Il a exist\u00e9 sous l\u2019ancienne Constitution. Mais ce poste de premier vice-pr\u00e9sident de l\u2019Assembl\u00e9e nationale a \u00e9t\u00e9 supprim\u00e9.<\/p>\n","protected":false},"excerpt":{"rendered":"<p>Africa-Press &#8211; C\u00f4te d&rsquo;Ivoire. Des \u00e9quilibres entre majorit\u00e9 et opposition au sein de l\u2019Assembl\u00e9e nationale qu\u2019il pr\u00e9side au retour de l\u2019ancien pr\u00e9sident en passant par les relations entre les caciques de la majorit\u00e9 pr\u00e9sidentielle, Amadou Soumahoro se pose en premier partisan du chef de l\u2019\u00c9tat, Alassane Ouattara. Il a le sourire large, Amadou Soumahoro, lorsqu\u2019il [&hellip;]<\/p>\n","protected":false},"author":82,"featured_media":9890,"comment_status":"open","ping_status":"closed","sticky":false,"template":"","format":"standard","meta":{"footnotes":""},"categories":[11,2,20,10],"tags":[56,63,29],"class_list":["post-9891","post","type-post","status-publish","format-standard","has-post-thumbnail","hentry","category-homepage-french","category-politique","category-top-nouvelles","category-toutes-les-actualites","tag-africa-press","tag-africa-press-cote-divoire","tag-cote-divoire"],"yoast_head":"<!-- This site is optimized with the Yoast SEO Premium plugin v26.1 (Yoast SEO v27.0) - https:\/\/yoast.com\/product\/yoast-seo-premium-wordpress\/ -->\n<title>Ouattara, Gbagbo, Bictogo, Soro\u2026 Les v\u00e9rit\u00e9s d\u2019Amadou Soumahoro - C\u00f4te d&#039;Ivoire<\/title>\n<meta name=\"description\" content=\"Des \u00e9quilibres entre majorit\u00e9 et opposition au sein de l\u2019Assembl\u00e9e nationale qu\u2019il pr\u00e9side au retour de l\u2019ancien pr\u00e9side ...\" \/>\n<meta name=\"robots\" content=\"index, follow, max-snippet:-1, max-image-preview:large, max-video-preview:-1\" \/>\n<link rel=\"canonical\" href=\"https:\/\/www.africa-press.net\/cotedivoire\/politique\/cote-divoire-ouattara-gbagbo-bictogo-soro-les-verites-damadou-soumahoro\" \/>\n<meta property=\"og:locale\" content=\"fr_FR\" \/>\n<meta property=\"og:type\" content=\"article\" \/>\n<meta property=\"og:title\" content=\"Ouattara, Gbagbo, Bictogo, Soro\u2026 Les v\u00e9rit\u00e9s d\u2019Amadou Soumahoro\" \/>\n<meta property=\"og:description\" content=\"Des \u00e9quilibres entre majorit\u00e9 et opposition au sein de l\u2019Assembl\u00e9e nationale qu\u2019il pr\u00e9side au retour de l\u2019ancien pr\u00e9side ...\" \/>\n<meta property=\"og:url\" content=\"https:\/\/www.africa-press.net\/cotedivoire\/politique\/cote-divoire-ouattara-gbagbo-bictogo-soro-les-verites-damadou-soumahoro\" \/>\n<meta property=\"og:site_name\" content=\"C\u00f4te d&#039;Ivoire\" \/>\n<meta property=\"article:published_time\" content=\"2021-07-13T19:30:07+00:00\" \/>\n<meta property=\"article:modified_time\" content=\"2021-07-15T18:47:10+00:00\" \/>\n<meta property=\"og:image\" content=\"https:\/\/static.africa-press.net\/cote\/sites\/43\/2021\/07\/img-60edd0d3a8064.jpg\" \/>\n\t<meta property=\"og:image:width\" content=\"720\" \/>\n\t<meta property=\"og:image:height\" content=\"360\" \/>\n\t<meta property=\"og:image:type\" content=\"image\/jpeg\" \/>\n<meta name=\"author\" content=\"cfeditorfr\" \/>\n<meta name=\"twitter:card\" content=\"summary_large_image\" \/>\n<meta name=\"twitter:label1\" content=\"\u00c9crit par\" \/>\n\t<meta name=\"twitter:data1\" content=\"cfeditorfr\" \/>\n\t<meta name=\"twitter:label2\" content=\"Dur\u00e9e de lecture estim\u00e9e\" \/>\n\t<meta name=\"twitter:data2\" content=\"2 minutes\" \/>\n<script type=\"application\/ld+json\" class=\"yoast-schema-graph\">{\"@context\":\"https:\/\/schema.org\",\"@graph\":[{\"@type\":\"Article\",\"@id\":\"https:\/\/www.africa-press.net\/cotedivoire\/politique\/cote-divoire-ouattara-gbagbo-bictogo-soro-les-verites-damadou-soumahoro#article\",\"isPartOf\":{\"@id\":\"https:\/\/www.africa-press.net\/cotedivoire\/politique\/cote-divoire-ouattara-gbagbo-bictogo-soro-les-verites-damadou-soumahoro\"},\"author\":{\"name\":\"cfeditorfr\",\"@id\":\"https:\/\/www.africa-press.net\/cotedivoire\/#\/schema\/person\/2b1cf3cd81a31e3cd26889ca66d677f1\"},\"headline\":\"Ouattara, Gbagbo, Bictogo, Soro\u2026 Les v\u00e9rit\u00e9s d\u2019Amadou Soumahoro\",\"datePublished\":\"2021-07-13T19:30:07+00:00\",\"dateModified\":\"2021-07-15T18:47:10+00:00\",\"mainEntityOfPage\":{\"@id\":\"https:\/\/www.africa-press.net\/cotedivoire\/politique\/cote-divoire-ouattara-gbagbo-bictogo-soro-les-verites-damadou-soumahoro\"},\"wordCount\":434,\"commentCount\":0,\"image\":{\"@id\":\"https:\/\/www.africa-press.net\/cotedivoire\/politique\/cote-divoire-ouattara-gbagbo-bictogo-soro-les-verites-damadou-soumahoro#primaryimage\"},\"thumbnailUrl\":\"https:\/\/static.africa-press.net\/cote\/sites\/43\/2021\/07\/img-60edd0d3a8064.jpg\",\"keywords\":[\"Africa Press\",\"Africa Press-C\u00f4te d'Ivoire\",\"C\u00d4TE D'IVOIRE\"],\"articleSection\":[\"homepage-french\",\"Politique\",\"Top Nouvelles\",\"Toutes les actualit\u00e9s\"],\"inLanguage\":\"fr-FR\",\"potentialAction\":[{\"@type\":\"CommentAction\",\"name\":\"Comment\",\"target\":[\"https:\/\/www.africa-press.net\/cotedivoire\/politique\/cote-divoire-ouattara-gbagbo-bictogo-soro-les-verites-damadou-soumahoro#respond\"]}]},{\"@type\":\"WebPage\",\"@id\":\"https:\/\/www.africa-press.net\/cotedivoire\/politique\/cote-divoire-ouattara-gbagbo-bictogo-soro-les-verites-damadou-soumahoro\",\"url\":\"https:\/\/www.africa-press.net\/cotedivoire\/politique\/cote-divoire-ouattara-gbagbo-bictogo-soro-les-verites-damadou-soumahoro\",\"name\":\"Ouattara, Gbagbo, Bictogo, Soro\u2026 Les v\u00e9rit\u00e9s d\u2019Amadou Soumahoro - C\u00f4te d&#039;Ivoire\",\"isPartOf\":{\"@id\":\"https:\/\/www.africa-press.net\/cotedivoire\/#website\"},\"primaryImageOfPage\":{\"@id\":\"https:\/\/www.africa-press.net\/cotedivoire\/politique\/cote-divoire-ouattara-gbagbo-bictogo-soro-les-verites-damadou-soumahoro#primaryimage\"},\"image\":{\"@id\":\"https:\/\/www.africa-press.net\/cotedivoire\/politique\/cote-divoire-ouattara-gbagbo-bictogo-soro-les-verites-damadou-soumahoro#primaryimage\"},\"thumbnailUrl\":\"https:\/\/static.africa-press.net\/cote\/sites\/43\/2021\/07\/img-60edd0d3a8064.jpg\",\"datePublished\":\"2021-07-13T19:30:07+00:00\",\"dateModified\":\"2021-07-15T18:47:10+00:00\",\"author\":{\"@id\":\"https:\/\/www.africa-press.net\/cotedivoire\/#\/schema\/person\/2b1cf3cd81a31e3cd26889ca66d677f1\"},\"description\":\"Des \u00e9quilibres entre majorit\u00e9 et opposition au sein de l\u2019Assembl\u00e9e nationale qu\u2019il pr\u00e9side au retour de l\u2019ancien pr\u00e9side ...\",\"breadcrumb\":{\"@id\":\"https:\/\/www.africa-press.net\/cotedivoire\/politique\/cote-divoire-ouattara-gbagbo-bictogo-soro-les-verites-damadou-soumahoro#breadcrumb\"},\"inLanguage\":\"fr-FR\",\"potentialAction\":[{\"@type\":\"ReadAction\",\"target\":[\"https:\/\/www.africa-press.net\/cotedivoire\/politique\/cote-divoire-ouattara-gbagbo-bictogo-soro-les-verites-damadou-soumahoro\"]}]},{\"@type\":\"ImageObject\",\"inLanguage\":\"fr-FR\",\"@id\":\"https:\/\/www.africa-press.net\/cotedivoire\/politique\/cote-divoire-ouattara-gbagbo-bictogo-soro-les-verites-damadou-soumahoro#primaryimage\",\"url\":\"https:\/\/static.africa-press.net\/cote\/sites\/43\/2021\/07\/img-60edd0d3a8064.jpg\",\"contentUrl\":\"https:\/\/static.africa-press.net\/cote\/sites\/43\/2021\/07\/img-60edd0d3a8064.jpg\",\"width\":720,\"height\":360,\"caption\":\"C\u00f4te d\u2019Ivoire : Ouattara, Gbagbo, Bictogo, Soro\u2026 Les v\u00e9rit\u00e9s d\u2019Amadou Soumahoro\"},{\"@type\":\"BreadcrumbList\",\"@id\":\"https:\/\/www.africa-press.net\/cotedivoire\/politique\/cote-divoire-ouattara-gbagbo-bictogo-soro-les-verites-damadou-soumahoro#breadcrumb\",\"itemListElement\":[{\"@type\":\"ListItem\",\"position\":1,\"name\":\"Accueil\",\"item\":\"https:\/\/www.africa-press.net\/cotedivoire\/\"},{\"@type\":\"ListItem\",\"position\":2,\"name\":\"Ouattara, Gbagbo, Bictogo, Soro\u2026 Les v\u00e9rit\u00e9s d\u2019Amadou Soumahoro\"}]},{\"@type\":\"WebSite\",\"@id\":\"https:\/\/www.africa-press.net\/cotedivoire\/#website\",\"url\":\"https:\/\/www.africa-press.net\/cotedivoire\/\",\"name\":\"C\u00f4te d&#039;Ivoire\",\"description\":\"Just another Africa News Agency Sites site\",\"potentialAction\":[{\"@type\":\"SearchAction\",\"target\":{\"@type\":\"EntryPoint\",\"urlTemplate\":\"https:\/\/www.africa-press.net\/cotedivoire\/?s={search_term_string}\"},\"query-input\":{\"@type\":\"PropertyValueSpecification\",\"valueRequired\":true,\"valueName\":\"search_term_string\"}}],\"inLanguage\":\"fr-FR\"},{\"@type\":\"Person\",\"@id\":\"https:\/\/www.africa-press.net\/cotedivoire\/#\/schema\/person\/2b1cf3cd81a31e3cd26889ca66d677f1\",\"name\":\"cfeditorfr\"}]}<\/script>\n<!-- \/ Yoast SEO Premium plugin. -->","yoast_head_json":{"title":"Ouattara, Gbagbo, Bictogo, Soro\u2026 Les v\u00e9rit\u00e9s d\u2019Amadou Soumahoro - C\u00f4te d&#039;Ivoire","description":"Des \u00e9quilibres entre majorit\u00e9 et opposition au sein de l\u2019Assembl\u00e9e nationale qu\u2019il pr\u00e9side au retour de l\u2019ancien pr\u00e9side ...","robots":{"index":"index","follow":"follow","max-snippet":"max-snippet:-1","max-image-preview":"max-image-preview:large","max-video-preview":"max-video-preview:-1"},"canonical":"https:\/\/www.africa-press.net\/cotedivoire\/politique\/cote-divoire-ouattara-gbagbo-bictogo-soro-les-verites-damadou-soumahoro","og_locale":"fr_FR","og_type":"article","og_title":"Ouattara, Gbagbo, Bictogo, Soro\u2026 Les v\u00e9rit\u00e9s d\u2019Amadou Soumahoro","og_description":"Des \u00e9quilibres entre majorit\u00e9 et opposition au sein de l\u2019Assembl\u00e9e nationale qu\u2019il pr\u00e9side au retour de l\u2019ancien pr\u00e9side ...","og_url":"https:\/\/www.africa-press.net\/cotedivoire\/politique\/cote-divoire-ouattara-gbagbo-bictogo-soro-les-verites-damadou-soumahoro","og_site_name":"C\u00f4te d&#039;Ivoire","article_published_time":"2021-07-13T19:30:07+00:00","article_modified_time":"2021-07-15T18:47:10+00:00","og_image":[{"width":720,"height":360,"url":"https:\/\/static.africa-press.net\/cote\/sites\/43\/2021\/07\/img-60edd0d3a8064.jpg","type":"image\/jpeg"}],"author":"cfeditorfr","twitter_card":"summary_large_image","twitter_misc":{"\u00c9crit par":"cfeditorfr","Dur\u00e9e de lecture estim\u00e9e":"2 minutes"},"schema":{"@context":"https:\/\/schema.org","@graph":[{"@type":"Article","@id":"https:\/\/www.africa-press.net\/cotedivoire\/politique\/cote-divoire-ouattara-gbagbo-bictogo-soro-les-verites-damadou-soumahoro#article","isPartOf":{"@id":"https:\/\/www.africa-press.net\/cotedivoire\/politique\/cote-divoire-ouattara-gbagbo-bictogo-soro-les-verites-damadou-soumahoro"},"author":{"name":"cfeditorfr","@id":"https:\/\/www.africa-press.net\/cotedivoire\/#\/schema\/person\/2b1cf3cd81a31e3cd26889ca66d677f1"},"headline":"Ouattara, Gbagbo, Bictogo, Soro\u2026 Les v\u00e9rit\u00e9s d\u2019Amadou Soumahoro","datePublished":"2021-07-13T19:30:07+00:00","dateModified":"2021-07-15T18:47:10+00:00","mainEntityOfPage":{"@id":"https:\/\/www.africa-press.net\/cotedivoire\/politique\/cote-divoire-ouattara-gbagbo-bictogo-soro-les-verites-damadou-soumahoro"},"wordCount":434,"commentCount":0,"image":{"@id":"https:\/\/www.africa-press.net\/cotedivoire\/politique\/cote-divoire-ouattara-gbagbo-bictogo-soro-les-verites-damadou-soumahoro#primaryimage"},"thumbnailUrl":"https:\/\/static.africa-press.net\/cote\/sites\/43\/2021\/07\/img-60edd0d3a8064.jpg","keywords":["Africa Press","Africa Press-C\u00f4te d'Ivoire","C\u00d4TE D'IVOIRE"],"articleSection":["homepage-french","Politique","Top Nouvelles","Toutes les actualit\u00e9s"],"inLanguage":"fr-FR","potentialAction":[{"@type":"CommentAction","name":"Comment","target":["https:\/\/www.africa-press.net\/cotedivoire\/politique\/cote-divoire-ouattara-gbagbo-bictogo-soro-les-verites-damadou-soumahoro#respond"]}]},{"@type":"WebPage","@id":"https:\/\/www.africa-press.net\/cotedivoire\/politique\/cote-divoire-ouattara-gbagbo-bictogo-soro-les-verites-damadou-soumahoro","url":"https:\/\/www.africa-press.net\/cotedivoire\/politique\/cote-divoire-ouattara-gbagbo-bictogo-soro-les-verites-damadou-soumahoro","name":"Ouattara, Gbagbo, Bictogo, Soro\u2026 Les v\u00e9rit\u00e9s d\u2019Amadou Soumahoro - C\u00f4te d&#039;Ivoire","isPartOf":{"@id":"https:\/\/www.africa-press.net\/cotedivoire\/#website"},"primaryImageOfPage":{"@id":"https:\/\/www.africa-press.net\/cotedivoire\/politique\/cote-divoire-ouattara-gbagbo-bictogo-soro-les-verites-damadou-soumahoro#primaryimage"},"image":{"@id":"https:\/\/www.africa-press.net\/cotedivoire\/politique\/cote-divoire-ouattara-gbagbo-bictogo-soro-les-verites-damadou-soumahoro#primaryimage"},"thumbnailUrl":"https:\/\/static.africa-press.net\/cote\/sites\/43\/2021\/07\/img-60edd0d3a8064.jpg","datePublished":"2021-07-13T19:30:07+00:00","dateModified":"2021-07-15T18:47:10+00:00","author":{"@id":"https:\/\/www.africa-press.net\/cotedivoire\/#\/schema\/person\/2b1cf3cd81a31e3cd26889ca66d677f1"},"description":"Des \u00e9quilibres entre majorit\u00e9 et opposition au sein de l\u2019Assembl\u00e9e nationale qu\u2019il pr\u00e9side au retour de l\u2019ancien pr\u00e9side ...","breadcrumb":{"@id":"https:\/\/www.africa-press.net\/cotedivoire\/politique\/cote-divoire-ouattara-gbagbo-bictogo-soro-les-verites-damadou-soumahoro#breadcrumb"},"inLanguage":"fr-FR","potentialAction":[{"@type":"ReadAction","target":["https:\/\/www.africa-press.net\/cotedivoire\/politique\/cote-divoire-ouattara-gbagbo-bictogo-soro-les-verites-damadou-soumahoro"]}]},{"@type":"ImageObject","inLanguage":"fr-FR","@id":"https:\/\/www.africa-press.net\/cotedivoire\/politique\/cote-divoire-ouattara-gbagbo-bictogo-soro-les-verites-damadou-soumahoro#primaryimage","url":"https:\/\/static.africa-press.net\/cote\/sites\/43\/2021\/07\/img-60edd0d3a8064.jpg","contentUrl":"https:\/\/static.africa-press.net\/cote\/sites\/43\/2021\/07\/img-60edd0d3a8064.jpg","width":720,"height":360,"caption":"C\u00f4te d\u2019Ivoire : Ouattara, Gbagbo, Bictogo, Soro\u2026 Les v\u00e9rit\u00e9s d\u2019Amadou Soumahoro"},{"@type":"BreadcrumbList","@id":"https:\/\/www.africa-press.net\/cotedivoire\/politique\/cote-divoire-ouattara-gbagbo-bictogo-soro-les-verites-damadou-soumahoro#breadcrumb","itemListElement":[{"@type":"ListItem","position":1,"name":"Accueil","item":"https:\/\/www.africa-press.net\/cotedivoire\/"},{"@type":"ListItem","position":2,"name":"Ouattara, Gbagbo, Bictogo, Soro\u2026 Les v\u00e9rit\u00e9s d\u2019Amadou Soumahoro"}]},{"@type":"WebSite","@id":"https:\/\/www.africa-press.net\/cotedivoire\/#website","url":"https:\/\/www.africa-press.net\/cotedivoire\/","name":"C\u00f4te d&#039;Ivoire","description":"Just another Africa News Agency Sites site","potentialAction":[{"@type":"SearchAction","target":{"@type":"EntryPoint","urlTemplate":"https:\/\/www.africa-press.net\/cotedivoire\/?s={search_term_string}"},"query-input":{"@type":"PropertyValueSpecification","valueRequired":true,"valueName":"search_term_string"}}],"inLanguage":"fr-FR"},{"@type":"Person","@id":"https:\/\/www.africa-press.net\/cotedivoire\/#\/schema\/person\/2b1cf3cd81a31e3cd26889ca66d677f1","name":"cfeditorfr"}]}},"_links":{"self":[{"href":"https:\/\/www.africa-press.net\/cotedivoire\/wp-json\/wp\/v2\/posts\/9891","targetHints":{"allow":["GET"]}}],"collection":[{"href":"https:\/\/www.africa-press.net\/cotedivoire\/wp-json\/wp\/v2\/posts"}],"about":[{"href":"https:\/\/www.africa-press.net\/cotedivoire\/wp-json\/wp\/v2\/types\/post"}],"author":[{"embeddable":true,"href":"https:\/\/www.africa-press.net\/cotedivoire\/wp-json\/wp\/v2\/users\/82"}],"replies":[{"embeddable":true,"href":"https:\/\/www.africa-press.net\/cotedivoire\/wp-json\/wp\/v2\/comments?post=9891"}],"version-history":[{"count":0,"href":"https:\/\/www.africa-press.net\/cotedivoire\/wp-json\/wp\/v2\/posts\/9891\/revisions"}],"wp:featuredmedia":[{"embeddable":true,"href":"https:\/\/www.africa-press.net\/cotedivoire\/wp-json\/wp\/v2\/media\/9890"}],"wp:attachment":[{"href":"https:\/\/www.africa-press.net\/cotedivoire\/wp-json\/wp\/v2\/media?parent=9891"}],"wp:term":[{"taxonomy":"category","embeddable":true,"href":"https:\/\/www.africa-press.net\/cotedivoire\/wp-json\/wp\/v2\/categories?post=9891"},{"taxonomy":"post_tag","embeddable":true,"href":"https:\/\/www.africa-press.net\/cotedivoire\/wp-json\/wp\/v2\/tags?post=9891"}],"curies":[{"name":"wp","href":"https:\/\/api.w.org\/{rel}","templated":true}]}}