{"id":9894,"date":"2021-07-13T19:40:59","date_gmt":"2021-07-13T19:40:59","guid":{"rendered":"https:\/\/www.africa-press.net\/cotedivoire\/?p=9894"},"modified":"2021-07-15T18:47:16","modified_gmt":"2021-07-15T18:47:16","slug":"cote-divoire-au-coeur-des-retrouvailles-tres-politiques-entre-bedie-et-gbagbo","status":"publish","type":"post","link":"https:\/\/www.africa-press.net\/cotedivoire\/politique\/cote-divoire-au-coeur-des-retrouvailles-tres-politiques-entre-bedie-et-gbagbo","title":{"rendered":"au c\u0153ur des retrouvailles tr\u00e8s politiques entre B\u00e9di\u00e9 et Gbagbo"},"content":{"rendered":"<p><span style=\"color: #ff6600\"><strong><a href=\"https:\/\/www.africa-press.net\/\">Africa-Press<\/a> &#8211; <a href=\"https:\/\/www.africa-press.net\/cotedivoire\">C\u00f4te d&rsquo;Ivoire<\/a>. <\/strong><\/span>Laurent Gbagbo a s\u00e9journ\u00e9 dans la propri\u00e9t\u00e9 de Henri Konan B\u00e9di\u00e9, \u00e0 Daoukro, les 10 et 11 juillet. Une visite qui a permis de consolider leur nouvelle alliance.<\/p>\n<p>Le 10 juillet, Laurent Gbagbo est arriv\u00e9 \u00e0 Daoukro, dans le centre du pays, accompagn\u00e9 d\u2019une forte d\u00e9l\u00e9gation de pr\u00e8s d\u2019une centaine de personnes. Lui et sa seconde \u00e9pouse, Nady Bamba, ont pass\u00e9 la nuit dans une des villas de la propri\u00e9t\u00e9 de Henri Konan B\u00e9di\u00e9 (HKB), affichant ainsi leur nouvelle proximit\u00e9 et leur relation de confiance.<\/p>\n<p><b>\u00a0<\/b><\/p>\n","protected":false},"excerpt":{"rendered":"<p>Africa-Press &#8211; C\u00f4te d&rsquo;Ivoire. Laurent Gbagbo a s\u00e9journ\u00e9 dans la propri\u00e9t\u00e9 de Henri Konan B\u00e9di\u00e9, \u00e0 Daoukro, les 10 et 11 juillet. Une visite qui a permis de consolider leur nouvelle alliance. Le 10 juillet, Laurent Gbagbo est arriv\u00e9 \u00e0 Daoukro, dans le centre du pays, accompagn\u00e9 d\u2019une forte d\u00e9l\u00e9gation de pr\u00e8s d\u2019une centaine de [&hellip;]<\/p>\n","protected":false},"author":82,"featured_media":9893,"comment_status":"open","ping_status":"closed","sticky":false,"template":"","format":"standard","meta":{"footnotes":""},"categories":[11,2,20,10],"tags":[56,63,29],"class_list":["post-9894","post","type-post","status-publish","format-standard","has-post-thumbnail","hentry","category-homepage-french","category-politique","category-top-nouvelles","category-toutes-les-actualites","tag-africa-press","tag-africa-press-cote-divoire","tag-cote-divoire"],"yoast_head":"<!-- This site is optimized with the Yoast SEO Premium plugin v26.1 (Yoast SEO v27.0) - https:\/\/yoast.com\/product\/yoast-seo-premium-wordpress\/ -->\n<title>au c\u0153ur des retrouvailles tr\u00e8s politiques entre B\u00e9di\u00e9 et Gbagbo - C\u00f4te d&#039;Ivoire<\/title>\n<meta name=\"description\" content=\"Laurent Gbagbo a s\u00e9journ\u00e9 dans la propri\u00e9t\u00e9 de Henri Konan B\u00e9di\u00e9, \u00e0 Daoukro, les 10 et 11 juillet. Une visite qui a perm ...\" \/>\n<meta name=\"robots\" content=\"index, follow, max-snippet:-1, max-image-preview:large, max-video-preview:-1\" \/>\n<link rel=\"canonical\" href=\"https:\/\/www.africa-press.net\/cotedivoire\/politique\/cote-divoire-au-coeur-des-retrouvailles-tres-politiques-entre-bedie-et-gbagbo\" \/>\n<meta property=\"og:locale\" content=\"fr_FR\" \/>\n<meta property=\"og:type\" content=\"article\" \/>\n<meta property=\"og:title\" content=\"au c\u0153ur des retrouvailles tr\u00e8s politiques entre B\u00e9di\u00e9 et Gbagbo\" \/>\n<meta property=\"og:description\" content=\"Laurent Gbagbo a s\u00e9journ\u00e9 dans la propri\u00e9t\u00e9 de Henri Konan B\u00e9di\u00e9, \u00e0 Daoukro, les 10 et 11 juillet. Une visite qui a perm ...\" \/>\n<meta property=\"og:url\" content=\"https:\/\/www.africa-press.net\/cotedivoire\/politique\/cote-divoire-au-coeur-des-retrouvailles-tres-politiques-entre-bedie-et-gbagbo\" \/>\n<meta property=\"og:site_name\" content=\"C\u00f4te d&#039;Ivoire\" \/>\n<meta property=\"article:published_time\" content=\"2021-07-13T19:40:59+00:00\" \/>\n<meta property=\"article:modified_time\" content=\"2021-07-15T18:47:16+00:00\" \/>\n<meta property=\"og:image\" content=\"https:\/\/static.africa-press.net\/cote\/sites\/43\/2021\/07\/img-60edd10c4b6b8.jpg\" \/>\n\t<meta property=\"og:image:width\" content=\"720\" \/>\n\t<meta property=\"og:image:height\" content=\"360\" \/>\n\t<meta property=\"og:image:type\" content=\"image\/jpeg\" \/>\n<meta name=\"author\" content=\"cfeditorfr\" \/>\n<meta name=\"twitter:card\" content=\"summary_large_image\" \/>\n<meta name=\"twitter:label1\" content=\"\u00c9crit par\" \/>\n\t<meta name=\"twitter:data1\" content=\"cfeditorfr\" \/>\n\t<meta name=\"twitter:label2\" content=\"Dur\u00e9e de lecture estim\u00e9e\" \/>\n\t<meta name=\"twitter:data2\" content=\"1 minute\" \/>\n<script type=\"application\/ld+json\" class=\"yoast-schema-graph\">{\"@context\":\"https:\/\/schema.org\",\"@graph\":[{\"@type\":\"Article\",\"@id\":\"https:\/\/www.africa-press.net\/cotedivoire\/politique\/cote-divoire-au-coeur-des-retrouvailles-tres-politiques-entre-bedie-et-gbagbo#article\",\"isPartOf\":{\"@id\":\"https:\/\/www.africa-press.net\/cotedivoire\/politique\/cote-divoire-au-coeur-des-retrouvailles-tres-politiques-entre-bedie-et-gbagbo\"},\"author\":{\"name\":\"cfeditorfr\",\"@id\":\"https:\/\/www.africa-press.net\/cotedivoire\/#\/schema\/person\/2b1cf3cd81a31e3cd26889ca66d677f1\"},\"headline\":\"au c\u0153ur des retrouvailles tr\u00e8s politiques entre B\u00e9di\u00e9 et Gbagbo\",\"datePublished\":\"2021-07-13T19:40:59+00:00\",\"dateModified\":\"2021-07-15T18:47:16+00:00\",\"mainEntityOfPage\":{\"@id\":\"https:\/\/www.africa-press.net\/cotedivoire\/politique\/cote-divoire-au-coeur-des-retrouvailles-tres-politiques-entre-bedie-et-gbagbo\"},\"wordCount\":109,\"commentCount\":0,\"image\":{\"@id\":\"https:\/\/www.africa-press.net\/cotedivoire\/politique\/cote-divoire-au-coeur-des-retrouvailles-tres-politiques-entre-bedie-et-gbagbo#primaryimage\"},\"thumbnailUrl\":\"https:\/\/static.africa-press.net\/cote\/sites\/43\/2021\/07\/img-60edd10c4b6b8.jpg\",\"keywords\":[\"Africa Press\",\"Africa Press-C\u00f4te d'Ivoire\",\"C\u00d4TE D'IVOIRE\"],\"articleSection\":[\"homepage-french\",\"Politique\",\"Top Nouvelles\",\"Toutes les actualit\u00e9s\"],\"inLanguage\":\"fr-FR\",\"potentialAction\":[{\"@type\":\"CommentAction\",\"name\":\"Comment\",\"target\":[\"https:\/\/www.africa-press.net\/cotedivoire\/politique\/cote-divoire-au-coeur-des-retrouvailles-tres-politiques-entre-bedie-et-gbagbo#respond\"]}]},{\"@type\":\"WebPage\",\"@id\":\"https:\/\/www.africa-press.net\/cotedivoire\/politique\/cote-divoire-au-coeur-des-retrouvailles-tres-politiques-entre-bedie-et-gbagbo\",\"url\":\"https:\/\/www.africa-press.net\/cotedivoire\/politique\/cote-divoire-au-coeur-des-retrouvailles-tres-politiques-entre-bedie-et-gbagbo\",\"name\":\"au c\u0153ur des retrouvailles tr\u00e8s politiques entre B\u00e9di\u00e9 et Gbagbo - C\u00f4te d&#039;Ivoire\",\"isPartOf\":{\"@id\":\"https:\/\/www.africa-press.net\/cotedivoire\/#website\"},\"primaryImageOfPage\":{\"@id\":\"https:\/\/www.africa-press.net\/cotedivoire\/politique\/cote-divoire-au-coeur-des-retrouvailles-tres-politiques-entre-bedie-et-gbagbo#primaryimage\"},\"image\":{\"@id\":\"https:\/\/www.africa-press.net\/cotedivoire\/politique\/cote-divoire-au-coeur-des-retrouvailles-tres-politiques-entre-bedie-et-gbagbo#primaryimage\"},\"thumbnailUrl\":\"https:\/\/static.africa-press.net\/cote\/sites\/43\/2021\/07\/img-60edd10c4b6b8.jpg\",\"datePublished\":\"2021-07-13T19:40:59+00:00\",\"dateModified\":\"2021-07-15T18:47:16+00:00\",\"author\":{\"@id\":\"https:\/\/www.africa-press.net\/cotedivoire\/#\/schema\/person\/2b1cf3cd81a31e3cd26889ca66d677f1\"},\"description\":\"Laurent Gbagbo a s\u00e9journ\u00e9 dans la propri\u00e9t\u00e9 de Henri Konan B\u00e9di\u00e9, \u00e0 Daoukro, les 10 et 11 juillet. Une visite qui a perm ...\",\"breadcrumb\":{\"@id\":\"https:\/\/www.africa-press.net\/cotedivoire\/politique\/cote-divoire-au-coeur-des-retrouvailles-tres-politiques-entre-bedie-et-gbagbo#breadcrumb\"},\"inLanguage\":\"fr-FR\",\"potentialAction\":[{\"@type\":\"ReadAction\",\"target\":[\"https:\/\/www.africa-press.net\/cotedivoire\/politique\/cote-divoire-au-coeur-des-retrouvailles-tres-politiques-entre-bedie-et-gbagbo\"]}]},{\"@type\":\"ImageObject\",\"inLanguage\":\"fr-FR\",\"@id\":\"https:\/\/www.africa-press.net\/cotedivoire\/politique\/cote-divoire-au-coeur-des-retrouvailles-tres-politiques-entre-bedie-et-gbagbo#primaryimage\",\"url\":\"https:\/\/static.africa-press.net\/cote\/sites\/43\/2021\/07\/img-60edd10c4b6b8.jpg\",\"contentUrl\":\"https:\/\/static.africa-press.net\/cote\/sites\/43\/2021\/07\/img-60edd10c4b6b8.jpg\",\"width\":720,\"height\":360,\"caption\":\"C\u00f4te d\u2019Ivoire : au c\u0153ur des retrouvailles tr\u00e8s politiques entre B\u00e9di\u00e9 et Gbagbo\"},{\"@type\":\"BreadcrumbList\",\"@id\":\"https:\/\/www.africa-press.net\/cotedivoire\/politique\/cote-divoire-au-coeur-des-retrouvailles-tres-politiques-entre-bedie-et-gbagbo#breadcrumb\",\"itemListElement\":[{\"@type\":\"ListItem\",\"position\":1,\"name\":\"Accueil\",\"item\":\"https:\/\/www.africa-press.net\/cotedivoire\/\"},{\"@type\":\"ListItem\",\"position\":2,\"name\":\"au c\u0153ur des retrouvailles tr\u00e8s politiques entre B\u00e9di\u00e9 et Gbagbo\"}]},{\"@type\":\"WebSite\",\"@id\":\"https:\/\/www.africa-press.net\/cotedivoire\/#website\",\"url\":\"https:\/\/www.africa-press.net\/cotedivoire\/\",\"name\":\"C\u00f4te d&#039;Ivoire\",\"description\":\"Just another Africa News Agency Sites site\",\"potentialAction\":[{\"@type\":\"SearchAction\",\"target\":{\"@type\":\"EntryPoint\",\"urlTemplate\":\"https:\/\/www.africa-press.net\/cotedivoire\/?s={search_term_string}\"},\"query-input\":{\"@type\":\"PropertyValueSpecification\",\"valueRequired\":true,\"valueName\":\"search_term_string\"}}],\"inLanguage\":\"fr-FR\"},{\"@type\":\"Person\",\"@id\":\"https:\/\/www.africa-press.net\/cotedivoire\/#\/schema\/person\/2b1cf3cd81a31e3cd26889ca66d677f1\",\"name\":\"cfeditorfr\"}]}<\/script>\n<!-- \/ Yoast SEO Premium plugin. -->","yoast_head_json":{"title":"au c\u0153ur des retrouvailles tr\u00e8s politiques entre B\u00e9di\u00e9 et Gbagbo - C\u00f4te d&#039;Ivoire","description":"Laurent Gbagbo a s\u00e9journ\u00e9 dans la propri\u00e9t\u00e9 de Henri Konan B\u00e9di\u00e9, \u00e0 Daoukro, les 10 et 11 juillet. Une visite qui a perm ...","robots":{"index":"index","follow":"follow","max-snippet":"max-snippet:-1","max-image-preview":"max-image-preview:large","max-video-preview":"max-video-preview:-1"},"canonical":"https:\/\/www.africa-press.net\/cotedivoire\/politique\/cote-divoire-au-coeur-des-retrouvailles-tres-politiques-entre-bedie-et-gbagbo","og_locale":"fr_FR","og_type":"article","og_title":"au c\u0153ur des retrouvailles tr\u00e8s politiques entre B\u00e9di\u00e9 et Gbagbo","og_description":"Laurent Gbagbo a s\u00e9journ\u00e9 dans la propri\u00e9t\u00e9 de Henri Konan B\u00e9di\u00e9, \u00e0 Daoukro, les 10 et 11 juillet. Une visite qui a perm ...","og_url":"https:\/\/www.africa-press.net\/cotedivoire\/politique\/cote-divoire-au-coeur-des-retrouvailles-tres-politiques-entre-bedie-et-gbagbo","og_site_name":"C\u00f4te d&#039;Ivoire","article_published_time":"2021-07-13T19:40:59+00:00","article_modified_time":"2021-07-15T18:47:16+00:00","og_image":[{"width":720,"height":360,"url":"https:\/\/static.africa-press.net\/cote\/sites\/43\/2021\/07\/img-60edd10c4b6b8.jpg","type":"image\/jpeg"}],"author":"cfeditorfr","twitter_card":"summary_large_image","twitter_misc":{"\u00c9crit par":"cfeditorfr","Dur\u00e9e de lecture estim\u00e9e":"1 minute"},"schema":{"@context":"https:\/\/schema.org","@graph":[{"@type":"Article","@id":"https:\/\/www.africa-press.net\/cotedivoire\/politique\/cote-divoire-au-coeur-des-retrouvailles-tres-politiques-entre-bedie-et-gbagbo#article","isPartOf":{"@id":"https:\/\/www.africa-press.net\/cotedivoire\/politique\/cote-divoire-au-coeur-des-retrouvailles-tres-politiques-entre-bedie-et-gbagbo"},"author":{"name":"cfeditorfr","@id":"https:\/\/www.africa-press.net\/cotedivoire\/#\/schema\/person\/2b1cf3cd81a31e3cd26889ca66d677f1"},"headline":"au c\u0153ur des retrouvailles tr\u00e8s politiques entre B\u00e9di\u00e9 et Gbagbo","datePublished":"2021-07-13T19:40:59+00:00","dateModified":"2021-07-15T18:47:16+00:00","mainEntityOfPage":{"@id":"https:\/\/www.africa-press.net\/cotedivoire\/politique\/cote-divoire-au-coeur-des-retrouvailles-tres-politiques-entre-bedie-et-gbagbo"},"wordCount":109,"commentCount":0,"image":{"@id":"https:\/\/www.africa-press.net\/cotedivoire\/politique\/cote-divoire-au-coeur-des-retrouvailles-tres-politiques-entre-bedie-et-gbagbo#primaryimage"},"thumbnailUrl":"https:\/\/static.africa-press.net\/cote\/sites\/43\/2021\/07\/img-60edd10c4b6b8.jpg","keywords":["Africa Press","Africa Press-C\u00f4te d'Ivoire","C\u00d4TE D'IVOIRE"],"articleSection":["homepage-french","Politique","Top Nouvelles","Toutes les actualit\u00e9s"],"inLanguage":"fr-FR","potentialAction":[{"@type":"CommentAction","name":"Comment","target":["https:\/\/www.africa-press.net\/cotedivoire\/politique\/cote-divoire-au-coeur-des-retrouvailles-tres-politiques-entre-bedie-et-gbagbo#respond"]}]},{"@type":"WebPage","@id":"https:\/\/www.africa-press.net\/cotedivoire\/politique\/cote-divoire-au-coeur-des-retrouvailles-tres-politiques-entre-bedie-et-gbagbo","url":"https:\/\/www.africa-press.net\/cotedivoire\/politique\/cote-divoire-au-coeur-des-retrouvailles-tres-politiques-entre-bedie-et-gbagbo","name":"au c\u0153ur des retrouvailles tr\u00e8s politiques entre B\u00e9di\u00e9 et Gbagbo - C\u00f4te d&#039;Ivoire","isPartOf":{"@id":"https:\/\/www.africa-press.net\/cotedivoire\/#website"},"primaryImageOfPage":{"@id":"https:\/\/www.africa-press.net\/cotedivoire\/politique\/cote-divoire-au-coeur-des-retrouvailles-tres-politiques-entre-bedie-et-gbagbo#primaryimage"},"image":{"@id":"https:\/\/www.africa-press.net\/cotedivoire\/politique\/cote-divoire-au-coeur-des-retrouvailles-tres-politiques-entre-bedie-et-gbagbo#primaryimage"},"thumbnailUrl":"https:\/\/static.africa-press.net\/cote\/sites\/43\/2021\/07\/img-60edd10c4b6b8.jpg","datePublished":"2021-07-13T19:40:59+00:00","dateModified":"2021-07-15T18:47:16+00:00","author":{"@id":"https:\/\/www.africa-press.net\/cotedivoire\/#\/schema\/person\/2b1cf3cd81a31e3cd26889ca66d677f1"},"description":"Laurent Gbagbo a s\u00e9journ\u00e9 dans la propri\u00e9t\u00e9 de Henri Konan B\u00e9di\u00e9, \u00e0 Daoukro, les 10 et 11 juillet. Une visite qui a perm ...","breadcrumb":{"@id":"https:\/\/www.africa-press.net\/cotedivoire\/politique\/cote-divoire-au-coeur-des-retrouvailles-tres-politiques-entre-bedie-et-gbagbo#breadcrumb"},"inLanguage":"fr-FR","potentialAction":[{"@type":"ReadAction","target":["https:\/\/www.africa-press.net\/cotedivoire\/politique\/cote-divoire-au-coeur-des-retrouvailles-tres-politiques-entre-bedie-et-gbagbo"]}]},{"@type":"ImageObject","inLanguage":"fr-FR","@id":"https:\/\/www.africa-press.net\/cotedivoire\/politique\/cote-divoire-au-coeur-des-retrouvailles-tres-politiques-entre-bedie-et-gbagbo#primaryimage","url":"https:\/\/static.africa-press.net\/cote\/sites\/43\/2021\/07\/img-60edd10c4b6b8.jpg","contentUrl":"https:\/\/static.africa-press.net\/cote\/sites\/43\/2021\/07\/img-60edd10c4b6b8.jpg","width":720,"height":360,"caption":"C\u00f4te d\u2019Ivoire : au c\u0153ur des retrouvailles tr\u00e8s politiques entre B\u00e9di\u00e9 et Gbagbo"},{"@type":"BreadcrumbList","@id":"https:\/\/www.africa-press.net\/cotedivoire\/politique\/cote-divoire-au-coeur-des-retrouvailles-tres-politiques-entre-bedie-et-gbagbo#breadcrumb","itemListElement":[{"@type":"ListItem","position":1,"name":"Accueil","item":"https:\/\/www.africa-press.net\/cotedivoire\/"},{"@type":"ListItem","position":2,"name":"au c\u0153ur des retrouvailles tr\u00e8s politiques entre B\u00e9di\u00e9 et Gbagbo"}]},{"@type":"WebSite","@id":"https:\/\/www.africa-press.net\/cotedivoire\/#website","url":"https:\/\/www.africa-press.net\/cotedivoire\/","name":"C\u00f4te d&#039;Ivoire","description":"Just another Africa News Agency Sites site","potentialAction":[{"@type":"SearchAction","target":{"@type":"EntryPoint","urlTemplate":"https:\/\/www.africa-press.net\/cotedivoire\/?s={search_term_string}"},"query-input":{"@type":"PropertyValueSpecification","valueRequired":true,"valueName":"search_term_string"}}],"inLanguage":"fr-FR"},{"@type":"Person","@id":"https:\/\/www.africa-press.net\/cotedivoire\/#\/schema\/person\/2b1cf3cd81a31e3cd26889ca66d677f1","name":"cfeditorfr"}]}},"_links":{"self":[{"href":"https:\/\/www.africa-press.net\/cotedivoire\/wp-json\/wp\/v2\/posts\/9894","targetHints":{"allow":["GET"]}}],"collection":[{"href":"https:\/\/www.africa-press.net\/cotedivoire\/wp-json\/wp\/v2\/posts"}],"about":[{"href":"https:\/\/www.africa-press.net\/cotedivoire\/wp-json\/wp\/v2\/types\/post"}],"author":[{"embeddable":true,"href":"https:\/\/www.africa-press.net\/cotedivoire\/wp-json\/wp\/v2\/users\/82"}],"replies":[{"embeddable":true,"href":"https:\/\/www.africa-press.net\/cotedivoire\/wp-json\/wp\/v2\/comments?post=9894"}],"version-history":[{"count":0,"href":"https:\/\/www.africa-press.net\/cotedivoire\/wp-json\/wp\/v2\/posts\/9894\/revisions"}],"wp:featuredmedia":[{"embeddable":true,"href":"https:\/\/www.africa-press.net\/cotedivoire\/wp-json\/wp\/v2\/media\/9893"}],"wp:attachment":[{"href":"https:\/\/www.africa-press.net\/cotedivoire\/wp-json\/wp\/v2\/media?parent=9894"}],"wp:term":[{"taxonomy":"category","embeddable":true,"href":"https:\/\/www.africa-press.net\/cotedivoire\/wp-json\/wp\/v2\/categories?post=9894"},{"taxonomy":"post_tag","embeddable":true,"href":"https:\/\/www.africa-press.net\/cotedivoire\/wp-json\/wp\/v2\/tags?post=9894"}],"curies":[{"name":"wp","href":"https:\/\/api.w.org\/{rel}","templated":true}]}}