{"id":98965,"date":"2025-05-12T18:49:45","date_gmt":"2025-05-12T18:49:45","guid":{"rendered":"https:\/\/www.africa-press.net\/cotedivoire\/politique\/sila-2025-anne-desiree-ouloto-prone-le-brassage-culturel-et-invite-a-la-paix"},"modified":"2025-05-12T19:19:31","modified_gmt":"2025-05-12T19:19:31","slug":"sila-2025-anne-desiree-ouloto-prone-le-brassage-culturel-et-invite-a-la-paix","status":"publish","type":"post","link":"https:\/\/www.africa-press.net\/cotedivoire\/culture-et-art\/sila-2025-anne-desiree-ouloto-prone-le-brassage-culturel-et-invite-a-la-paix","title":{"rendered":"Sila 2025, Anne D\u00e9sir\u00e9e Ouloto pr\u00f4ne le brassage culturel et invite \u00e0 la paix"},"content":{"rendered":"<p><span style=\"color: #ff6600\"><strong>Africa-Press &#8211; C\u00f4te d&rsquo;Ivoire. <\/strong><\/span>De\u0301bute\u0301 le 06 mai 2025, sous le the\u0300me, \u00ab Livre racine \u00bb le salon International du livre d&rsquo;Abidjan (SILA) a connu une animation toute particulie\u0300re le vendredi 09 mai 2025.<\/p>\n<p>En effet, cette journe\u0301e exclusivement consacre\u0301e a\u0300 la re\u0301gion du Cavally et aux Carai\u0308bes a e\u0301te\u0301 un moment unique de brassage et d&rsquo;e\u0301changes entre le pays We\u0302 et le peuple Carai\u0308be\u0301en.<\/p>\n<p>Cette initiative porte\u0301e par madame la ministre d&rsquo;E\u0301tat Anne De\u0301sire\u0301e Ouloto et madame Franc\u0327oise Remarck, ministre de la Culture et de la francophonie a permis aux diffe\u0301rentes de\u0301le\u0301gations de de\u0301finir un cadre d&rsquo;une collaboration.<\/p>\n<p>En prenant la parole devant les journalistes, la ministre d&rsquo;E\u0301tat, Anne De\u0301sire\u0301e Ouloto, pre\u0301sidente du conseil re\u0301gional du Cavally a dit sa gratitude a\u0300 madame la ministre Franc\u0327aise Remarck pour l&rsquo;honneur qui a e\u0301te\u0301 fait au pays We\u0302 en de\u0301signant le Cavally comme re\u0301gion ho\u0302te.<\/p>\n<p>Pour Anne De\u0301sire\u0301e Ouloto, ce salon du livre est un moyen de connaissance et d&rsquo;ouverture sur l&rsquo;autre, ce qui permet bien e\u0301videmment de consolider les valeurs humaines indispensables a\u0300 l&rsquo;harmonie sociale et a\u0300 la culture de la paix.<\/p>\n<p>\u00ab Ce salon est une opportunite\u0301 donne\u0301e a\u0300 la re\u0301gion du Cavally. Il permet a\u0300 la re\u0301gion de gagner en termes de visibilite\u0301. Le livre est un moyen d&rsquo;ouverture sur les peuples. Le Cavally veut donc s&rsquo;ouvrir au monde a\u0300 travers le livre. C&rsquo;est en cela que je tiens a\u0300 dire ma gratitude a\u0300 madame la ministre Franc\u0327oise Remarck pour l&rsquo;honneur, le grand honneur fait au Cavally d&rsquo;e\u0302tre re\u0301gion ho\u0302te de cette 15 -e\u0300me e\u0301dition. Le Cavally c&rsquo;est le parc national de Tai\u0308, re\u0301serve mondiale de l&rsquo;UNESCO. La re\u0301gion du Cavally compte quatre de\u0301partements que sont Guiglo, Blolequin, Toule\u0301pleu et Tai\u0308. Aux co\u0302te\u0301s des autochtones We\u0302, les ivoiriens des autres re\u0301gions et les fre\u0300res de la CEDEAO y vivent en parfaite harmonie.<\/p>\n<p>La re\u0301gion du Cavally est une re\u0301gion agricole. On y trouve des cultures vivrie\u0300res et industrielles. Le Cavally est le grenier de la Co\u0302te d&rsquo;Ivoire. Le Cavally abrite e\u0301galement de nombreux sites touristiques et culturels comme les poissons sacre\u0301s de Be\u0301oue\u0301 et de Zagne\u0301 dans le de\u0301partement de Blolequin et de Tai\u0308 \u00bb a-t-elle re\u0301ve\u0301le\u0301 non sans mettre l&rsquo;accent sur la ne\u0301cessite\u0301 de prote\u0301ger les acquis obtenus en matie\u0300re de de\u0301veloppement local gra\u0302ce a\u0300 la paix et a\u0300 la se\u0301curite\u0301.<\/p>\n<p>\u00ab Le Cavally c&rsquo;est de\u0301sormais un nouveau pont sur la rivie\u0300re N&rsquo;zo. Gra\u0302ce au pre\u0301sident de la Re\u0301publique, plusieurs investissements ont e\u0301te\u0301 faits dans les domaines de l&rsquo;e\u0301lectrification, de l&rsquo;hydraulique, de l&rsquo;e\u0301ducation, de la sante\u0301 et de l&rsquo;autonomisation des femmes et des jeunes.<\/p>\n<p>Le Cavally est une belle re\u0301gion et je voudrais inviter les filles et fils de notre re\u0301gion a\u0300 faire la promotion de la paix, de la cohe\u0301sion sociale, a\u0300 travers le livre et la culture.<\/p>\n<p>La paix et la cohe\u0301sion sociale sont des valeurs che\u0300res au pre\u0301sident de la Re\u0301publique. Je tiens a\u0300 fe\u0301liciter le ministe\u0300re de la Culture pour la re\u0301ussite de cette e\u0301dition \u00bb a-t-elle conclu.<\/p>\n<p>Dans le cadre de ce salon, des concours de poe\u0301sie et de nouvelle ont e\u0301te\u0301 organise\u0301s et les re\u0301sultats seront proclame\u0301s ce samedi a\u0300 l&rsquo;occasion de la ce\u0301re\u0301monie de clo\u0302ture.<\/p>\n<p><strong>Pour plus d&rsquo;informations et d&rsquo;analyses sur la <span style=\"color: #ff6600\">C\u00f4te d&rsquo;Ivoire<\/span>, suivez <span style=\"color: #ff6600\">Africa-Press<\/span><\/strong><\/p>\n","protected":false},"excerpt":{"rendered":"<p>Africa-Press &#8211; C\u00f4te d&rsquo;Ivoire. De\u0301bute\u0301 le 06 mai 2025, sous le the\u0300me, \u00ab Livre racine \u00bb le salon International du livre d&rsquo;Abidjan (SILA) a connu une animation toute particulie\u0300re le vendredi 09 mai 2025. En effet, cette journe\u0301e exclusivement consacre\u0301e a\u0300 la re\u0301gion du Cavally et aux Carai\u0308bes a e\u0301te\u0301 un moment unique de brassage [&hellip;]<\/p>\n","protected":false},"author":82,"featured_media":98964,"comment_status":"open","ping_status":"closed","sticky":false,"template":"","format":"standard","meta":{"footnotes":""},"categories":[5,10],"tags":[1687,382,29,7826,6337],"class_list":["post-98965","post","type-post","status-publish","format-standard","has-post-thumbnail","hentry","category-culture-et-art","category-toutes-les-actualites","tag-anne-ouloto","tag-cavally","tag-cote-divoire","tag-francoise-remarck","tag-sila"],"yoast_head":"<!-- This site is optimized with the Yoast SEO Premium plugin v26.1 (Yoast SEO v27.0) - https:\/\/yoast.com\/product\/yoast-seo-premium-wordpress\/ -->\n<title>Sila 2025, Anne D\u00e9sir\u00e9e Ouloto pr\u00f4ne le brassage culturel et invite \u00e0 la paix - C\u00f4te d&#039;Ivoire<\/title>\n<meta name=\"description\" content=\"De\u0301bute\u0301 le 06 mai 2025, sous le the\u0300me, \u00ab Livre racine \u00bb le salon International du livre d&#039;Abidjan (SILA) a connu une a ...\" \/>\n<meta name=\"robots\" content=\"index, follow, max-snippet:-1, max-image-preview:large, max-video-preview:-1\" \/>\n<link rel=\"canonical\" href=\"https:\/\/www.africa-press.net\/cotedivoire\/culture-et-art\/sila-2025-anne-desiree-ouloto-prone-le-brassage-culturel-et-invite-a-la-paix\" \/>\n<meta property=\"og:locale\" content=\"fr_FR\" \/>\n<meta property=\"og:type\" content=\"article\" \/>\n<meta property=\"og:title\" content=\"Sila 2025, Anne D\u00e9sir\u00e9e Ouloto pr\u00f4ne le brassage culturel et invite \u00e0 la paix\" \/>\n<meta property=\"og:description\" content=\"De\u0301bute\u0301 le 06 mai 2025, sous le the\u0300me, \u00ab Livre racine \u00bb le salon International du livre d&#039;Abidjan (SILA) a connu une a ...\" \/>\n<meta property=\"og:url\" content=\"https:\/\/www.africa-press.net\/cotedivoire\/culture-et-art\/sila-2025-anne-desiree-ouloto-prone-le-brassage-culturel-et-invite-a-la-paix\" \/>\n<meta property=\"og:site_name\" content=\"C\u00f4te d&#039;Ivoire\" \/>\n<meta property=\"article:published_time\" content=\"2025-05-12T18:49:45+00:00\" \/>\n<meta property=\"article:modified_time\" content=\"2025-05-12T19:19:31+00:00\" \/>\n<meta property=\"og:image\" content=\"https:\/\/static.africa-press.net\/cote\/sites\/43\/2025\/05\/sm_1747063623.138144.jpg\" \/>\n\t<meta property=\"og:image:width\" content=\"720\" \/>\n\t<meta property=\"og:image:height\" content=\"480\" \/>\n\t<meta property=\"og:image:type\" content=\"image\/jpeg\" \/>\n<meta name=\"author\" content=\"cfeditorfr\" \/>\n<meta name=\"twitter:card\" content=\"summary_large_image\" \/>\n<meta name=\"twitter:label1\" content=\"\u00c9crit par\" \/>\n\t<meta name=\"twitter:data1\" content=\"cfeditorfr\" \/>\n\t<meta name=\"twitter:label2\" content=\"Dur\u00e9e de lecture estim\u00e9e\" \/>\n\t<meta name=\"twitter:data2\" content=\"3 minutes\" \/>\n<script type=\"application\/ld+json\" class=\"yoast-schema-graph\">{\"@context\":\"https:\/\/schema.org\",\"@graph\":[{\"@type\":\"Article\",\"@id\":\"https:\/\/www.africa-press.net\/cotedivoire\/culture-et-art\/sila-2025-anne-desiree-ouloto-prone-le-brassage-culturel-et-invite-a-la-paix#article\",\"isPartOf\":{\"@id\":\"https:\/\/www.africa-press.net\/cotedivoire\/culture-et-art\/sila-2025-anne-desiree-ouloto-prone-le-brassage-culturel-et-invite-a-la-paix\"},\"author\":{\"name\":\"cfeditorfr\",\"@id\":\"https:\/\/www.africa-press.net\/cotedivoire\/#\/schema\/person\/2b1cf3cd81a31e3cd26889ca66d677f1\"},\"headline\":\"Sila 2025, Anne D\u00e9sir\u00e9e Ouloto pr\u00f4ne le brassage culturel et invite \u00e0 la paix\",\"datePublished\":\"2025-05-12T18:49:45+00:00\",\"dateModified\":\"2025-05-12T19:19:31+00:00\",\"mainEntityOfPage\":{\"@id\":\"https:\/\/www.africa-press.net\/cotedivoire\/culture-et-art\/sila-2025-anne-desiree-ouloto-prone-le-brassage-culturel-et-invite-a-la-paix\"},\"wordCount\":664,\"commentCount\":0,\"image\":{\"@id\":\"https:\/\/www.africa-press.net\/cotedivoire\/culture-et-art\/sila-2025-anne-desiree-ouloto-prone-le-brassage-culturel-et-invite-a-la-paix#primaryimage\"},\"thumbnailUrl\":\"https:\/\/static.africa-press.net\/cote\/sites\/43\/2025\/05\/sm_1747063623.138144.jpg\",\"keywords\":[\"Anne Ouloto\",\"Cavally\",\"C\u00d4TE D'IVOIRE\",\"Fran\u00e7oise Remarck\",\"SILA\"],\"articleSection\":[\"Culture et Art\",\"Toutes les actualit\u00e9s\"],\"inLanguage\":\"fr-FR\",\"potentialAction\":[{\"@type\":\"CommentAction\",\"name\":\"Comment\",\"target\":[\"https:\/\/www.africa-press.net\/cotedivoire\/culture-et-art\/sila-2025-anne-desiree-ouloto-prone-le-brassage-culturel-et-invite-a-la-paix#respond\"]}]},{\"@type\":\"WebPage\",\"@id\":\"https:\/\/www.africa-press.net\/cotedivoire\/culture-et-art\/sila-2025-anne-desiree-ouloto-prone-le-brassage-culturel-et-invite-a-la-paix\",\"url\":\"https:\/\/www.africa-press.net\/cotedivoire\/culture-et-art\/sila-2025-anne-desiree-ouloto-prone-le-brassage-culturel-et-invite-a-la-paix\",\"name\":\"Sila 2025, Anne D\u00e9sir\u00e9e Ouloto pr\u00f4ne le brassage culturel et invite \u00e0 la paix - C\u00f4te d&#039;Ivoire\",\"isPartOf\":{\"@id\":\"https:\/\/www.africa-press.net\/cotedivoire\/#website\"},\"primaryImageOfPage\":{\"@id\":\"https:\/\/www.africa-press.net\/cotedivoire\/culture-et-art\/sila-2025-anne-desiree-ouloto-prone-le-brassage-culturel-et-invite-a-la-paix#primaryimage\"},\"image\":{\"@id\":\"https:\/\/www.africa-press.net\/cotedivoire\/culture-et-art\/sila-2025-anne-desiree-ouloto-prone-le-brassage-culturel-et-invite-a-la-paix#primaryimage\"},\"thumbnailUrl\":\"https:\/\/static.africa-press.net\/cote\/sites\/43\/2025\/05\/sm_1747063623.138144.jpg\",\"datePublished\":\"2025-05-12T18:49:45+00:00\",\"dateModified\":\"2025-05-12T19:19:31+00:00\",\"author\":{\"@id\":\"https:\/\/www.africa-press.net\/cotedivoire\/#\/schema\/person\/2b1cf3cd81a31e3cd26889ca66d677f1\"},\"description\":\"De\u0301bute\u0301 le 06 mai 2025, sous le the\u0300me, \u00ab Livre racine \u00bb le salon International du livre d'Abidjan (SILA) a connu une a ...\",\"breadcrumb\":{\"@id\":\"https:\/\/www.africa-press.net\/cotedivoire\/culture-et-art\/sila-2025-anne-desiree-ouloto-prone-le-brassage-culturel-et-invite-a-la-paix#breadcrumb\"},\"inLanguage\":\"fr-FR\",\"potentialAction\":[{\"@type\":\"ReadAction\",\"target\":[\"https:\/\/www.africa-press.net\/cotedivoire\/culture-et-art\/sila-2025-anne-desiree-ouloto-prone-le-brassage-culturel-et-invite-a-la-paix\"]}]},{\"@type\":\"ImageObject\",\"inLanguage\":\"fr-FR\",\"@id\":\"https:\/\/www.africa-press.net\/cotedivoire\/culture-et-art\/sila-2025-anne-desiree-ouloto-prone-le-brassage-culturel-et-invite-a-la-paix#primaryimage\",\"url\":\"https:\/\/static.africa-press.net\/cote\/sites\/43\/2025\/05\/sm_1747063623.138144.jpg\",\"contentUrl\":\"https:\/\/static.africa-press.net\/cote\/sites\/43\/2025\/05\/sm_1747063623.138144.jpg\",\"width\":720,\"height\":480,\"caption\":\"Sila 2025, Anne D\u00e9sir\u00e9e Ouloto pr\u00f4ne le brassage culturel et invite \u00e0 la paix\"},{\"@type\":\"BreadcrumbList\",\"@id\":\"https:\/\/www.africa-press.net\/cotedivoire\/culture-et-art\/sila-2025-anne-desiree-ouloto-prone-le-brassage-culturel-et-invite-a-la-paix#breadcrumb\",\"itemListElement\":[{\"@type\":\"ListItem\",\"position\":1,\"name\":\"Accueil\",\"item\":\"https:\/\/www.africa-press.net\/cotedivoire\/\"},{\"@type\":\"ListItem\",\"position\":2,\"name\":\"Sila 2025, Anne D\u00e9sir\u00e9e Ouloto pr\u00f4ne le brassage culturel et invite \u00e0 la paix\"}]},{\"@type\":\"WebSite\",\"@id\":\"https:\/\/www.africa-press.net\/cotedivoire\/#website\",\"url\":\"https:\/\/www.africa-press.net\/cotedivoire\/\",\"name\":\"C\u00f4te d&#039;Ivoire\",\"description\":\"Just another Africa News Agency Sites site\",\"potentialAction\":[{\"@type\":\"SearchAction\",\"target\":{\"@type\":\"EntryPoint\",\"urlTemplate\":\"https:\/\/www.africa-press.net\/cotedivoire\/?s={search_term_string}\"},\"query-input\":{\"@type\":\"PropertyValueSpecification\",\"valueRequired\":true,\"valueName\":\"search_term_string\"}}],\"inLanguage\":\"fr-FR\"},{\"@type\":\"Person\",\"@id\":\"https:\/\/www.africa-press.net\/cotedivoire\/#\/schema\/person\/2b1cf3cd81a31e3cd26889ca66d677f1\",\"name\":\"cfeditorfr\"}]}<\/script>\n<!-- \/ Yoast SEO Premium plugin. -->","yoast_head_json":{"title":"Sila 2025, Anne D\u00e9sir\u00e9e Ouloto pr\u00f4ne le brassage culturel et invite \u00e0 la paix - C\u00f4te d&#039;Ivoire","description":"De\u0301bute\u0301 le 06 mai 2025, sous le the\u0300me, \u00ab Livre racine \u00bb le salon International du livre d'Abidjan (SILA) a connu une a ...","robots":{"index":"index","follow":"follow","max-snippet":"max-snippet:-1","max-image-preview":"max-image-preview:large","max-video-preview":"max-video-preview:-1"},"canonical":"https:\/\/www.africa-press.net\/cotedivoire\/culture-et-art\/sila-2025-anne-desiree-ouloto-prone-le-brassage-culturel-et-invite-a-la-paix","og_locale":"fr_FR","og_type":"article","og_title":"Sila 2025, Anne D\u00e9sir\u00e9e Ouloto pr\u00f4ne le brassage culturel et invite \u00e0 la paix","og_description":"De\u0301bute\u0301 le 06 mai 2025, sous le the\u0300me, \u00ab Livre racine \u00bb le salon International du livre d'Abidjan (SILA) a connu une a ...","og_url":"https:\/\/www.africa-press.net\/cotedivoire\/culture-et-art\/sila-2025-anne-desiree-ouloto-prone-le-brassage-culturel-et-invite-a-la-paix","og_site_name":"C\u00f4te d&#039;Ivoire","article_published_time":"2025-05-12T18:49:45+00:00","article_modified_time":"2025-05-12T19:19:31+00:00","og_image":[{"width":720,"height":480,"url":"https:\/\/static.africa-press.net\/cote\/sites\/43\/2025\/05\/sm_1747063623.138144.jpg","type":"image\/jpeg"}],"author":"cfeditorfr","twitter_card":"summary_large_image","twitter_misc":{"\u00c9crit par":"cfeditorfr","Dur\u00e9e de lecture estim\u00e9e":"3 minutes"},"schema":{"@context":"https:\/\/schema.org","@graph":[{"@type":"Article","@id":"https:\/\/www.africa-press.net\/cotedivoire\/culture-et-art\/sila-2025-anne-desiree-ouloto-prone-le-brassage-culturel-et-invite-a-la-paix#article","isPartOf":{"@id":"https:\/\/www.africa-press.net\/cotedivoire\/culture-et-art\/sila-2025-anne-desiree-ouloto-prone-le-brassage-culturel-et-invite-a-la-paix"},"author":{"name":"cfeditorfr","@id":"https:\/\/www.africa-press.net\/cotedivoire\/#\/schema\/person\/2b1cf3cd81a31e3cd26889ca66d677f1"},"headline":"Sila 2025, Anne D\u00e9sir\u00e9e Ouloto pr\u00f4ne le brassage culturel et invite \u00e0 la paix","datePublished":"2025-05-12T18:49:45+00:00","dateModified":"2025-05-12T19:19:31+00:00","mainEntityOfPage":{"@id":"https:\/\/www.africa-press.net\/cotedivoire\/culture-et-art\/sila-2025-anne-desiree-ouloto-prone-le-brassage-culturel-et-invite-a-la-paix"},"wordCount":664,"commentCount":0,"image":{"@id":"https:\/\/www.africa-press.net\/cotedivoire\/culture-et-art\/sila-2025-anne-desiree-ouloto-prone-le-brassage-culturel-et-invite-a-la-paix#primaryimage"},"thumbnailUrl":"https:\/\/static.africa-press.net\/cote\/sites\/43\/2025\/05\/sm_1747063623.138144.jpg","keywords":["Anne Ouloto","Cavally","C\u00d4TE D'IVOIRE","Fran\u00e7oise Remarck","SILA"],"articleSection":["Culture et Art","Toutes les actualit\u00e9s"],"inLanguage":"fr-FR","potentialAction":[{"@type":"CommentAction","name":"Comment","target":["https:\/\/www.africa-press.net\/cotedivoire\/culture-et-art\/sila-2025-anne-desiree-ouloto-prone-le-brassage-culturel-et-invite-a-la-paix#respond"]}]},{"@type":"WebPage","@id":"https:\/\/www.africa-press.net\/cotedivoire\/culture-et-art\/sila-2025-anne-desiree-ouloto-prone-le-brassage-culturel-et-invite-a-la-paix","url":"https:\/\/www.africa-press.net\/cotedivoire\/culture-et-art\/sila-2025-anne-desiree-ouloto-prone-le-brassage-culturel-et-invite-a-la-paix","name":"Sila 2025, Anne D\u00e9sir\u00e9e Ouloto pr\u00f4ne le brassage culturel et invite \u00e0 la paix - C\u00f4te d&#039;Ivoire","isPartOf":{"@id":"https:\/\/www.africa-press.net\/cotedivoire\/#website"},"primaryImageOfPage":{"@id":"https:\/\/www.africa-press.net\/cotedivoire\/culture-et-art\/sila-2025-anne-desiree-ouloto-prone-le-brassage-culturel-et-invite-a-la-paix#primaryimage"},"image":{"@id":"https:\/\/www.africa-press.net\/cotedivoire\/culture-et-art\/sila-2025-anne-desiree-ouloto-prone-le-brassage-culturel-et-invite-a-la-paix#primaryimage"},"thumbnailUrl":"https:\/\/static.africa-press.net\/cote\/sites\/43\/2025\/05\/sm_1747063623.138144.jpg","datePublished":"2025-05-12T18:49:45+00:00","dateModified":"2025-05-12T19:19:31+00:00","author":{"@id":"https:\/\/www.africa-press.net\/cotedivoire\/#\/schema\/person\/2b1cf3cd81a31e3cd26889ca66d677f1"},"description":"De\u0301bute\u0301 le 06 mai 2025, sous le the\u0300me, \u00ab Livre racine \u00bb le salon International du livre d'Abidjan (SILA) a connu une a ...","breadcrumb":{"@id":"https:\/\/www.africa-press.net\/cotedivoire\/culture-et-art\/sila-2025-anne-desiree-ouloto-prone-le-brassage-culturel-et-invite-a-la-paix#breadcrumb"},"inLanguage":"fr-FR","potentialAction":[{"@type":"ReadAction","target":["https:\/\/www.africa-press.net\/cotedivoire\/culture-et-art\/sila-2025-anne-desiree-ouloto-prone-le-brassage-culturel-et-invite-a-la-paix"]}]},{"@type":"ImageObject","inLanguage":"fr-FR","@id":"https:\/\/www.africa-press.net\/cotedivoire\/culture-et-art\/sila-2025-anne-desiree-ouloto-prone-le-brassage-culturel-et-invite-a-la-paix#primaryimage","url":"https:\/\/static.africa-press.net\/cote\/sites\/43\/2025\/05\/sm_1747063623.138144.jpg","contentUrl":"https:\/\/static.africa-press.net\/cote\/sites\/43\/2025\/05\/sm_1747063623.138144.jpg","width":720,"height":480,"caption":"Sila 2025, Anne D\u00e9sir\u00e9e Ouloto pr\u00f4ne le brassage culturel et invite \u00e0 la paix"},{"@type":"BreadcrumbList","@id":"https:\/\/www.africa-press.net\/cotedivoire\/culture-et-art\/sila-2025-anne-desiree-ouloto-prone-le-brassage-culturel-et-invite-a-la-paix#breadcrumb","itemListElement":[{"@type":"ListItem","position":1,"name":"Accueil","item":"https:\/\/www.africa-press.net\/cotedivoire\/"},{"@type":"ListItem","position":2,"name":"Sila 2025, Anne D\u00e9sir\u00e9e Ouloto pr\u00f4ne le brassage culturel et invite \u00e0 la paix"}]},{"@type":"WebSite","@id":"https:\/\/www.africa-press.net\/cotedivoire\/#website","url":"https:\/\/www.africa-press.net\/cotedivoire\/","name":"C\u00f4te d&#039;Ivoire","description":"Just another Africa News Agency Sites site","potentialAction":[{"@type":"SearchAction","target":{"@type":"EntryPoint","urlTemplate":"https:\/\/www.africa-press.net\/cotedivoire\/?s={search_term_string}"},"query-input":{"@type":"PropertyValueSpecification","valueRequired":true,"valueName":"search_term_string"}}],"inLanguage":"fr-FR"},{"@type":"Person","@id":"https:\/\/www.africa-press.net\/cotedivoire\/#\/schema\/person\/2b1cf3cd81a31e3cd26889ca66d677f1","name":"cfeditorfr"}]}},"_links":{"self":[{"href":"https:\/\/www.africa-press.net\/cotedivoire\/wp-json\/wp\/v2\/posts\/98965","targetHints":{"allow":["GET"]}}],"collection":[{"href":"https:\/\/www.africa-press.net\/cotedivoire\/wp-json\/wp\/v2\/posts"}],"about":[{"href":"https:\/\/www.africa-press.net\/cotedivoire\/wp-json\/wp\/v2\/types\/post"}],"author":[{"embeddable":true,"href":"https:\/\/www.africa-press.net\/cotedivoire\/wp-json\/wp\/v2\/users\/82"}],"replies":[{"embeddable":true,"href":"https:\/\/www.africa-press.net\/cotedivoire\/wp-json\/wp\/v2\/comments?post=98965"}],"version-history":[{"count":0,"href":"https:\/\/www.africa-press.net\/cotedivoire\/wp-json\/wp\/v2\/posts\/98965\/revisions"}],"wp:featuredmedia":[{"embeddable":true,"href":"https:\/\/www.africa-press.net\/cotedivoire\/wp-json\/wp\/v2\/media\/98964"}],"wp:attachment":[{"href":"https:\/\/www.africa-press.net\/cotedivoire\/wp-json\/wp\/v2\/media?parent=98965"}],"wp:term":[{"taxonomy":"category","embeddable":true,"href":"https:\/\/www.africa-press.net\/cotedivoire\/wp-json\/wp\/v2\/categories?post=98965"},{"taxonomy":"post_tag","embeddable":true,"href":"https:\/\/www.africa-press.net\/cotedivoire\/wp-json\/wp\/v2\/tags?post=98965"}],"curies":[{"name":"wp","href":"https:\/\/api.w.org\/{rel}","templated":true}]}}