{"id":99007,"date":"2025-05-13T14:33:53","date_gmt":"2025-05-13T14:33:53","guid":{"rendered":"https:\/\/www.africa-press.net\/cotedivoire\/politique\/19e-session-de-la-conference-de-lupci-adama-bictogo-porte-la-voix-du-parlement-ivoirien-a-jakarta-en-indonesie"},"modified":"2025-05-13T14:50:50","modified_gmt":"2025-05-13T14:50:50","slug":"19e-session-de-la-conference-de-lupci-adama-bictogo-porte-la-voix-du-parlement-ivoirien-a-jakarta-en-indonesie","status":"publish","type":"post","link":"https:\/\/www.africa-press.net\/cotedivoire\/politique\/19e-session-de-la-conference-de-lupci-adama-bictogo-porte-la-voix-du-parlement-ivoirien-a-jakarta-en-indonesie","title":{"rendered":"19\u00e8 session de la conf\u00e9rence de l&rsquo;UPCI, Adama Bictogo porte la voix du parlement ivoirien \u00e0 Jakarta en Indon\u00e9sie"},"content":{"rendered":"<p><span style=\"color: #ff6600\"><strong>Africa-Press &#8211; C\u00f4te d&rsquo;Ivoire. <\/strong><\/span>Le Pre\u0301sident de l\u2019Assemble\u0301e nationale de Co\u0302te d\u2019Ivoire, Son Excellence monsieur Adama Bictogo, prendra part a\u0300 la 19e session de la Confe\u0301rence de l\u2019Union Parlementaire des E\u0301tats membres de l\u2019Organisation de la Coope\u0301ration Islamique (UPCI), qui se tiendra du 12 au 15 mai 2025 a\u0300 Jakarta, en Re\u0301publique d\u2019Indone\u0301sie.<\/p>\n<p>Place\u0301e sous le the\u0300me: \u00ab Renforcement du ro\u0302le des parlements islamiques dans la promotion de la paix, du de\u0301veloppement durable et de la solidarite\u0301 \u00bb, cette rencontre rassemblera des parlementaires de plusieurs pays membres de l\u2019OCI pour discuter des enjeux majeurs touchant le monde islamique.<\/p>\n<p>SEM. Adama Bictogo arrivera a\u0300 Jakarta dans la soire\u0301e du mardi 13 mai, ou\u0300 il sera accueilli par les autorite\u0301s parlementaires indone\u0301siennes. De\u0300s le lendemain, il entamera ses travaux avec la participation a\u0300 plusieurs re\u0301unions the\u0301matiques, notamment celles relatives a\u0300 la Palestine et aux affaires politiques. Des rencontres bilate\u0301rales sont e\u0301galement pre\u0301vues avec plusieurs homologues, pre\u0301sidents de parlements.<\/p>\n<p>Le mercredi 14 mai, SEM. Bictogo participera a\u0300 la ce\u0301re\u0301monie d\u2019ouverture officielle de la Confe\u0301rence. A\u0300 cette occasion, il prononcera une allocution dans laquelle il portera la voix de la Co\u0302te d\u2019Ivoire sur les questions de paix, de solidarite\u0301 internationale et de de\u0301veloppement durable, tout en re\u0301affirmant l\u2019engagement du pays en faveur des peuples en situation de crise.<\/p>\n<p>Un moment fort de cette session sera la passation de charges a\u0300 la te\u0302te du Comite\u0301 exe\u0301cutif de l\u2019UPCI. Pre\u0301sident sortant de cette instance, SEM. Bictogo transmettra officiellement la pre\u0301sidence a\u0300 Mme Puan Maharani, Pre\u0301sidente de l\u2019Assemble\u0301e nationale de l\u2019Indone\u0301sie. Cette transition viendra clore un mandat ivoirien salue\u0301 pour sa diplomatie parlementaire active et fonde\u0301e sur les principes de dialogue et de coope\u0301ration entre les pays membres.<\/p>\n<p>La de\u0301le\u0301gation ivoirienne prendra e\u0301galement part aux diffe\u0301rentes commissions de travail, dont la Re\u0301union des Femmes Parlementaires, pre\u0301vue e\u0301galement le mercredi. Ces e\u0301changes permettront de renforcer les synergies entre de\u0301le\u0301gations africaines et islamiques, et de partager les expe\u0301riences en matie\u0300re de le\u0301gislation, de paix et de coope\u0301ration Sud-Sud.<\/p>\n<p>La confe\u0301rence s\u2019ache\u0300vera le jeudi 15 mai avec l\u2019adoption de la De\u0301claration finale de Jakarta, qui traduira les engagements des parlements membres de l\u2019UPCI a\u0300 \u0153uvrer ensemble pour un monde plus solidaire et pacifique.<\/p>\n<p>La de\u0301le\u0301gation ivoirienne, conduite par SEM. Bictogo, est compose\u0301e de parlementaires issus de plusieurs commissions permanentes de l\u2019Assemble\u0301e nationale, de membres du Cabinet du Pre\u0301sident ainsi que de la Direction ge\u0301ne\u0301rale des Relations exte\u0301rieures et de la Coope\u0301ration interparlementaire. Elle inclut e\u0301galement des de\u0301pute\u0301s actifs sur les dossiers de solidarite\u0301 internationale, de paix et de coope\u0301ration Sud-Sud, ainsi que des e\u0301lues membres du Re\u0301seau des femmes parlementaires de Co\u0302te d\u2019Ivoire.<\/p>\n<p>Cette participation te\u0301moigne du ro\u0302le croissant de la Co\u0302te d\u2019Ivoire sur la sce\u0300ne parlementaire internationale et de son attachement aux valeurs de dialogue, de respect mutuel et de solidarite\u0301 entre les nations.<\/p>\n<p><strong>Pour plus d&rsquo;informations et d&rsquo;analyses sur la <span style=\"color: #ff6600\">C\u00f4te d&rsquo;Ivoire<\/span>, suivez <span style=\"color: #ff6600\">Africa-Press<\/span><\/strong><\/p>\n","protected":false},"excerpt":{"rendered":"<p>Africa-Press &#8211; C\u00f4te d&rsquo;Ivoire. Le Pre\u0301sident de l\u2019Assemble\u0301e nationale de Co\u0302te d\u2019Ivoire, Son Excellence monsieur Adama Bictogo, prendra part a\u0300 la 19e session de la Confe\u0301rence de l\u2019Union Parlementaire des E\u0301tats membres de l\u2019Organisation de la Coope\u0301ration Islamique (UPCI), qui se tiendra du 12 au 15 mai 2025 a\u0300 Jakarta, en Re\u0301publique d\u2019Indone\u0301sie. Place\u0301e sous [&hellip;]<\/p>\n","protected":false},"author":82,"featured_media":99006,"comment_status":"open","ping_status":"closed","sticky":false,"template":"","format":"standard","meta":{"footnotes":""},"categories":[2,20,10],"tags":[1265,2188,15952,1562,29,17661,305,2956,668],"class_list":["post-99007","post","type-post","status-publish","format-standard","has-post-thumbnail","hentry","category-politique","category-top-nouvelles","category-toutes-les-actualites","tag-adama-bictogo","tag-assemblee","tag-attendu","tag-conference","tag-cote-divoire","tag-jakarta","tag-nationale","tag-president","tag-upci"],"yoast_head":"<!-- This site is optimized with the Yoast SEO Premium plugin v26.1 (Yoast SEO v27.0) - https:\/\/yoast.com\/product\/yoast-seo-premium-wordpress\/ -->\n<title>19\u00e8 session de la conf\u00e9rence de l&#039;UPCI, Adama Bictogo porte la voix du parlement ivoirien \u00e0 Jakarta en Indon\u00e9sie - C\u00f4te d&#039;Ivoire<\/title>\n<meta name=\"description\" content=\"Le Pre\u0301sident de l\u2019Assemble\u0301e nationale de Co\u0302te d\u2019Ivoire, Son Excellence monsieur Adama Bictogo, prendra part a\u0300 la 19e ...\" \/>\n<meta name=\"robots\" content=\"index, follow, max-snippet:-1, max-image-preview:large, max-video-preview:-1\" \/>\n<link rel=\"canonical\" href=\"https:\/\/www.africa-press.net\/cotedivoire\/politique\/19e-session-de-la-conference-de-lupci-adama-bictogo-porte-la-voix-du-parlement-ivoirien-a-jakarta-en-indonesie\" \/>\n<meta property=\"og:locale\" content=\"fr_FR\" \/>\n<meta property=\"og:type\" content=\"article\" \/>\n<meta property=\"og:title\" content=\"19\u00e8 session de la conf\u00e9rence de l&#039;UPCI, Adama Bictogo porte la voix du parlement ivoirien \u00e0 Jakarta en Indon\u00e9sie\" \/>\n<meta property=\"og:description\" content=\"Le Pre\u0301sident de l\u2019Assemble\u0301e nationale de Co\u0302te d\u2019Ivoire, Son Excellence monsieur Adama Bictogo, prendra part a\u0300 la 19e ...\" \/>\n<meta property=\"og:url\" content=\"https:\/\/www.africa-press.net\/cotedivoire\/politique\/19e-session-de-la-conference-de-lupci-adama-bictogo-porte-la-voix-du-parlement-ivoirien-a-jakarta-en-indonesie\" \/>\n<meta property=\"og:site_name\" content=\"C\u00f4te d&#039;Ivoire\" \/>\n<meta property=\"article:published_time\" content=\"2025-05-13T14:33:53+00:00\" \/>\n<meta property=\"article:modified_time\" content=\"2025-05-13T14:50:50+00:00\" \/>\n<meta property=\"og:image\" content=\"https:\/\/static.africa-press.net\/cote\/sites\/43\/2025\/05\/sm_1747134988.717131.jpg\" \/>\n\t<meta property=\"og:image:width\" content=\"720\" \/>\n\t<meta property=\"og:image:height\" content=\"480\" \/>\n\t<meta property=\"og:image:type\" content=\"image\/jpeg\" \/>\n<meta name=\"author\" content=\"cfeditorfr\" \/>\n<meta name=\"twitter:card\" content=\"summary_large_image\" \/>\n<meta name=\"twitter:label1\" content=\"\u00c9crit par\" \/>\n\t<meta name=\"twitter:data1\" content=\"cfeditorfr\" \/>\n\t<meta name=\"twitter:label2\" content=\"Dur\u00e9e de lecture estim\u00e9e\" \/>\n\t<meta name=\"twitter:data2\" content=\"3 minutes\" \/>\n<script type=\"application\/ld+json\" class=\"yoast-schema-graph\">{\"@context\":\"https:\/\/schema.org\",\"@graph\":[{\"@type\":\"Article\",\"@id\":\"https:\/\/www.africa-press.net\/cotedivoire\/politique\/19e-session-de-la-conference-de-lupci-adama-bictogo-porte-la-voix-du-parlement-ivoirien-a-jakarta-en-indonesie#article\",\"isPartOf\":{\"@id\":\"https:\/\/www.africa-press.net\/cotedivoire\/politique\/19e-session-de-la-conference-de-lupci-adama-bictogo-porte-la-voix-du-parlement-ivoirien-a-jakarta-en-indonesie\"},\"author\":{\"name\":\"cfeditorfr\",\"@id\":\"https:\/\/www.africa-press.net\/cotedivoire\/#\/schema\/person\/2b1cf3cd81a31e3cd26889ca66d677f1\"},\"headline\":\"19\u00e8 session de la conf\u00e9rence de l&rsquo;UPCI, Adama Bictogo porte la voix du parlement ivoirien \u00e0 Jakarta en Indon\u00e9sie\",\"datePublished\":\"2025-05-13T14:33:53+00:00\",\"dateModified\":\"2025-05-13T14:50:50+00:00\",\"mainEntityOfPage\":{\"@id\":\"https:\/\/www.africa-press.net\/cotedivoire\/politique\/19e-session-de-la-conference-de-lupci-adama-bictogo-porte-la-voix-du-parlement-ivoirien-a-jakarta-en-indonesie\"},\"wordCount\":586,\"commentCount\":0,\"image\":{\"@id\":\"https:\/\/www.africa-press.net\/cotedivoire\/politique\/19e-session-de-la-conference-de-lupci-adama-bictogo-porte-la-voix-du-parlement-ivoirien-a-jakarta-en-indonesie#primaryimage\"},\"thumbnailUrl\":\"https:\/\/static.africa-press.net\/cote\/sites\/43\/2025\/05\/sm_1747134988.717131.jpg\",\"keywords\":[\"Adama Bictogo\",\"Assembl\u00e9e\",\"attendu\",\"Conf\u00e9rence\",\"C\u00d4TE D'IVOIRE\",\"Jakarta\",\"nationale\",\"pr\u00e9sident\",\"UPCI\"],\"articleSection\":[\"Politique\",\"Top Nouvelles\",\"Toutes les actualit\u00e9s\"],\"inLanguage\":\"fr-FR\",\"potentialAction\":[{\"@type\":\"CommentAction\",\"name\":\"Comment\",\"target\":[\"https:\/\/www.africa-press.net\/cotedivoire\/politique\/19e-session-de-la-conference-de-lupci-adama-bictogo-porte-la-voix-du-parlement-ivoirien-a-jakarta-en-indonesie#respond\"]}]},{\"@type\":\"WebPage\",\"@id\":\"https:\/\/www.africa-press.net\/cotedivoire\/politique\/19e-session-de-la-conference-de-lupci-adama-bictogo-porte-la-voix-du-parlement-ivoirien-a-jakarta-en-indonesie\",\"url\":\"https:\/\/www.africa-press.net\/cotedivoire\/politique\/19e-session-de-la-conference-de-lupci-adama-bictogo-porte-la-voix-du-parlement-ivoirien-a-jakarta-en-indonesie\",\"name\":\"19\u00e8 session de la conf\u00e9rence de l'UPCI, Adama Bictogo porte la voix du parlement ivoirien \u00e0 Jakarta en Indon\u00e9sie - C\u00f4te d&#039;Ivoire\",\"isPartOf\":{\"@id\":\"https:\/\/www.africa-press.net\/cotedivoire\/#website\"},\"primaryImageOfPage\":{\"@id\":\"https:\/\/www.africa-press.net\/cotedivoire\/politique\/19e-session-de-la-conference-de-lupci-adama-bictogo-porte-la-voix-du-parlement-ivoirien-a-jakarta-en-indonesie#primaryimage\"},\"image\":{\"@id\":\"https:\/\/www.africa-press.net\/cotedivoire\/politique\/19e-session-de-la-conference-de-lupci-adama-bictogo-porte-la-voix-du-parlement-ivoirien-a-jakarta-en-indonesie#primaryimage\"},\"thumbnailUrl\":\"https:\/\/static.africa-press.net\/cote\/sites\/43\/2025\/05\/sm_1747134988.717131.jpg\",\"datePublished\":\"2025-05-13T14:33:53+00:00\",\"dateModified\":\"2025-05-13T14:50:50+00:00\",\"author\":{\"@id\":\"https:\/\/www.africa-press.net\/cotedivoire\/#\/schema\/person\/2b1cf3cd81a31e3cd26889ca66d677f1\"},\"description\":\"Le Pre\u0301sident de l\u2019Assemble\u0301e nationale de Co\u0302te d\u2019Ivoire, Son Excellence monsieur Adama Bictogo, prendra part a\u0300 la 19e ...\",\"breadcrumb\":{\"@id\":\"https:\/\/www.africa-press.net\/cotedivoire\/politique\/19e-session-de-la-conference-de-lupci-adama-bictogo-porte-la-voix-du-parlement-ivoirien-a-jakarta-en-indonesie#breadcrumb\"},\"inLanguage\":\"fr-FR\",\"potentialAction\":[{\"@type\":\"ReadAction\",\"target\":[\"https:\/\/www.africa-press.net\/cotedivoire\/politique\/19e-session-de-la-conference-de-lupci-adama-bictogo-porte-la-voix-du-parlement-ivoirien-a-jakarta-en-indonesie\"]}]},{\"@type\":\"ImageObject\",\"inLanguage\":\"fr-FR\",\"@id\":\"https:\/\/www.africa-press.net\/cotedivoire\/politique\/19e-session-de-la-conference-de-lupci-adama-bictogo-porte-la-voix-du-parlement-ivoirien-a-jakarta-en-indonesie#primaryimage\",\"url\":\"https:\/\/static.africa-press.net\/cote\/sites\/43\/2025\/05\/sm_1747134988.717131.jpg\",\"contentUrl\":\"https:\/\/static.africa-press.net\/cote\/sites\/43\/2025\/05\/sm_1747134988.717131.jpg\",\"width\":720,\"height\":480,\"caption\":\"19\u00e8 session de la conf\u00e9rence de l'UPCI, Adama Bictogo porte la voix du parlement ivoirien \u00e0 Jakarta en Indon\u00e9sie\"},{\"@type\":\"BreadcrumbList\",\"@id\":\"https:\/\/www.africa-press.net\/cotedivoire\/politique\/19e-session-de-la-conference-de-lupci-adama-bictogo-porte-la-voix-du-parlement-ivoirien-a-jakarta-en-indonesie#breadcrumb\",\"itemListElement\":[{\"@type\":\"ListItem\",\"position\":1,\"name\":\"Accueil\",\"item\":\"https:\/\/www.africa-press.net\/cotedivoire\/\"},{\"@type\":\"ListItem\",\"position\":2,\"name\":\"19\u00e8 session de la conf\u00e9rence de l&rsquo;UPCI, Adama Bictogo porte la voix du parlement ivoirien \u00e0 Jakarta en Indon\u00e9sie\"}]},{\"@type\":\"WebSite\",\"@id\":\"https:\/\/www.africa-press.net\/cotedivoire\/#website\",\"url\":\"https:\/\/www.africa-press.net\/cotedivoire\/\",\"name\":\"C\u00f4te d&#039;Ivoire\",\"description\":\"Just another Africa News Agency Sites site\",\"potentialAction\":[{\"@type\":\"SearchAction\",\"target\":{\"@type\":\"EntryPoint\",\"urlTemplate\":\"https:\/\/www.africa-press.net\/cotedivoire\/?s={search_term_string}\"},\"query-input\":{\"@type\":\"PropertyValueSpecification\",\"valueRequired\":true,\"valueName\":\"search_term_string\"}}],\"inLanguage\":\"fr-FR\"},{\"@type\":\"Person\",\"@id\":\"https:\/\/www.africa-press.net\/cotedivoire\/#\/schema\/person\/2b1cf3cd81a31e3cd26889ca66d677f1\",\"name\":\"cfeditorfr\"}]}<\/script>\n<!-- \/ Yoast SEO Premium plugin. -->","yoast_head_json":{"title":"19\u00e8 session de la conf\u00e9rence de l'UPCI, Adama Bictogo porte la voix du parlement ivoirien \u00e0 Jakarta en Indon\u00e9sie - C\u00f4te d&#039;Ivoire","description":"Le Pre\u0301sident de l\u2019Assemble\u0301e nationale de Co\u0302te d\u2019Ivoire, Son Excellence monsieur Adama Bictogo, prendra part a\u0300 la 19e ...","robots":{"index":"index","follow":"follow","max-snippet":"max-snippet:-1","max-image-preview":"max-image-preview:large","max-video-preview":"max-video-preview:-1"},"canonical":"https:\/\/www.africa-press.net\/cotedivoire\/politique\/19e-session-de-la-conference-de-lupci-adama-bictogo-porte-la-voix-du-parlement-ivoirien-a-jakarta-en-indonesie","og_locale":"fr_FR","og_type":"article","og_title":"19\u00e8 session de la conf\u00e9rence de l'UPCI, Adama Bictogo porte la voix du parlement ivoirien \u00e0 Jakarta en Indon\u00e9sie","og_description":"Le Pre\u0301sident de l\u2019Assemble\u0301e nationale de Co\u0302te d\u2019Ivoire, Son Excellence monsieur Adama Bictogo, prendra part a\u0300 la 19e ...","og_url":"https:\/\/www.africa-press.net\/cotedivoire\/politique\/19e-session-de-la-conference-de-lupci-adama-bictogo-porte-la-voix-du-parlement-ivoirien-a-jakarta-en-indonesie","og_site_name":"C\u00f4te d&#039;Ivoire","article_published_time":"2025-05-13T14:33:53+00:00","article_modified_time":"2025-05-13T14:50:50+00:00","og_image":[{"width":720,"height":480,"url":"https:\/\/static.africa-press.net\/cote\/sites\/43\/2025\/05\/sm_1747134988.717131.jpg","type":"image\/jpeg"}],"author":"cfeditorfr","twitter_card":"summary_large_image","twitter_misc":{"\u00c9crit par":"cfeditorfr","Dur\u00e9e de lecture estim\u00e9e":"3 minutes"},"schema":{"@context":"https:\/\/schema.org","@graph":[{"@type":"Article","@id":"https:\/\/www.africa-press.net\/cotedivoire\/politique\/19e-session-de-la-conference-de-lupci-adama-bictogo-porte-la-voix-du-parlement-ivoirien-a-jakarta-en-indonesie#article","isPartOf":{"@id":"https:\/\/www.africa-press.net\/cotedivoire\/politique\/19e-session-de-la-conference-de-lupci-adama-bictogo-porte-la-voix-du-parlement-ivoirien-a-jakarta-en-indonesie"},"author":{"name":"cfeditorfr","@id":"https:\/\/www.africa-press.net\/cotedivoire\/#\/schema\/person\/2b1cf3cd81a31e3cd26889ca66d677f1"},"headline":"19\u00e8 session de la conf\u00e9rence de l&rsquo;UPCI, Adama Bictogo porte la voix du parlement ivoirien \u00e0 Jakarta en Indon\u00e9sie","datePublished":"2025-05-13T14:33:53+00:00","dateModified":"2025-05-13T14:50:50+00:00","mainEntityOfPage":{"@id":"https:\/\/www.africa-press.net\/cotedivoire\/politique\/19e-session-de-la-conference-de-lupci-adama-bictogo-porte-la-voix-du-parlement-ivoirien-a-jakarta-en-indonesie"},"wordCount":586,"commentCount":0,"image":{"@id":"https:\/\/www.africa-press.net\/cotedivoire\/politique\/19e-session-de-la-conference-de-lupci-adama-bictogo-porte-la-voix-du-parlement-ivoirien-a-jakarta-en-indonesie#primaryimage"},"thumbnailUrl":"https:\/\/static.africa-press.net\/cote\/sites\/43\/2025\/05\/sm_1747134988.717131.jpg","keywords":["Adama Bictogo","Assembl\u00e9e","attendu","Conf\u00e9rence","C\u00d4TE D'IVOIRE","Jakarta","nationale","pr\u00e9sident","UPCI"],"articleSection":["Politique","Top Nouvelles","Toutes les actualit\u00e9s"],"inLanguage":"fr-FR","potentialAction":[{"@type":"CommentAction","name":"Comment","target":["https:\/\/www.africa-press.net\/cotedivoire\/politique\/19e-session-de-la-conference-de-lupci-adama-bictogo-porte-la-voix-du-parlement-ivoirien-a-jakarta-en-indonesie#respond"]}]},{"@type":"WebPage","@id":"https:\/\/www.africa-press.net\/cotedivoire\/politique\/19e-session-de-la-conference-de-lupci-adama-bictogo-porte-la-voix-du-parlement-ivoirien-a-jakarta-en-indonesie","url":"https:\/\/www.africa-press.net\/cotedivoire\/politique\/19e-session-de-la-conference-de-lupci-adama-bictogo-porte-la-voix-du-parlement-ivoirien-a-jakarta-en-indonesie","name":"19\u00e8 session de la conf\u00e9rence de l'UPCI, Adama Bictogo porte la voix du parlement ivoirien \u00e0 Jakarta en Indon\u00e9sie - C\u00f4te d&#039;Ivoire","isPartOf":{"@id":"https:\/\/www.africa-press.net\/cotedivoire\/#website"},"primaryImageOfPage":{"@id":"https:\/\/www.africa-press.net\/cotedivoire\/politique\/19e-session-de-la-conference-de-lupci-adama-bictogo-porte-la-voix-du-parlement-ivoirien-a-jakarta-en-indonesie#primaryimage"},"image":{"@id":"https:\/\/www.africa-press.net\/cotedivoire\/politique\/19e-session-de-la-conference-de-lupci-adama-bictogo-porte-la-voix-du-parlement-ivoirien-a-jakarta-en-indonesie#primaryimage"},"thumbnailUrl":"https:\/\/static.africa-press.net\/cote\/sites\/43\/2025\/05\/sm_1747134988.717131.jpg","datePublished":"2025-05-13T14:33:53+00:00","dateModified":"2025-05-13T14:50:50+00:00","author":{"@id":"https:\/\/www.africa-press.net\/cotedivoire\/#\/schema\/person\/2b1cf3cd81a31e3cd26889ca66d677f1"},"description":"Le Pre\u0301sident de l\u2019Assemble\u0301e nationale de Co\u0302te d\u2019Ivoire, Son Excellence monsieur Adama Bictogo, prendra part a\u0300 la 19e ...","breadcrumb":{"@id":"https:\/\/www.africa-press.net\/cotedivoire\/politique\/19e-session-de-la-conference-de-lupci-adama-bictogo-porte-la-voix-du-parlement-ivoirien-a-jakarta-en-indonesie#breadcrumb"},"inLanguage":"fr-FR","potentialAction":[{"@type":"ReadAction","target":["https:\/\/www.africa-press.net\/cotedivoire\/politique\/19e-session-de-la-conference-de-lupci-adama-bictogo-porte-la-voix-du-parlement-ivoirien-a-jakarta-en-indonesie"]}]},{"@type":"ImageObject","inLanguage":"fr-FR","@id":"https:\/\/www.africa-press.net\/cotedivoire\/politique\/19e-session-de-la-conference-de-lupci-adama-bictogo-porte-la-voix-du-parlement-ivoirien-a-jakarta-en-indonesie#primaryimage","url":"https:\/\/static.africa-press.net\/cote\/sites\/43\/2025\/05\/sm_1747134988.717131.jpg","contentUrl":"https:\/\/static.africa-press.net\/cote\/sites\/43\/2025\/05\/sm_1747134988.717131.jpg","width":720,"height":480,"caption":"19\u00e8 session de la conf\u00e9rence de l'UPCI, Adama Bictogo porte la voix du parlement ivoirien \u00e0 Jakarta en Indon\u00e9sie"},{"@type":"BreadcrumbList","@id":"https:\/\/www.africa-press.net\/cotedivoire\/politique\/19e-session-de-la-conference-de-lupci-adama-bictogo-porte-la-voix-du-parlement-ivoirien-a-jakarta-en-indonesie#breadcrumb","itemListElement":[{"@type":"ListItem","position":1,"name":"Accueil","item":"https:\/\/www.africa-press.net\/cotedivoire\/"},{"@type":"ListItem","position":2,"name":"19\u00e8 session de la conf\u00e9rence de l&rsquo;UPCI, Adama Bictogo porte la voix du parlement ivoirien \u00e0 Jakarta en Indon\u00e9sie"}]},{"@type":"WebSite","@id":"https:\/\/www.africa-press.net\/cotedivoire\/#website","url":"https:\/\/www.africa-press.net\/cotedivoire\/","name":"C\u00f4te d&#039;Ivoire","description":"Just another Africa News Agency Sites site","potentialAction":[{"@type":"SearchAction","target":{"@type":"EntryPoint","urlTemplate":"https:\/\/www.africa-press.net\/cotedivoire\/?s={search_term_string}"},"query-input":{"@type":"PropertyValueSpecification","valueRequired":true,"valueName":"search_term_string"}}],"inLanguage":"fr-FR"},{"@type":"Person","@id":"https:\/\/www.africa-press.net\/cotedivoire\/#\/schema\/person\/2b1cf3cd81a31e3cd26889ca66d677f1","name":"cfeditorfr"}]}},"_links":{"self":[{"href":"https:\/\/www.africa-press.net\/cotedivoire\/wp-json\/wp\/v2\/posts\/99007","targetHints":{"allow":["GET"]}}],"collection":[{"href":"https:\/\/www.africa-press.net\/cotedivoire\/wp-json\/wp\/v2\/posts"}],"about":[{"href":"https:\/\/www.africa-press.net\/cotedivoire\/wp-json\/wp\/v2\/types\/post"}],"author":[{"embeddable":true,"href":"https:\/\/www.africa-press.net\/cotedivoire\/wp-json\/wp\/v2\/users\/82"}],"replies":[{"embeddable":true,"href":"https:\/\/www.africa-press.net\/cotedivoire\/wp-json\/wp\/v2\/comments?post=99007"}],"version-history":[{"count":0,"href":"https:\/\/www.africa-press.net\/cotedivoire\/wp-json\/wp\/v2\/posts\/99007\/revisions"}],"wp:featuredmedia":[{"embeddable":true,"href":"https:\/\/www.africa-press.net\/cotedivoire\/wp-json\/wp\/v2\/media\/99006"}],"wp:attachment":[{"href":"https:\/\/www.africa-press.net\/cotedivoire\/wp-json\/wp\/v2\/media?parent=99007"}],"wp:term":[{"taxonomy":"category","embeddable":true,"href":"https:\/\/www.africa-press.net\/cotedivoire\/wp-json\/wp\/v2\/categories?post=99007"},{"taxonomy":"post_tag","embeddable":true,"href":"https:\/\/www.africa-press.net\/cotedivoire\/wp-json\/wp\/v2\/tags?post=99007"}],"curies":[{"name":"wp","href":"https:\/\/api.w.org\/{rel}","templated":true}]}}