{"id":99120,"date":"2025-05-15T13:15:12","date_gmt":"2025-05-15T13:15:12","guid":{"rendered":"https:\/\/www.africa-press.net\/cotedivoire\/politique\/depuis-lindonesie-adama-bictogo-plaide-pour-la-reconnaissance-de-letat-de-palestine-et-demande-un-cessez-le-feu-immediat-a-lapproche-du-hadj"},"modified":"2025-05-15T13:22:05","modified_gmt":"2025-05-15T13:22:05","slug":"depuis-lindonesie-adama-bictogo-plaide-pour-la-reconnaissance-de-letat-de-palestine-et-demande-un-cessez-le-feu-immediat-a-lapproche-du-hadj","status":"publish","type":"post","link":"https:\/\/www.africa-press.net\/cotedivoire\/politique\/depuis-lindonesie-adama-bictogo-plaide-pour-la-reconnaissance-de-letat-de-palestine-et-demande-un-cessez-le-feu-immediat-a-lapproche-du-hadj","title":{"rendered":"Depuis l&rsquo;Indon\u00e9sie, Adama Bictogo plaide pour la reconnaissance de l&rsquo;\u00c9tat de Palestine et demande un cessez-le-feu imm\u00e9diat \u00e0 l&rsquo;approche du Hadj"},"content":{"rendered":"<p><span style=\"color: #ff6600\"><strong>Africa-Press &#8211; C\u00f4te d&rsquo;Ivoire. <\/strong><\/span>La capitale indone\u0301sienne a accueilli ce 14 mai la 19e Confe\u0301rence de l\u2019Union Parlementaire des E\u0301tats membres de l\u2019Organisation de la Coope\u0301ration Islamique (UPCI), marque\u0301e par une ce\u0301re\u0301monie d\u2019ouverture riche en messages forts et en e\u0301motions. A\u0300 cette occasion, Son Excellence Adama Bictogo, Pre\u0301sident de l\u2019Assemble\u0301e nationale de Co\u0302te d\u2019Ivoire, a prononce\u0301 un discours empreint de solennite\u0301 et de convictions.<\/p>\n<p>De\u0300s l\u2019entame de son allocution, M. Bictogo a exprime\u0301 la gratitude du peuple ivoirien envers les autorite\u0301s indone\u0301siennes pour leur accueil chaleureux. Il a salue\u0301 le Pre\u0301sident Prabowo Subianto et la Pre\u0301sidente du Conseil repre\u0301sentatif du peuple, Puan Maharani, pour l&rsquo;organisation exemplaire de cette rencontre parlementaire internationale.<\/p>\n<p>Revenant sur son mandat a\u0300 la te\u0302te de l\u2019UPCI, entame\u0301 en mars 2024 a\u0300 Abidjan, le Pre\u0301sident ivoirien a mis en avant les avance\u0301es re\u0301alise\u0301es au cours de l\u2019anne\u0301e e\u0301coule\u0301e.<\/p>\n<p>Il a souligne\u0301 la porte\u0301e de la De\u0301claration d\u2019Abidjan, qui a affirme\u0301 les engagements communs des E\u0301tats membres en faveur de la paix, de la justice, de la solidarite\u0301 et de la cause palestinienne.<\/p>\n<p>\u00ab Nous avons su faire entendre la voix de notre Oumma sur la sce\u0300ne internationale, en rappelant notre rejet de la haine et notre engagement en faveur de la fraternite\u0301 \u00bb, a-t-il de\u0301clare\u0301.<\/p>\n<p>Dans un contexte de crise humanitaire persistante dans la bande de Gaza, M. Bictogo a lance\u0301 un appel a\u0300 la solidarite\u0301 mondiale. Il a plaide\u0301 pour la reconnaissance de l\u2019E\u0301tat de Palestine et a demande\u0301 un cessez-le-feu imme\u0301diat a\u0300 l\u2019approche du Hadj, afin de permettre aux Palestiniens de vivre ce moment spirituel dans la paix et la dignite\u0301.<\/p>\n<p>Face aux bouleversements ge\u0301opolitiques, le Pre\u0301sident du parlement ivoirien a insiste\u0301 sur la ne\u0301cessite\u0301 de ba\u0302tir des E\u0301tats re\u0301silients, reposant sur une gouvernance efficace et des institutions solides.<\/p>\n<p>Il a e\u0301galement encourage\u0301 les parlementaires a\u0300 promouvoir des partenariats concrets entre les pays du Sud, dans des domaines cle\u0301s tels que l\u2019agriculture durable, les infrastructures et le transfert de technologies.<\/p>\n<p>Au terme de son intervention, M. Bictogo a transmis la pre\u0301sidence de l\u2019UPCI a\u0300 Son Excellence Madame Puan Maharani, saluant son leadership et exprimant sa confiance quant a\u0300 la poursuite des ide\u0301aux porte\u0301s par l\u2019organisation.<\/p>\n<p>\u00ab Je lui adresse mes chaleureuses fe\u0301licitations. Son engagement est une garantie de progre\u0300s pour notre union parlementaire \u00bb, a-t-il affirme\u0301.<\/p>\n<p>La 19e Confe\u0301rence de l\u2019UPCI s\u2019inscrit dans une dynamique de continuite\u0301 et de renforcement des liens entre les parlements des E\u0301tats membres. Elle te\u0301moigne de la volonte\u0301 collective de promouvoir un monde fonde\u0301 sur le respect, la paix et la coope\u0301ration entre les peuples.<\/p>\n<p><strong>Pour plus d&rsquo;informations et d&rsquo;analyses sur la <span style=\"color: #ff6600\">C\u00f4te d&rsquo;Ivoire<\/span>, suivez <span style=\"color: #ff6600\">Africa-Press<\/span><\/strong><\/p>\n","protected":false},"excerpt":{"rendered":"<p>Africa-Press &#8211; C\u00f4te d&rsquo;Ivoire. La capitale indone\u0301sienne a accueilli ce 14 mai la 19e Confe\u0301rence de l\u2019Union Parlementaire des E\u0301tats membres de l\u2019Organisation de la Coope\u0301ration Islamique (UPCI), marque\u0301e par une ce\u0301re\u0301monie d\u2019ouverture riche en messages forts et en e\u0301motions. A\u0300 cette occasion, Son Excellence Adama Bictogo, Pre\u0301sident de l\u2019Assemble\u0301e nationale de Co\u0302te d\u2019Ivoire, a [&hellip;]<\/p>\n","protected":false},"author":82,"featured_media":99119,"comment_status":"open","ping_status":"closed","sticky":false,"template":"","format":"standard","meta":{"footnotes":""},"categories":[2,20,10],"tags":[1562,29,1091,17661,1891,5115,600,1348,7887,16807,1941,15079],"class_list":["post-99120","post","type-post","status-publish","format-standard","has-post-thumbnail","hentry","category-politique","category-top-nouvelles","category-toutes-les-actualites","tag-conference","tag-cote-divoire","tag-etats","tag-jakarta","tag-membres","tag-oci","tag-paix","tag-parlementaire","tag-solidarite","tag-unie","tag-union","tag-voix"],"yoast_head":"<!-- This site is optimized with the Yoast SEO Premium plugin v26.1 (Yoast SEO v27.0) - https:\/\/yoast.com\/product\/yoast-seo-premium-wordpress\/ -->\n<title>Depuis l&#039;Indon\u00e9sie, Adama Bictogo plaide pour la reconnaissance de l&#039;\u00c9tat de Palestine et demande un cessez-le-feu imm\u00e9diat \u00e0 l&#039;approche du Hadj - C\u00f4te d&#039;Ivoire<\/title>\n<meta name=\"description\" content=\"La capitale indone\u0301sienne a accueilli ce 14 mai la 19e Confe\u0301rence de l\u2019Union Parlementaire des E\u0301tats membres de l\u2019Orga ...\" \/>\n<meta name=\"robots\" content=\"index, follow, max-snippet:-1, max-image-preview:large, max-video-preview:-1\" \/>\n<link rel=\"canonical\" href=\"https:\/\/www.africa-press.net\/cotedivoire\/politique\/depuis-lindonesie-adama-bictogo-plaide-pour-la-reconnaissance-de-letat-de-palestine-et-demande-un-cessez-le-feu-immediat-a-lapproche-du-hadj\" \/>\n<meta property=\"og:locale\" content=\"fr_FR\" \/>\n<meta property=\"og:type\" content=\"article\" \/>\n<meta property=\"og:title\" content=\"Depuis l&#039;Indon\u00e9sie, Adama Bictogo plaide pour la reconnaissance de l&#039;\u00c9tat de Palestine et demande un cessez-le-feu imm\u00e9diat \u00e0 l&#039;approche du Hadj\" \/>\n<meta property=\"og:description\" content=\"La capitale indone\u0301sienne a accueilli ce 14 mai la 19e Confe\u0301rence de l\u2019Union Parlementaire des E\u0301tats membres de l\u2019Orga ...\" \/>\n<meta property=\"og:url\" content=\"https:\/\/www.africa-press.net\/cotedivoire\/politique\/depuis-lindonesie-adama-bictogo-plaide-pour-la-reconnaissance-de-letat-de-palestine-et-demande-un-cessez-le-feu-immediat-a-lapproche-du-hadj\" \/>\n<meta property=\"og:site_name\" content=\"C\u00f4te d&#039;Ivoire\" \/>\n<meta property=\"article:published_time\" content=\"2025-05-15T13:15:12+00:00\" \/>\n<meta property=\"article:modified_time\" content=\"2025-05-15T13:22:05+00:00\" \/>\n<meta property=\"og:image\" content=\"https:\/\/static.africa-press.net\/cote\/sites\/43\/2025\/05\/sm_1747302593.938842.jpg\" \/>\n\t<meta property=\"og:image:width\" content=\"720\" \/>\n\t<meta property=\"og:image:height\" content=\"373\" \/>\n\t<meta property=\"og:image:type\" content=\"image\/jpeg\" \/>\n<meta name=\"author\" content=\"cfeditorfr\" \/>\n<meta name=\"twitter:card\" content=\"summary_large_image\" \/>\n<meta name=\"twitter:label1\" content=\"\u00c9crit par\" \/>\n\t<meta name=\"twitter:data1\" content=\"cfeditorfr\" \/>\n\t<meta name=\"twitter:label2\" content=\"Dur\u00e9e de lecture estim\u00e9e\" \/>\n\t<meta name=\"twitter:data2\" content=\"3 minutes\" \/>\n<script type=\"application\/ld+json\" class=\"yoast-schema-graph\">{\"@context\":\"https:\/\/schema.org\",\"@graph\":[{\"@type\":\"Article\",\"@id\":\"https:\/\/www.africa-press.net\/cotedivoire\/politique\/depuis-lindonesie-adama-bictogo-plaide-pour-la-reconnaissance-de-letat-de-palestine-et-demande-un-cessez-le-feu-immediat-a-lapproche-du-hadj#article\",\"isPartOf\":{\"@id\":\"https:\/\/www.africa-press.net\/cotedivoire\/politique\/depuis-lindonesie-adama-bictogo-plaide-pour-la-reconnaissance-de-letat-de-palestine-et-demande-un-cessez-le-feu-immediat-a-lapproche-du-hadj\"},\"author\":{\"name\":\"cfeditorfr\",\"@id\":\"https:\/\/www.africa-press.net\/cotedivoire\/#\/schema\/person\/2b1cf3cd81a31e3cd26889ca66d677f1\"},\"headline\":\"Depuis l&rsquo;Indon\u00e9sie, Adama Bictogo plaide pour la reconnaissance de l&rsquo;\u00c9tat de Palestine et demande un cessez-le-feu imm\u00e9diat \u00e0 l&rsquo;approche du Hadj\",\"datePublished\":\"2025-05-15T13:15:12+00:00\",\"dateModified\":\"2025-05-15T13:22:05+00:00\",\"mainEntityOfPage\":{\"@id\":\"https:\/\/www.africa-press.net\/cotedivoire\/politique\/depuis-lindonesie-adama-bictogo-plaide-pour-la-reconnaissance-de-letat-de-palestine-et-demande-un-cessez-le-feu-immediat-a-lapproche-du-hadj\"},\"wordCount\":527,\"commentCount\":0,\"image\":{\"@id\":\"https:\/\/www.africa-press.net\/cotedivoire\/politique\/depuis-lindonesie-adama-bictogo-plaide-pour-la-reconnaissance-de-letat-de-palestine-et-demande-un-cessez-le-feu-immediat-a-lapproche-du-hadj#primaryimage\"},\"thumbnailUrl\":\"https:\/\/static.africa-press.net\/cote\/sites\/43\/2025\/05\/sm_1747302593.938842.jpg\",\"keywords\":[\"Conf\u00e9rence\",\"C\u00d4TE D'IVOIRE\",\"Etats\",\"Jakarta\",\"membres\",\"OCI\",\"paix\",\"parlementaire\",\"solidarit\u00e9\",\"unie\",\"Union\",\"voix\"],\"articleSection\":[\"Politique\",\"Top Nouvelles\",\"Toutes les actualit\u00e9s\"],\"inLanguage\":\"fr-FR\",\"potentialAction\":[{\"@type\":\"CommentAction\",\"name\":\"Comment\",\"target\":[\"https:\/\/www.africa-press.net\/cotedivoire\/politique\/depuis-lindonesie-adama-bictogo-plaide-pour-la-reconnaissance-de-letat-de-palestine-et-demande-un-cessez-le-feu-immediat-a-lapproche-du-hadj#respond\"]}]},{\"@type\":\"WebPage\",\"@id\":\"https:\/\/www.africa-press.net\/cotedivoire\/politique\/depuis-lindonesie-adama-bictogo-plaide-pour-la-reconnaissance-de-letat-de-palestine-et-demande-un-cessez-le-feu-immediat-a-lapproche-du-hadj\",\"url\":\"https:\/\/www.africa-press.net\/cotedivoire\/politique\/depuis-lindonesie-adama-bictogo-plaide-pour-la-reconnaissance-de-letat-de-palestine-et-demande-un-cessez-le-feu-immediat-a-lapproche-du-hadj\",\"name\":\"Depuis l'Indon\u00e9sie, Adama Bictogo plaide pour la reconnaissance de l'\u00c9tat de Palestine et demande un cessez-le-feu imm\u00e9diat \u00e0 l'approche du Hadj - C\u00f4te d&#039;Ivoire\",\"isPartOf\":{\"@id\":\"https:\/\/www.africa-press.net\/cotedivoire\/#website\"},\"primaryImageOfPage\":{\"@id\":\"https:\/\/www.africa-press.net\/cotedivoire\/politique\/depuis-lindonesie-adama-bictogo-plaide-pour-la-reconnaissance-de-letat-de-palestine-et-demande-un-cessez-le-feu-immediat-a-lapproche-du-hadj#primaryimage\"},\"image\":{\"@id\":\"https:\/\/www.africa-press.net\/cotedivoire\/politique\/depuis-lindonesie-adama-bictogo-plaide-pour-la-reconnaissance-de-letat-de-palestine-et-demande-un-cessez-le-feu-immediat-a-lapproche-du-hadj#primaryimage\"},\"thumbnailUrl\":\"https:\/\/static.africa-press.net\/cote\/sites\/43\/2025\/05\/sm_1747302593.938842.jpg\",\"datePublished\":\"2025-05-15T13:15:12+00:00\",\"dateModified\":\"2025-05-15T13:22:05+00:00\",\"author\":{\"@id\":\"https:\/\/www.africa-press.net\/cotedivoire\/#\/schema\/person\/2b1cf3cd81a31e3cd26889ca66d677f1\"},\"description\":\"La capitale indone\u0301sienne a accueilli ce 14 mai la 19e Confe\u0301rence de l\u2019Union Parlementaire des E\u0301tats membres de l\u2019Orga ...\",\"breadcrumb\":{\"@id\":\"https:\/\/www.africa-press.net\/cotedivoire\/politique\/depuis-lindonesie-adama-bictogo-plaide-pour-la-reconnaissance-de-letat-de-palestine-et-demande-un-cessez-le-feu-immediat-a-lapproche-du-hadj#breadcrumb\"},\"inLanguage\":\"fr-FR\",\"potentialAction\":[{\"@type\":\"ReadAction\",\"target\":[\"https:\/\/www.africa-press.net\/cotedivoire\/politique\/depuis-lindonesie-adama-bictogo-plaide-pour-la-reconnaissance-de-letat-de-palestine-et-demande-un-cessez-le-feu-immediat-a-lapproche-du-hadj\"]}]},{\"@type\":\"ImageObject\",\"inLanguage\":\"fr-FR\",\"@id\":\"https:\/\/www.africa-press.net\/cotedivoire\/politique\/depuis-lindonesie-adama-bictogo-plaide-pour-la-reconnaissance-de-letat-de-palestine-et-demande-un-cessez-le-feu-immediat-a-lapproche-du-hadj#primaryimage\",\"url\":\"https:\/\/static.africa-press.net\/cote\/sites\/43\/2025\/05\/sm_1747302593.938842.jpg\",\"contentUrl\":\"https:\/\/static.africa-press.net\/cote\/sites\/43\/2025\/05\/sm_1747302593.938842.jpg\",\"width\":720,\"height\":373,\"caption\":\"Depuis l'Indon\u00e9sie, Adama Bictogo plaide pour la reconnaissance de l'\u00c9tat de Palestine et demande un cessez-le-feu imm\u00e9diat \u00e0 l'approche du Hadj\"},{\"@type\":\"BreadcrumbList\",\"@id\":\"https:\/\/www.africa-press.net\/cotedivoire\/politique\/depuis-lindonesie-adama-bictogo-plaide-pour-la-reconnaissance-de-letat-de-palestine-et-demande-un-cessez-le-feu-immediat-a-lapproche-du-hadj#breadcrumb\",\"itemListElement\":[{\"@type\":\"ListItem\",\"position\":1,\"name\":\"Accueil\",\"item\":\"https:\/\/www.africa-press.net\/cotedivoire\/\"},{\"@type\":\"ListItem\",\"position\":2,\"name\":\"Depuis l&rsquo;Indon\u00e9sie, Adama Bictogo plaide pour la reconnaissance de l&rsquo;\u00c9tat de Palestine et demande un cessez-le-feu imm\u00e9diat \u00e0 l&rsquo;approche du Hadj\"}]},{\"@type\":\"WebSite\",\"@id\":\"https:\/\/www.africa-press.net\/cotedivoire\/#website\",\"url\":\"https:\/\/www.africa-press.net\/cotedivoire\/\",\"name\":\"C\u00f4te d&#039;Ivoire\",\"description\":\"Just another Africa News Agency Sites site\",\"potentialAction\":[{\"@type\":\"SearchAction\",\"target\":{\"@type\":\"EntryPoint\",\"urlTemplate\":\"https:\/\/www.africa-press.net\/cotedivoire\/?s={search_term_string}\"},\"query-input\":{\"@type\":\"PropertyValueSpecification\",\"valueRequired\":true,\"valueName\":\"search_term_string\"}}],\"inLanguage\":\"fr-FR\"},{\"@type\":\"Person\",\"@id\":\"https:\/\/www.africa-press.net\/cotedivoire\/#\/schema\/person\/2b1cf3cd81a31e3cd26889ca66d677f1\",\"name\":\"cfeditorfr\"}]}<\/script>\n<!-- \/ Yoast SEO Premium plugin. -->","yoast_head_json":{"title":"Depuis l'Indon\u00e9sie, Adama Bictogo plaide pour la reconnaissance de l'\u00c9tat de Palestine et demande un cessez-le-feu imm\u00e9diat \u00e0 l'approche du Hadj - C\u00f4te d&#039;Ivoire","description":"La capitale indone\u0301sienne a accueilli ce 14 mai la 19e Confe\u0301rence de l\u2019Union Parlementaire des E\u0301tats membres de l\u2019Orga ...","robots":{"index":"index","follow":"follow","max-snippet":"max-snippet:-1","max-image-preview":"max-image-preview:large","max-video-preview":"max-video-preview:-1"},"canonical":"https:\/\/www.africa-press.net\/cotedivoire\/politique\/depuis-lindonesie-adama-bictogo-plaide-pour-la-reconnaissance-de-letat-de-palestine-et-demande-un-cessez-le-feu-immediat-a-lapproche-du-hadj","og_locale":"fr_FR","og_type":"article","og_title":"Depuis l'Indon\u00e9sie, Adama Bictogo plaide pour la reconnaissance de l'\u00c9tat de Palestine et demande un cessez-le-feu imm\u00e9diat \u00e0 l'approche du Hadj","og_description":"La capitale indone\u0301sienne a accueilli ce 14 mai la 19e Confe\u0301rence de l\u2019Union Parlementaire des E\u0301tats membres de l\u2019Orga ...","og_url":"https:\/\/www.africa-press.net\/cotedivoire\/politique\/depuis-lindonesie-adama-bictogo-plaide-pour-la-reconnaissance-de-letat-de-palestine-et-demande-un-cessez-le-feu-immediat-a-lapproche-du-hadj","og_site_name":"C\u00f4te d&#039;Ivoire","article_published_time":"2025-05-15T13:15:12+00:00","article_modified_time":"2025-05-15T13:22:05+00:00","og_image":[{"width":720,"height":373,"url":"https:\/\/static.africa-press.net\/cote\/sites\/43\/2025\/05\/sm_1747302593.938842.jpg","type":"image\/jpeg"}],"author":"cfeditorfr","twitter_card":"summary_large_image","twitter_misc":{"\u00c9crit par":"cfeditorfr","Dur\u00e9e de lecture estim\u00e9e":"3 minutes"},"schema":{"@context":"https:\/\/schema.org","@graph":[{"@type":"Article","@id":"https:\/\/www.africa-press.net\/cotedivoire\/politique\/depuis-lindonesie-adama-bictogo-plaide-pour-la-reconnaissance-de-letat-de-palestine-et-demande-un-cessez-le-feu-immediat-a-lapproche-du-hadj#article","isPartOf":{"@id":"https:\/\/www.africa-press.net\/cotedivoire\/politique\/depuis-lindonesie-adama-bictogo-plaide-pour-la-reconnaissance-de-letat-de-palestine-et-demande-un-cessez-le-feu-immediat-a-lapproche-du-hadj"},"author":{"name":"cfeditorfr","@id":"https:\/\/www.africa-press.net\/cotedivoire\/#\/schema\/person\/2b1cf3cd81a31e3cd26889ca66d677f1"},"headline":"Depuis l&rsquo;Indon\u00e9sie, Adama Bictogo plaide pour la reconnaissance de l&rsquo;\u00c9tat de Palestine et demande un cessez-le-feu imm\u00e9diat \u00e0 l&rsquo;approche du Hadj","datePublished":"2025-05-15T13:15:12+00:00","dateModified":"2025-05-15T13:22:05+00:00","mainEntityOfPage":{"@id":"https:\/\/www.africa-press.net\/cotedivoire\/politique\/depuis-lindonesie-adama-bictogo-plaide-pour-la-reconnaissance-de-letat-de-palestine-et-demande-un-cessez-le-feu-immediat-a-lapproche-du-hadj"},"wordCount":527,"commentCount":0,"image":{"@id":"https:\/\/www.africa-press.net\/cotedivoire\/politique\/depuis-lindonesie-adama-bictogo-plaide-pour-la-reconnaissance-de-letat-de-palestine-et-demande-un-cessez-le-feu-immediat-a-lapproche-du-hadj#primaryimage"},"thumbnailUrl":"https:\/\/static.africa-press.net\/cote\/sites\/43\/2025\/05\/sm_1747302593.938842.jpg","keywords":["Conf\u00e9rence","C\u00d4TE D'IVOIRE","Etats","Jakarta","membres","OCI","paix","parlementaire","solidarit\u00e9","unie","Union","voix"],"articleSection":["Politique","Top Nouvelles","Toutes les actualit\u00e9s"],"inLanguage":"fr-FR","potentialAction":[{"@type":"CommentAction","name":"Comment","target":["https:\/\/www.africa-press.net\/cotedivoire\/politique\/depuis-lindonesie-adama-bictogo-plaide-pour-la-reconnaissance-de-letat-de-palestine-et-demande-un-cessez-le-feu-immediat-a-lapproche-du-hadj#respond"]}]},{"@type":"WebPage","@id":"https:\/\/www.africa-press.net\/cotedivoire\/politique\/depuis-lindonesie-adama-bictogo-plaide-pour-la-reconnaissance-de-letat-de-palestine-et-demande-un-cessez-le-feu-immediat-a-lapproche-du-hadj","url":"https:\/\/www.africa-press.net\/cotedivoire\/politique\/depuis-lindonesie-adama-bictogo-plaide-pour-la-reconnaissance-de-letat-de-palestine-et-demande-un-cessez-le-feu-immediat-a-lapproche-du-hadj","name":"Depuis l'Indon\u00e9sie, Adama Bictogo plaide pour la reconnaissance de l'\u00c9tat de Palestine et demande un cessez-le-feu imm\u00e9diat \u00e0 l'approche du Hadj - C\u00f4te d&#039;Ivoire","isPartOf":{"@id":"https:\/\/www.africa-press.net\/cotedivoire\/#website"},"primaryImageOfPage":{"@id":"https:\/\/www.africa-press.net\/cotedivoire\/politique\/depuis-lindonesie-adama-bictogo-plaide-pour-la-reconnaissance-de-letat-de-palestine-et-demande-un-cessez-le-feu-immediat-a-lapproche-du-hadj#primaryimage"},"image":{"@id":"https:\/\/www.africa-press.net\/cotedivoire\/politique\/depuis-lindonesie-adama-bictogo-plaide-pour-la-reconnaissance-de-letat-de-palestine-et-demande-un-cessez-le-feu-immediat-a-lapproche-du-hadj#primaryimage"},"thumbnailUrl":"https:\/\/static.africa-press.net\/cote\/sites\/43\/2025\/05\/sm_1747302593.938842.jpg","datePublished":"2025-05-15T13:15:12+00:00","dateModified":"2025-05-15T13:22:05+00:00","author":{"@id":"https:\/\/www.africa-press.net\/cotedivoire\/#\/schema\/person\/2b1cf3cd81a31e3cd26889ca66d677f1"},"description":"La capitale indone\u0301sienne a accueilli ce 14 mai la 19e Confe\u0301rence de l\u2019Union Parlementaire des E\u0301tats membres de l\u2019Orga ...","breadcrumb":{"@id":"https:\/\/www.africa-press.net\/cotedivoire\/politique\/depuis-lindonesie-adama-bictogo-plaide-pour-la-reconnaissance-de-letat-de-palestine-et-demande-un-cessez-le-feu-immediat-a-lapproche-du-hadj#breadcrumb"},"inLanguage":"fr-FR","potentialAction":[{"@type":"ReadAction","target":["https:\/\/www.africa-press.net\/cotedivoire\/politique\/depuis-lindonesie-adama-bictogo-plaide-pour-la-reconnaissance-de-letat-de-palestine-et-demande-un-cessez-le-feu-immediat-a-lapproche-du-hadj"]}]},{"@type":"ImageObject","inLanguage":"fr-FR","@id":"https:\/\/www.africa-press.net\/cotedivoire\/politique\/depuis-lindonesie-adama-bictogo-plaide-pour-la-reconnaissance-de-letat-de-palestine-et-demande-un-cessez-le-feu-immediat-a-lapproche-du-hadj#primaryimage","url":"https:\/\/static.africa-press.net\/cote\/sites\/43\/2025\/05\/sm_1747302593.938842.jpg","contentUrl":"https:\/\/static.africa-press.net\/cote\/sites\/43\/2025\/05\/sm_1747302593.938842.jpg","width":720,"height":373,"caption":"Depuis l'Indon\u00e9sie, Adama Bictogo plaide pour la reconnaissance de l'\u00c9tat de Palestine et demande un cessez-le-feu imm\u00e9diat \u00e0 l'approche du Hadj"},{"@type":"BreadcrumbList","@id":"https:\/\/www.africa-press.net\/cotedivoire\/politique\/depuis-lindonesie-adama-bictogo-plaide-pour-la-reconnaissance-de-letat-de-palestine-et-demande-un-cessez-le-feu-immediat-a-lapproche-du-hadj#breadcrumb","itemListElement":[{"@type":"ListItem","position":1,"name":"Accueil","item":"https:\/\/www.africa-press.net\/cotedivoire\/"},{"@type":"ListItem","position":2,"name":"Depuis l&rsquo;Indon\u00e9sie, Adama Bictogo plaide pour la reconnaissance de l&rsquo;\u00c9tat de Palestine et demande un cessez-le-feu imm\u00e9diat \u00e0 l&rsquo;approche du Hadj"}]},{"@type":"WebSite","@id":"https:\/\/www.africa-press.net\/cotedivoire\/#website","url":"https:\/\/www.africa-press.net\/cotedivoire\/","name":"C\u00f4te d&#039;Ivoire","description":"Just another Africa News Agency Sites site","potentialAction":[{"@type":"SearchAction","target":{"@type":"EntryPoint","urlTemplate":"https:\/\/www.africa-press.net\/cotedivoire\/?s={search_term_string}"},"query-input":{"@type":"PropertyValueSpecification","valueRequired":true,"valueName":"search_term_string"}}],"inLanguage":"fr-FR"},{"@type":"Person","@id":"https:\/\/www.africa-press.net\/cotedivoire\/#\/schema\/person\/2b1cf3cd81a31e3cd26889ca66d677f1","name":"cfeditorfr"}]}},"_links":{"self":[{"href":"https:\/\/www.africa-press.net\/cotedivoire\/wp-json\/wp\/v2\/posts\/99120","targetHints":{"allow":["GET"]}}],"collection":[{"href":"https:\/\/www.africa-press.net\/cotedivoire\/wp-json\/wp\/v2\/posts"}],"about":[{"href":"https:\/\/www.africa-press.net\/cotedivoire\/wp-json\/wp\/v2\/types\/post"}],"author":[{"embeddable":true,"href":"https:\/\/www.africa-press.net\/cotedivoire\/wp-json\/wp\/v2\/users\/82"}],"replies":[{"embeddable":true,"href":"https:\/\/www.africa-press.net\/cotedivoire\/wp-json\/wp\/v2\/comments?post=99120"}],"version-history":[{"count":0,"href":"https:\/\/www.africa-press.net\/cotedivoire\/wp-json\/wp\/v2\/posts\/99120\/revisions"}],"wp:featuredmedia":[{"embeddable":true,"href":"https:\/\/www.africa-press.net\/cotedivoire\/wp-json\/wp\/v2\/media\/99119"}],"wp:attachment":[{"href":"https:\/\/www.africa-press.net\/cotedivoire\/wp-json\/wp\/v2\/media?parent=99120"}],"wp:term":[{"taxonomy":"category","embeddable":true,"href":"https:\/\/www.africa-press.net\/cotedivoire\/wp-json\/wp\/v2\/categories?post=99120"},{"taxonomy":"post_tag","embeddable":true,"href":"https:\/\/www.africa-press.net\/cotedivoire\/wp-json\/wp\/v2\/tags?post=99120"}],"curies":[{"name":"wp","href":"https:\/\/api.w.org\/{rel}","templated":true}]}}