{"id":99129,"date":"2025-05-15T13:14:38","date_gmt":"2025-05-15T13:14:38","guid":{"rendered":"https:\/\/www.africa-press.net\/cotedivoire\/politique\/congres-du-pdci-le-demissionnaire-thiam-reelu-sans-surprise-mais-ne-regle-pas-la-question-de-son-ineligibilite-a-la-presidentielle"},"modified":"2025-05-15T13:23:16","modified_gmt":"2025-05-15T13:23:16","slug":"congres-du-pdci-le-demissionnaire-thiam-reelu-sans-surprise-mais-ne-regle-pas-la-question-de-son-ineligibilite-a-la-presidentielle","status":"publish","type":"post","link":"https:\/\/www.africa-press.net\/cotedivoire\/politique\/congres-du-pdci-le-demissionnaire-thiam-reelu-sans-surprise-mais-ne-regle-pas-la-question-de-son-ineligibilite-a-la-presidentielle","title":{"rendered":"Congr\u00e8s du PDCI, le d\u00e9missionnaire Thiam r\u00e9\u00e9lu sans surprise mais ne r\u00e8gle pas la question de son in\u00e9ligibilit\u00e9 \u00e0 la pr\u00e9sidentielle"},"content":{"rendered":"<p><span style=\"color: #ff6600\"><strong>Africa-Press &#8211; C\u00f4te d&rsquo;Ivoire. <\/strong><\/span>Comme pre\u0301vu, le de\u0301missionnaire Tidjane Thiam a e\u0301te\u0301 re\u0301e\u0301lu pre\u0301sident du PDCI-RDA au terme du 9e Congre\u0300s qui s\u2019est tenu le mercredi 14 mai 2025, a\u0300 Abidjan-Cocody.<\/p>\n<p>\u00ab Le candidat Cheick Tidjane Thiam a obtenu 5.190 voix, soit 99,77 % \u00bb, a de\u0301clare\u0301 Georges Ezaley, pre\u0301sident du comite\u0301 e\u0301lectoral du PDCI-RDA.<\/p>\n<p>Ezaley, vice-pre\u0301sident du Parti de\u0301mocratique de Co\u0302te d&rsquo;Ivoire (PDCI) a\u0300 l&rsquo;issue d&rsquo;un congre\u0300s extraordinaire pour e\u0301lire le chef du parti, ou\u0300 le taux de participation s&rsquo;est e\u0301leve\u0301 a\u0300 92,7 %.<\/p>\n<p>\u00ab Est donc e\u0301lu comme pre\u0301sident du PDCI M. Cheick Tidjane Thiam \u00bb, a-t-il ajoute\u0301.<\/p>\n<p>Parano ou pas, communication ou pas, depuis la France, Thiam avait annonce\u0301 dimanche dernier sa de\u0301mission de la pre\u0301sidence du parti, a\u0300 laquelle il avait acce\u0301de\u0301 en de\u0301cembre 2023, se disant victime de \u00ab harce\u0300lement judiciaire. \u00bb.<\/p>\n<p>Tout indique que cette de\u0301mission s&rsquo;inscrivait dans une strate\u0301gie de contourner les proce\u0301dures judiciaires de destitution, alors en cours, entame\u0301es par des cadres du parti.<\/p>\n<p>Notons ne\u0301anmoins que cette e\u0301lection ne re\u0300gle toutefois pas la question de son ine\u0301ligibilite\u0301 a\u0300 la pre\u0301sidentielle du 25 octobre prochain, radie\u0301 pour rappel de la liste e\u0301lectorale pour une affaire de nationalite\u0301 franc\u0327aise a\u0300 l&rsquo;inscription sur la liste e\u0301lectorale, Thiam, en France depuis sa radiation, ne peut pas e\u0302tre candidat.<\/p>\n<p>Ayant, apre\u0300s coup et a\u0300 sa demande, perdu la nationalite\u0301 franc\u0327aise, reste a\u0300 savoir si Thiam est en France avec un visa franc\u0327ais si tant est qu&rsquo;il jouisse a\u0300 cette heure d&rsquo;un passeport ivoirien.<\/p>\n<p><strong>Pour plus d&rsquo;informations et d&rsquo;analyses sur la <span style=\"color: #ff6600\">C\u00f4te d&rsquo;Ivoire<\/span>, suivez <span style=\"color: #ff6600\">Africa-Press<\/span><\/strong><\/p>\n","protected":false},"excerpt":{"rendered":"<p>Africa-Press &#8211; C\u00f4te d&rsquo;Ivoire. Comme pre\u0301vu, le de\u0301missionnaire Tidjane Thiam a e\u0301te\u0301 re\u0301e\u0301lu pre\u0301sident du PDCI-RDA au terme du 9e Congre\u0300s qui s\u2019est tenu le mercredi 14 mai 2025, a\u0300 Abidjan-Cocody. \u00ab Le candidat Cheick Tidjane Thiam a obtenu 5.190 voix, soit 99,77 % \u00bb, a de\u0301clare\u0301 Georges Ezaley, pre\u0301sident du comite\u0301 e\u0301lectoral du PDCI-RDA. [&hellip;]<\/p>\n","protected":false},"author":82,"featured_media":99128,"comment_status":"open","ping_status":"closed","sticky":false,"template":"","format":"standard","meta":{"footnotes":""},"categories":[2,20,10],"tags":[5252,29,41,10084,739,312,2442],"class_list":["post-99129","post","type-post","status-publish","format-standard","has-post-thumbnail","hentry","category-politique","category-top-nouvelles","category-toutes-les-actualites","tag-candidat","tag-cote-divoire","tag-elections","tag-georges-ezaley","tag-pdci-rda","tag-presidentielle","tag-tidjane-thiam"],"yoast_head":"<!-- This site is optimized with the Yoast SEO Premium plugin v26.1 (Yoast SEO v27.0) - https:\/\/yoast.com\/product\/yoast-seo-premium-wordpress\/ -->\n<title>Congr\u00e8s du PDCI, le d\u00e9missionnaire Thiam r\u00e9\u00e9lu sans surprise mais ne r\u00e8gle pas la question de son in\u00e9ligibilit\u00e9 \u00e0 la pr\u00e9sidentielle - C\u00f4te d&#039;Ivoire<\/title>\n<meta name=\"description\" content=\"Comme pre\u0301vu, le de\u0301missionnaire Tidjane Thiam a e\u0301te\u0301 re\u0301e\u0301lu pre\u0301sident du PDCI-RDA au terme du 9e Congre\u0300s qui s\u2019est ...\" \/>\n<meta name=\"robots\" content=\"index, follow, max-snippet:-1, max-image-preview:large, max-video-preview:-1\" \/>\n<link rel=\"canonical\" href=\"https:\/\/www.africa-press.net\/cotedivoire\/politique\/congres-du-pdci-le-demissionnaire-thiam-reelu-sans-surprise-mais-ne-regle-pas-la-question-de-son-ineligibilite-a-la-presidentielle\" \/>\n<meta property=\"og:locale\" content=\"fr_FR\" \/>\n<meta property=\"og:type\" content=\"article\" \/>\n<meta property=\"og:title\" content=\"Congr\u00e8s du PDCI, le d\u00e9missionnaire Thiam r\u00e9\u00e9lu sans surprise mais ne r\u00e8gle pas la question de son in\u00e9ligibilit\u00e9 \u00e0 la pr\u00e9sidentielle\" \/>\n<meta property=\"og:description\" content=\"Comme pre\u0301vu, le de\u0301missionnaire Tidjane Thiam a e\u0301te\u0301 re\u0301e\u0301lu pre\u0301sident du PDCI-RDA au terme du 9e Congre\u0300s qui s\u2019est ...\" \/>\n<meta property=\"og:url\" content=\"https:\/\/www.africa-press.net\/cotedivoire\/politique\/congres-du-pdci-le-demissionnaire-thiam-reelu-sans-surprise-mais-ne-regle-pas-la-question-de-son-ineligibilite-a-la-presidentielle\" \/>\n<meta property=\"og:site_name\" content=\"C\u00f4te d&#039;Ivoire\" \/>\n<meta property=\"article:published_time\" content=\"2025-05-15T13:14:38+00:00\" \/>\n<meta property=\"article:modified_time\" content=\"2025-05-15T13:23:16+00:00\" \/>\n<meta property=\"og:image\" content=\"https:\/\/static.africa-press.net\/cote\/sites\/43\/2025\/05\/sm_1747302652.175923.jpg\" \/>\n\t<meta property=\"og:image:width\" content=\"720\" \/>\n\t<meta property=\"og:image:height\" content=\"351\" \/>\n\t<meta property=\"og:image:type\" content=\"image\/jpeg\" \/>\n<meta name=\"author\" content=\"cfeditorfr\" \/>\n<meta name=\"twitter:card\" content=\"summary_large_image\" \/>\n<meta name=\"twitter:label1\" content=\"\u00c9crit par\" \/>\n\t<meta name=\"twitter:data1\" content=\"cfeditorfr\" \/>\n\t<meta name=\"twitter:label2\" content=\"Dur\u00e9e de lecture estim\u00e9e\" \/>\n\t<meta name=\"twitter:data2\" content=\"2 minutes\" \/>\n<script type=\"application\/ld+json\" class=\"yoast-schema-graph\">{\"@context\":\"https:\/\/schema.org\",\"@graph\":[{\"@type\":\"Article\",\"@id\":\"https:\/\/www.africa-press.net\/cotedivoire\/politique\/congres-du-pdci-le-demissionnaire-thiam-reelu-sans-surprise-mais-ne-regle-pas-la-question-de-son-ineligibilite-a-la-presidentielle#article\",\"isPartOf\":{\"@id\":\"https:\/\/www.africa-press.net\/cotedivoire\/politique\/congres-du-pdci-le-demissionnaire-thiam-reelu-sans-surprise-mais-ne-regle-pas-la-question-de-son-ineligibilite-a-la-presidentielle\"},\"author\":{\"name\":\"cfeditorfr\",\"@id\":\"https:\/\/www.africa-press.net\/cotedivoire\/#\/schema\/person\/2b1cf3cd81a31e3cd26889ca66d677f1\"},\"headline\":\"Congr\u00e8s du PDCI, le d\u00e9missionnaire Thiam r\u00e9\u00e9lu sans surprise mais ne r\u00e8gle pas la question de son in\u00e9ligibilit\u00e9 \u00e0 la pr\u00e9sidentielle\",\"datePublished\":\"2025-05-15T13:14:38+00:00\",\"dateModified\":\"2025-05-15T13:23:16+00:00\",\"mainEntityOfPage\":{\"@id\":\"https:\/\/www.africa-press.net\/cotedivoire\/politique\/congres-du-pdci-le-demissionnaire-thiam-reelu-sans-surprise-mais-ne-regle-pas-la-question-de-son-ineligibilite-a-la-presidentielle\"},\"wordCount\":323,\"commentCount\":0,\"image\":{\"@id\":\"https:\/\/www.africa-press.net\/cotedivoire\/politique\/congres-du-pdci-le-demissionnaire-thiam-reelu-sans-surprise-mais-ne-regle-pas-la-question-de-son-ineligibilite-a-la-presidentielle#primaryimage\"},\"thumbnailUrl\":\"https:\/\/static.africa-press.net\/cote\/sites\/43\/2025\/05\/sm_1747302652.175923.jpg\",\"keywords\":[\"candidat\",\"C\u00d4TE D'IVOIRE\",\"\u00c9lections\",\"Georges Ezaley\",\"PDCI-RDA\",\"pr\u00e9sidentielle\",\"Tidjane Thiam\"],\"articleSection\":[\"Politique\",\"Top Nouvelles\",\"Toutes les actualit\u00e9s\"],\"inLanguage\":\"fr-FR\",\"potentialAction\":[{\"@type\":\"CommentAction\",\"name\":\"Comment\",\"target\":[\"https:\/\/www.africa-press.net\/cotedivoire\/politique\/congres-du-pdci-le-demissionnaire-thiam-reelu-sans-surprise-mais-ne-regle-pas-la-question-de-son-ineligibilite-a-la-presidentielle#respond\"]}]},{\"@type\":\"WebPage\",\"@id\":\"https:\/\/www.africa-press.net\/cotedivoire\/politique\/congres-du-pdci-le-demissionnaire-thiam-reelu-sans-surprise-mais-ne-regle-pas-la-question-de-son-ineligibilite-a-la-presidentielle\",\"url\":\"https:\/\/www.africa-press.net\/cotedivoire\/politique\/congres-du-pdci-le-demissionnaire-thiam-reelu-sans-surprise-mais-ne-regle-pas-la-question-de-son-ineligibilite-a-la-presidentielle\",\"name\":\"Congr\u00e8s du PDCI, le d\u00e9missionnaire Thiam r\u00e9\u00e9lu sans surprise mais ne r\u00e8gle pas la question de son in\u00e9ligibilit\u00e9 \u00e0 la pr\u00e9sidentielle - C\u00f4te d&#039;Ivoire\",\"isPartOf\":{\"@id\":\"https:\/\/www.africa-press.net\/cotedivoire\/#website\"},\"primaryImageOfPage\":{\"@id\":\"https:\/\/www.africa-press.net\/cotedivoire\/politique\/congres-du-pdci-le-demissionnaire-thiam-reelu-sans-surprise-mais-ne-regle-pas-la-question-de-son-ineligibilite-a-la-presidentielle#primaryimage\"},\"image\":{\"@id\":\"https:\/\/www.africa-press.net\/cotedivoire\/politique\/congres-du-pdci-le-demissionnaire-thiam-reelu-sans-surprise-mais-ne-regle-pas-la-question-de-son-ineligibilite-a-la-presidentielle#primaryimage\"},\"thumbnailUrl\":\"https:\/\/static.africa-press.net\/cote\/sites\/43\/2025\/05\/sm_1747302652.175923.jpg\",\"datePublished\":\"2025-05-15T13:14:38+00:00\",\"dateModified\":\"2025-05-15T13:23:16+00:00\",\"author\":{\"@id\":\"https:\/\/www.africa-press.net\/cotedivoire\/#\/schema\/person\/2b1cf3cd81a31e3cd26889ca66d677f1\"},\"description\":\"Comme pre\u0301vu, le de\u0301missionnaire Tidjane Thiam a e\u0301te\u0301 re\u0301e\u0301lu pre\u0301sident du PDCI-RDA au terme du 9e Congre\u0300s qui s\u2019est ...\",\"breadcrumb\":{\"@id\":\"https:\/\/www.africa-press.net\/cotedivoire\/politique\/congres-du-pdci-le-demissionnaire-thiam-reelu-sans-surprise-mais-ne-regle-pas-la-question-de-son-ineligibilite-a-la-presidentielle#breadcrumb\"},\"inLanguage\":\"fr-FR\",\"potentialAction\":[{\"@type\":\"ReadAction\",\"target\":[\"https:\/\/www.africa-press.net\/cotedivoire\/politique\/congres-du-pdci-le-demissionnaire-thiam-reelu-sans-surprise-mais-ne-regle-pas-la-question-de-son-ineligibilite-a-la-presidentielle\"]}]},{\"@type\":\"ImageObject\",\"inLanguage\":\"fr-FR\",\"@id\":\"https:\/\/www.africa-press.net\/cotedivoire\/politique\/congres-du-pdci-le-demissionnaire-thiam-reelu-sans-surprise-mais-ne-regle-pas-la-question-de-son-ineligibilite-a-la-presidentielle#primaryimage\",\"url\":\"https:\/\/static.africa-press.net\/cote\/sites\/43\/2025\/05\/sm_1747302652.175923.jpg\",\"contentUrl\":\"https:\/\/static.africa-press.net\/cote\/sites\/43\/2025\/05\/sm_1747302652.175923.jpg\",\"width\":720,\"height\":351,\"caption\":\"Congr\u00e8s du PDCI, le d\u00e9missionnaire Thiam r\u00e9\u00e9lu sans surprise mais ne r\u00e8gle pas la question de son in\u00e9ligibilit\u00e9 \u00e0 la pr\u00e9sidentielle\"},{\"@type\":\"BreadcrumbList\",\"@id\":\"https:\/\/www.africa-press.net\/cotedivoire\/politique\/congres-du-pdci-le-demissionnaire-thiam-reelu-sans-surprise-mais-ne-regle-pas-la-question-de-son-ineligibilite-a-la-presidentielle#breadcrumb\",\"itemListElement\":[{\"@type\":\"ListItem\",\"position\":1,\"name\":\"Accueil\",\"item\":\"https:\/\/www.africa-press.net\/cotedivoire\/\"},{\"@type\":\"ListItem\",\"position\":2,\"name\":\"Congr\u00e8s du PDCI, le d\u00e9missionnaire Thiam r\u00e9\u00e9lu sans surprise mais ne r\u00e8gle pas la question de son in\u00e9ligibilit\u00e9 \u00e0 la pr\u00e9sidentielle\"}]},{\"@type\":\"WebSite\",\"@id\":\"https:\/\/www.africa-press.net\/cotedivoire\/#website\",\"url\":\"https:\/\/www.africa-press.net\/cotedivoire\/\",\"name\":\"C\u00f4te d&#039;Ivoire\",\"description\":\"Just another Africa News Agency Sites site\",\"potentialAction\":[{\"@type\":\"SearchAction\",\"target\":{\"@type\":\"EntryPoint\",\"urlTemplate\":\"https:\/\/www.africa-press.net\/cotedivoire\/?s={search_term_string}\"},\"query-input\":{\"@type\":\"PropertyValueSpecification\",\"valueRequired\":true,\"valueName\":\"search_term_string\"}}],\"inLanguage\":\"fr-FR\"},{\"@type\":\"Person\",\"@id\":\"https:\/\/www.africa-press.net\/cotedivoire\/#\/schema\/person\/2b1cf3cd81a31e3cd26889ca66d677f1\",\"name\":\"cfeditorfr\"}]}<\/script>\n<!-- \/ Yoast SEO Premium plugin. -->","yoast_head_json":{"title":"Congr\u00e8s du PDCI, le d\u00e9missionnaire Thiam r\u00e9\u00e9lu sans surprise mais ne r\u00e8gle pas la question de son in\u00e9ligibilit\u00e9 \u00e0 la pr\u00e9sidentielle - C\u00f4te d&#039;Ivoire","description":"Comme pre\u0301vu, le de\u0301missionnaire Tidjane Thiam a e\u0301te\u0301 re\u0301e\u0301lu pre\u0301sident du PDCI-RDA au terme du 9e Congre\u0300s qui s\u2019est ...","robots":{"index":"index","follow":"follow","max-snippet":"max-snippet:-1","max-image-preview":"max-image-preview:large","max-video-preview":"max-video-preview:-1"},"canonical":"https:\/\/www.africa-press.net\/cotedivoire\/politique\/congres-du-pdci-le-demissionnaire-thiam-reelu-sans-surprise-mais-ne-regle-pas-la-question-de-son-ineligibilite-a-la-presidentielle","og_locale":"fr_FR","og_type":"article","og_title":"Congr\u00e8s du PDCI, le d\u00e9missionnaire Thiam r\u00e9\u00e9lu sans surprise mais ne r\u00e8gle pas la question de son in\u00e9ligibilit\u00e9 \u00e0 la pr\u00e9sidentielle","og_description":"Comme pre\u0301vu, le de\u0301missionnaire Tidjane Thiam a e\u0301te\u0301 re\u0301e\u0301lu pre\u0301sident du PDCI-RDA au terme du 9e Congre\u0300s qui s\u2019est ...","og_url":"https:\/\/www.africa-press.net\/cotedivoire\/politique\/congres-du-pdci-le-demissionnaire-thiam-reelu-sans-surprise-mais-ne-regle-pas-la-question-de-son-ineligibilite-a-la-presidentielle","og_site_name":"C\u00f4te d&#039;Ivoire","article_published_time":"2025-05-15T13:14:38+00:00","article_modified_time":"2025-05-15T13:23:16+00:00","og_image":[{"width":720,"height":351,"url":"https:\/\/static.africa-press.net\/cote\/sites\/43\/2025\/05\/sm_1747302652.175923.jpg","type":"image\/jpeg"}],"author":"cfeditorfr","twitter_card":"summary_large_image","twitter_misc":{"\u00c9crit par":"cfeditorfr","Dur\u00e9e de lecture estim\u00e9e":"2 minutes"},"schema":{"@context":"https:\/\/schema.org","@graph":[{"@type":"Article","@id":"https:\/\/www.africa-press.net\/cotedivoire\/politique\/congres-du-pdci-le-demissionnaire-thiam-reelu-sans-surprise-mais-ne-regle-pas-la-question-de-son-ineligibilite-a-la-presidentielle#article","isPartOf":{"@id":"https:\/\/www.africa-press.net\/cotedivoire\/politique\/congres-du-pdci-le-demissionnaire-thiam-reelu-sans-surprise-mais-ne-regle-pas-la-question-de-son-ineligibilite-a-la-presidentielle"},"author":{"name":"cfeditorfr","@id":"https:\/\/www.africa-press.net\/cotedivoire\/#\/schema\/person\/2b1cf3cd81a31e3cd26889ca66d677f1"},"headline":"Congr\u00e8s du PDCI, le d\u00e9missionnaire Thiam r\u00e9\u00e9lu sans surprise mais ne r\u00e8gle pas la question de son in\u00e9ligibilit\u00e9 \u00e0 la pr\u00e9sidentielle","datePublished":"2025-05-15T13:14:38+00:00","dateModified":"2025-05-15T13:23:16+00:00","mainEntityOfPage":{"@id":"https:\/\/www.africa-press.net\/cotedivoire\/politique\/congres-du-pdci-le-demissionnaire-thiam-reelu-sans-surprise-mais-ne-regle-pas-la-question-de-son-ineligibilite-a-la-presidentielle"},"wordCount":323,"commentCount":0,"image":{"@id":"https:\/\/www.africa-press.net\/cotedivoire\/politique\/congres-du-pdci-le-demissionnaire-thiam-reelu-sans-surprise-mais-ne-regle-pas-la-question-de-son-ineligibilite-a-la-presidentielle#primaryimage"},"thumbnailUrl":"https:\/\/static.africa-press.net\/cote\/sites\/43\/2025\/05\/sm_1747302652.175923.jpg","keywords":["candidat","C\u00d4TE D'IVOIRE","\u00c9lections","Georges Ezaley","PDCI-RDA","pr\u00e9sidentielle","Tidjane Thiam"],"articleSection":["Politique","Top Nouvelles","Toutes les actualit\u00e9s"],"inLanguage":"fr-FR","potentialAction":[{"@type":"CommentAction","name":"Comment","target":["https:\/\/www.africa-press.net\/cotedivoire\/politique\/congres-du-pdci-le-demissionnaire-thiam-reelu-sans-surprise-mais-ne-regle-pas-la-question-de-son-ineligibilite-a-la-presidentielle#respond"]}]},{"@type":"WebPage","@id":"https:\/\/www.africa-press.net\/cotedivoire\/politique\/congres-du-pdci-le-demissionnaire-thiam-reelu-sans-surprise-mais-ne-regle-pas-la-question-de-son-ineligibilite-a-la-presidentielle","url":"https:\/\/www.africa-press.net\/cotedivoire\/politique\/congres-du-pdci-le-demissionnaire-thiam-reelu-sans-surprise-mais-ne-regle-pas-la-question-de-son-ineligibilite-a-la-presidentielle","name":"Congr\u00e8s du PDCI, le d\u00e9missionnaire Thiam r\u00e9\u00e9lu sans surprise mais ne r\u00e8gle pas la question de son in\u00e9ligibilit\u00e9 \u00e0 la pr\u00e9sidentielle - C\u00f4te d&#039;Ivoire","isPartOf":{"@id":"https:\/\/www.africa-press.net\/cotedivoire\/#website"},"primaryImageOfPage":{"@id":"https:\/\/www.africa-press.net\/cotedivoire\/politique\/congres-du-pdci-le-demissionnaire-thiam-reelu-sans-surprise-mais-ne-regle-pas-la-question-de-son-ineligibilite-a-la-presidentielle#primaryimage"},"image":{"@id":"https:\/\/www.africa-press.net\/cotedivoire\/politique\/congres-du-pdci-le-demissionnaire-thiam-reelu-sans-surprise-mais-ne-regle-pas-la-question-de-son-ineligibilite-a-la-presidentielle#primaryimage"},"thumbnailUrl":"https:\/\/static.africa-press.net\/cote\/sites\/43\/2025\/05\/sm_1747302652.175923.jpg","datePublished":"2025-05-15T13:14:38+00:00","dateModified":"2025-05-15T13:23:16+00:00","author":{"@id":"https:\/\/www.africa-press.net\/cotedivoire\/#\/schema\/person\/2b1cf3cd81a31e3cd26889ca66d677f1"},"description":"Comme pre\u0301vu, le de\u0301missionnaire Tidjane Thiam a e\u0301te\u0301 re\u0301e\u0301lu pre\u0301sident du PDCI-RDA au terme du 9e Congre\u0300s qui s\u2019est ...","breadcrumb":{"@id":"https:\/\/www.africa-press.net\/cotedivoire\/politique\/congres-du-pdci-le-demissionnaire-thiam-reelu-sans-surprise-mais-ne-regle-pas-la-question-de-son-ineligibilite-a-la-presidentielle#breadcrumb"},"inLanguage":"fr-FR","potentialAction":[{"@type":"ReadAction","target":["https:\/\/www.africa-press.net\/cotedivoire\/politique\/congres-du-pdci-le-demissionnaire-thiam-reelu-sans-surprise-mais-ne-regle-pas-la-question-de-son-ineligibilite-a-la-presidentielle"]}]},{"@type":"ImageObject","inLanguage":"fr-FR","@id":"https:\/\/www.africa-press.net\/cotedivoire\/politique\/congres-du-pdci-le-demissionnaire-thiam-reelu-sans-surprise-mais-ne-regle-pas-la-question-de-son-ineligibilite-a-la-presidentielle#primaryimage","url":"https:\/\/static.africa-press.net\/cote\/sites\/43\/2025\/05\/sm_1747302652.175923.jpg","contentUrl":"https:\/\/static.africa-press.net\/cote\/sites\/43\/2025\/05\/sm_1747302652.175923.jpg","width":720,"height":351,"caption":"Congr\u00e8s du PDCI, le d\u00e9missionnaire Thiam r\u00e9\u00e9lu sans surprise mais ne r\u00e8gle pas la question de son in\u00e9ligibilit\u00e9 \u00e0 la pr\u00e9sidentielle"},{"@type":"BreadcrumbList","@id":"https:\/\/www.africa-press.net\/cotedivoire\/politique\/congres-du-pdci-le-demissionnaire-thiam-reelu-sans-surprise-mais-ne-regle-pas-la-question-de-son-ineligibilite-a-la-presidentielle#breadcrumb","itemListElement":[{"@type":"ListItem","position":1,"name":"Accueil","item":"https:\/\/www.africa-press.net\/cotedivoire\/"},{"@type":"ListItem","position":2,"name":"Congr\u00e8s du PDCI, le d\u00e9missionnaire Thiam r\u00e9\u00e9lu sans surprise mais ne r\u00e8gle pas la question de son in\u00e9ligibilit\u00e9 \u00e0 la pr\u00e9sidentielle"}]},{"@type":"WebSite","@id":"https:\/\/www.africa-press.net\/cotedivoire\/#website","url":"https:\/\/www.africa-press.net\/cotedivoire\/","name":"C\u00f4te d&#039;Ivoire","description":"Just another Africa News Agency Sites site","potentialAction":[{"@type":"SearchAction","target":{"@type":"EntryPoint","urlTemplate":"https:\/\/www.africa-press.net\/cotedivoire\/?s={search_term_string}"},"query-input":{"@type":"PropertyValueSpecification","valueRequired":true,"valueName":"search_term_string"}}],"inLanguage":"fr-FR"},{"@type":"Person","@id":"https:\/\/www.africa-press.net\/cotedivoire\/#\/schema\/person\/2b1cf3cd81a31e3cd26889ca66d677f1","name":"cfeditorfr"}]}},"_links":{"self":[{"href":"https:\/\/www.africa-press.net\/cotedivoire\/wp-json\/wp\/v2\/posts\/99129","targetHints":{"allow":["GET"]}}],"collection":[{"href":"https:\/\/www.africa-press.net\/cotedivoire\/wp-json\/wp\/v2\/posts"}],"about":[{"href":"https:\/\/www.africa-press.net\/cotedivoire\/wp-json\/wp\/v2\/types\/post"}],"author":[{"embeddable":true,"href":"https:\/\/www.africa-press.net\/cotedivoire\/wp-json\/wp\/v2\/users\/82"}],"replies":[{"embeddable":true,"href":"https:\/\/www.africa-press.net\/cotedivoire\/wp-json\/wp\/v2\/comments?post=99129"}],"version-history":[{"count":0,"href":"https:\/\/www.africa-press.net\/cotedivoire\/wp-json\/wp\/v2\/posts\/99129\/revisions"}],"wp:featuredmedia":[{"embeddable":true,"href":"https:\/\/www.africa-press.net\/cotedivoire\/wp-json\/wp\/v2\/media\/99128"}],"wp:attachment":[{"href":"https:\/\/www.africa-press.net\/cotedivoire\/wp-json\/wp\/v2\/media?parent=99129"}],"wp:term":[{"taxonomy":"category","embeddable":true,"href":"https:\/\/www.africa-press.net\/cotedivoire\/wp-json\/wp\/v2\/categories?post=99129"},{"taxonomy":"post_tag","embeddable":true,"href":"https:\/\/www.africa-press.net\/cotedivoire\/wp-json\/wp\/v2\/tags?post=99129"}],"curies":[{"name":"wp","href":"https:\/\/api.w.org\/{rel}","templated":true}]}}