{"id":9920,"date":"2021-07-14T15:50:53","date_gmt":"2021-07-14T15:50:53","guid":{"rendered":"https:\/\/www.africa-press.net\/cotedivoire\/?p=9920"},"modified":"2021-07-15T18:47:26","modified_gmt":"2021-07-15T18:47:26","slug":"florence-ahou-traore-distinguee-au-batisseurs-de-la-cote-divoire-moderne-bacim-2021","status":"publish","type":"post","link":"https:\/\/www.africa-press.net\/cotedivoire\/culture-et-art\/florence-ahou-traore-distinguee-au-batisseurs-de-la-cote-divoire-moderne-bacim-2021","title":{"rendered":"Florence Ahou Traor\u00e9 distingu\u00e9e au B\u00e2tisseurs de la C\u00f4te-d\u2019Ivoire moderne   (Bacim 2021)"},"content":{"rendered":"<p><span style=\"color: #ff6600\"><strong><a href=\"https:\/\/www.africa-press.net\/\">Africa-Press<\/a> &#8211; <a href=\"https:\/\/www.africa-press.net\/cotedivoire\">C\u00f4te d&rsquo;Ivoire<\/a>. <\/strong><\/span>Archange communication m\u00e9dia a organis\u00e9, l\u2019\u00e9dition sp\u00e9ciale de la c\u00e9r\u00e9monie de distinction des (BACIM 2021), le samedi 10 juillet 2021, au Palm Club H\u00f4tel Cocody, sous le haut parrainage et la pr\u00e9sence effective de Nouf\u00e9 Michel, Directeur des moyens g\u00e9n\u00e9raux du Tr\u00e9sor, et sous le th\u00e8me \u00ab La contribution du secteur priv\u00e9 dans le d\u00e9veloppement de la C\u00f4te d\u2019Ivoire \u00bb.<\/p>\n<p>\u00c0 cette occasion, le prix du meilleur leadership f\u00e9minin de la ville de Ti\u00e9bissou a \u00e9t\u00e9 d\u00e9cern\u00e9, \u00e0 Florence Ahou Traor\u00e9, pr\u00e9sidente de l\u2019Association des ressortissants de Koubi \u00e0 Abidjan (AREKA), par ailleurs Directeur Administratif et Financier \u00e0 Ivoir Motor.<\/p>\n<p>Un prix que la r\u00e9cipiendaire re\u00e7oit, en hommage \u00e0 la population de Ti\u00e9bissou. \u00ab Ce prix n\u2019est pas \u00e0 moi, mais, \u00e0 l\u2019ensemble de la population de Ti\u00e9bissou sans exception \u00bb, \u00e9crit-elle.<\/p>\n<p>Puis, Florence Ahou Traor\u00e9 a exhort\u00e9, les filles et fils de Ti\u00e9bissou \u00e0 \u00ab \u0153uvrer au bien-\u00eatre des populations et d\u2019en faire un sacerdoce \u00bb, a-t-elle exhort\u00e9.<\/p>\n<p>La pr\u00e9sidente de l\u2019Association des ressortissants de Koubi \u00e0 Abidjan (AREKA) a par ailleurs indiqu\u00e9, qu\u2019elle va poursuivre son \u00ab action caritative \u00bb, non sans adresser, ses vifs remerciements, au directeur g\u00e9n\u00e9ral d\u2019Archange communication m\u00e9dia et pr\u00e9sident du comit\u00e9 de distinction du prix des Bacim, Franck Micha\u00ebl Koffi, dont initiative vise \u00e0 encourager et donner de la visibilit\u00e9 aux acteurs importants du secteur priv\u00e9, qui bien souvent, \u00e9voluent dans le silence du travail.<\/p>\n<p>Signalons qu\u2019\u00e0 la faveur de cette \u00e9dition sp\u00e9ciale des Bacim 2021 qui marque la quatri\u00e8me \u00e9dition, huit (08) acteurs de d\u00e9veloppement du secteur priv\u00e9 ont \u00e9t\u00e9 distingu\u00e9s.<\/p>\n<p>&nbsp;<\/p>\n","protected":false},"excerpt":{"rendered":"<p>Africa-Press &#8211; C\u00f4te d&rsquo;Ivoire. Archange communication m\u00e9dia a organis\u00e9, l\u2019\u00e9dition sp\u00e9ciale de la c\u00e9r\u00e9monie de distinction des (BACIM 2021), le samedi 10 juillet 2021, au Palm Club H\u00f4tel Cocody, sous le haut parrainage et la pr\u00e9sence effective de Nouf\u00e9 Michel, Directeur des moyens g\u00e9n\u00e9raux du Tr\u00e9sor, et sous le th\u00e8me \u00ab La contribution du secteur [&hellip;]<\/p>\n","protected":false},"author":82,"featured_media":9919,"comment_status":"open","ping_status":"closed","sticky":false,"template":"","format":"standard","meta":{"footnotes":""},"categories":[5,11,10],"tags":[56,63,29],"class_list":["post-9920","post","type-post","status-publish","format-standard","has-post-thumbnail","hentry","category-culture-et-art","category-homepage-french","category-toutes-les-actualites","tag-africa-press","tag-africa-press-cote-divoire","tag-cote-divoire"],"yoast_head":"<!-- This site is optimized with the Yoast SEO Premium plugin v26.1 (Yoast SEO v27.0) - https:\/\/yoast.com\/product\/yoast-seo-premium-wordpress\/ -->\n<title>Florence Ahou Traor\u00e9 distingu\u00e9e au B\u00e2tisseurs de la C\u00f4te-d\u2019Ivoire moderne  (Bacim 2021) - C\u00f4te d&#039;Ivoire<\/title>\n<meta name=\"description\" content=\"Archange communication m\u00e9dia a organis\u00e9, l\u2019\u00e9dition sp\u00e9ciale de la c\u00e9r\u00e9monie de distinction des (BACIM 2021), le samedi 1 ...\" \/>\n<meta name=\"robots\" content=\"index, follow, max-snippet:-1, max-image-preview:large, max-video-preview:-1\" \/>\n<link rel=\"canonical\" href=\"https:\/\/www.africa-press.net\/cotedivoire\/culture-et-art\/florence-ahou-traore-distinguee-au-batisseurs-de-la-cote-divoire-moderne-bacim-2021\" \/>\n<meta property=\"og:locale\" content=\"fr_FR\" \/>\n<meta property=\"og:type\" content=\"article\" \/>\n<meta property=\"og:title\" content=\"Florence Ahou Traor\u00e9 distingu\u00e9e au B\u00e2tisseurs de la C\u00f4te-d\u2019Ivoire moderne  (Bacim 2021)\" \/>\n<meta property=\"og:description\" content=\"Archange communication m\u00e9dia a organis\u00e9, l\u2019\u00e9dition sp\u00e9ciale de la c\u00e9r\u00e9monie de distinction des (BACIM 2021), le samedi 1 ...\" \/>\n<meta property=\"og:url\" content=\"https:\/\/www.africa-press.net\/cotedivoire\/culture-et-art\/florence-ahou-traore-distinguee-au-batisseurs-de-la-cote-divoire-moderne-bacim-2021\" \/>\n<meta property=\"og:site_name\" content=\"C\u00f4te d&#039;Ivoire\" \/>\n<meta property=\"article:published_time\" content=\"2021-07-14T15:50:53+00:00\" \/>\n<meta property=\"article:modified_time\" content=\"2021-07-15T18:47:26+00:00\" \/>\n<meta property=\"og:image\" content=\"https:\/\/static.africa-press.net\/cote\/sites\/43\/2021\/07\/img-60ef07156d83f.jpg\" \/>\n\t<meta property=\"og:image:width\" content=\"1080\" \/>\n\t<meta property=\"og:image:height\" content=\"720\" \/>\n\t<meta property=\"og:image:type\" content=\"image\/jpeg\" \/>\n<meta name=\"author\" content=\"cfeditorfr\" \/>\n<meta name=\"twitter:card\" content=\"summary_large_image\" \/>\n<meta name=\"twitter:label1\" content=\"\u00c9crit par\" \/>\n\t<meta name=\"twitter:data1\" content=\"cfeditorfr\" \/>\n\t<meta name=\"twitter:label2\" content=\"Dur\u00e9e de lecture estim\u00e9e\" \/>\n\t<meta name=\"twitter:data2\" content=\"2 minutes\" \/>\n<script type=\"application\/ld+json\" class=\"yoast-schema-graph\">{\"@context\":\"https:\/\/schema.org\",\"@graph\":[{\"@type\":\"Article\",\"@id\":\"https:\/\/www.africa-press.net\/cotedivoire\/culture-et-art\/florence-ahou-traore-distinguee-au-batisseurs-de-la-cote-divoire-moderne-bacim-2021#article\",\"isPartOf\":{\"@id\":\"https:\/\/www.africa-press.net\/cotedivoire\/culture-et-art\/florence-ahou-traore-distinguee-au-batisseurs-de-la-cote-divoire-moderne-bacim-2021\"},\"author\":{\"name\":\"cfeditorfr\",\"@id\":\"https:\/\/www.africa-press.net\/cotedivoire\/#\/schema\/person\/2b1cf3cd81a31e3cd26889ca66d677f1\"},\"headline\":\"Florence Ahou Traor\u00e9 distingu\u00e9e au B\u00e2tisseurs de la C\u00f4te-d\u2019Ivoire moderne (Bacim 2021)\",\"datePublished\":\"2021-07-14T15:50:53+00:00\",\"dateModified\":\"2021-07-15T18:47:26+00:00\",\"mainEntityOfPage\":{\"@id\":\"https:\/\/www.africa-press.net\/cotedivoire\/culture-et-art\/florence-ahou-traore-distinguee-au-batisseurs-de-la-cote-divoire-moderne-bacim-2021\"},\"wordCount\":299,\"commentCount\":0,\"image\":{\"@id\":\"https:\/\/www.africa-press.net\/cotedivoire\/culture-et-art\/florence-ahou-traore-distinguee-au-batisseurs-de-la-cote-divoire-moderne-bacim-2021#primaryimage\"},\"thumbnailUrl\":\"https:\/\/static.africa-press.net\/cote\/sites\/43\/2021\/07\/img-60ef07156d83f.jpg\",\"keywords\":[\"Africa Press\",\"Africa Press-C\u00f4te d'Ivoire\",\"C\u00d4TE D'IVOIRE\"],\"articleSection\":[\"Culture et Art\",\"homepage-french\",\"Toutes les actualit\u00e9s\"],\"inLanguage\":\"fr-FR\",\"potentialAction\":[{\"@type\":\"CommentAction\",\"name\":\"Comment\",\"target\":[\"https:\/\/www.africa-press.net\/cotedivoire\/culture-et-art\/florence-ahou-traore-distinguee-au-batisseurs-de-la-cote-divoire-moderne-bacim-2021#respond\"]}]},{\"@type\":\"WebPage\",\"@id\":\"https:\/\/www.africa-press.net\/cotedivoire\/culture-et-art\/florence-ahou-traore-distinguee-au-batisseurs-de-la-cote-divoire-moderne-bacim-2021\",\"url\":\"https:\/\/www.africa-press.net\/cotedivoire\/culture-et-art\/florence-ahou-traore-distinguee-au-batisseurs-de-la-cote-divoire-moderne-bacim-2021\",\"name\":\"Florence Ahou Traor\u00e9 distingu\u00e9e au B\u00e2tisseurs de la C\u00f4te-d\u2019Ivoire moderne (Bacim 2021) - C\u00f4te d&#039;Ivoire\",\"isPartOf\":{\"@id\":\"https:\/\/www.africa-press.net\/cotedivoire\/#website\"},\"primaryImageOfPage\":{\"@id\":\"https:\/\/www.africa-press.net\/cotedivoire\/culture-et-art\/florence-ahou-traore-distinguee-au-batisseurs-de-la-cote-divoire-moderne-bacim-2021#primaryimage\"},\"image\":{\"@id\":\"https:\/\/www.africa-press.net\/cotedivoire\/culture-et-art\/florence-ahou-traore-distinguee-au-batisseurs-de-la-cote-divoire-moderne-bacim-2021#primaryimage\"},\"thumbnailUrl\":\"https:\/\/static.africa-press.net\/cote\/sites\/43\/2021\/07\/img-60ef07156d83f.jpg\",\"datePublished\":\"2021-07-14T15:50:53+00:00\",\"dateModified\":\"2021-07-15T18:47:26+00:00\",\"author\":{\"@id\":\"https:\/\/www.africa-press.net\/cotedivoire\/#\/schema\/person\/2b1cf3cd81a31e3cd26889ca66d677f1\"},\"description\":\"Archange communication m\u00e9dia a organis\u00e9, l\u2019\u00e9dition sp\u00e9ciale de la c\u00e9r\u00e9monie de distinction des (BACIM 2021), le samedi 1 ...\",\"breadcrumb\":{\"@id\":\"https:\/\/www.africa-press.net\/cotedivoire\/culture-et-art\/florence-ahou-traore-distinguee-au-batisseurs-de-la-cote-divoire-moderne-bacim-2021#breadcrumb\"},\"inLanguage\":\"fr-FR\",\"potentialAction\":[{\"@type\":\"ReadAction\",\"target\":[\"https:\/\/www.africa-press.net\/cotedivoire\/culture-et-art\/florence-ahou-traore-distinguee-au-batisseurs-de-la-cote-divoire-moderne-bacim-2021\"]}]},{\"@type\":\"ImageObject\",\"inLanguage\":\"fr-FR\",\"@id\":\"https:\/\/www.africa-press.net\/cotedivoire\/culture-et-art\/florence-ahou-traore-distinguee-au-batisseurs-de-la-cote-divoire-moderne-bacim-2021#primaryimage\",\"url\":\"https:\/\/static.africa-press.net\/cote\/sites\/43\/2021\/07\/img-60ef07156d83f.jpg\",\"contentUrl\":\"https:\/\/static.africa-press.net\/cote\/sites\/43\/2021\/07\/img-60ef07156d83f.jpg\",\"width\":1080,\"height\":720,\"caption\":\"Florence Ahou Traor\u00e9 distingu\u00e9e au B\u00e2tisseurs de la C\u00f4te-d\u2019Ivoire moderne (Bacim 2021)\"},{\"@type\":\"BreadcrumbList\",\"@id\":\"https:\/\/www.africa-press.net\/cotedivoire\/culture-et-art\/florence-ahou-traore-distinguee-au-batisseurs-de-la-cote-divoire-moderne-bacim-2021#breadcrumb\",\"itemListElement\":[{\"@type\":\"ListItem\",\"position\":1,\"name\":\"Accueil\",\"item\":\"https:\/\/www.africa-press.net\/cotedivoire\/\"},{\"@type\":\"ListItem\",\"position\":2,\"name\":\"Florence Ahou Traor\u00e9 distingu\u00e9e au B\u00e2tisseurs de la C\u00f4te-d\u2019Ivoire moderne (Bacim 2021)\"}]},{\"@type\":\"WebSite\",\"@id\":\"https:\/\/www.africa-press.net\/cotedivoire\/#website\",\"url\":\"https:\/\/www.africa-press.net\/cotedivoire\/\",\"name\":\"C\u00f4te d&#039;Ivoire\",\"description\":\"Just another Africa News Agency Sites site\",\"potentialAction\":[{\"@type\":\"SearchAction\",\"target\":{\"@type\":\"EntryPoint\",\"urlTemplate\":\"https:\/\/www.africa-press.net\/cotedivoire\/?s={search_term_string}\"},\"query-input\":{\"@type\":\"PropertyValueSpecification\",\"valueRequired\":true,\"valueName\":\"search_term_string\"}}],\"inLanguage\":\"fr-FR\"},{\"@type\":\"Person\",\"@id\":\"https:\/\/www.africa-press.net\/cotedivoire\/#\/schema\/person\/2b1cf3cd81a31e3cd26889ca66d677f1\",\"name\":\"cfeditorfr\"}]}<\/script>\n<!-- \/ Yoast SEO Premium plugin. -->","yoast_head_json":{"title":"Florence Ahou Traor\u00e9 distingu\u00e9e au B\u00e2tisseurs de la C\u00f4te-d\u2019Ivoire moderne  (Bacim 2021) - C\u00f4te d&#039;Ivoire","description":"Archange communication m\u00e9dia a organis\u00e9, l\u2019\u00e9dition sp\u00e9ciale de la c\u00e9r\u00e9monie de distinction des (BACIM 2021), le samedi 1 ...","robots":{"index":"index","follow":"follow","max-snippet":"max-snippet:-1","max-image-preview":"max-image-preview:large","max-video-preview":"max-video-preview:-1"},"canonical":"https:\/\/www.africa-press.net\/cotedivoire\/culture-et-art\/florence-ahou-traore-distinguee-au-batisseurs-de-la-cote-divoire-moderne-bacim-2021","og_locale":"fr_FR","og_type":"article","og_title":"Florence Ahou Traor\u00e9 distingu\u00e9e au B\u00e2tisseurs de la C\u00f4te-d\u2019Ivoire moderne  (Bacim 2021)","og_description":"Archange communication m\u00e9dia a organis\u00e9, l\u2019\u00e9dition sp\u00e9ciale de la c\u00e9r\u00e9monie de distinction des (BACIM 2021), le samedi 1 ...","og_url":"https:\/\/www.africa-press.net\/cotedivoire\/culture-et-art\/florence-ahou-traore-distinguee-au-batisseurs-de-la-cote-divoire-moderne-bacim-2021","og_site_name":"C\u00f4te d&#039;Ivoire","article_published_time":"2021-07-14T15:50:53+00:00","article_modified_time":"2021-07-15T18:47:26+00:00","og_image":[{"width":1080,"height":720,"url":"https:\/\/static.africa-press.net\/cote\/sites\/43\/2021\/07\/img-60ef07156d83f.jpg","type":"image\/jpeg"}],"author":"cfeditorfr","twitter_card":"summary_large_image","twitter_misc":{"\u00c9crit par":"cfeditorfr","Dur\u00e9e de lecture estim\u00e9e":"2 minutes"},"schema":{"@context":"https:\/\/schema.org","@graph":[{"@type":"Article","@id":"https:\/\/www.africa-press.net\/cotedivoire\/culture-et-art\/florence-ahou-traore-distinguee-au-batisseurs-de-la-cote-divoire-moderne-bacim-2021#article","isPartOf":{"@id":"https:\/\/www.africa-press.net\/cotedivoire\/culture-et-art\/florence-ahou-traore-distinguee-au-batisseurs-de-la-cote-divoire-moderne-bacim-2021"},"author":{"name":"cfeditorfr","@id":"https:\/\/www.africa-press.net\/cotedivoire\/#\/schema\/person\/2b1cf3cd81a31e3cd26889ca66d677f1"},"headline":"Florence Ahou Traor\u00e9 distingu\u00e9e au B\u00e2tisseurs de la C\u00f4te-d\u2019Ivoire moderne (Bacim 2021)","datePublished":"2021-07-14T15:50:53+00:00","dateModified":"2021-07-15T18:47:26+00:00","mainEntityOfPage":{"@id":"https:\/\/www.africa-press.net\/cotedivoire\/culture-et-art\/florence-ahou-traore-distinguee-au-batisseurs-de-la-cote-divoire-moderne-bacim-2021"},"wordCount":299,"commentCount":0,"image":{"@id":"https:\/\/www.africa-press.net\/cotedivoire\/culture-et-art\/florence-ahou-traore-distinguee-au-batisseurs-de-la-cote-divoire-moderne-bacim-2021#primaryimage"},"thumbnailUrl":"https:\/\/static.africa-press.net\/cote\/sites\/43\/2021\/07\/img-60ef07156d83f.jpg","keywords":["Africa Press","Africa Press-C\u00f4te d'Ivoire","C\u00d4TE D'IVOIRE"],"articleSection":["Culture et Art","homepage-french","Toutes les actualit\u00e9s"],"inLanguage":"fr-FR","potentialAction":[{"@type":"CommentAction","name":"Comment","target":["https:\/\/www.africa-press.net\/cotedivoire\/culture-et-art\/florence-ahou-traore-distinguee-au-batisseurs-de-la-cote-divoire-moderne-bacim-2021#respond"]}]},{"@type":"WebPage","@id":"https:\/\/www.africa-press.net\/cotedivoire\/culture-et-art\/florence-ahou-traore-distinguee-au-batisseurs-de-la-cote-divoire-moderne-bacim-2021","url":"https:\/\/www.africa-press.net\/cotedivoire\/culture-et-art\/florence-ahou-traore-distinguee-au-batisseurs-de-la-cote-divoire-moderne-bacim-2021","name":"Florence Ahou Traor\u00e9 distingu\u00e9e au B\u00e2tisseurs de la C\u00f4te-d\u2019Ivoire moderne (Bacim 2021) - C\u00f4te d&#039;Ivoire","isPartOf":{"@id":"https:\/\/www.africa-press.net\/cotedivoire\/#website"},"primaryImageOfPage":{"@id":"https:\/\/www.africa-press.net\/cotedivoire\/culture-et-art\/florence-ahou-traore-distinguee-au-batisseurs-de-la-cote-divoire-moderne-bacim-2021#primaryimage"},"image":{"@id":"https:\/\/www.africa-press.net\/cotedivoire\/culture-et-art\/florence-ahou-traore-distinguee-au-batisseurs-de-la-cote-divoire-moderne-bacim-2021#primaryimage"},"thumbnailUrl":"https:\/\/static.africa-press.net\/cote\/sites\/43\/2021\/07\/img-60ef07156d83f.jpg","datePublished":"2021-07-14T15:50:53+00:00","dateModified":"2021-07-15T18:47:26+00:00","author":{"@id":"https:\/\/www.africa-press.net\/cotedivoire\/#\/schema\/person\/2b1cf3cd81a31e3cd26889ca66d677f1"},"description":"Archange communication m\u00e9dia a organis\u00e9, l\u2019\u00e9dition sp\u00e9ciale de la c\u00e9r\u00e9monie de distinction des (BACIM 2021), le samedi 1 ...","breadcrumb":{"@id":"https:\/\/www.africa-press.net\/cotedivoire\/culture-et-art\/florence-ahou-traore-distinguee-au-batisseurs-de-la-cote-divoire-moderne-bacim-2021#breadcrumb"},"inLanguage":"fr-FR","potentialAction":[{"@type":"ReadAction","target":["https:\/\/www.africa-press.net\/cotedivoire\/culture-et-art\/florence-ahou-traore-distinguee-au-batisseurs-de-la-cote-divoire-moderne-bacim-2021"]}]},{"@type":"ImageObject","inLanguage":"fr-FR","@id":"https:\/\/www.africa-press.net\/cotedivoire\/culture-et-art\/florence-ahou-traore-distinguee-au-batisseurs-de-la-cote-divoire-moderne-bacim-2021#primaryimage","url":"https:\/\/static.africa-press.net\/cote\/sites\/43\/2021\/07\/img-60ef07156d83f.jpg","contentUrl":"https:\/\/static.africa-press.net\/cote\/sites\/43\/2021\/07\/img-60ef07156d83f.jpg","width":1080,"height":720,"caption":"Florence Ahou Traor\u00e9 distingu\u00e9e au B\u00e2tisseurs de la C\u00f4te-d\u2019Ivoire moderne (Bacim 2021)"},{"@type":"BreadcrumbList","@id":"https:\/\/www.africa-press.net\/cotedivoire\/culture-et-art\/florence-ahou-traore-distinguee-au-batisseurs-de-la-cote-divoire-moderne-bacim-2021#breadcrumb","itemListElement":[{"@type":"ListItem","position":1,"name":"Accueil","item":"https:\/\/www.africa-press.net\/cotedivoire\/"},{"@type":"ListItem","position":2,"name":"Florence Ahou Traor\u00e9 distingu\u00e9e au B\u00e2tisseurs de la C\u00f4te-d\u2019Ivoire moderne (Bacim 2021)"}]},{"@type":"WebSite","@id":"https:\/\/www.africa-press.net\/cotedivoire\/#website","url":"https:\/\/www.africa-press.net\/cotedivoire\/","name":"C\u00f4te d&#039;Ivoire","description":"Just another Africa News Agency Sites site","potentialAction":[{"@type":"SearchAction","target":{"@type":"EntryPoint","urlTemplate":"https:\/\/www.africa-press.net\/cotedivoire\/?s={search_term_string}"},"query-input":{"@type":"PropertyValueSpecification","valueRequired":true,"valueName":"search_term_string"}}],"inLanguage":"fr-FR"},{"@type":"Person","@id":"https:\/\/www.africa-press.net\/cotedivoire\/#\/schema\/person\/2b1cf3cd81a31e3cd26889ca66d677f1","name":"cfeditorfr"}]}},"_links":{"self":[{"href":"https:\/\/www.africa-press.net\/cotedivoire\/wp-json\/wp\/v2\/posts\/9920","targetHints":{"allow":["GET"]}}],"collection":[{"href":"https:\/\/www.africa-press.net\/cotedivoire\/wp-json\/wp\/v2\/posts"}],"about":[{"href":"https:\/\/www.africa-press.net\/cotedivoire\/wp-json\/wp\/v2\/types\/post"}],"author":[{"embeddable":true,"href":"https:\/\/www.africa-press.net\/cotedivoire\/wp-json\/wp\/v2\/users\/82"}],"replies":[{"embeddable":true,"href":"https:\/\/www.africa-press.net\/cotedivoire\/wp-json\/wp\/v2\/comments?post=9920"}],"version-history":[{"count":0,"href":"https:\/\/www.africa-press.net\/cotedivoire\/wp-json\/wp\/v2\/posts\/9920\/revisions"}],"wp:featuredmedia":[{"embeddable":true,"href":"https:\/\/www.africa-press.net\/cotedivoire\/wp-json\/wp\/v2\/media\/9919"}],"wp:attachment":[{"href":"https:\/\/www.africa-press.net\/cotedivoire\/wp-json\/wp\/v2\/media?parent=9920"}],"wp:term":[{"taxonomy":"category","embeddable":true,"href":"https:\/\/www.africa-press.net\/cotedivoire\/wp-json\/wp\/v2\/categories?post=9920"},{"taxonomy":"post_tag","embeddable":true,"href":"https:\/\/www.africa-press.net\/cotedivoire\/wp-json\/wp\/v2\/tags?post=9920"}],"curies":[{"name":"wp","href":"https:\/\/api.w.org\/{rel}","templated":true}]}}