{"id":9923,"date":"2021-07-14T16:00:28","date_gmt":"2021-07-14T16:00:28","guid":{"rendered":"https:\/\/www.africa-press.net\/cotedivoire\/?p=9923"},"modified":"2021-07-15T18:47:37","modified_gmt":"2021-07-15T18:47:37","slug":"declaration-du-front-populaire-ivoirien-fpi-apres-le-refus-du-garde-des-sceaux-dautoriser-la-visite-de-gbagbo-aux-prisonniers-politiques","status":"publish","type":"post","link":"https:\/\/www.africa-press.net\/cotedivoire\/politique\/declaration-du-front-populaire-ivoirien-fpi-apres-le-refus-du-garde-des-sceaux-dautoriser-la-visite-de-gbagbo-aux-prisonniers-politiques","title":{"rendered":"D\u00e9claration du Front Populaire Ivoirien (FPI) apr\u00e8s le refus du garde des Sceaux d\u2019autoriser la \u00ab\u00a0visite de Gbagbo aux prisonniers politiques\u00a0\u00bb"},"content":{"rendered":"<p><span style=\"color: #ff6600\"><strong><a href=\"https:\/\/www.africa-press.net\/\">Africa-Press<\/a> &#8211; <a href=\"https:\/\/www.africa-press.net\/cotedivoire\">C\u00f4te d&rsquo;Ivoire<\/a>. <\/strong><\/span>1. Le vendredi 02 juillet 2021, le pr\u00e9sident Laurent Gbagbo, par un communiqu\u00e9 sign\u00e9 de son Porte parole, le Ministre Justin Katinan Kon\u00e9, annon\u00e7ait son intention de rendre visite aux prisonniers d\u2019opinion de toute sensibilit\u00e9s politique, d\u00e8s son retour de voyage en R\u00e9publique D\u00e9mocratique du Congo (RDC) ;<\/p>\n<p>2. Le pr\u00e9sident Laurent Gbagbo avait, \u00e0 cet effet, instruit ses collaborateurs \u00e0 l\u2019effet de n\u00e9gocier, pour son compte, avec les autorit\u00e9s comp\u00e9tentes des conditions desdites visites ;<\/p>\n<p>3. Le 06 juillet 2021, le docteur Assoa Adou, Charg\u00e9 de l\u2019organisation du retour du pr\u00e9sident Laurent Gbagbo, a adress\u00e9 un courrier de demande d\u2019audience au Garde des Sceaux, Ministre de la Justice et des Droits de l\u2019Homme, afin de discuter avec lui des conditions de la visite du pr\u00e9sident Laurent Gbagbo aux prisonniers de la crise de 2011 et ceux des autres crises qui ont suivi ;<\/p>\n<p>4. Le 09 juillet 2021, le Garde des Sceaux, Ministre de la Justice et des Droits de l\u2019Homme, en r\u00e9ponse au docteur Assoa Adou, \u00e9crit : \u00ab En tout \u00e9tat de cause et relativement \u00e0 votre demande, j\u2019ai le regret de vous faire connaitre que pour des raisons d\u2019ordre s\u00e9curitaire, les maisons d\u2019arr\u00eat ne sauraient accueillir de visites de personnalit\u00e9s politiques \u00bb ;<\/p>\n<p>5. Le Front Populaire Ivoirien, prenant acte du refus cat\u00e9gorique du Garde des Sceaux de la demande du pr\u00e9sident Laurent Gbagbo de rendre visite aux prisonniers d\u2019opinion, regrette cependant que les raisons de ce refus reposent sur des arguments s\u00e9curitaires alors m\u00eame qu\u2019il appartient au Gouvernement de prendre les dispositions n\u00e9cessaires pour assurer la s\u00e9curit\u00e9 de la personnalit\u00e9 politique qui rend visite ainsi que celle des prisonniers visit\u00e9s ;<\/p>\n<p>6. Le Front Populaire Ivoirien rappelle que les prisonniers, quels qu\u2019ils soient, ont des droits garantis par la loi, dont celui de recevoir visite et assistance ;<\/p>\n<p>7. Le Front Populaire Ivoirien consid\u00e8re que le refus du Garde des Sceaux est une violation flagrante des droits reconnus aux prisonniers et d\u00e9nonce vigoureusement cette injustice faite \u00e0 la fois aux prisonniers d\u2019opinion et au pr\u00e9sident Laurent Gbagbo qui ne demande qu\u2019\u00e0 t\u00e9moigner de sa solidarit\u00e9 aux personnes d\u00e9tenues dont certaines depuis plus d\u2019une d\u00e9cennie ;<\/p>\n<p>8. Le Front Populaire Ivoirien tient \u00e0 pr\u00e9ciser que la volont\u00e9 du pr\u00e9sident Laurent Gbagbo de rendre visite aux prisonniers politiques s\u2019inscrit dans sa d\u00e9marche qui consiste \u00e0 apaiser les uns et les autres et \u00e0 les rassurer de son engagement r\u00e9solu sur la voie de la r\u00e9conciliation qui passe n\u00e9cessairement par un dialogue national entre toutes les filles et tous les fils de C\u00f4te d\u2019Ivoire ;<\/p>\n<p>9. Le Front Populaire Ivoirien rappelle encore au Gouvernement que la lib\u00e9ration de tous les prisonniers politiques, civils et militaires, est une condition n\u00e9cessaire dans la recherche de la r\u00e9conciliation nationale et de la paix que le peuple ivoirien appelle de tous ses v\u0153ux.<\/p>\n<p>&nbsp;<\/p>\n","protected":false},"excerpt":{"rendered":"<p>Africa-Press &#8211; C\u00f4te d&rsquo;Ivoire. 1. Le vendredi 02 juillet 2021, le pr\u00e9sident Laurent Gbagbo, par un communiqu\u00e9 sign\u00e9 de son Porte parole, le Ministre Justin Katinan Kon\u00e9, annon\u00e7ait son intention de rendre visite aux prisonniers d\u2019opinion de toute sensibilit\u00e9s politique, d\u00e8s son retour de voyage en R\u00e9publique D\u00e9mocratique du Congo (RDC) ; 2. Le pr\u00e9sident [&hellip;]<\/p>\n","protected":false},"author":82,"featured_media":9922,"comment_status":"open","ping_status":"closed","sticky":false,"template":"","format":"standard","meta":{"footnotes":""},"categories":[11,2,20,10],"tags":[56,63,29],"class_list":["post-9923","post","type-post","status-publish","format-standard","has-post-thumbnail","hentry","category-homepage-french","category-politique","category-top-nouvelles","category-toutes-les-actualites","tag-africa-press","tag-africa-press-cote-divoire","tag-cote-divoire"],"yoast_head":"<!-- This site is optimized with the Yoast SEO Premium plugin v26.1 (Yoast SEO v27.0) - https:\/\/yoast.com\/product\/yoast-seo-premium-wordpress\/ -->\n<title>D\u00e9claration du Front Populaire Ivoirien (FPI) apr\u00e8s le refus du garde des Sceaux d\u2019autoriser la \u00ab\u00a0visite de Gbagbo aux prisonniers politiques\u00a0\u00bb - C\u00f4te d&#039;Ivoire<\/title>\n<meta name=\"description\" content=\"1. Le vendredi 02 juillet 2021, le pr\u00e9sident Laurent Gbagbo, par un communiqu\u00e9 sign\u00e9 de son Porte parole, le Ministre Ju ...\" \/>\n<meta name=\"robots\" content=\"index, follow, max-snippet:-1, max-image-preview:large, max-video-preview:-1\" \/>\n<link rel=\"canonical\" href=\"https:\/\/www.africa-press.net\/cotedivoire\/politique\/declaration-du-front-populaire-ivoirien-fpi-apres-le-refus-du-garde-des-sceaux-dautoriser-la-visite-de-gbagbo-aux-prisonniers-politiques\" \/>\n<meta property=\"og:locale\" content=\"fr_FR\" \/>\n<meta property=\"og:type\" content=\"article\" \/>\n<meta property=\"og:title\" content=\"D\u00e9claration du Front Populaire Ivoirien (FPI) apr\u00e8s le refus du garde des Sceaux d\u2019autoriser la \u00ab\u00a0visite de Gbagbo aux prisonniers politiques\u00a0\u00bb\" \/>\n<meta property=\"og:description\" content=\"1. Le vendredi 02 juillet 2021, le pr\u00e9sident Laurent Gbagbo, par un communiqu\u00e9 sign\u00e9 de son Porte parole, le Ministre Ju ...\" \/>\n<meta property=\"og:url\" content=\"https:\/\/www.africa-press.net\/cotedivoire\/politique\/declaration-du-front-populaire-ivoirien-fpi-apres-le-refus-du-garde-des-sceaux-dautoriser-la-visite-de-gbagbo-aux-prisonniers-politiques\" \/>\n<meta property=\"og:site_name\" content=\"C\u00f4te d&#039;Ivoire\" \/>\n<meta property=\"article:published_time\" content=\"2021-07-14T16:00:28+00:00\" \/>\n<meta property=\"article:modified_time\" content=\"2021-07-15T18:47:37+00:00\" \/>\n<meta property=\"og:image\" content=\"https:\/\/static.africa-press.net\/cote\/sites\/43\/2021\/07\/img-60ef07b61e5c0.jpg\" \/>\n\t<meta property=\"og:image:width\" content=\"1080\" \/>\n\t<meta property=\"og:image:height\" content=\"606\" \/>\n\t<meta property=\"og:image:type\" content=\"image\/jpeg\" \/>\n<meta name=\"author\" content=\"cfeditorfr\" \/>\n<meta name=\"twitter:card\" content=\"summary_large_image\" \/>\n<meta name=\"twitter:label1\" content=\"\u00c9crit par\" \/>\n\t<meta name=\"twitter:data1\" content=\"cfeditorfr\" \/>\n\t<meta name=\"twitter:label2\" content=\"Dur\u00e9e de lecture estim\u00e9e\" \/>\n\t<meta name=\"twitter:data2\" content=\"3 minutes\" \/>\n<script type=\"application\/ld+json\" class=\"yoast-schema-graph\">{\"@context\":\"https:\/\/schema.org\",\"@graph\":[{\"@type\":\"Article\",\"@id\":\"https:\/\/www.africa-press.net\/cotedivoire\/politique\/declaration-du-front-populaire-ivoirien-fpi-apres-le-refus-du-garde-des-sceaux-dautoriser-la-visite-de-gbagbo-aux-prisonniers-politiques#article\",\"isPartOf\":{\"@id\":\"https:\/\/www.africa-press.net\/cotedivoire\/politique\/declaration-du-front-populaire-ivoirien-fpi-apres-le-refus-du-garde-des-sceaux-dautoriser-la-visite-de-gbagbo-aux-prisonniers-politiques\"},\"author\":{\"name\":\"cfeditorfr\",\"@id\":\"https:\/\/www.africa-press.net\/cotedivoire\/#\/schema\/person\/2b1cf3cd81a31e3cd26889ca66d677f1\"},\"headline\":\"D\u00e9claration du Front Populaire Ivoirien (FPI) apr\u00e8s le refus du garde des Sceaux d\u2019autoriser la \u00ab\u00a0visite de Gbagbo aux prisonniers politiques\u00a0\u00bb\",\"datePublished\":\"2021-07-14T16:00:28+00:00\",\"dateModified\":\"2021-07-15T18:47:37+00:00\",\"mainEntityOfPage\":{\"@id\":\"https:\/\/www.africa-press.net\/cotedivoire\/politique\/declaration-du-front-populaire-ivoirien-fpi-apres-le-refus-du-garde-des-sceaux-dautoriser-la-visite-de-gbagbo-aux-prisonniers-politiques\"},\"wordCount\":524,\"commentCount\":0,\"image\":{\"@id\":\"https:\/\/www.africa-press.net\/cotedivoire\/politique\/declaration-du-front-populaire-ivoirien-fpi-apres-le-refus-du-garde-des-sceaux-dautoriser-la-visite-de-gbagbo-aux-prisonniers-politiques#primaryimage\"},\"thumbnailUrl\":\"https:\/\/static.africa-press.net\/cote\/sites\/43\/2021\/07\/img-60ef07b61e5c0.jpg\",\"keywords\":[\"Africa Press\",\"Africa Press-C\u00f4te d'Ivoire\",\"C\u00d4TE D'IVOIRE\"],\"articleSection\":[\"homepage-french\",\"Politique\",\"Top Nouvelles\",\"Toutes les actualit\u00e9s\"],\"inLanguage\":\"fr-FR\",\"potentialAction\":[{\"@type\":\"CommentAction\",\"name\":\"Comment\",\"target\":[\"https:\/\/www.africa-press.net\/cotedivoire\/politique\/declaration-du-front-populaire-ivoirien-fpi-apres-le-refus-du-garde-des-sceaux-dautoriser-la-visite-de-gbagbo-aux-prisonniers-politiques#respond\"]}]},{\"@type\":\"WebPage\",\"@id\":\"https:\/\/www.africa-press.net\/cotedivoire\/politique\/declaration-du-front-populaire-ivoirien-fpi-apres-le-refus-du-garde-des-sceaux-dautoriser-la-visite-de-gbagbo-aux-prisonniers-politiques\",\"url\":\"https:\/\/www.africa-press.net\/cotedivoire\/politique\/declaration-du-front-populaire-ivoirien-fpi-apres-le-refus-du-garde-des-sceaux-dautoriser-la-visite-de-gbagbo-aux-prisonniers-politiques\",\"name\":\"D\u00e9claration du Front Populaire Ivoirien (FPI) apr\u00e8s le refus du garde des Sceaux d\u2019autoriser la \u00ab\u00a0visite de Gbagbo aux prisonniers politiques\u00a0\u00bb - C\u00f4te d&#039;Ivoire\",\"isPartOf\":{\"@id\":\"https:\/\/www.africa-press.net\/cotedivoire\/#website\"},\"primaryImageOfPage\":{\"@id\":\"https:\/\/www.africa-press.net\/cotedivoire\/politique\/declaration-du-front-populaire-ivoirien-fpi-apres-le-refus-du-garde-des-sceaux-dautoriser-la-visite-de-gbagbo-aux-prisonniers-politiques#primaryimage\"},\"image\":{\"@id\":\"https:\/\/www.africa-press.net\/cotedivoire\/politique\/declaration-du-front-populaire-ivoirien-fpi-apres-le-refus-du-garde-des-sceaux-dautoriser-la-visite-de-gbagbo-aux-prisonniers-politiques#primaryimage\"},\"thumbnailUrl\":\"https:\/\/static.africa-press.net\/cote\/sites\/43\/2021\/07\/img-60ef07b61e5c0.jpg\",\"datePublished\":\"2021-07-14T16:00:28+00:00\",\"dateModified\":\"2021-07-15T18:47:37+00:00\",\"author\":{\"@id\":\"https:\/\/www.africa-press.net\/cotedivoire\/#\/schema\/person\/2b1cf3cd81a31e3cd26889ca66d677f1\"},\"description\":\"1. Le vendredi 02 juillet 2021, le pr\u00e9sident Laurent Gbagbo, par un communiqu\u00e9 sign\u00e9 de son Porte parole, le Ministre Ju ...\",\"breadcrumb\":{\"@id\":\"https:\/\/www.africa-press.net\/cotedivoire\/politique\/declaration-du-front-populaire-ivoirien-fpi-apres-le-refus-du-garde-des-sceaux-dautoriser-la-visite-de-gbagbo-aux-prisonniers-politiques#breadcrumb\"},\"inLanguage\":\"fr-FR\",\"potentialAction\":[{\"@type\":\"ReadAction\",\"target\":[\"https:\/\/www.africa-press.net\/cotedivoire\/politique\/declaration-du-front-populaire-ivoirien-fpi-apres-le-refus-du-garde-des-sceaux-dautoriser-la-visite-de-gbagbo-aux-prisonniers-politiques\"]}]},{\"@type\":\"ImageObject\",\"inLanguage\":\"fr-FR\",\"@id\":\"https:\/\/www.africa-press.net\/cotedivoire\/politique\/declaration-du-front-populaire-ivoirien-fpi-apres-le-refus-du-garde-des-sceaux-dautoriser-la-visite-de-gbagbo-aux-prisonniers-politiques#primaryimage\",\"url\":\"https:\/\/static.africa-press.net\/cote\/sites\/43\/2021\/07\/img-60ef07b61e5c0.jpg\",\"contentUrl\":\"https:\/\/static.africa-press.net\/cote\/sites\/43\/2021\/07\/img-60ef07b61e5c0.jpg\",\"width\":1080,\"height\":606,\"caption\":\"D\u00e9claration du Front Populaire Ivoirien (FPI) apr\u00e8s le refus du garde des Sceaux d\u2019autoriser la \u00ab\u00a0visite de Gbagbo aux prisonniers politiques\u00a0\u00bb\"},{\"@type\":\"BreadcrumbList\",\"@id\":\"https:\/\/www.africa-press.net\/cotedivoire\/politique\/declaration-du-front-populaire-ivoirien-fpi-apres-le-refus-du-garde-des-sceaux-dautoriser-la-visite-de-gbagbo-aux-prisonniers-politiques#breadcrumb\",\"itemListElement\":[{\"@type\":\"ListItem\",\"position\":1,\"name\":\"Accueil\",\"item\":\"https:\/\/www.africa-press.net\/cotedivoire\/\"},{\"@type\":\"ListItem\",\"position\":2,\"name\":\"D\u00e9claration du Front Populaire Ivoirien (FPI) apr\u00e8s le refus du garde des Sceaux d\u2019autoriser la \u00ab\u00a0visite de Gbagbo aux prisonniers politiques\u00a0\u00bb\"}]},{\"@type\":\"WebSite\",\"@id\":\"https:\/\/www.africa-press.net\/cotedivoire\/#website\",\"url\":\"https:\/\/www.africa-press.net\/cotedivoire\/\",\"name\":\"C\u00f4te d&#039;Ivoire\",\"description\":\"Just another Africa News Agency Sites site\",\"potentialAction\":[{\"@type\":\"SearchAction\",\"target\":{\"@type\":\"EntryPoint\",\"urlTemplate\":\"https:\/\/www.africa-press.net\/cotedivoire\/?s={search_term_string}\"},\"query-input\":{\"@type\":\"PropertyValueSpecification\",\"valueRequired\":true,\"valueName\":\"search_term_string\"}}],\"inLanguage\":\"fr-FR\"},{\"@type\":\"Person\",\"@id\":\"https:\/\/www.africa-press.net\/cotedivoire\/#\/schema\/person\/2b1cf3cd81a31e3cd26889ca66d677f1\",\"name\":\"cfeditorfr\"}]}<\/script>\n<!-- \/ Yoast SEO Premium plugin. -->","yoast_head_json":{"title":"D\u00e9claration du Front Populaire Ivoirien (FPI) apr\u00e8s le refus du garde des Sceaux d\u2019autoriser la \u00ab\u00a0visite de Gbagbo aux prisonniers politiques\u00a0\u00bb - C\u00f4te d&#039;Ivoire","description":"1. Le vendredi 02 juillet 2021, le pr\u00e9sident Laurent Gbagbo, par un communiqu\u00e9 sign\u00e9 de son Porte parole, le Ministre Ju ...","robots":{"index":"index","follow":"follow","max-snippet":"max-snippet:-1","max-image-preview":"max-image-preview:large","max-video-preview":"max-video-preview:-1"},"canonical":"https:\/\/www.africa-press.net\/cotedivoire\/politique\/declaration-du-front-populaire-ivoirien-fpi-apres-le-refus-du-garde-des-sceaux-dautoriser-la-visite-de-gbagbo-aux-prisonniers-politiques","og_locale":"fr_FR","og_type":"article","og_title":"D\u00e9claration du Front Populaire Ivoirien (FPI) apr\u00e8s le refus du garde des Sceaux d\u2019autoriser la \u00ab\u00a0visite de Gbagbo aux prisonniers politiques\u00a0\u00bb","og_description":"1. Le vendredi 02 juillet 2021, le pr\u00e9sident Laurent Gbagbo, par un communiqu\u00e9 sign\u00e9 de son Porte parole, le Ministre Ju ...","og_url":"https:\/\/www.africa-press.net\/cotedivoire\/politique\/declaration-du-front-populaire-ivoirien-fpi-apres-le-refus-du-garde-des-sceaux-dautoriser-la-visite-de-gbagbo-aux-prisonniers-politiques","og_site_name":"C\u00f4te d&#039;Ivoire","article_published_time":"2021-07-14T16:00:28+00:00","article_modified_time":"2021-07-15T18:47:37+00:00","og_image":[{"width":1080,"height":606,"url":"https:\/\/static.africa-press.net\/cote\/sites\/43\/2021\/07\/img-60ef07b61e5c0.jpg","type":"image\/jpeg"}],"author":"cfeditorfr","twitter_card":"summary_large_image","twitter_misc":{"\u00c9crit par":"cfeditorfr","Dur\u00e9e de lecture estim\u00e9e":"3 minutes"},"schema":{"@context":"https:\/\/schema.org","@graph":[{"@type":"Article","@id":"https:\/\/www.africa-press.net\/cotedivoire\/politique\/declaration-du-front-populaire-ivoirien-fpi-apres-le-refus-du-garde-des-sceaux-dautoriser-la-visite-de-gbagbo-aux-prisonniers-politiques#article","isPartOf":{"@id":"https:\/\/www.africa-press.net\/cotedivoire\/politique\/declaration-du-front-populaire-ivoirien-fpi-apres-le-refus-du-garde-des-sceaux-dautoriser-la-visite-de-gbagbo-aux-prisonniers-politiques"},"author":{"name":"cfeditorfr","@id":"https:\/\/www.africa-press.net\/cotedivoire\/#\/schema\/person\/2b1cf3cd81a31e3cd26889ca66d677f1"},"headline":"D\u00e9claration du Front Populaire Ivoirien (FPI) apr\u00e8s le refus du garde des Sceaux d\u2019autoriser la \u00ab\u00a0visite de Gbagbo aux prisonniers politiques\u00a0\u00bb","datePublished":"2021-07-14T16:00:28+00:00","dateModified":"2021-07-15T18:47:37+00:00","mainEntityOfPage":{"@id":"https:\/\/www.africa-press.net\/cotedivoire\/politique\/declaration-du-front-populaire-ivoirien-fpi-apres-le-refus-du-garde-des-sceaux-dautoriser-la-visite-de-gbagbo-aux-prisonniers-politiques"},"wordCount":524,"commentCount":0,"image":{"@id":"https:\/\/www.africa-press.net\/cotedivoire\/politique\/declaration-du-front-populaire-ivoirien-fpi-apres-le-refus-du-garde-des-sceaux-dautoriser-la-visite-de-gbagbo-aux-prisonniers-politiques#primaryimage"},"thumbnailUrl":"https:\/\/static.africa-press.net\/cote\/sites\/43\/2021\/07\/img-60ef07b61e5c0.jpg","keywords":["Africa Press","Africa Press-C\u00f4te d'Ivoire","C\u00d4TE D'IVOIRE"],"articleSection":["homepage-french","Politique","Top Nouvelles","Toutes les actualit\u00e9s"],"inLanguage":"fr-FR","potentialAction":[{"@type":"CommentAction","name":"Comment","target":["https:\/\/www.africa-press.net\/cotedivoire\/politique\/declaration-du-front-populaire-ivoirien-fpi-apres-le-refus-du-garde-des-sceaux-dautoriser-la-visite-de-gbagbo-aux-prisonniers-politiques#respond"]}]},{"@type":"WebPage","@id":"https:\/\/www.africa-press.net\/cotedivoire\/politique\/declaration-du-front-populaire-ivoirien-fpi-apres-le-refus-du-garde-des-sceaux-dautoriser-la-visite-de-gbagbo-aux-prisonniers-politiques","url":"https:\/\/www.africa-press.net\/cotedivoire\/politique\/declaration-du-front-populaire-ivoirien-fpi-apres-le-refus-du-garde-des-sceaux-dautoriser-la-visite-de-gbagbo-aux-prisonniers-politiques","name":"D\u00e9claration du Front Populaire Ivoirien (FPI) apr\u00e8s le refus du garde des Sceaux d\u2019autoriser la \u00ab\u00a0visite de Gbagbo aux prisonniers politiques\u00a0\u00bb - C\u00f4te d&#039;Ivoire","isPartOf":{"@id":"https:\/\/www.africa-press.net\/cotedivoire\/#website"},"primaryImageOfPage":{"@id":"https:\/\/www.africa-press.net\/cotedivoire\/politique\/declaration-du-front-populaire-ivoirien-fpi-apres-le-refus-du-garde-des-sceaux-dautoriser-la-visite-de-gbagbo-aux-prisonniers-politiques#primaryimage"},"image":{"@id":"https:\/\/www.africa-press.net\/cotedivoire\/politique\/declaration-du-front-populaire-ivoirien-fpi-apres-le-refus-du-garde-des-sceaux-dautoriser-la-visite-de-gbagbo-aux-prisonniers-politiques#primaryimage"},"thumbnailUrl":"https:\/\/static.africa-press.net\/cote\/sites\/43\/2021\/07\/img-60ef07b61e5c0.jpg","datePublished":"2021-07-14T16:00:28+00:00","dateModified":"2021-07-15T18:47:37+00:00","author":{"@id":"https:\/\/www.africa-press.net\/cotedivoire\/#\/schema\/person\/2b1cf3cd81a31e3cd26889ca66d677f1"},"description":"1. Le vendredi 02 juillet 2021, le pr\u00e9sident Laurent Gbagbo, par un communiqu\u00e9 sign\u00e9 de son Porte parole, le Ministre Ju ...","breadcrumb":{"@id":"https:\/\/www.africa-press.net\/cotedivoire\/politique\/declaration-du-front-populaire-ivoirien-fpi-apres-le-refus-du-garde-des-sceaux-dautoriser-la-visite-de-gbagbo-aux-prisonniers-politiques#breadcrumb"},"inLanguage":"fr-FR","potentialAction":[{"@type":"ReadAction","target":["https:\/\/www.africa-press.net\/cotedivoire\/politique\/declaration-du-front-populaire-ivoirien-fpi-apres-le-refus-du-garde-des-sceaux-dautoriser-la-visite-de-gbagbo-aux-prisonniers-politiques"]}]},{"@type":"ImageObject","inLanguage":"fr-FR","@id":"https:\/\/www.africa-press.net\/cotedivoire\/politique\/declaration-du-front-populaire-ivoirien-fpi-apres-le-refus-du-garde-des-sceaux-dautoriser-la-visite-de-gbagbo-aux-prisonniers-politiques#primaryimage","url":"https:\/\/static.africa-press.net\/cote\/sites\/43\/2021\/07\/img-60ef07b61e5c0.jpg","contentUrl":"https:\/\/static.africa-press.net\/cote\/sites\/43\/2021\/07\/img-60ef07b61e5c0.jpg","width":1080,"height":606,"caption":"D\u00e9claration du Front Populaire Ivoirien (FPI) apr\u00e8s le refus du garde des Sceaux d\u2019autoriser la \u00ab\u00a0visite de Gbagbo aux prisonniers politiques\u00a0\u00bb"},{"@type":"BreadcrumbList","@id":"https:\/\/www.africa-press.net\/cotedivoire\/politique\/declaration-du-front-populaire-ivoirien-fpi-apres-le-refus-du-garde-des-sceaux-dautoriser-la-visite-de-gbagbo-aux-prisonniers-politiques#breadcrumb","itemListElement":[{"@type":"ListItem","position":1,"name":"Accueil","item":"https:\/\/www.africa-press.net\/cotedivoire\/"},{"@type":"ListItem","position":2,"name":"D\u00e9claration du Front Populaire Ivoirien (FPI) apr\u00e8s le refus du garde des Sceaux d\u2019autoriser la \u00ab\u00a0visite de Gbagbo aux prisonniers politiques\u00a0\u00bb"}]},{"@type":"WebSite","@id":"https:\/\/www.africa-press.net\/cotedivoire\/#website","url":"https:\/\/www.africa-press.net\/cotedivoire\/","name":"C\u00f4te d&#039;Ivoire","description":"Just another Africa News Agency Sites site","potentialAction":[{"@type":"SearchAction","target":{"@type":"EntryPoint","urlTemplate":"https:\/\/www.africa-press.net\/cotedivoire\/?s={search_term_string}"},"query-input":{"@type":"PropertyValueSpecification","valueRequired":true,"valueName":"search_term_string"}}],"inLanguage":"fr-FR"},{"@type":"Person","@id":"https:\/\/www.africa-press.net\/cotedivoire\/#\/schema\/person\/2b1cf3cd81a31e3cd26889ca66d677f1","name":"cfeditorfr"}]}},"_links":{"self":[{"href":"https:\/\/www.africa-press.net\/cotedivoire\/wp-json\/wp\/v2\/posts\/9923","targetHints":{"allow":["GET"]}}],"collection":[{"href":"https:\/\/www.africa-press.net\/cotedivoire\/wp-json\/wp\/v2\/posts"}],"about":[{"href":"https:\/\/www.africa-press.net\/cotedivoire\/wp-json\/wp\/v2\/types\/post"}],"author":[{"embeddable":true,"href":"https:\/\/www.africa-press.net\/cotedivoire\/wp-json\/wp\/v2\/users\/82"}],"replies":[{"embeddable":true,"href":"https:\/\/www.africa-press.net\/cotedivoire\/wp-json\/wp\/v2\/comments?post=9923"}],"version-history":[{"count":0,"href":"https:\/\/www.africa-press.net\/cotedivoire\/wp-json\/wp\/v2\/posts\/9923\/revisions"}],"wp:featuredmedia":[{"embeddable":true,"href":"https:\/\/www.africa-press.net\/cotedivoire\/wp-json\/wp\/v2\/media\/9922"}],"wp:attachment":[{"href":"https:\/\/www.africa-press.net\/cotedivoire\/wp-json\/wp\/v2\/media?parent=9923"}],"wp:term":[{"taxonomy":"category","embeddable":true,"href":"https:\/\/www.africa-press.net\/cotedivoire\/wp-json\/wp\/v2\/categories?post=9923"},{"taxonomy":"post_tag","embeddable":true,"href":"https:\/\/www.africa-press.net\/cotedivoire\/wp-json\/wp\/v2\/tags?post=9923"}],"curies":[{"name":"wp","href":"https:\/\/api.w.org\/{rel}","templated":true}]}}