{"id":99283,"date":"2025-05-18T16:12:11","date_gmt":"2025-05-18T16:12:11","guid":{"rendered":"https:\/\/www.africa-press.net\/cotedivoire\/politique\/songon-abiate-robert-beugre-mambe-appel-a-lunite-pour-transformer-la-region-des-lagunes"},"modified":"2025-05-18T16:23:12","modified_gmt":"2025-05-18T16:23:12","slug":"songon-abiate-robert-beugre-mambe-appel-a-lunite-pour-transformer-la-region-des-lagunes","status":"publish","type":"post","link":"https:\/\/www.africa-press.net\/cotedivoire\/politique\/songon-abiate-robert-beugre-mambe-appel-a-lunite-pour-transformer-la-region-des-lagunes","title":{"rendered":"Songon-Abiat\u00e9, Robert Beugr\u00e9 Mamb\u00e9 appel \u00e0 l&rsquo;unit\u00e9 pour transformer la r\u00e9gion des Lagunes"},"content":{"rendered":"<p><span style=\"color: #ff6600\"><strong>Africa-Press &#8211; C\u00f4te d&rsquo;Ivoire. <\/strong><\/span>Le Premier Ministre, Ministre des Sports et du Cadre de Vie, Robert Beugre\u0301 Mambe\u0301, a lance\u0301 un appel fort a\u0300 l\u2019unite\u0301 et a\u0300 la synergie entre les populations et les cadres de la re\u0301gion des Lagunes afin d\u2019acce\u0301le\u0301rer le de\u0301veloppement local. C\u2019e\u0301tait a\u0300 l\u2019occasion d\u2019une rencontre fraternelle avec la communaute\u0301 Ahizi, organise\u0301e ce samedi a\u0300 Songon-Abiate\u0301.<\/p>\n<p>Dans un discours empreint d\u2019espoir et d\u2019engagement, le Chef du Gouvernement a souligne\u0301 l\u2019importance de la cohe\u0301sion sociale pour attirer les investissements.<\/p>\n<p>\u00ab Si nous sommes unis et que nous travaillons ensemble avec les cadres, nous pourrons attirer de grands investisseurs. Nous allons nous appuyer sur le ministre-gouverneur pour faire venir ces acteurs e\u0301conomiques dans cette belle re\u0301gion au fort potentiel touristique \u00bb, a-t-il de\u0301clare\u0301, mettant en avant les atouts naturels et humains de la re\u0301gion.<\/p>\n<p>Robert Beugre\u0301 Mambe\u0301 a salue\u0301 la beaute\u0301 du paysage local, la proprete\u0301 de la lagune, ainsi que l\u2019hospitalite\u0301 des populations. Il a assure\u0301 que l\u2019E\u0301tat jouera pleinement son ro\u0302le pour valoriser ces richesses naturelles et humaines: \u00ab Ensemble, nous allons travailler. Vous pouvez compter sur nous pour que les ressources que Dieu vous a donne\u0301es deviennent une source de prospe\u0301rite\u0301 pour tous. \u00bb<\/p>\n<p>La jeunesse Ahizi, par la voix de son repre\u0301sentant Ako Samuel, a exprime\u0301 son soutien inde\u0301fectible a\u0300 l\u2019action du gouvernement, tout en formulant des propositions concre\u0300tes. Parmi les dole\u0301ances figurent la cre\u0301ation d\u2019un fonds d\u2019autonomie pour les jeunes, le soutien a\u0300 l\u2019aquaculture par l\u2019installation de cages flottantes, ainsi que la promotion de la culture Ahizi.<\/p>\n<p>Le Premier Ministre a salue\u0301 la pertinence et la sagesse des revendications exprime\u0301es, et s\u2019est engage\u0301 a\u0300 les e\u0301tudier avec attention.<\/p>\n<p>Au nom de l\u2019Association des chefs du peuple Ahizi, Ce\u0301lestin Ellegbe\u0301 a exprime\u0301 la gratitude des populations envers le Premier Ministre pour son e\u0301coute et sa proximite\u0301. Il a salue\u0301 une visite porteuse d\u2019espoir pour le de\u0301veloppement de la re\u0301gion.<\/p>\n<p>La journe\u0301e a de\u0301bute\u0301 par un moment spirituel a\u0300 l\u2019E\u0301glise Me\u0301thodiste de Songon-Abiate\u0301, ou\u0300 des prie\u0300res ont e\u0301te\u0301 dites pour les dirigeants du pays et pour la re\u0301ussite des projets de de\u0301veloppement au service des populations.<\/p>\n<p>Ce de\u0301placement du Premier Ministre s\u2019inscrit dans une dynamique de proximite\u0301 et de dialogue avec les communaute\u0301s, dans la perspective d\u2019un de\u0301veloppement e\u0301quilibre\u0301 et inclusif en Co\u0302te d\u2019Ivoire.<\/p>\n<p><strong>Pour plus d&rsquo;informations et d&rsquo;analyses sur la <span style=\"color: #ff6600\">C\u00f4te d&rsquo;Ivoire<\/span>, suivez <span style=\"color: #ff6600\">Africa-Press<\/span><\/strong><\/p>\n","protected":false},"excerpt":{"rendered":"<p>Africa-Press &#8211; C\u00f4te d&rsquo;Ivoire. Le Premier Ministre, Ministre des Sports et du Cadre de Vie, Robert Beugre\u0301 Mambe\u0301, a lance\u0301 un appel fort a\u0300 l\u2019unite\u0301 et a\u0300 la synergie entre les populations et les cadres de la re\u0301gion des Lagunes afin d\u2019acce\u0301le\u0301rer le de\u0301veloppement local. C\u2019e\u0301tait a\u0300 l\u2019occasion d\u2019une rencontre fraternelle avec la communaute\u0301 Ahizi, [&hellip;]<\/p>\n","protected":false},"author":82,"featured_media":99281,"comment_status":"open","ping_status":"closed","sticky":false,"template":"","format":"standard","meta":{"footnotes":""},"categories":[2,20,10],"tags":[15575,2399,29,1583,3085,14479,7817,1158,12268],"class_list":["post-99283","post","type-post","status-publish","format-standard","has-post-thumbnail","hentry","category-politique","category-top-nouvelles","category-toutes-les-actualites","tag-appelle","tag-beugre-mambe","tag-cote-divoire","tag-developpement","tag-forces","tag-lagunes","tag-local","tag-ministre","tag-premier"],"yoast_head":"<!-- This site is optimized with the Yoast SEO Premium plugin v26.1 (Yoast SEO v27.0) - https:\/\/yoast.com\/product\/yoast-seo-premium-wordpress\/ -->\n<title>Songon-Abiat\u00e9, Robert Beugr\u00e9 Mamb\u00e9 appel \u00e0 l&#039;unit\u00e9 pour transformer la r\u00e9gion des Lagunes - C\u00f4te d&#039;Ivoire<\/title>\n<meta name=\"description\" content=\"Le Premier Ministre, Ministre des Sports et du Cadre de Vie, Robert Beugre\u0301 Mambe\u0301, a lance\u0301 un appel fort a\u0300 l\u2019unite\u0301 e ...\" \/>\n<meta name=\"robots\" content=\"index, follow, max-snippet:-1, max-image-preview:large, max-video-preview:-1\" \/>\n<link rel=\"canonical\" href=\"https:\/\/www.africa-press.net\/cotedivoire\/politique\/songon-abiate-robert-beugre-mambe-appel-a-lunite-pour-transformer-la-region-des-lagunes\" \/>\n<meta property=\"og:locale\" content=\"fr_FR\" \/>\n<meta property=\"og:type\" content=\"article\" \/>\n<meta property=\"og:title\" content=\"Songon-Abiat\u00e9, Robert Beugr\u00e9 Mamb\u00e9 appel \u00e0 l&#039;unit\u00e9 pour transformer la r\u00e9gion des Lagunes\" \/>\n<meta property=\"og:description\" content=\"Le Premier Ministre, Ministre des Sports et du Cadre de Vie, Robert Beugre\u0301 Mambe\u0301, a lance\u0301 un appel fort a\u0300 l\u2019unite\u0301 e ...\" \/>\n<meta property=\"og:url\" content=\"https:\/\/www.africa-press.net\/cotedivoire\/politique\/songon-abiate-robert-beugre-mambe-appel-a-lunite-pour-transformer-la-region-des-lagunes\" \/>\n<meta property=\"og:site_name\" content=\"C\u00f4te d&#039;Ivoire\" \/>\n<meta property=\"article:published_time\" content=\"2025-05-18T16:12:11+00:00\" \/>\n<meta property=\"article:modified_time\" content=\"2025-05-18T16:23:12+00:00\" \/>\n<meta property=\"og:image\" content=\"https:\/\/static.africa-press.net\/cote\/sites\/43\/2025\/05\/sm_1747572737.536065.jpg\" \/>\n\t<meta property=\"og:image:width\" content=\"720\" \/>\n\t<meta property=\"og:image:height\" content=\"374\" \/>\n\t<meta property=\"og:image:type\" content=\"image\/jpeg\" \/>\n<meta name=\"author\" content=\"cfeditorfr\" \/>\n<meta name=\"twitter:card\" content=\"summary_large_image\" \/>\n<meta name=\"twitter:label1\" content=\"\u00c9crit par\" \/>\n\t<meta name=\"twitter:data1\" content=\"cfeditorfr\" \/>\n\t<meta name=\"twitter:label2\" content=\"Dur\u00e9e de lecture estim\u00e9e\" \/>\n\t<meta name=\"twitter:data2\" content=\"3 minutes\" \/>\n<script type=\"application\/ld+json\" class=\"yoast-schema-graph\">{\"@context\":\"https:\/\/schema.org\",\"@graph\":[{\"@type\":\"Article\",\"@id\":\"https:\/\/www.africa-press.net\/cotedivoire\/politique\/songon-abiate-robert-beugre-mambe-appel-a-lunite-pour-transformer-la-region-des-lagunes#article\",\"isPartOf\":{\"@id\":\"https:\/\/www.africa-press.net\/cotedivoire\/politique\/songon-abiate-robert-beugre-mambe-appel-a-lunite-pour-transformer-la-region-des-lagunes\"},\"author\":{\"name\":\"cfeditorfr\",\"@id\":\"https:\/\/www.africa-press.net\/cotedivoire\/#\/schema\/person\/2b1cf3cd81a31e3cd26889ca66d677f1\"},\"headline\":\"Songon-Abiat\u00e9, Robert Beugr\u00e9 Mamb\u00e9 appel \u00e0 l&rsquo;unit\u00e9 pour transformer la r\u00e9gion des Lagunes\",\"datePublished\":\"2025-05-18T16:12:11+00:00\",\"dateModified\":\"2025-05-18T16:23:12+00:00\",\"mainEntityOfPage\":{\"@id\":\"https:\/\/www.africa-press.net\/cotedivoire\/politique\/songon-abiate-robert-beugre-mambe-appel-a-lunite-pour-transformer-la-region-des-lagunes\"},\"wordCount\":467,\"commentCount\":0,\"image\":{\"@id\":\"https:\/\/www.africa-press.net\/cotedivoire\/politique\/songon-abiate-robert-beugre-mambe-appel-a-lunite-pour-transformer-la-region-des-lagunes#primaryimage\"},\"thumbnailUrl\":\"https:\/\/static.africa-press.net\/cote\/sites\/43\/2025\/05\/sm_1747572737.536065.jpg\",\"keywords\":[\"appelle\",\"Beugr\u00e9 Mamb\u00e9\",\"C\u00d4TE D'IVOIRE\",\"d\u00e9veloppement\",\"forces\",\"Lagunes\",\"local\",\"Ministre\",\"Premier\"],\"articleSection\":[\"Politique\",\"Top Nouvelles\",\"Toutes les actualit\u00e9s\"],\"inLanguage\":\"fr-FR\",\"potentialAction\":[{\"@type\":\"CommentAction\",\"name\":\"Comment\",\"target\":[\"https:\/\/www.africa-press.net\/cotedivoire\/politique\/songon-abiate-robert-beugre-mambe-appel-a-lunite-pour-transformer-la-region-des-lagunes#respond\"]}]},{\"@type\":\"WebPage\",\"@id\":\"https:\/\/www.africa-press.net\/cotedivoire\/politique\/songon-abiate-robert-beugre-mambe-appel-a-lunite-pour-transformer-la-region-des-lagunes\",\"url\":\"https:\/\/www.africa-press.net\/cotedivoire\/politique\/songon-abiate-robert-beugre-mambe-appel-a-lunite-pour-transformer-la-region-des-lagunes\",\"name\":\"Songon-Abiat\u00e9, Robert Beugr\u00e9 Mamb\u00e9 appel \u00e0 l'unit\u00e9 pour transformer la r\u00e9gion des Lagunes - C\u00f4te d&#039;Ivoire\",\"isPartOf\":{\"@id\":\"https:\/\/www.africa-press.net\/cotedivoire\/#website\"},\"primaryImageOfPage\":{\"@id\":\"https:\/\/www.africa-press.net\/cotedivoire\/politique\/songon-abiate-robert-beugre-mambe-appel-a-lunite-pour-transformer-la-region-des-lagunes#primaryimage\"},\"image\":{\"@id\":\"https:\/\/www.africa-press.net\/cotedivoire\/politique\/songon-abiate-robert-beugre-mambe-appel-a-lunite-pour-transformer-la-region-des-lagunes#primaryimage\"},\"thumbnailUrl\":\"https:\/\/static.africa-press.net\/cote\/sites\/43\/2025\/05\/sm_1747572737.536065.jpg\",\"datePublished\":\"2025-05-18T16:12:11+00:00\",\"dateModified\":\"2025-05-18T16:23:12+00:00\",\"author\":{\"@id\":\"https:\/\/www.africa-press.net\/cotedivoire\/#\/schema\/person\/2b1cf3cd81a31e3cd26889ca66d677f1\"},\"description\":\"Le Premier Ministre, Ministre des Sports et du Cadre de Vie, Robert Beugre\u0301 Mambe\u0301, a lance\u0301 un appel fort a\u0300 l\u2019unite\u0301 e ...\",\"breadcrumb\":{\"@id\":\"https:\/\/www.africa-press.net\/cotedivoire\/politique\/songon-abiate-robert-beugre-mambe-appel-a-lunite-pour-transformer-la-region-des-lagunes#breadcrumb\"},\"inLanguage\":\"fr-FR\",\"potentialAction\":[{\"@type\":\"ReadAction\",\"target\":[\"https:\/\/www.africa-press.net\/cotedivoire\/politique\/songon-abiate-robert-beugre-mambe-appel-a-lunite-pour-transformer-la-region-des-lagunes\"]}]},{\"@type\":\"ImageObject\",\"inLanguage\":\"fr-FR\",\"@id\":\"https:\/\/www.africa-press.net\/cotedivoire\/politique\/songon-abiate-robert-beugre-mambe-appel-a-lunite-pour-transformer-la-region-des-lagunes#primaryimage\",\"url\":\"https:\/\/static.africa-press.net\/cote\/sites\/43\/2025\/05\/sm_1747572737.536065.jpg\",\"contentUrl\":\"https:\/\/static.africa-press.net\/cote\/sites\/43\/2025\/05\/sm_1747572737.536065.jpg\",\"width\":720,\"height\":374,\"caption\":\"Songon-Abiat\u00e9, Robert Beugr\u00e9 Mamb\u00e9 appel \u00e0 l'unit\u00e9 pour transformer la r\u00e9gion des Lagunes\"},{\"@type\":\"BreadcrumbList\",\"@id\":\"https:\/\/www.africa-press.net\/cotedivoire\/politique\/songon-abiate-robert-beugre-mambe-appel-a-lunite-pour-transformer-la-region-des-lagunes#breadcrumb\",\"itemListElement\":[{\"@type\":\"ListItem\",\"position\":1,\"name\":\"Accueil\",\"item\":\"https:\/\/www.africa-press.net\/cotedivoire\/\"},{\"@type\":\"ListItem\",\"position\":2,\"name\":\"Songon-Abiat\u00e9, Robert Beugr\u00e9 Mamb\u00e9 appel \u00e0 l&rsquo;unit\u00e9 pour transformer la r\u00e9gion des Lagunes\"}]},{\"@type\":\"WebSite\",\"@id\":\"https:\/\/www.africa-press.net\/cotedivoire\/#website\",\"url\":\"https:\/\/www.africa-press.net\/cotedivoire\/\",\"name\":\"C\u00f4te d&#039;Ivoire\",\"description\":\"Just another Africa News Agency Sites site\",\"potentialAction\":[{\"@type\":\"SearchAction\",\"target\":{\"@type\":\"EntryPoint\",\"urlTemplate\":\"https:\/\/www.africa-press.net\/cotedivoire\/?s={search_term_string}\"},\"query-input\":{\"@type\":\"PropertyValueSpecification\",\"valueRequired\":true,\"valueName\":\"search_term_string\"}}],\"inLanguage\":\"fr-FR\"},{\"@type\":\"Person\",\"@id\":\"https:\/\/www.africa-press.net\/cotedivoire\/#\/schema\/person\/2b1cf3cd81a31e3cd26889ca66d677f1\",\"name\":\"cfeditorfr\"}]}<\/script>\n<!-- \/ Yoast SEO Premium plugin. -->","yoast_head_json":{"title":"Songon-Abiat\u00e9, Robert Beugr\u00e9 Mamb\u00e9 appel \u00e0 l'unit\u00e9 pour transformer la r\u00e9gion des Lagunes - C\u00f4te d&#039;Ivoire","description":"Le Premier Ministre, Ministre des Sports et du Cadre de Vie, Robert Beugre\u0301 Mambe\u0301, a lance\u0301 un appel fort a\u0300 l\u2019unite\u0301 e ...","robots":{"index":"index","follow":"follow","max-snippet":"max-snippet:-1","max-image-preview":"max-image-preview:large","max-video-preview":"max-video-preview:-1"},"canonical":"https:\/\/www.africa-press.net\/cotedivoire\/politique\/songon-abiate-robert-beugre-mambe-appel-a-lunite-pour-transformer-la-region-des-lagunes","og_locale":"fr_FR","og_type":"article","og_title":"Songon-Abiat\u00e9, Robert Beugr\u00e9 Mamb\u00e9 appel \u00e0 l'unit\u00e9 pour transformer la r\u00e9gion des Lagunes","og_description":"Le Premier Ministre, Ministre des Sports et du Cadre de Vie, Robert Beugre\u0301 Mambe\u0301, a lance\u0301 un appel fort a\u0300 l\u2019unite\u0301 e ...","og_url":"https:\/\/www.africa-press.net\/cotedivoire\/politique\/songon-abiate-robert-beugre-mambe-appel-a-lunite-pour-transformer-la-region-des-lagunes","og_site_name":"C\u00f4te d&#039;Ivoire","article_published_time":"2025-05-18T16:12:11+00:00","article_modified_time":"2025-05-18T16:23:12+00:00","og_image":[{"width":720,"height":374,"url":"https:\/\/static.africa-press.net\/cote\/sites\/43\/2025\/05\/sm_1747572737.536065.jpg","type":"image\/jpeg"}],"author":"cfeditorfr","twitter_card":"summary_large_image","twitter_misc":{"\u00c9crit par":"cfeditorfr","Dur\u00e9e de lecture estim\u00e9e":"3 minutes"},"schema":{"@context":"https:\/\/schema.org","@graph":[{"@type":"Article","@id":"https:\/\/www.africa-press.net\/cotedivoire\/politique\/songon-abiate-robert-beugre-mambe-appel-a-lunite-pour-transformer-la-region-des-lagunes#article","isPartOf":{"@id":"https:\/\/www.africa-press.net\/cotedivoire\/politique\/songon-abiate-robert-beugre-mambe-appel-a-lunite-pour-transformer-la-region-des-lagunes"},"author":{"name":"cfeditorfr","@id":"https:\/\/www.africa-press.net\/cotedivoire\/#\/schema\/person\/2b1cf3cd81a31e3cd26889ca66d677f1"},"headline":"Songon-Abiat\u00e9, Robert Beugr\u00e9 Mamb\u00e9 appel \u00e0 l&rsquo;unit\u00e9 pour transformer la r\u00e9gion des Lagunes","datePublished":"2025-05-18T16:12:11+00:00","dateModified":"2025-05-18T16:23:12+00:00","mainEntityOfPage":{"@id":"https:\/\/www.africa-press.net\/cotedivoire\/politique\/songon-abiate-robert-beugre-mambe-appel-a-lunite-pour-transformer-la-region-des-lagunes"},"wordCount":467,"commentCount":0,"image":{"@id":"https:\/\/www.africa-press.net\/cotedivoire\/politique\/songon-abiate-robert-beugre-mambe-appel-a-lunite-pour-transformer-la-region-des-lagunes#primaryimage"},"thumbnailUrl":"https:\/\/static.africa-press.net\/cote\/sites\/43\/2025\/05\/sm_1747572737.536065.jpg","keywords":["appelle","Beugr\u00e9 Mamb\u00e9","C\u00d4TE D'IVOIRE","d\u00e9veloppement","forces","Lagunes","local","Ministre","Premier"],"articleSection":["Politique","Top Nouvelles","Toutes les actualit\u00e9s"],"inLanguage":"fr-FR","potentialAction":[{"@type":"CommentAction","name":"Comment","target":["https:\/\/www.africa-press.net\/cotedivoire\/politique\/songon-abiate-robert-beugre-mambe-appel-a-lunite-pour-transformer-la-region-des-lagunes#respond"]}]},{"@type":"WebPage","@id":"https:\/\/www.africa-press.net\/cotedivoire\/politique\/songon-abiate-robert-beugre-mambe-appel-a-lunite-pour-transformer-la-region-des-lagunes","url":"https:\/\/www.africa-press.net\/cotedivoire\/politique\/songon-abiate-robert-beugre-mambe-appel-a-lunite-pour-transformer-la-region-des-lagunes","name":"Songon-Abiat\u00e9, Robert Beugr\u00e9 Mamb\u00e9 appel \u00e0 l'unit\u00e9 pour transformer la r\u00e9gion des Lagunes - C\u00f4te d&#039;Ivoire","isPartOf":{"@id":"https:\/\/www.africa-press.net\/cotedivoire\/#website"},"primaryImageOfPage":{"@id":"https:\/\/www.africa-press.net\/cotedivoire\/politique\/songon-abiate-robert-beugre-mambe-appel-a-lunite-pour-transformer-la-region-des-lagunes#primaryimage"},"image":{"@id":"https:\/\/www.africa-press.net\/cotedivoire\/politique\/songon-abiate-robert-beugre-mambe-appel-a-lunite-pour-transformer-la-region-des-lagunes#primaryimage"},"thumbnailUrl":"https:\/\/static.africa-press.net\/cote\/sites\/43\/2025\/05\/sm_1747572737.536065.jpg","datePublished":"2025-05-18T16:12:11+00:00","dateModified":"2025-05-18T16:23:12+00:00","author":{"@id":"https:\/\/www.africa-press.net\/cotedivoire\/#\/schema\/person\/2b1cf3cd81a31e3cd26889ca66d677f1"},"description":"Le Premier Ministre, Ministre des Sports et du Cadre de Vie, Robert Beugre\u0301 Mambe\u0301, a lance\u0301 un appel fort a\u0300 l\u2019unite\u0301 e ...","breadcrumb":{"@id":"https:\/\/www.africa-press.net\/cotedivoire\/politique\/songon-abiate-robert-beugre-mambe-appel-a-lunite-pour-transformer-la-region-des-lagunes#breadcrumb"},"inLanguage":"fr-FR","potentialAction":[{"@type":"ReadAction","target":["https:\/\/www.africa-press.net\/cotedivoire\/politique\/songon-abiate-robert-beugre-mambe-appel-a-lunite-pour-transformer-la-region-des-lagunes"]}]},{"@type":"ImageObject","inLanguage":"fr-FR","@id":"https:\/\/www.africa-press.net\/cotedivoire\/politique\/songon-abiate-robert-beugre-mambe-appel-a-lunite-pour-transformer-la-region-des-lagunes#primaryimage","url":"https:\/\/static.africa-press.net\/cote\/sites\/43\/2025\/05\/sm_1747572737.536065.jpg","contentUrl":"https:\/\/static.africa-press.net\/cote\/sites\/43\/2025\/05\/sm_1747572737.536065.jpg","width":720,"height":374,"caption":"Songon-Abiat\u00e9, Robert Beugr\u00e9 Mamb\u00e9 appel \u00e0 l'unit\u00e9 pour transformer la r\u00e9gion des Lagunes"},{"@type":"BreadcrumbList","@id":"https:\/\/www.africa-press.net\/cotedivoire\/politique\/songon-abiate-robert-beugre-mambe-appel-a-lunite-pour-transformer-la-region-des-lagunes#breadcrumb","itemListElement":[{"@type":"ListItem","position":1,"name":"Accueil","item":"https:\/\/www.africa-press.net\/cotedivoire\/"},{"@type":"ListItem","position":2,"name":"Songon-Abiat\u00e9, Robert Beugr\u00e9 Mamb\u00e9 appel \u00e0 l&rsquo;unit\u00e9 pour transformer la r\u00e9gion des Lagunes"}]},{"@type":"WebSite","@id":"https:\/\/www.africa-press.net\/cotedivoire\/#website","url":"https:\/\/www.africa-press.net\/cotedivoire\/","name":"C\u00f4te d&#039;Ivoire","description":"Just another Africa News Agency Sites site","potentialAction":[{"@type":"SearchAction","target":{"@type":"EntryPoint","urlTemplate":"https:\/\/www.africa-press.net\/cotedivoire\/?s={search_term_string}"},"query-input":{"@type":"PropertyValueSpecification","valueRequired":true,"valueName":"search_term_string"}}],"inLanguage":"fr-FR"},{"@type":"Person","@id":"https:\/\/www.africa-press.net\/cotedivoire\/#\/schema\/person\/2b1cf3cd81a31e3cd26889ca66d677f1","name":"cfeditorfr"}]}},"_links":{"self":[{"href":"https:\/\/www.africa-press.net\/cotedivoire\/wp-json\/wp\/v2\/posts\/99283","targetHints":{"allow":["GET"]}}],"collection":[{"href":"https:\/\/www.africa-press.net\/cotedivoire\/wp-json\/wp\/v2\/posts"}],"about":[{"href":"https:\/\/www.africa-press.net\/cotedivoire\/wp-json\/wp\/v2\/types\/post"}],"author":[{"embeddable":true,"href":"https:\/\/www.africa-press.net\/cotedivoire\/wp-json\/wp\/v2\/users\/82"}],"replies":[{"embeddable":true,"href":"https:\/\/www.africa-press.net\/cotedivoire\/wp-json\/wp\/v2\/comments?post=99283"}],"version-history":[{"count":0,"href":"https:\/\/www.africa-press.net\/cotedivoire\/wp-json\/wp\/v2\/posts\/99283\/revisions"}],"wp:featuredmedia":[{"embeddable":true,"href":"https:\/\/www.africa-press.net\/cotedivoire\/wp-json\/wp\/v2\/media\/99281"}],"wp:attachment":[{"href":"https:\/\/www.africa-press.net\/cotedivoire\/wp-json\/wp\/v2\/media?parent=99283"}],"wp:term":[{"taxonomy":"category","embeddable":true,"href":"https:\/\/www.africa-press.net\/cotedivoire\/wp-json\/wp\/v2\/categories?post=99283"},{"taxonomy":"post_tag","embeddable":true,"href":"https:\/\/www.africa-press.net\/cotedivoire\/wp-json\/wp\/v2\/tags?post=99283"}],"curies":[{"name":"wp","href":"https:\/\/api.w.org\/{rel}","templated":true}]}}