{"id":9930,"date":"2021-07-15T17:30:38","date_gmt":"2021-07-15T17:30:38","guid":{"rendered":"https:\/\/www.africa-press.net\/cotedivoire\/politique\/franc-maconnerie-apres-bakayoko-la-grande-loge-de-cote-divoire-perd-un-autre-pilier"},"modified":"2021-07-15T18:47:55","modified_gmt":"2021-07-15T18:47:55","slug":"franc-maconnerie-apres-bakayoko-la-grande-loge-de-cote-divoire-perd-un-autre-pilier","status":"publish","type":"post","link":"https:\/\/www.africa-press.net\/cotedivoire\/dossiers\/franc-maconnerie-apres-bakayoko-la-grande-loge-de-cote-divoire-perd-un-autre-pilier","title":{"rendered":"Franc-ma\u00e7onnerie : apr\u00e8s Bakayoko, la Grande Loge de C\u00f4te d\u2019Ivoire perd un autre pilier"},"content":{"rendered":"<p><span style=\"color: #ff6600\"><strong><a href=\"https:\/\/www.africa-press.net\/\">Africa-Press<\/a> &#8211; <a href=\"https:\/\/www.africa-press.net\/cotedivoire\">C\u00f4te d&rsquo;Ivoire<\/a>. <\/strong><\/span>Le d\u00e9c\u00e8s du Grand ma\u00eetre David Mignonsin, quatre mois apr\u00e8s celui d\u2019Hamed Bakayoko, est un nouveau coup dur pour la GLCI. Et il provoque une nouvelle bataille fratricide.<\/p>\n<p>Moins de quatre mois apr\u00e8s la perte du Grand ma\u00eetre Hamed Bakayoko, le professeur de m\u00e9decine David Mignonsin, l\u2019un des piliers de la GLCI, est d\u00e9c\u00e9d\u00e9 fin juin \u00e0 Abidjan. Il avait le statut de Grand ma\u00eetre et pr\u00e9sidait le Supr\u00eame Conseil ma\u00e7onnique, lequel g\u00e8re les rites et les hauts grades. Le d\u00e9funt occupait donc l\u2019une des fonctions d\u00e9cisionnaires de la loge, dont il avait gravi tous les \u00e9chelons.<\/p>\n<p><b>\u00a0<\/b><\/p>\n","protected":false},"excerpt":{"rendered":"<p>Africa-Press &#8211; C\u00f4te d&rsquo;Ivoire. Le d\u00e9c\u00e8s du Grand ma\u00eetre David Mignonsin, quatre mois apr\u00e8s celui d\u2019Hamed Bakayoko, est un nouveau coup dur pour la GLCI. Et il provoque une nouvelle bataille fratricide. Moins de quatre mois apr\u00e8s la perte du Grand ma\u00eetre Hamed Bakayoko, le professeur de m\u00e9decine David Mignonsin, l\u2019un des piliers de la [&hellip;]<\/p>\n","protected":false},"author":82,"featured_media":9929,"comment_status":"open","ping_status":"closed","sticky":false,"template":"","format":"standard","meta":{"footnotes":""},"categories":[7,11,20,10],"tags":[56,63,29],"class_list":["post-9930","post","type-post","status-publish","format-standard","has-post-thumbnail","hentry","category-dossiers","category-homepage-french","category-top-nouvelles","category-toutes-les-actualites","tag-africa-press","tag-africa-press-cote-divoire","tag-cote-divoire"],"yoast_head":"<!-- This site is optimized with the Yoast SEO Premium plugin v26.1 (Yoast SEO v27.0) - https:\/\/yoast.com\/product\/yoast-seo-premium-wordpress\/ -->\n<title>Franc-ma\u00e7onnerie : apr\u00e8s Bakayoko, la Grande Loge de C\u00f4te d\u2019Ivoire perd un autre pilier - C\u00f4te d&#039;Ivoire<\/title>\n<meta name=\"description\" content=\"Le d\u00e9c\u00e8s du Grand ma\u00eetre David Mignonsin, quatre mois apr\u00e8s celui d\u2019Hamed Bakayoko, est un nouveau coup dur pour la GLCI ...\" \/>\n<meta name=\"robots\" content=\"index, follow, max-snippet:-1, max-image-preview:large, max-video-preview:-1\" \/>\n<link rel=\"canonical\" href=\"https:\/\/www.africa-press.net\/cotedivoire\/dossiers\/franc-maconnerie-apres-bakayoko-la-grande-loge-de-cote-divoire-perd-un-autre-pilier\" \/>\n<meta property=\"og:locale\" content=\"fr_FR\" \/>\n<meta property=\"og:type\" content=\"article\" \/>\n<meta property=\"og:title\" content=\"Franc-ma\u00e7onnerie : apr\u00e8s Bakayoko, la Grande Loge de C\u00f4te d\u2019Ivoire perd un autre pilier\" \/>\n<meta property=\"og:description\" content=\"Le d\u00e9c\u00e8s du Grand ma\u00eetre David Mignonsin, quatre mois apr\u00e8s celui d\u2019Hamed Bakayoko, est un nouveau coup dur pour la GLCI ...\" \/>\n<meta property=\"og:url\" content=\"https:\/\/www.africa-press.net\/cotedivoire\/dossiers\/franc-maconnerie-apres-bakayoko-la-grande-loge-de-cote-divoire-perd-un-autre-pilier\" \/>\n<meta property=\"og:site_name\" content=\"C\u00f4te d&#039;Ivoire\" \/>\n<meta property=\"article:published_time\" content=\"2021-07-15T17:30:38+00:00\" \/>\n<meta property=\"article:modified_time\" content=\"2021-07-15T18:47:55+00:00\" \/>\n<meta property=\"og:image\" content=\"https:\/\/static.africa-press.net\/cote\/sites\/43\/2021\/07\/img-60f0705b0e385.jpg\" \/>\n\t<meta property=\"og:image:width\" content=\"720\" \/>\n\t<meta property=\"og:image:height\" content=\"360\" \/>\n\t<meta property=\"og:image:type\" content=\"image\/jpeg\" \/>\n<meta name=\"author\" content=\"cfeditorfr\" \/>\n<meta name=\"twitter:card\" content=\"summary_large_image\" \/>\n<meta name=\"twitter:label1\" content=\"\u00c9crit par\" \/>\n\t<meta name=\"twitter:data1\" content=\"cfeditorfr\" \/>\n\t<meta name=\"twitter:label2\" content=\"Dur\u00e9e de lecture estim\u00e9e\" \/>\n\t<meta name=\"twitter:data2\" content=\"1 minute\" \/>\n<script type=\"application\/ld+json\" class=\"yoast-schema-graph\">{\"@context\":\"https:\/\/schema.org\",\"@graph\":[{\"@type\":\"Article\",\"@id\":\"https:\/\/www.africa-press.net\/cotedivoire\/dossiers\/franc-maconnerie-apres-bakayoko-la-grande-loge-de-cote-divoire-perd-un-autre-pilier#article\",\"isPartOf\":{\"@id\":\"https:\/\/www.africa-press.net\/cotedivoire\/dossiers\/franc-maconnerie-apres-bakayoko-la-grande-loge-de-cote-divoire-perd-un-autre-pilier\"},\"author\":{\"name\":\"cfeditorfr\",\"@id\":\"https:\/\/www.africa-press.net\/cotedivoire\/#\/schema\/person\/2b1cf3cd81a31e3cd26889ca66d677f1\"},\"headline\":\"Franc-ma\u00e7onnerie : apr\u00e8s Bakayoko, la Grande Loge de C\u00f4te d\u2019Ivoire perd un autre pilier\",\"datePublished\":\"2021-07-15T17:30:38+00:00\",\"dateModified\":\"2021-07-15T18:47:55+00:00\",\"mainEntityOfPage\":{\"@id\":\"https:\/\/www.africa-press.net\/cotedivoire\/dossiers\/franc-maconnerie-apres-bakayoko-la-grande-loge-de-cote-divoire-perd-un-autre-pilier\"},\"wordCount\":138,\"commentCount\":0,\"image\":{\"@id\":\"https:\/\/www.africa-press.net\/cotedivoire\/dossiers\/franc-maconnerie-apres-bakayoko-la-grande-loge-de-cote-divoire-perd-un-autre-pilier#primaryimage\"},\"thumbnailUrl\":\"https:\/\/static.africa-press.net\/cote\/sites\/43\/2021\/07\/img-60f0705b0e385.jpg\",\"keywords\":[\"Africa Press\",\"Africa Press-C\u00f4te d'Ivoire\",\"C\u00d4TE D'IVOIRE\"],\"articleSection\":[\"Dossiers\",\"homepage-french\",\"Top Nouvelles\",\"Toutes les actualit\u00e9s\"],\"inLanguage\":\"fr-FR\",\"potentialAction\":[{\"@type\":\"CommentAction\",\"name\":\"Comment\",\"target\":[\"https:\/\/www.africa-press.net\/cotedivoire\/dossiers\/franc-maconnerie-apres-bakayoko-la-grande-loge-de-cote-divoire-perd-un-autre-pilier#respond\"]}]},{\"@type\":\"WebPage\",\"@id\":\"https:\/\/www.africa-press.net\/cotedivoire\/dossiers\/franc-maconnerie-apres-bakayoko-la-grande-loge-de-cote-divoire-perd-un-autre-pilier\",\"url\":\"https:\/\/www.africa-press.net\/cotedivoire\/dossiers\/franc-maconnerie-apres-bakayoko-la-grande-loge-de-cote-divoire-perd-un-autre-pilier\",\"name\":\"Franc-ma\u00e7onnerie : apr\u00e8s Bakayoko, la Grande Loge de C\u00f4te d\u2019Ivoire perd un autre pilier - C\u00f4te d&#039;Ivoire\",\"isPartOf\":{\"@id\":\"https:\/\/www.africa-press.net\/cotedivoire\/#website\"},\"primaryImageOfPage\":{\"@id\":\"https:\/\/www.africa-press.net\/cotedivoire\/dossiers\/franc-maconnerie-apres-bakayoko-la-grande-loge-de-cote-divoire-perd-un-autre-pilier#primaryimage\"},\"image\":{\"@id\":\"https:\/\/www.africa-press.net\/cotedivoire\/dossiers\/franc-maconnerie-apres-bakayoko-la-grande-loge-de-cote-divoire-perd-un-autre-pilier#primaryimage\"},\"thumbnailUrl\":\"https:\/\/static.africa-press.net\/cote\/sites\/43\/2021\/07\/img-60f0705b0e385.jpg\",\"datePublished\":\"2021-07-15T17:30:38+00:00\",\"dateModified\":\"2021-07-15T18:47:55+00:00\",\"author\":{\"@id\":\"https:\/\/www.africa-press.net\/cotedivoire\/#\/schema\/person\/2b1cf3cd81a31e3cd26889ca66d677f1\"},\"description\":\"Le d\u00e9c\u00e8s du Grand ma\u00eetre David Mignonsin, quatre mois apr\u00e8s celui d\u2019Hamed Bakayoko, est un nouveau coup dur pour la GLCI ...\",\"breadcrumb\":{\"@id\":\"https:\/\/www.africa-press.net\/cotedivoire\/dossiers\/franc-maconnerie-apres-bakayoko-la-grande-loge-de-cote-divoire-perd-un-autre-pilier#breadcrumb\"},\"inLanguage\":\"fr-FR\",\"potentialAction\":[{\"@type\":\"ReadAction\",\"target\":[\"https:\/\/www.africa-press.net\/cotedivoire\/dossiers\/franc-maconnerie-apres-bakayoko-la-grande-loge-de-cote-divoire-perd-un-autre-pilier\"]}]},{\"@type\":\"ImageObject\",\"inLanguage\":\"fr-FR\",\"@id\":\"https:\/\/www.africa-press.net\/cotedivoire\/dossiers\/franc-maconnerie-apres-bakayoko-la-grande-loge-de-cote-divoire-perd-un-autre-pilier#primaryimage\",\"url\":\"https:\/\/static.africa-press.net\/cote\/sites\/43\/2021\/07\/img-60f0705b0e385.jpg\",\"contentUrl\":\"https:\/\/static.africa-press.net\/cote\/sites\/43\/2021\/07\/img-60f0705b0e385.jpg\",\"width\":720,\"height\":360,\"caption\":\"Franc-ma\u00e7onnerie : apr\u00e8s Bakayoko, la Grande Loge de C\u00f4te d\u2019Ivoire perd un autre pilier\"},{\"@type\":\"BreadcrumbList\",\"@id\":\"https:\/\/www.africa-press.net\/cotedivoire\/dossiers\/franc-maconnerie-apres-bakayoko-la-grande-loge-de-cote-divoire-perd-un-autre-pilier#breadcrumb\",\"itemListElement\":[{\"@type\":\"ListItem\",\"position\":1,\"name\":\"Accueil\",\"item\":\"https:\/\/www.africa-press.net\/cotedivoire\/\"},{\"@type\":\"ListItem\",\"position\":2,\"name\":\"Franc-ma\u00e7onnerie : apr\u00e8s Bakayoko, la Grande Loge de C\u00f4te d\u2019Ivoire perd un autre pilier\"}]},{\"@type\":\"WebSite\",\"@id\":\"https:\/\/www.africa-press.net\/cotedivoire\/#website\",\"url\":\"https:\/\/www.africa-press.net\/cotedivoire\/\",\"name\":\"C\u00f4te d&#039;Ivoire\",\"description\":\"Just another Africa News Agency Sites site\",\"potentialAction\":[{\"@type\":\"SearchAction\",\"target\":{\"@type\":\"EntryPoint\",\"urlTemplate\":\"https:\/\/www.africa-press.net\/cotedivoire\/?s={search_term_string}\"},\"query-input\":{\"@type\":\"PropertyValueSpecification\",\"valueRequired\":true,\"valueName\":\"search_term_string\"}}],\"inLanguage\":\"fr-FR\"},{\"@type\":\"Person\",\"@id\":\"https:\/\/www.africa-press.net\/cotedivoire\/#\/schema\/person\/2b1cf3cd81a31e3cd26889ca66d677f1\",\"name\":\"cfeditorfr\"}]}<\/script>\n<!-- \/ Yoast SEO Premium plugin. -->","yoast_head_json":{"title":"Franc-ma\u00e7onnerie : apr\u00e8s Bakayoko, la Grande Loge de C\u00f4te d\u2019Ivoire perd un autre pilier - C\u00f4te d&#039;Ivoire","description":"Le d\u00e9c\u00e8s du Grand ma\u00eetre David Mignonsin, quatre mois apr\u00e8s celui d\u2019Hamed Bakayoko, est un nouveau coup dur pour la GLCI ...","robots":{"index":"index","follow":"follow","max-snippet":"max-snippet:-1","max-image-preview":"max-image-preview:large","max-video-preview":"max-video-preview:-1"},"canonical":"https:\/\/www.africa-press.net\/cotedivoire\/dossiers\/franc-maconnerie-apres-bakayoko-la-grande-loge-de-cote-divoire-perd-un-autre-pilier","og_locale":"fr_FR","og_type":"article","og_title":"Franc-ma\u00e7onnerie : apr\u00e8s Bakayoko, la Grande Loge de C\u00f4te d\u2019Ivoire perd un autre pilier","og_description":"Le d\u00e9c\u00e8s du Grand ma\u00eetre David Mignonsin, quatre mois apr\u00e8s celui d\u2019Hamed Bakayoko, est un nouveau coup dur pour la GLCI ...","og_url":"https:\/\/www.africa-press.net\/cotedivoire\/dossiers\/franc-maconnerie-apres-bakayoko-la-grande-loge-de-cote-divoire-perd-un-autre-pilier","og_site_name":"C\u00f4te d&#039;Ivoire","article_published_time":"2021-07-15T17:30:38+00:00","article_modified_time":"2021-07-15T18:47:55+00:00","og_image":[{"width":720,"height":360,"url":"https:\/\/static.africa-press.net\/cote\/sites\/43\/2021\/07\/img-60f0705b0e385.jpg","type":"image\/jpeg"}],"author":"cfeditorfr","twitter_card":"summary_large_image","twitter_misc":{"\u00c9crit par":"cfeditorfr","Dur\u00e9e de lecture estim\u00e9e":"1 minute"},"schema":{"@context":"https:\/\/schema.org","@graph":[{"@type":"Article","@id":"https:\/\/www.africa-press.net\/cotedivoire\/dossiers\/franc-maconnerie-apres-bakayoko-la-grande-loge-de-cote-divoire-perd-un-autre-pilier#article","isPartOf":{"@id":"https:\/\/www.africa-press.net\/cotedivoire\/dossiers\/franc-maconnerie-apres-bakayoko-la-grande-loge-de-cote-divoire-perd-un-autre-pilier"},"author":{"name":"cfeditorfr","@id":"https:\/\/www.africa-press.net\/cotedivoire\/#\/schema\/person\/2b1cf3cd81a31e3cd26889ca66d677f1"},"headline":"Franc-ma\u00e7onnerie : apr\u00e8s Bakayoko, la Grande Loge de C\u00f4te d\u2019Ivoire perd un autre pilier","datePublished":"2021-07-15T17:30:38+00:00","dateModified":"2021-07-15T18:47:55+00:00","mainEntityOfPage":{"@id":"https:\/\/www.africa-press.net\/cotedivoire\/dossiers\/franc-maconnerie-apres-bakayoko-la-grande-loge-de-cote-divoire-perd-un-autre-pilier"},"wordCount":138,"commentCount":0,"image":{"@id":"https:\/\/www.africa-press.net\/cotedivoire\/dossiers\/franc-maconnerie-apres-bakayoko-la-grande-loge-de-cote-divoire-perd-un-autre-pilier#primaryimage"},"thumbnailUrl":"https:\/\/static.africa-press.net\/cote\/sites\/43\/2021\/07\/img-60f0705b0e385.jpg","keywords":["Africa Press","Africa Press-C\u00f4te d'Ivoire","C\u00d4TE D'IVOIRE"],"articleSection":["Dossiers","homepage-french","Top Nouvelles","Toutes les actualit\u00e9s"],"inLanguage":"fr-FR","potentialAction":[{"@type":"CommentAction","name":"Comment","target":["https:\/\/www.africa-press.net\/cotedivoire\/dossiers\/franc-maconnerie-apres-bakayoko-la-grande-loge-de-cote-divoire-perd-un-autre-pilier#respond"]}]},{"@type":"WebPage","@id":"https:\/\/www.africa-press.net\/cotedivoire\/dossiers\/franc-maconnerie-apres-bakayoko-la-grande-loge-de-cote-divoire-perd-un-autre-pilier","url":"https:\/\/www.africa-press.net\/cotedivoire\/dossiers\/franc-maconnerie-apres-bakayoko-la-grande-loge-de-cote-divoire-perd-un-autre-pilier","name":"Franc-ma\u00e7onnerie : apr\u00e8s Bakayoko, la Grande Loge de C\u00f4te d\u2019Ivoire perd un autre pilier - C\u00f4te d&#039;Ivoire","isPartOf":{"@id":"https:\/\/www.africa-press.net\/cotedivoire\/#website"},"primaryImageOfPage":{"@id":"https:\/\/www.africa-press.net\/cotedivoire\/dossiers\/franc-maconnerie-apres-bakayoko-la-grande-loge-de-cote-divoire-perd-un-autre-pilier#primaryimage"},"image":{"@id":"https:\/\/www.africa-press.net\/cotedivoire\/dossiers\/franc-maconnerie-apres-bakayoko-la-grande-loge-de-cote-divoire-perd-un-autre-pilier#primaryimage"},"thumbnailUrl":"https:\/\/static.africa-press.net\/cote\/sites\/43\/2021\/07\/img-60f0705b0e385.jpg","datePublished":"2021-07-15T17:30:38+00:00","dateModified":"2021-07-15T18:47:55+00:00","author":{"@id":"https:\/\/www.africa-press.net\/cotedivoire\/#\/schema\/person\/2b1cf3cd81a31e3cd26889ca66d677f1"},"description":"Le d\u00e9c\u00e8s du Grand ma\u00eetre David Mignonsin, quatre mois apr\u00e8s celui d\u2019Hamed Bakayoko, est un nouveau coup dur pour la GLCI ...","breadcrumb":{"@id":"https:\/\/www.africa-press.net\/cotedivoire\/dossiers\/franc-maconnerie-apres-bakayoko-la-grande-loge-de-cote-divoire-perd-un-autre-pilier#breadcrumb"},"inLanguage":"fr-FR","potentialAction":[{"@type":"ReadAction","target":["https:\/\/www.africa-press.net\/cotedivoire\/dossiers\/franc-maconnerie-apres-bakayoko-la-grande-loge-de-cote-divoire-perd-un-autre-pilier"]}]},{"@type":"ImageObject","inLanguage":"fr-FR","@id":"https:\/\/www.africa-press.net\/cotedivoire\/dossiers\/franc-maconnerie-apres-bakayoko-la-grande-loge-de-cote-divoire-perd-un-autre-pilier#primaryimage","url":"https:\/\/static.africa-press.net\/cote\/sites\/43\/2021\/07\/img-60f0705b0e385.jpg","contentUrl":"https:\/\/static.africa-press.net\/cote\/sites\/43\/2021\/07\/img-60f0705b0e385.jpg","width":720,"height":360,"caption":"Franc-ma\u00e7onnerie : apr\u00e8s Bakayoko, la Grande Loge de C\u00f4te d\u2019Ivoire perd un autre pilier"},{"@type":"BreadcrumbList","@id":"https:\/\/www.africa-press.net\/cotedivoire\/dossiers\/franc-maconnerie-apres-bakayoko-la-grande-loge-de-cote-divoire-perd-un-autre-pilier#breadcrumb","itemListElement":[{"@type":"ListItem","position":1,"name":"Accueil","item":"https:\/\/www.africa-press.net\/cotedivoire\/"},{"@type":"ListItem","position":2,"name":"Franc-ma\u00e7onnerie : apr\u00e8s Bakayoko, la Grande Loge de C\u00f4te d\u2019Ivoire perd un autre pilier"}]},{"@type":"WebSite","@id":"https:\/\/www.africa-press.net\/cotedivoire\/#website","url":"https:\/\/www.africa-press.net\/cotedivoire\/","name":"C\u00f4te d&#039;Ivoire","description":"Just another Africa News Agency Sites site","potentialAction":[{"@type":"SearchAction","target":{"@type":"EntryPoint","urlTemplate":"https:\/\/www.africa-press.net\/cotedivoire\/?s={search_term_string}"},"query-input":{"@type":"PropertyValueSpecification","valueRequired":true,"valueName":"search_term_string"}}],"inLanguage":"fr-FR"},{"@type":"Person","@id":"https:\/\/www.africa-press.net\/cotedivoire\/#\/schema\/person\/2b1cf3cd81a31e3cd26889ca66d677f1","name":"cfeditorfr"}]}},"_links":{"self":[{"href":"https:\/\/www.africa-press.net\/cotedivoire\/wp-json\/wp\/v2\/posts\/9930","targetHints":{"allow":["GET"]}}],"collection":[{"href":"https:\/\/www.africa-press.net\/cotedivoire\/wp-json\/wp\/v2\/posts"}],"about":[{"href":"https:\/\/www.africa-press.net\/cotedivoire\/wp-json\/wp\/v2\/types\/post"}],"author":[{"embeddable":true,"href":"https:\/\/www.africa-press.net\/cotedivoire\/wp-json\/wp\/v2\/users\/82"}],"replies":[{"embeddable":true,"href":"https:\/\/www.africa-press.net\/cotedivoire\/wp-json\/wp\/v2\/comments?post=9930"}],"version-history":[{"count":0,"href":"https:\/\/www.africa-press.net\/cotedivoire\/wp-json\/wp\/v2\/posts\/9930\/revisions"}],"wp:featuredmedia":[{"embeddable":true,"href":"https:\/\/www.africa-press.net\/cotedivoire\/wp-json\/wp\/v2\/media\/9929"}],"wp:attachment":[{"href":"https:\/\/www.africa-press.net\/cotedivoire\/wp-json\/wp\/v2\/media?parent=9930"}],"wp:term":[{"taxonomy":"category","embeddable":true,"href":"https:\/\/www.africa-press.net\/cotedivoire\/wp-json\/wp\/v2\/categories?post=9930"},{"taxonomy":"post_tag","embeddable":true,"href":"https:\/\/www.africa-press.net\/cotedivoire\/wp-json\/wp\/v2\/tags?post=9930"}],"curies":[{"name":"wp","href":"https:\/\/api.w.org\/{rel}","templated":true}]}}