{"id":9933,"date":"2021-07-15T17:41:53","date_gmt":"2021-07-15T17:41:53","guid":{"rendered":"https:\/\/www.africa-press.net\/cotedivoire\/?p=9933"},"modified":"2021-07-15T18:47:59","modified_gmt":"2021-07-15T18:47:59","slug":"air-france-redouble-dambition-pour-le-cargo-en-afrique","status":"publish","type":"post","link":"https:\/\/www.africa-press.net\/cotedivoire\/toutes-les-actualites\/air-france-redouble-dambition-pour-le-cargo-en-afrique","title":{"rendered":"Air France redouble d\u2019ambition pour le cargo en Afrique"},"content":{"rendered":"<p><span style=\"color: #ff6600\"><strong><a href=\"https:\/\/www.africa-press.net\/\">Africa-Press<\/a> &#8211; <a href=\"https:\/\/www.africa-press.net\/cotedivoire\">C\u00f4te d&rsquo;Ivoire<\/a>. <\/strong><\/span>Le fret a d\u00e9coll\u00e9 durant la crise du Covid-19. La compagnie a\u00e9rienne veut maintenir cette avanc\u00e9e tout en acc\u00e9l\u00e9rant sur le segment passagers. Air France compte bien maintenir son trafic de cargo sur le continent. Durant toute la pand\u00e9mie, cette activit\u00e9 a connu une hausse notable contrairement aux vols commerciaux de voyageurs tr\u00e8s s\u00e9rieusement impact\u00e9s. En C\u00f4te d\u2019Ivoire, les vols cargos op\u00e9r\u00e9s par la compagnie ont bien \u00e9volu\u00e9.<\/p>\n<p>\u00ab Certaines compagnies ont d\u00e9cid\u00e9 de ne plus avoir d\u2019activit\u00e9 cargo. Pendant la crise, il y a eu une demande forte dans ce domaine et cela a cr\u00e9\u00e9 une activit\u00e9 g\u00e9n\u00e9ratrice de recettes. Sur le continent et Abidjan, nous avons une belle offre que nous continuerons \u00bb, explique Henri De Peyrelongue, le directeur g\u00e9n\u00e9ral adjoint commercial et ventes d\u2019Air France, venu \u00e0 Abidjan en compagnie d\u2019Henri Hourcade, le directeur g\u00e9n\u00e9ral adjoint. Objectif de cette visite : c\u00e9l\u00e9brer les 80 ans d\u2019implantation en C\u00f4te d\u2019Ivoire et surtout le d\u00e9m\u00e9nagement du si\u00e8ge traditionnel de la compagnie du quartier des affaires du<\/p>\n","protected":false},"excerpt":{"rendered":"<p>Africa-Press &#8211; C\u00f4te d&rsquo;Ivoire. Le fret a d\u00e9coll\u00e9 durant la crise du Covid-19. La compagnie a\u00e9rienne veut maintenir cette avanc\u00e9e tout en acc\u00e9l\u00e9rant sur le segment passagers. Air France compte bien maintenir son trafic de cargo sur le continent. Durant toute la pand\u00e9mie, cette activit\u00e9 a connu une hausse notable contrairement aux vols commerciaux de [&hellip;]<\/p>\n","protected":false},"author":82,"featured_media":9932,"comment_status":"open","ping_status":"closed","sticky":false,"template":"","format":"standard","meta":{"footnotes":""},"categories":[22,11,10],"tags":[56,63,29],"class_list":["post-9933","post","type-post","status-publish","format-standard","has-post-thumbnail","hentry","category-divers","category-homepage-french","category-toutes-les-actualites","tag-africa-press","tag-africa-press-cote-divoire","tag-cote-divoire"],"yoast_head":"<!-- This site is optimized with the Yoast SEO Premium plugin v26.1 (Yoast SEO v27.0) - https:\/\/yoast.com\/product\/yoast-seo-premium-wordpress\/ -->\n<title>Air France redouble d\u2019ambition pour le cargo en Afrique - C\u00f4te d&#039;Ivoire<\/title>\n<meta name=\"description\" content=\"Le fret a d\u00e9coll\u00e9 durant la crise du Covid-19. La compagnie a\u00e9rienne veut maintenir cette avanc\u00e9e tout en acc\u00e9l\u00e9rant sur ...\" \/>\n<meta name=\"robots\" content=\"index, follow, max-snippet:-1, max-image-preview:large, max-video-preview:-1\" \/>\n<link rel=\"canonical\" href=\"https:\/\/www.africa-press.net\/cotedivoire\/toutes-les-actualites\/air-france-redouble-dambition-pour-le-cargo-en-afrique\" \/>\n<meta property=\"og:locale\" content=\"fr_FR\" \/>\n<meta property=\"og:type\" content=\"article\" \/>\n<meta property=\"og:title\" content=\"Air France redouble d\u2019ambition pour le cargo en Afrique\" \/>\n<meta property=\"og:description\" content=\"Le fret a d\u00e9coll\u00e9 durant la crise du Covid-19. La compagnie a\u00e9rienne veut maintenir cette avanc\u00e9e tout en acc\u00e9l\u00e9rant sur ...\" \/>\n<meta property=\"og:url\" content=\"https:\/\/www.africa-press.net\/cotedivoire\/toutes-les-actualites\/air-france-redouble-dambition-pour-le-cargo-en-afrique\" \/>\n<meta property=\"og:site_name\" content=\"C\u00f4te d&#039;Ivoire\" \/>\n<meta property=\"article:published_time\" content=\"2021-07-15T17:41:53+00:00\" \/>\n<meta property=\"article:modified_time\" content=\"2021-07-15T18:47:59+00:00\" \/>\n<meta property=\"og:image\" content=\"https:\/\/static.africa-press.net\/cote\/sites\/43\/2021\/07\/img-60f070cde0c06.jpg\" \/>\n\t<meta property=\"og:image:width\" content=\"720\" \/>\n\t<meta property=\"og:image:height\" content=\"360\" \/>\n\t<meta property=\"og:image:type\" content=\"image\/jpeg\" \/>\n<meta name=\"author\" content=\"cfeditorfr\" \/>\n<meta name=\"twitter:card\" content=\"summary_large_image\" \/>\n<meta name=\"twitter:label1\" content=\"\u00c9crit par\" \/>\n\t<meta name=\"twitter:data1\" content=\"cfeditorfr\" \/>\n\t<meta name=\"twitter:label2\" content=\"Dur\u00e9e de lecture estim\u00e9e\" \/>\n\t<meta name=\"twitter:data2\" content=\"1 minute\" \/>\n<script type=\"application\/ld+json\" class=\"yoast-schema-graph\">{\"@context\":\"https:\/\/schema.org\",\"@graph\":[{\"@type\":\"Article\",\"@id\":\"https:\/\/www.africa-press.net\/cotedivoire\/toutes-les-actualites\/air-france-redouble-dambition-pour-le-cargo-en-afrique#article\",\"isPartOf\":{\"@id\":\"https:\/\/www.africa-press.net\/cotedivoire\/toutes-les-actualites\/air-france-redouble-dambition-pour-le-cargo-en-afrique\"},\"author\":{\"name\":\"cfeditorfr\",\"@id\":\"https:\/\/www.africa-press.net\/cotedivoire\/#\/schema\/person\/2b1cf3cd81a31e3cd26889ca66d677f1\"},\"headline\":\"Air France redouble d\u2019ambition pour le cargo en Afrique\",\"datePublished\":\"2021-07-15T17:41:53+00:00\",\"dateModified\":\"2021-07-15T18:47:59+00:00\",\"mainEntityOfPage\":{\"@id\":\"https:\/\/www.africa-press.net\/cotedivoire\/toutes-les-actualites\/air-france-redouble-dambition-pour-le-cargo-en-afrique\"},\"wordCount\":209,\"commentCount\":0,\"image\":{\"@id\":\"https:\/\/www.africa-press.net\/cotedivoire\/toutes-les-actualites\/air-france-redouble-dambition-pour-le-cargo-en-afrique#primaryimage\"},\"thumbnailUrl\":\"https:\/\/static.africa-press.net\/cote\/sites\/43\/2021\/07\/img-60f070cde0c06.jpg\",\"keywords\":[\"Africa Press\",\"Africa Press-C\u00f4te d'Ivoire\",\"C\u00d4TE D'IVOIRE\"],\"articleSection\":[\"Divers\",\"homepage-french\",\"Toutes les actualit\u00e9s\"],\"inLanguage\":\"fr-FR\",\"potentialAction\":[{\"@type\":\"CommentAction\",\"name\":\"Comment\",\"target\":[\"https:\/\/www.africa-press.net\/cotedivoire\/toutes-les-actualites\/air-france-redouble-dambition-pour-le-cargo-en-afrique#respond\"]}]},{\"@type\":\"WebPage\",\"@id\":\"https:\/\/www.africa-press.net\/cotedivoire\/toutes-les-actualites\/air-france-redouble-dambition-pour-le-cargo-en-afrique\",\"url\":\"https:\/\/www.africa-press.net\/cotedivoire\/toutes-les-actualites\/air-france-redouble-dambition-pour-le-cargo-en-afrique\",\"name\":\"Air France redouble d\u2019ambition pour le cargo en Afrique - C\u00f4te d&#039;Ivoire\",\"isPartOf\":{\"@id\":\"https:\/\/www.africa-press.net\/cotedivoire\/#website\"},\"primaryImageOfPage\":{\"@id\":\"https:\/\/www.africa-press.net\/cotedivoire\/toutes-les-actualites\/air-france-redouble-dambition-pour-le-cargo-en-afrique#primaryimage\"},\"image\":{\"@id\":\"https:\/\/www.africa-press.net\/cotedivoire\/toutes-les-actualites\/air-france-redouble-dambition-pour-le-cargo-en-afrique#primaryimage\"},\"thumbnailUrl\":\"https:\/\/static.africa-press.net\/cote\/sites\/43\/2021\/07\/img-60f070cde0c06.jpg\",\"datePublished\":\"2021-07-15T17:41:53+00:00\",\"dateModified\":\"2021-07-15T18:47:59+00:00\",\"author\":{\"@id\":\"https:\/\/www.africa-press.net\/cotedivoire\/#\/schema\/person\/2b1cf3cd81a31e3cd26889ca66d677f1\"},\"description\":\"Le fret a d\u00e9coll\u00e9 durant la crise du Covid-19. La compagnie a\u00e9rienne veut maintenir cette avanc\u00e9e tout en acc\u00e9l\u00e9rant sur ...\",\"breadcrumb\":{\"@id\":\"https:\/\/www.africa-press.net\/cotedivoire\/toutes-les-actualites\/air-france-redouble-dambition-pour-le-cargo-en-afrique#breadcrumb\"},\"inLanguage\":\"fr-FR\",\"potentialAction\":[{\"@type\":\"ReadAction\",\"target\":[\"https:\/\/www.africa-press.net\/cotedivoire\/toutes-les-actualites\/air-france-redouble-dambition-pour-le-cargo-en-afrique\"]}]},{\"@type\":\"ImageObject\",\"inLanguage\":\"fr-FR\",\"@id\":\"https:\/\/www.africa-press.net\/cotedivoire\/toutes-les-actualites\/air-france-redouble-dambition-pour-le-cargo-en-afrique#primaryimage\",\"url\":\"https:\/\/static.africa-press.net\/cote\/sites\/43\/2021\/07\/img-60f070cde0c06.jpg\",\"contentUrl\":\"https:\/\/static.africa-press.net\/cote\/sites\/43\/2021\/07\/img-60f070cde0c06.jpg\",\"width\":720,\"height\":360,\"caption\":\"Air France redouble d\u2019ambition pour le cargo en Afrique\"},{\"@type\":\"BreadcrumbList\",\"@id\":\"https:\/\/www.africa-press.net\/cotedivoire\/toutes-les-actualites\/air-france-redouble-dambition-pour-le-cargo-en-afrique#breadcrumb\",\"itemListElement\":[{\"@type\":\"ListItem\",\"position\":1,\"name\":\"Accueil\",\"item\":\"https:\/\/www.africa-press.net\/cotedivoire\/\"},{\"@type\":\"ListItem\",\"position\":2,\"name\":\"Air France redouble d\u2019ambition pour le cargo en Afrique\"}]},{\"@type\":\"WebSite\",\"@id\":\"https:\/\/www.africa-press.net\/cotedivoire\/#website\",\"url\":\"https:\/\/www.africa-press.net\/cotedivoire\/\",\"name\":\"C\u00f4te d&#039;Ivoire\",\"description\":\"Just another Africa News Agency Sites site\",\"potentialAction\":[{\"@type\":\"SearchAction\",\"target\":{\"@type\":\"EntryPoint\",\"urlTemplate\":\"https:\/\/www.africa-press.net\/cotedivoire\/?s={search_term_string}\"},\"query-input\":{\"@type\":\"PropertyValueSpecification\",\"valueRequired\":true,\"valueName\":\"search_term_string\"}}],\"inLanguage\":\"fr-FR\"},{\"@type\":\"Person\",\"@id\":\"https:\/\/www.africa-press.net\/cotedivoire\/#\/schema\/person\/2b1cf3cd81a31e3cd26889ca66d677f1\",\"name\":\"cfeditorfr\"}]}<\/script>\n<!-- \/ Yoast SEO Premium plugin. -->","yoast_head_json":{"title":"Air France redouble d\u2019ambition pour le cargo en Afrique - C\u00f4te d&#039;Ivoire","description":"Le fret a d\u00e9coll\u00e9 durant la crise du Covid-19. La compagnie a\u00e9rienne veut maintenir cette avanc\u00e9e tout en acc\u00e9l\u00e9rant sur ...","robots":{"index":"index","follow":"follow","max-snippet":"max-snippet:-1","max-image-preview":"max-image-preview:large","max-video-preview":"max-video-preview:-1"},"canonical":"https:\/\/www.africa-press.net\/cotedivoire\/toutes-les-actualites\/air-france-redouble-dambition-pour-le-cargo-en-afrique","og_locale":"fr_FR","og_type":"article","og_title":"Air France redouble d\u2019ambition pour le cargo en Afrique","og_description":"Le fret a d\u00e9coll\u00e9 durant la crise du Covid-19. La compagnie a\u00e9rienne veut maintenir cette avanc\u00e9e tout en acc\u00e9l\u00e9rant sur ...","og_url":"https:\/\/www.africa-press.net\/cotedivoire\/toutes-les-actualites\/air-france-redouble-dambition-pour-le-cargo-en-afrique","og_site_name":"C\u00f4te d&#039;Ivoire","article_published_time":"2021-07-15T17:41:53+00:00","article_modified_time":"2021-07-15T18:47:59+00:00","og_image":[{"width":720,"height":360,"url":"https:\/\/static.africa-press.net\/cote\/sites\/43\/2021\/07\/img-60f070cde0c06.jpg","type":"image\/jpeg"}],"author":"cfeditorfr","twitter_card":"summary_large_image","twitter_misc":{"\u00c9crit par":"cfeditorfr","Dur\u00e9e de lecture estim\u00e9e":"1 minute"},"schema":{"@context":"https:\/\/schema.org","@graph":[{"@type":"Article","@id":"https:\/\/www.africa-press.net\/cotedivoire\/toutes-les-actualites\/air-france-redouble-dambition-pour-le-cargo-en-afrique#article","isPartOf":{"@id":"https:\/\/www.africa-press.net\/cotedivoire\/toutes-les-actualites\/air-france-redouble-dambition-pour-le-cargo-en-afrique"},"author":{"name":"cfeditorfr","@id":"https:\/\/www.africa-press.net\/cotedivoire\/#\/schema\/person\/2b1cf3cd81a31e3cd26889ca66d677f1"},"headline":"Air France redouble d\u2019ambition pour le cargo en Afrique","datePublished":"2021-07-15T17:41:53+00:00","dateModified":"2021-07-15T18:47:59+00:00","mainEntityOfPage":{"@id":"https:\/\/www.africa-press.net\/cotedivoire\/toutes-les-actualites\/air-france-redouble-dambition-pour-le-cargo-en-afrique"},"wordCount":209,"commentCount":0,"image":{"@id":"https:\/\/www.africa-press.net\/cotedivoire\/toutes-les-actualites\/air-france-redouble-dambition-pour-le-cargo-en-afrique#primaryimage"},"thumbnailUrl":"https:\/\/static.africa-press.net\/cote\/sites\/43\/2021\/07\/img-60f070cde0c06.jpg","keywords":["Africa Press","Africa Press-C\u00f4te d'Ivoire","C\u00d4TE D'IVOIRE"],"articleSection":["Divers","homepage-french","Toutes les actualit\u00e9s"],"inLanguage":"fr-FR","potentialAction":[{"@type":"CommentAction","name":"Comment","target":["https:\/\/www.africa-press.net\/cotedivoire\/toutes-les-actualites\/air-france-redouble-dambition-pour-le-cargo-en-afrique#respond"]}]},{"@type":"WebPage","@id":"https:\/\/www.africa-press.net\/cotedivoire\/toutes-les-actualites\/air-france-redouble-dambition-pour-le-cargo-en-afrique","url":"https:\/\/www.africa-press.net\/cotedivoire\/toutes-les-actualites\/air-france-redouble-dambition-pour-le-cargo-en-afrique","name":"Air France redouble d\u2019ambition pour le cargo en Afrique - C\u00f4te d&#039;Ivoire","isPartOf":{"@id":"https:\/\/www.africa-press.net\/cotedivoire\/#website"},"primaryImageOfPage":{"@id":"https:\/\/www.africa-press.net\/cotedivoire\/toutes-les-actualites\/air-france-redouble-dambition-pour-le-cargo-en-afrique#primaryimage"},"image":{"@id":"https:\/\/www.africa-press.net\/cotedivoire\/toutes-les-actualites\/air-france-redouble-dambition-pour-le-cargo-en-afrique#primaryimage"},"thumbnailUrl":"https:\/\/static.africa-press.net\/cote\/sites\/43\/2021\/07\/img-60f070cde0c06.jpg","datePublished":"2021-07-15T17:41:53+00:00","dateModified":"2021-07-15T18:47:59+00:00","author":{"@id":"https:\/\/www.africa-press.net\/cotedivoire\/#\/schema\/person\/2b1cf3cd81a31e3cd26889ca66d677f1"},"description":"Le fret a d\u00e9coll\u00e9 durant la crise du Covid-19. La compagnie a\u00e9rienne veut maintenir cette avanc\u00e9e tout en acc\u00e9l\u00e9rant sur ...","breadcrumb":{"@id":"https:\/\/www.africa-press.net\/cotedivoire\/toutes-les-actualites\/air-france-redouble-dambition-pour-le-cargo-en-afrique#breadcrumb"},"inLanguage":"fr-FR","potentialAction":[{"@type":"ReadAction","target":["https:\/\/www.africa-press.net\/cotedivoire\/toutes-les-actualites\/air-france-redouble-dambition-pour-le-cargo-en-afrique"]}]},{"@type":"ImageObject","inLanguage":"fr-FR","@id":"https:\/\/www.africa-press.net\/cotedivoire\/toutes-les-actualites\/air-france-redouble-dambition-pour-le-cargo-en-afrique#primaryimage","url":"https:\/\/static.africa-press.net\/cote\/sites\/43\/2021\/07\/img-60f070cde0c06.jpg","contentUrl":"https:\/\/static.africa-press.net\/cote\/sites\/43\/2021\/07\/img-60f070cde0c06.jpg","width":720,"height":360,"caption":"Air France redouble d\u2019ambition pour le cargo en Afrique"},{"@type":"BreadcrumbList","@id":"https:\/\/www.africa-press.net\/cotedivoire\/toutes-les-actualites\/air-france-redouble-dambition-pour-le-cargo-en-afrique#breadcrumb","itemListElement":[{"@type":"ListItem","position":1,"name":"Accueil","item":"https:\/\/www.africa-press.net\/cotedivoire\/"},{"@type":"ListItem","position":2,"name":"Air France redouble d\u2019ambition pour le cargo en Afrique"}]},{"@type":"WebSite","@id":"https:\/\/www.africa-press.net\/cotedivoire\/#website","url":"https:\/\/www.africa-press.net\/cotedivoire\/","name":"C\u00f4te d&#039;Ivoire","description":"Just another Africa News Agency Sites site","potentialAction":[{"@type":"SearchAction","target":{"@type":"EntryPoint","urlTemplate":"https:\/\/www.africa-press.net\/cotedivoire\/?s={search_term_string}"},"query-input":{"@type":"PropertyValueSpecification","valueRequired":true,"valueName":"search_term_string"}}],"inLanguage":"fr-FR"},{"@type":"Person","@id":"https:\/\/www.africa-press.net\/cotedivoire\/#\/schema\/person\/2b1cf3cd81a31e3cd26889ca66d677f1","name":"cfeditorfr"}]}},"_links":{"self":[{"href":"https:\/\/www.africa-press.net\/cotedivoire\/wp-json\/wp\/v2\/posts\/9933","targetHints":{"allow":["GET"]}}],"collection":[{"href":"https:\/\/www.africa-press.net\/cotedivoire\/wp-json\/wp\/v2\/posts"}],"about":[{"href":"https:\/\/www.africa-press.net\/cotedivoire\/wp-json\/wp\/v2\/types\/post"}],"author":[{"embeddable":true,"href":"https:\/\/www.africa-press.net\/cotedivoire\/wp-json\/wp\/v2\/users\/82"}],"replies":[{"embeddable":true,"href":"https:\/\/www.africa-press.net\/cotedivoire\/wp-json\/wp\/v2\/comments?post=9933"}],"version-history":[{"count":0,"href":"https:\/\/www.africa-press.net\/cotedivoire\/wp-json\/wp\/v2\/posts\/9933\/revisions"}],"wp:featuredmedia":[{"embeddable":true,"href":"https:\/\/www.africa-press.net\/cotedivoire\/wp-json\/wp\/v2\/media\/9932"}],"wp:attachment":[{"href":"https:\/\/www.africa-press.net\/cotedivoire\/wp-json\/wp\/v2\/media?parent=9933"}],"wp:term":[{"taxonomy":"category","embeddable":true,"href":"https:\/\/www.africa-press.net\/cotedivoire\/wp-json\/wp\/v2\/categories?post=9933"},{"taxonomy":"post_tag","embeddable":true,"href":"https:\/\/www.africa-press.net\/cotedivoire\/wp-json\/wp\/v2\/tags?post=9933"}],"curies":[{"name":"wp","href":"https:\/\/api.w.org\/{rel}","templated":true}]}}