{"id":99341,"date":"2025-05-19T18:32:07","date_gmt":"2025-05-19T18:32:07","guid":{"rendered":"https:\/\/www.africa-press.net\/cotedivoire\/politique\/cote-divoire-france-corsair-renouvelle-son-partenariat-strategique-avec-les-autorites"},"modified":"2025-05-19T18:40:06","modified_gmt":"2025-05-19T18:40:06","slug":"cote-divoire-france-corsair-renouvelle-son-partenariat-strategique-avec-les-autorites","status":"publish","type":"post","link":"https:\/\/www.africa-press.net\/cotedivoire\/economie\/cote-divoire-france-corsair-renouvelle-son-partenariat-strategique-avec-les-autorites","title":{"rendered":"C\u00f4te d&rsquo;Ivoire-France : Corsair renouvelle son partenariat strat\u00e9gique avec les autorit\u00e9s"},"content":{"rendered":"<p><span style=\"color: #ff6600\"><strong>Africa-Press &#8211; C\u00f4te d&rsquo;Ivoire. <\/strong><\/span>Lors d\u2019une ce\u0301re\u0301monie officielle organise\u0301e a\u0300 Abidjan, le PDG de la compagnie ae\u0301rienne franc\u0327aise, Corsair a pris la parole devant un parterre de hautes autorite\u0301s ivoiriennes pour re\u0301affirmer l\u2019engagement de la compagnie ae\u0301rienne envers la Co\u0302te d\u2019Ivoire.<\/p>\n<p>Ce discours, empreint de reconnaissance et de fierte\u0301, a e\u0301te\u0301 l\u2019occasion d\u2019annoncer la reconduction des conventions de partenariat signe\u0301es initialement en de\u0301cembre 2022 avec les plus hautes institutions de la Re\u0301publique de Co\u0302te d\u2019Ivoire.<\/p>\n<p>La grande annonce de la soire\u0301e concernait la reconduction de la convention tarifaire entre Corsair et l\u2019E\u0301tat ivoirien. Ce partenariat permet aux agents des institutions publiques et a\u0300 leurs familles de be\u0301ne\u0301ficier de conditions de voyage \u00ab tre\u0300s avantageuses et a\u0300 des tarifs spe\u0301ciaux \u00bb sur les vols ope\u0301re\u0301s par Corsair, notamment sur la ligne Abidjan\u2013Paris. Mis en place il y a trois ans, ce dispositif a rencontre\u0301 un vif succe\u0300s, facilitant la mobilite\u0301 du personnel administratif et contribuant a\u0300 rendre le transport ae\u0301rien plus accessible a\u0300 un public institutionnel e\u0301largi.<\/p>\n<p>Les signataires e\u0301taient le Se\u0301nat, repre\u0301sente\u0301 par sa pre\u0301sidente Kandia Camara, l&rsquo;Assemble\u0301e nationale, repre\u0301sente\u0301 par son Pre\u0301sident Adama Bictogo et l&rsquo;UVICOCI par son Pre\u0301sident, le Ministre des Transports Amadou Kone\u0301 et le Conseil e\u0301conomique et social, repre\u0301sente\u0301 par son pre\u0301sident Aka Aouele\u0301.<\/p>\n<p>Prenantl la parole, Kandia Camara a pre\u0301cise\u0301 que les facilite\u0301s s&rsquo;appliqueront aussi bien pour les voyages professionnel que prive\u0301 ainsi que, toujours selon la pre\u0301sidente du Se\u0301nat, pour des soins a\u0300 l&rsquo;ho\u0302pital ame\u0301ricain de Paris.<\/p>\n<p>Les composantes de ces structures et leurs familles, jouiront donc de tarfis favorables sur les vols Corsair au de\u0301part d&rsquo;Abidjan vers la France.<\/p>\n<p>Le PDG de Corsair, rappelant son attachement personnel a\u0300 la Co\u0302te d\u2019Ivoire, ou\u0300 il a ve\u0301cu plusieurs anne\u0301es, a souligne\u0301 l\u2019importance strate\u0301gique de cette relation de confiance.<\/p>\n<p>\u00ab Votre confiance honore Corsair. Elle nous engage \u00bb, a-t-il de\u0301clare\u0301 avec e\u0301motion.<\/p>\n<p>Avec jusqu\u2019a\u0300 neuf vols hebdomadaires entre Paris-Orly et Abidjan, Corsair affirme sa position de partenaire de long terme. La capitale e\u0301conomique ivoirienne occupe, selon le PDG, \u00ab une place centrale dans notre re\u0301seau \u00bb.<\/p>\n<p>Il a mis en avant les investissements re\u0301alise\u0301s ces dernie\u0300res anne\u0301es, notamment le renouvellement complet de la flotte avec des Airbus A330neo, des appareils plus e\u0301cologiques et plus confortables.<\/p>\n<p>Ces avions permettent a\u0300 Corsair de re\u0301duire de 25 % ses e\u0301missions de CO2 par sie\u0300ge et de 60 % son empreinte sonore, tout en offrant une qualite\u0301 de service optimale dans les trois classes: Business, Premium et Economy.<\/p>\n<p>Mais Corsair se veut plus qu\u2019un simple transporteur. L\u2019entreprise se pre\u0301sente comme un acteur citoyen et solidaire. Le PDG a rappele\u0301 les nombreux engagements de la compagnie en Co\u0302te d\u2019Ivoire: soutien a\u0300 la Fondation Children of Africa de la Premie\u0300re Dame Dominique Ouattara, accompagnement du comite\u0301 Miss Co\u0302te d\u2019Ivoire, cre\u0301ation de la Corsair Foot Academy pour de\u0301couvrir les talents du football local, et parrainage de Cheick Cisse\u0301, champion olympique ivoirien de taekwondo.<\/p>\n<p>Corsair soutient aussi l\u2019e\u0301conomie locale a\u0300 travers le de\u0301veloppement du fret, profitant de son implantation a\u0300 Orly, a\u0300 proximite\u0301 du marche\u0301 international de Rungis, pour faciliter les exportations ivoiriennes.<\/p>\n<p>Alors que la compagnie nationale ivoirienne pre\u0301voit d\u2019ouvrir prochainement une liaison Abidjan\u2013Paris, le PDG de Corsair a accueilli cette perspective avec se\u0301re\u0301nite\u0301, estimant que \u00ab la concurrence a du bon \u00bb, car elle profite avant tout aux passagers.<\/p>\n<p>Selon lui, l\u2019arrive\u0301e de Corsair sur cette route avait de\u0301ja\u0300 contribue\u0301 a\u0300 une forte croissance du trafic et a\u0300 une de\u0301mocratisation du transport ae\u0301rien. L\u2019arrive\u0301e d\u2019un nouvel acteur est donc vue comme un catalyseur de qualite\u0301 et de compe\u0301titivite\u0301.<\/p>\n<p>En conclusion, Corsair a re\u0301ite\u0301re\u0301 son engagement envers la Co\u0302te d\u2019Ivoire et sa volonte\u0301 de continuer a\u0300 investir dans le pays, tant sur le plan e\u0301conomique que social et touristique. Ce partenariat renouvele\u0301 avec les institutions ivoiriennes marque un nouveau chapitre d\u2019une collaboration fructueuse et durable.<\/p>\n<p><strong>Pour plus d&rsquo;informations et d&rsquo;analyses sur la <span style=\"color: #ff6600\">C\u00f4te d&rsquo;Ivoire<\/span>, suivez <span style=\"color: #ff6600\">Africa-Press<\/span><\/strong><\/p>\n","protected":false},"excerpt":{"rendered":"<p>Africa-Press &#8211; C\u00f4te d&rsquo;Ivoire. Lors d\u2019une ce\u0301re\u0301monie officielle organise\u0301e a\u0300 Abidjan, le PDG de la compagnie ae\u0301rienne franc\u0327aise, Corsair a pris la parole devant un parterre de hautes autorite\u0301s ivoiriennes pour re\u0301affirmer l\u2019engagement de la compagnie ae\u0301rienne envers la Co\u0302te d\u2019Ivoire. Ce discours, empreint de reconnaissance et de fierte\u0301, a e\u0301te\u0301 l\u2019occasion d\u2019annoncer la reconduction [&hellip;]<\/p>\n","protected":false},"author":82,"featured_media":99340,"comment_status":"open","ping_status":"closed","sticky":false,"template":"","format":"standard","meta":{"footnotes":""},"categories":[3,10],"tags":[17731,29,17732,1083],"class_list":["post-99341","post","type-post","status-publish","format-standard","has-post-thumbnail","hentry","category-economie","category-toutes-les-actualites","tag-corsair","tag-cote-divoire","tag-hopital-americain","tag-kandia-camara"],"yoast_head":"<!-- This site is optimized with the Yoast SEO Premium plugin v26.1 (Yoast SEO v27.0) - https:\/\/yoast.com\/product\/yoast-seo-premium-wordpress\/ -->\n<title>C\u00f4te d&#039;Ivoire-France : Corsair renouvelle son partenariat strat\u00e9gique avec les autorit\u00e9s - C\u00f4te d&#039;Ivoire<\/title>\n<meta name=\"description\" content=\"Lors d\u2019une ce\u0301re\u0301monie officielle organise\u0301e a\u0300 Abidjan, le PDG de la compagnie ae\u0301rienne franc\u0327aise, Corsair a pris la ...\" \/>\n<meta name=\"robots\" content=\"index, follow, max-snippet:-1, max-image-preview:large, max-video-preview:-1\" \/>\n<link rel=\"canonical\" href=\"https:\/\/www.africa-press.net\/cotedivoire\/economie\/cote-divoire-france-corsair-renouvelle-son-partenariat-strategique-avec-les-autorites\" \/>\n<meta property=\"og:locale\" content=\"fr_FR\" \/>\n<meta property=\"og:type\" content=\"article\" \/>\n<meta property=\"og:title\" content=\"C\u00f4te d&#039;Ivoire-France : Corsair renouvelle son partenariat strat\u00e9gique avec les autorit\u00e9s\" \/>\n<meta property=\"og:description\" content=\"Lors d\u2019une ce\u0301re\u0301monie officielle organise\u0301e a\u0300 Abidjan, le PDG de la compagnie ae\u0301rienne franc\u0327aise, Corsair a pris la ...\" \/>\n<meta property=\"og:url\" content=\"https:\/\/www.africa-press.net\/cotedivoire\/economie\/cote-divoire-france-corsair-renouvelle-son-partenariat-strategique-avec-les-autorites\" \/>\n<meta property=\"og:site_name\" content=\"C\u00f4te d&#039;Ivoire\" \/>\n<meta property=\"article:published_time\" content=\"2025-05-19T18:32:07+00:00\" \/>\n<meta property=\"article:modified_time\" content=\"2025-05-19T18:40:06+00:00\" \/>\n<meta property=\"og:image\" content=\"https:\/\/static.africa-press.net\/cote\/sites\/43\/2025\/05\/sm_1747667389.421362.jpg\" \/>\n\t<meta property=\"og:image:width\" content=\"720\" \/>\n\t<meta property=\"og:image:height\" content=\"416\" \/>\n\t<meta property=\"og:image:type\" content=\"image\/jpeg\" \/>\n<meta name=\"author\" content=\"cfeditorfr\" \/>\n<meta name=\"twitter:card\" content=\"summary_large_image\" \/>\n<meta name=\"twitter:label1\" content=\"\u00c9crit par\" \/>\n\t<meta name=\"twitter:data1\" content=\"cfeditorfr\" \/>\n\t<meta name=\"twitter:label2\" content=\"Dur\u00e9e de lecture estim\u00e9e\" \/>\n\t<meta name=\"twitter:data2\" content=\"4 minutes\" \/>\n<script type=\"application\/ld+json\" class=\"yoast-schema-graph\">{\"@context\":\"https:\/\/schema.org\",\"@graph\":[{\"@type\":\"Article\",\"@id\":\"https:\/\/www.africa-press.net\/cotedivoire\/economie\/cote-divoire-france-corsair-renouvelle-son-partenariat-strategique-avec-les-autorites#article\",\"isPartOf\":{\"@id\":\"https:\/\/www.africa-press.net\/cotedivoire\/economie\/cote-divoire-france-corsair-renouvelle-son-partenariat-strategique-avec-les-autorites\"},\"author\":{\"name\":\"cfeditorfr\",\"@id\":\"https:\/\/www.africa-press.net\/cotedivoire\/#\/schema\/person\/2b1cf3cd81a31e3cd26889ca66d677f1\"},\"headline\":\"C\u00f4te d&rsquo;Ivoire-France : Corsair renouvelle son partenariat strat\u00e9gique avec les autorit\u00e9s\",\"datePublished\":\"2025-05-19T18:32:07+00:00\",\"dateModified\":\"2025-05-19T18:40:06+00:00\",\"mainEntityOfPage\":{\"@id\":\"https:\/\/www.africa-press.net\/cotedivoire\/economie\/cote-divoire-france-corsair-renouvelle-son-partenariat-strategique-avec-les-autorites\"},\"wordCount\":759,\"commentCount\":0,\"image\":{\"@id\":\"https:\/\/www.africa-press.net\/cotedivoire\/economie\/cote-divoire-france-corsair-renouvelle-son-partenariat-strategique-avec-les-autorites#primaryimage\"},\"thumbnailUrl\":\"https:\/\/static.africa-press.net\/cote\/sites\/43\/2025\/05\/sm_1747667389.421362.jpg\",\"keywords\":[\"Corsair\",\"C\u00d4TE D'IVOIRE\",\"Hopital Am\u00e9ricain\",\"Kandia Camara\"],\"articleSection\":[\"\u00c9conomie\",\"Toutes les actualit\u00e9s\"],\"inLanguage\":\"fr-FR\",\"potentialAction\":[{\"@type\":\"CommentAction\",\"name\":\"Comment\",\"target\":[\"https:\/\/www.africa-press.net\/cotedivoire\/economie\/cote-divoire-france-corsair-renouvelle-son-partenariat-strategique-avec-les-autorites#respond\"]}]},{\"@type\":\"WebPage\",\"@id\":\"https:\/\/www.africa-press.net\/cotedivoire\/economie\/cote-divoire-france-corsair-renouvelle-son-partenariat-strategique-avec-les-autorites\",\"url\":\"https:\/\/www.africa-press.net\/cotedivoire\/economie\/cote-divoire-france-corsair-renouvelle-son-partenariat-strategique-avec-les-autorites\",\"name\":\"C\u00f4te d'Ivoire-France : Corsair renouvelle son partenariat strat\u00e9gique avec les autorit\u00e9s - C\u00f4te d&#039;Ivoire\",\"isPartOf\":{\"@id\":\"https:\/\/www.africa-press.net\/cotedivoire\/#website\"},\"primaryImageOfPage\":{\"@id\":\"https:\/\/www.africa-press.net\/cotedivoire\/economie\/cote-divoire-france-corsair-renouvelle-son-partenariat-strategique-avec-les-autorites#primaryimage\"},\"image\":{\"@id\":\"https:\/\/www.africa-press.net\/cotedivoire\/economie\/cote-divoire-france-corsair-renouvelle-son-partenariat-strategique-avec-les-autorites#primaryimage\"},\"thumbnailUrl\":\"https:\/\/static.africa-press.net\/cote\/sites\/43\/2025\/05\/sm_1747667389.421362.jpg\",\"datePublished\":\"2025-05-19T18:32:07+00:00\",\"dateModified\":\"2025-05-19T18:40:06+00:00\",\"author\":{\"@id\":\"https:\/\/www.africa-press.net\/cotedivoire\/#\/schema\/person\/2b1cf3cd81a31e3cd26889ca66d677f1\"},\"description\":\"Lors d\u2019une ce\u0301re\u0301monie officielle organise\u0301e a\u0300 Abidjan, le PDG de la compagnie ae\u0301rienne franc\u0327aise, Corsair a pris la ...\",\"breadcrumb\":{\"@id\":\"https:\/\/www.africa-press.net\/cotedivoire\/economie\/cote-divoire-france-corsair-renouvelle-son-partenariat-strategique-avec-les-autorites#breadcrumb\"},\"inLanguage\":\"fr-FR\",\"potentialAction\":[{\"@type\":\"ReadAction\",\"target\":[\"https:\/\/www.africa-press.net\/cotedivoire\/economie\/cote-divoire-france-corsair-renouvelle-son-partenariat-strategique-avec-les-autorites\"]}]},{\"@type\":\"ImageObject\",\"inLanguage\":\"fr-FR\",\"@id\":\"https:\/\/www.africa-press.net\/cotedivoire\/economie\/cote-divoire-france-corsair-renouvelle-son-partenariat-strategique-avec-les-autorites#primaryimage\",\"url\":\"https:\/\/static.africa-press.net\/cote\/sites\/43\/2025\/05\/sm_1747667389.421362.jpg\",\"contentUrl\":\"https:\/\/static.africa-press.net\/cote\/sites\/43\/2025\/05\/sm_1747667389.421362.jpg\",\"width\":720,\"height\":416,\"caption\":\"C\u00f4te d'Ivoire-France : Corsair renouvelle son partenariat strat\u00e9gique avec les autorit\u00e9s\"},{\"@type\":\"BreadcrumbList\",\"@id\":\"https:\/\/www.africa-press.net\/cotedivoire\/economie\/cote-divoire-france-corsair-renouvelle-son-partenariat-strategique-avec-les-autorites#breadcrumb\",\"itemListElement\":[{\"@type\":\"ListItem\",\"position\":1,\"name\":\"Accueil\",\"item\":\"https:\/\/www.africa-press.net\/cotedivoire\/\"},{\"@type\":\"ListItem\",\"position\":2,\"name\":\"C\u00f4te d&rsquo;Ivoire-France : Corsair renouvelle son partenariat strat\u00e9gique avec les autorit\u00e9s\"}]},{\"@type\":\"WebSite\",\"@id\":\"https:\/\/www.africa-press.net\/cotedivoire\/#website\",\"url\":\"https:\/\/www.africa-press.net\/cotedivoire\/\",\"name\":\"C\u00f4te d&#039;Ivoire\",\"description\":\"Just another Africa News Agency Sites site\",\"potentialAction\":[{\"@type\":\"SearchAction\",\"target\":{\"@type\":\"EntryPoint\",\"urlTemplate\":\"https:\/\/www.africa-press.net\/cotedivoire\/?s={search_term_string}\"},\"query-input\":{\"@type\":\"PropertyValueSpecification\",\"valueRequired\":true,\"valueName\":\"search_term_string\"}}],\"inLanguage\":\"fr-FR\"},{\"@type\":\"Person\",\"@id\":\"https:\/\/www.africa-press.net\/cotedivoire\/#\/schema\/person\/2b1cf3cd81a31e3cd26889ca66d677f1\",\"name\":\"cfeditorfr\"}]}<\/script>\n<!-- \/ Yoast SEO Premium plugin. -->","yoast_head_json":{"title":"C\u00f4te d'Ivoire-France : Corsair renouvelle son partenariat strat\u00e9gique avec les autorit\u00e9s - C\u00f4te d&#039;Ivoire","description":"Lors d\u2019une ce\u0301re\u0301monie officielle organise\u0301e a\u0300 Abidjan, le PDG de la compagnie ae\u0301rienne franc\u0327aise, Corsair a pris la ...","robots":{"index":"index","follow":"follow","max-snippet":"max-snippet:-1","max-image-preview":"max-image-preview:large","max-video-preview":"max-video-preview:-1"},"canonical":"https:\/\/www.africa-press.net\/cotedivoire\/economie\/cote-divoire-france-corsair-renouvelle-son-partenariat-strategique-avec-les-autorites","og_locale":"fr_FR","og_type":"article","og_title":"C\u00f4te d'Ivoire-France : Corsair renouvelle son partenariat strat\u00e9gique avec les autorit\u00e9s","og_description":"Lors d\u2019une ce\u0301re\u0301monie officielle organise\u0301e a\u0300 Abidjan, le PDG de la compagnie ae\u0301rienne franc\u0327aise, Corsair a pris la ...","og_url":"https:\/\/www.africa-press.net\/cotedivoire\/economie\/cote-divoire-france-corsair-renouvelle-son-partenariat-strategique-avec-les-autorites","og_site_name":"C\u00f4te d&#039;Ivoire","article_published_time":"2025-05-19T18:32:07+00:00","article_modified_time":"2025-05-19T18:40:06+00:00","og_image":[{"width":720,"height":416,"url":"https:\/\/static.africa-press.net\/cote\/sites\/43\/2025\/05\/sm_1747667389.421362.jpg","type":"image\/jpeg"}],"author":"cfeditorfr","twitter_card":"summary_large_image","twitter_misc":{"\u00c9crit par":"cfeditorfr","Dur\u00e9e de lecture estim\u00e9e":"4 minutes"},"schema":{"@context":"https:\/\/schema.org","@graph":[{"@type":"Article","@id":"https:\/\/www.africa-press.net\/cotedivoire\/economie\/cote-divoire-france-corsair-renouvelle-son-partenariat-strategique-avec-les-autorites#article","isPartOf":{"@id":"https:\/\/www.africa-press.net\/cotedivoire\/economie\/cote-divoire-france-corsair-renouvelle-son-partenariat-strategique-avec-les-autorites"},"author":{"name":"cfeditorfr","@id":"https:\/\/www.africa-press.net\/cotedivoire\/#\/schema\/person\/2b1cf3cd81a31e3cd26889ca66d677f1"},"headline":"C\u00f4te d&rsquo;Ivoire-France : Corsair renouvelle son partenariat strat\u00e9gique avec les autorit\u00e9s","datePublished":"2025-05-19T18:32:07+00:00","dateModified":"2025-05-19T18:40:06+00:00","mainEntityOfPage":{"@id":"https:\/\/www.africa-press.net\/cotedivoire\/economie\/cote-divoire-france-corsair-renouvelle-son-partenariat-strategique-avec-les-autorites"},"wordCount":759,"commentCount":0,"image":{"@id":"https:\/\/www.africa-press.net\/cotedivoire\/economie\/cote-divoire-france-corsair-renouvelle-son-partenariat-strategique-avec-les-autorites#primaryimage"},"thumbnailUrl":"https:\/\/static.africa-press.net\/cote\/sites\/43\/2025\/05\/sm_1747667389.421362.jpg","keywords":["Corsair","C\u00d4TE D'IVOIRE","Hopital Am\u00e9ricain","Kandia Camara"],"articleSection":["\u00c9conomie","Toutes les actualit\u00e9s"],"inLanguage":"fr-FR","potentialAction":[{"@type":"CommentAction","name":"Comment","target":["https:\/\/www.africa-press.net\/cotedivoire\/economie\/cote-divoire-france-corsair-renouvelle-son-partenariat-strategique-avec-les-autorites#respond"]}]},{"@type":"WebPage","@id":"https:\/\/www.africa-press.net\/cotedivoire\/economie\/cote-divoire-france-corsair-renouvelle-son-partenariat-strategique-avec-les-autorites","url":"https:\/\/www.africa-press.net\/cotedivoire\/economie\/cote-divoire-france-corsair-renouvelle-son-partenariat-strategique-avec-les-autorites","name":"C\u00f4te d'Ivoire-France : Corsair renouvelle son partenariat strat\u00e9gique avec les autorit\u00e9s - C\u00f4te d&#039;Ivoire","isPartOf":{"@id":"https:\/\/www.africa-press.net\/cotedivoire\/#website"},"primaryImageOfPage":{"@id":"https:\/\/www.africa-press.net\/cotedivoire\/economie\/cote-divoire-france-corsair-renouvelle-son-partenariat-strategique-avec-les-autorites#primaryimage"},"image":{"@id":"https:\/\/www.africa-press.net\/cotedivoire\/economie\/cote-divoire-france-corsair-renouvelle-son-partenariat-strategique-avec-les-autorites#primaryimage"},"thumbnailUrl":"https:\/\/static.africa-press.net\/cote\/sites\/43\/2025\/05\/sm_1747667389.421362.jpg","datePublished":"2025-05-19T18:32:07+00:00","dateModified":"2025-05-19T18:40:06+00:00","author":{"@id":"https:\/\/www.africa-press.net\/cotedivoire\/#\/schema\/person\/2b1cf3cd81a31e3cd26889ca66d677f1"},"description":"Lors d\u2019une ce\u0301re\u0301monie officielle organise\u0301e a\u0300 Abidjan, le PDG de la compagnie ae\u0301rienne franc\u0327aise, Corsair a pris la ...","breadcrumb":{"@id":"https:\/\/www.africa-press.net\/cotedivoire\/economie\/cote-divoire-france-corsair-renouvelle-son-partenariat-strategique-avec-les-autorites#breadcrumb"},"inLanguage":"fr-FR","potentialAction":[{"@type":"ReadAction","target":["https:\/\/www.africa-press.net\/cotedivoire\/economie\/cote-divoire-france-corsair-renouvelle-son-partenariat-strategique-avec-les-autorites"]}]},{"@type":"ImageObject","inLanguage":"fr-FR","@id":"https:\/\/www.africa-press.net\/cotedivoire\/economie\/cote-divoire-france-corsair-renouvelle-son-partenariat-strategique-avec-les-autorites#primaryimage","url":"https:\/\/static.africa-press.net\/cote\/sites\/43\/2025\/05\/sm_1747667389.421362.jpg","contentUrl":"https:\/\/static.africa-press.net\/cote\/sites\/43\/2025\/05\/sm_1747667389.421362.jpg","width":720,"height":416,"caption":"C\u00f4te d'Ivoire-France : Corsair renouvelle son partenariat strat\u00e9gique avec les autorit\u00e9s"},{"@type":"BreadcrumbList","@id":"https:\/\/www.africa-press.net\/cotedivoire\/economie\/cote-divoire-france-corsair-renouvelle-son-partenariat-strategique-avec-les-autorites#breadcrumb","itemListElement":[{"@type":"ListItem","position":1,"name":"Accueil","item":"https:\/\/www.africa-press.net\/cotedivoire\/"},{"@type":"ListItem","position":2,"name":"C\u00f4te d&rsquo;Ivoire-France : Corsair renouvelle son partenariat strat\u00e9gique avec les autorit\u00e9s"}]},{"@type":"WebSite","@id":"https:\/\/www.africa-press.net\/cotedivoire\/#website","url":"https:\/\/www.africa-press.net\/cotedivoire\/","name":"C\u00f4te d&#039;Ivoire","description":"Just another Africa News Agency Sites site","potentialAction":[{"@type":"SearchAction","target":{"@type":"EntryPoint","urlTemplate":"https:\/\/www.africa-press.net\/cotedivoire\/?s={search_term_string}"},"query-input":{"@type":"PropertyValueSpecification","valueRequired":true,"valueName":"search_term_string"}}],"inLanguage":"fr-FR"},{"@type":"Person","@id":"https:\/\/www.africa-press.net\/cotedivoire\/#\/schema\/person\/2b1cf3cd81a31e3cd26889ca66d677f1","name":"cfeditorfr"}]}},"_links":{"self":[{"href":"https:\/\/www.africa-press.net\/cotedivoire\/wp-json\/wp\/v2\/posts\/99341","targetHints":{"allow":["GET"]}}],"collection":[{"href":"https:\/\/www.africa-press.net\/cotedivoire\/wp-json\/wp\/v2\/posts"}],"about":[{"href":"https:\/\/www.africa-press.net\/cotedivoire\/wp-json\/wp\/v2\/types\/post"}],"author":[{"embeddable":true,"href":"https:\/\/www.africa-press.net\/cotedivoire\/wp-json\/wp\/v2\/users\/82"}],"replies":[{"embeddable":true,"href":"https:\/\/www.africa-press.net\/cotedivoire\/wp-json\/wp\/v2\/comments?post=99341"}],"version-history":[{"count":0,"href":"https:\/\/www.africa-press.net\/cotedivoire\/wp-json\/wp\/v2\/posts\/99341\/revisions"}],"wp:featuredmedia":[{"embeddable":true,"href":"https:\/\/www.africa-press.net\/cotedivoire\/wp-json\/wp\/v2\/media\/99340"}],"wp:attachment":[{"href":"https:\/\/www.africa-press.net\/cotedivoire\/wp-json\/wp\/v2\/media?parent=99341"}],"wp:term":[{"taxonomy":"category","embeddable":true,"href":"https:\/\/www.africa-press.net\/cotedivoire\/wp-json\/wp\/v2\/categories?post=99341"},{"taxonomy":"post_tag","embeddable":true,"href":"https:\/\/www.africa-press.net\/cotedivoire\/wp-json\/wp\/v2\/tags?post=99341"}],"curies":[{"name":"wp","href":"https:\/\/api.w.org\/{rel}","templated":true}]}}