{"id":99380,"date":"2025-05-20T14:06:18","date_gmt":"2025-05-20T14:06:18","guid":{"rendered":"https:\/\/www.africa-press.net\/cotedivoire\/politique\/un-editeur-lance-sa-premiere-bande-dessinee-jeunesse-pour-la-prochaine-rentree-scolaire"},"modified":"2025-05-20T14:18:39","modified_gmt":"2025-05-20T14:18:39","slug":"un-editeur-lance-sa-premiere-bande-dessinee-jeunesse-pour-la-prochaine-rentree-scolaire","status":"publish","type":"post","link":"https:\/\/www.africa-press.net\/cotedivoire\/culture-et-art\/un-editeur-lance-sa-premiere-bande-dessinee-jeunesse-pour-la-prochaine-rentree-scolaire","title":{"rendered":"Un \u00e9diteur lance sa premi\u00e8re bande dessin\u00e9e jeunesse pour la prochaine rentr\u00e9e scolaire"},"content":{"rendered":"<p><span style=\"color: #ff6600\"><strong>Africa-Press &#8211; C\u00f4te d&rsquo;Ivoire. <\/strong><\/span>Un e\u0301diteur se lance dans sa premie\u0300re bande dessine\u0301e jeunesse en pre\u0301lude a\u0300 la prochaine rentre\u0301e scolaire 2025-2026.<\/p>\n<p>Il s\u2019agit de ACIPAC qui lance les \u00ab aventures de Maya et Junior \u00bb dans l\u2019univers litte\u0301raire des enfants.<\/p>\n<p>Les Aventures de Maya et Junior, la toute premie\u0300re bande dessine\u0301e conc\u0327ue par ACIPAC spe\u0301cialement pour le jeune public.<\/p>\n<p>L\u2019annonce a e\u0301te\u0301 faite par la direction de l\u2019entreprise ce samedi 17 mai, en marge de la ce\u0301re\u0301monie de clo\u0302ture du Festival international du Dessin de presse et de la Bande Dessine\u0301e, qui s\u2019est tenue du 15 au 17 mai a\u0300 la Maison N\u2019zassa de Treichville, a\u0300 Abidjan.<\/p>\n<p>Ce projet culturel ine\u0301dit marque une e\u0301tape importante dans la strate\u0301gie de ACIPAC qui souhaite accompagner la rentre\u0301e scolaire 2025 avec des contenus a\u0300 la fois ludiques, e\u0301ducatifs et 100 % locaux.<\/p>\n<p>Pre\u0301vue pour septembre 2025, Les aventures de Maya et Junior est une bande dessine\u0301e enjoue\u0301e et dynamique imagine\u0301e par l\u2019auteur et sce\u0301nariste Gloire Tchivongo et illustre\u0301e avec talent par Jean-Ke\u0301vin Se\u0301raye\u0301.<\/p>\n<p>Adapte\u0301e aux enfants de\u0300s l\u2019a\u0302ge de 7 ans, la BD propose des re\u0301cits courts, dro\u0302les et riches en enseignements, mettant en sce\u0300ne deux jeunes he\u0301ros curieux, de\u0301brouillards et de\u0301bordants d\u2019imagination. A\u0300 travers leurs pe\u0301ripe\u0301ties, Maya et Junior embarquent les jeunes lecteurs dans un univers ou\u0300 l\u2019humour co\u0302toie des the\u0301matiques e\u0301ducatives comme le respect, l\u2019amitie\u0301, l\u2019environnement ou encore la solidarite\u0301.<\/p>\n<p>Fide\u0300le a\u0300 son engagement en faveur de l\u2019e\u0301ducation et la valorisation du savoir-faire local, ACIPAC affirme, a\u0300 travers ce projet son ancrage local en s\u2019appuyant sur des talents ivoiriens et des supports fabrique\u0301s dans ses propres ateliers de papeterie.<\/p>\n<p>\u00ab Cette bande dessine\u0301e s\u2019inscrit pleinement dans notre volonte\u0301 d\u2019accompagner les politiques e\u0301ducatives nationales. Nous sommes en parfaite re\u0301sonance avec les ambitions du ministe\u0300re de l\u2019E\u0301ducation nationale, qui fait de la lecture une priorite\u0301 pour l\u2019e\u0301panouissement des enfants et la re\u0301ussite scolaire. Les aventures de Maya et Junior est notre manie\u0300re de contribuer, avec enthousiasme, a\u0300 cette dynamique \u00bb, de\u0301clare Steven Ezedine, directeur des ope\u0301rations d\u2019ACIPAC.<\/p>\n<p>Notons que, les aventures de Maya et Junior sera disponible dans les librairies, les grandes surfaces et les e\u0301coles partenaires de\u0300s la rentre\u0301e.<\/p>\n<p>Cette initiative confirme la volonte\u0301 d\u2019ACIPAC de contribuer activement a\u0300 la promotion de la lecture et de l\u2019e\u0301ducation par le divertissement de qualite\u0301, rele\u0300ve-t-on.<\/p>\n<p><strong>Pour plus d&rsquo;informations et d&rsquo;analyses sur la <span style=\"color: #ff6600\">C\u00f4te d&rsquo;Ivoire<\/span>, suivez <span style=\"color: #ff6600\">Africa-Press<\/span><\/strong><\/p>\n","protected":false},"excerpt":{"rendered":"<p>Africa-Press &#8211; C\u00f4te d&rsquo;Ivoire. Un e\u0301diteur se lance dans sa premie\u0300re bande dessine\u0301e jeunesse en pre\u0301lude a\u0300 la prochaine rentre\u0301e scolaire 2025-2026. Il s\u2019agit de ACIPAC qui lance les \u00ab aventures de Maya et Junior \u00bb dans l\u2019univers litte\u0301raire des enfants. Les Aventures de Maya et Junior, la toute premie\u0300re bande dessine\u0301e conc\u0327ue par ACIPAC [&hellip;]<\/p>\n","protected":false},"author":82,"featured_media":99379,"comment_status":"open","ping_status":"closed","sticky":false,"template":"","format":"standard","meta":{"footnotes":""},"categories":[5,10],"tags":[17743,17741,29,14070,17742],"class_list":["post-99380","post","type-post","status-publish","format-standard","has-post-thumbnail","hentry","category-culture-et-art","category-toutes-les-actualites","tag-acipac","tag-bande-dessinee","tag-cote-divoire","tag-editeur","tag-enfantsn"],"yoast_head":"<!-- This site is optimized with the Yoast SEO Premium plugin v26.1 (Yoast SEO v27.0) - https:\/\/yoast.com\/product\/yoast-seo-premium-wordpress\/ -->\n<title>Un \u00e9diteur lance sa premi\u00e8re bande dessin\u00e9e jeunesse pour la prochaine rentr\u00e9e scolaire - C\u00f4te d&#039;Ivoire<\/title>\n<meta name=\"description\" content=\"Un e\u0301diteur se lance dans sa premie\u0300re bande dessine\u0301e jeunesse en pre\u0301lude a\u0300 la prochaine rentre\u0301e scolaire 2025-2026. ...\" \/>\n<meta name=\"robots\" content=\"index, follow, max-snippet:-1, max-image-preview:large, max-video-preview:-1\" \/>\n<link rel=\"canonical\" href=\"https:\/\/www.africa-press.net\/cotedivoire\/culture-et-art\/un-editeur-lance-sa-premiere-bande-dessinee-jeunesse-pour-la-prochaine-rentree-scolaire\" \/>\n<meta property=\"og:locale\" content=\"fr_FR\" \/>\n<meta property=\"og:type\" content=\"article\" \/>\n<meta property=\"og:title\" content=\"Un \u00e9diteur lance sa premi\u00e8re bande dessin\u00e9e jeunesse pour la prochaine rentr\u00e9e scolaire\" \/>\n<meta property=\"og:description\" content=\"Un e\u0301diteur se lance dans sa premie\u0300re bande dessine\u0301e jeunesse en pre\u0301lude a\u0300 la prochaine rentre\u0301e scolaire 2025-2026. ...\" \/>\n<meta property=\"og:url\" content=\"https:\/\/www.africa-press.net\/cotedivoire\/culture-et-art\/un-editeur-lance-sa-premiere-bande-dessinee-jeunesse-pour-la-prochaine-rentree-scolaire\" \/>\n<meta property=\"og:site_name\" content=\"C\u00f4te d&#039;Ivoire\" \/>\n<meta property=\"article:published_time\" content=\"2025-05-20T14:06:18+00:00\" \/>\n<meta property=\"article:modified_time\" content=\"2025-05-20T14:18:39+00:00\" \/>\n<meta property=\"og:image\" content=\"https:\/\/static.africa-press.net\/cote\/sites\/43\/2025\/05\/sm_1747738087.282408.jpg\" \/>\n\t<meta property=\"og:image:width\" content=\"720\" \/>\n\t<meta property=\"og:image:height\" content=\"540\" \/>\n\t<meta property=\"og:image:type\" content=\"image\/jpeg\" \/>\n<meta name=\"author\" content=\"cfeditorfr\" \/>\n<meta name=\"twitter:card\" content=\"summary_large_image\" \/>\n<meta name=\"twitter:label1\" content=\"\u00c9crit par\" \/>\n\t<meta name=\"twitter:data1\" content=\"cfeditorfr\" \/>\n\t<meta name=\"twitter:label2\" content=\"Dur\u00e9e de lecture estim\u00e9e\" \/>\n\t<meta name=\"twitter:data2\" content=\"3 minutes\" \/>\n<script type=\"application\/ld+json\" class=\"yoast-schema-graph\">{\"@context\":\"https:\/\/schema.org\",\"@graph\":[{\"@type\":\"Article\",\"@id\":\"https:\/\/www.africa-press.net\/cotedivoire\/culture-et-art\/un-editeur-lance-sa-premiere-bande-dessinee-jeunesse-pour-la-prochaine-rentree-scolaire#article\",\"isPartOf\":{\"@id\":\"https:\/\/www.africa-press.net\/cotedivoire\/culture-et-art\/un-editeur-lance-sa-premiere-bande-dessinee-jeunesse-pour-la-prochaine-rentree-scolaire\"},\"author\":{\"name\":\"cfeditorfr\",\"@id\":\"https:\/\/www.africa-press.net\/cotedivoire\/#\/schema\/person\/2b1cf3cd81a31e3cd26889ca66d677f1\"},\"headline\":\"Un \u00e9diteur lance sa premi\u00e8re bande dessin\u00e9e jeunesse pour la prochaine rentr\u00e9e scolaire\",\"datePublished\":\"2025-05-20T14:06:18+00:00\",\"dateModified\":\"2025-05-20T14:18:39+00:00\",\"mainEntityOfPage\":{\"@id\":\"https:\/\/www.africa-press.net\/cotedivoire\/culture-et-art\/un-editeur-lance-sa-premiere-bande-dessinee-jeunesse-pour-la-prochaine-rentree-scolaire\"},\"wordCount\":484,\"commentCount\":0,\"image\":{\"@id\":\"https:\/\/www.africa-press.net\/cotedivoire\/culture-et-art\/un-editeur-lance-sa-premiere-bande-dessinee-jeunesse-pour-la-prochaine-rentree-scolaire#primaryimage\"},\"thumbnailUrl\":\"https:\/\/static.africa-press.net\/cote\/sites\/43\/2025\/05\/sm_1747738087.282408.jpg\",\"keywords\":[\"ACIPAC\",\"bande dessin\u00e9e\",\"C\u00d4TE D'IVOIRE\",\"\u00e9diteur\",\"enfantsn\"],\"articleSection\":[\"Culture et Art\",\"Toutes les actualit\u00e9s\"],\"inLanguage\":\"fr-FR\",\"potentialAction\":[{\"@type\":\"CommentAction\",\"name\":\"Comment\",\"target\":[\"https:\/\/www.africa-press.net\/cotedivoire\/culture-et-art\/un-editeur-lance-sa-premiere-bande-dessinee-jeunesse-pour-la-prochaine-rentree-scolaire#respond\"]}]},{\"@type\":\"WebPage\",\"@id\":\"https:\/\/www.africa-press.net\/cotedivoire\/culture-et-art\/un-editeur-lance-sa-premiere-bande-dessinee-jeunesse-pour-la-prochaine-rentree-scolaire\",\"url\":\"https:\/\/www.africa-press.net\/cotedivoire\/culture-et-art\/un-editeur-lance-sa-premiere-bande-dessinee-jeunesse-pour-la-prochaine-rentree-scolaire\",\"name\":\"Un \u00e9diteur lance sa premi\u00e8re bande dessin\u00e9e jeunesse pour la prochaine rentr\u00e9e scolaire - C\u00f4te d&#039;Ivoire\",\"isPartOf\":{\"@id\":\"https:\/\/www.africa-press.net\/cotedivoire\/#website\"},\"primaryImageOfPage\":{\"@id\":\"https:\/\/www.africa-press.net\/cotedivoire\/culture-et-art\/un-editeur-lance-sa-premiere-bande-dessinee-jeunesse-pour-la-prochaine-rentree-scolaire#primaryimage\"},\"image\":{\"@id\":\"https:\/\/www.africa-press.net\/cotedivoire\/culture-et-art\/un-editeur-lance-sa-premiere-bande-dessinee-jeunesse-pour-la-prochaine-rentree-scolaire#primaryimage\"},\"thumbnailUrl\":\"https:\/\/static.africa-press.net\/cote\/sites\/43\/2025\/05\/sm_1747738087.282408.jpg\",\"datePublished\":\"2025-05-20T14:06:18+00:00\",\"dateModified\":\"2025-05-20T14:18:39+00:00\",\"author\":{\"@id\":\"https:\/\/www.africa-press.net\/cotedivoire\/#\/schema\/person\/2b1cf3cd81a31e3cd26889ca66d677f1\"},\"description\":\"Un e\u0301diteur se lance dans sa premie\u0300re bande dessine\u0301e jeunesse en pre\u0301lude a\u0300 la prochaine rentre\u0301e scolaire 2025-2026. ...\",\"breadcrumb\":{\"@id\":\"https:\/\/www.africa-press.net\/cotedivoire\/culture-et-art\/un-editeur-lance-sa-premiere-bande-dessinee-jeunesse-pour-la-prochaine-rentree-scolaire#breadcrumb\"},\"inLanguage\":\"fr-FR\",\"potentialAction\":[{\"@type\":\"ReadAction\",\"target\":[\"https:\/\/www.africa-press.net\/cotedivoire\/culture-et-art\/un-editeur-lance-sa-premiere-bande-dessinee-jeunesse-pour-la-prochaine-rentree-scolaire\"]}]},{\"@type\":\"ImageObject\",\"inLanguage\":\"fr-FR\",\"@id\":\"https:\/\/www.africa-press.net\/cotedivoire\/culture-et-art\/un-editeur-lance-sa-premiere-bande-dessinee-jeunesse-pour-la-prochaine-rentree-scolaire#primaryimage\",\"url\":\"https:\/\/static.africa-press.net\/cote\/sites\/43\/2025\/05\/sm_1747738087.282408.jpg\",\"contentUrl\":\"https:\/\/static.africa-press.net\/cote\/sites\/43\/2025\/05\/sm_1747738087.282408.jpg\",\"width\":720,\"height\":540,\"caption\":\"Un \u00e9diteur lance sa premi\u00e8re bande dessin\u00e9e jeunesse pour la prochaine rentr\u00e9e scolaire\"},{\"@type\":\"BreadcrumbList\",\"@id\":\"https:\/\/www.africa-press.net\/cotedivoire\/culture-et-art\/un-editeur-lance-sa-premiere-bande-dessinee-jeunesse-pour-la-prochaine-rentree-scolaire#breadcrumb\",\"itemListElement\":[{\"@type\":\"ListItem\",\"position\":1,\"name\":\"Accueil\",\"item\":\"https:\/\/www.africa-press.net\/cotedivoire\/\"},{\"@type\":\"ListItem\",\"position\":2,\"name\":\"Un \u00e9diteur lance sa premi\u00e8re bande dessin\u00e9e jeunesse pour la prochaine rentr\u00e9e scolaire\"}]},{\"@type\":\"WebSite\",\"@id\":\"https:\/\/www.africa-press.net\/cotedivoire\/#website\",\"url\":\"https:\/\/www.africa-press.net\/cotedivoire\/\",\"name\":\"C\u00f4te d&#039;Ivoire\",\"description\":\"Just another Africa News Agency Sites site\",\"potentialAction\":[{\"@type\":\"SearchAction\",\"target\":{\"@type\":\"EntryPoint\",\"urlTemplate\":\"https:\/\/www.africa-press.net\/cotedivoire\/?s={search_term_string}\"},\"query-input\":{\"@type\":\"PropertyValueSpecification\",\"valueRequired\":true,\"valueName\":\"search_term_string\"}}],\"inLanguage\":\"fr-FR\"},{\"@type\":\"Person\",\"@id\":\"https:\/\/www.africa-press.net\/cotedivoire\/#\/schema\/person\/2b1cf3cd81a31e3cd26889ca66d677f1\",\"name\":\"cfeditorfr\"}]}<\/script>\n<!-- \/ Yoast SEO Premium plugin. -->","yoast_head_json":{"title":"Un \u00e9diteur lance sa premi\u00e8re bande dessin\u00e9e jeunesse pour la prochaine rentr\u00e9e scolaire - C\u00f4te d&#039;Ivoire","description":"Un e\u0301diteur se lance dans sa premie\u0300re bande dessine\u0301e jeunesse en pre\u0301lude a\u0300 la prochaine rentre\u0301e scolaire 2025-2026. ...","robots":{"index":"index","follow":"follow","max-snippet":"max-snippet:-1","max-image-preview":"max-image-preview:large","max-video-preview":"max-video-preview:-1"},"canonical":"https:\/\/www.africa-press.net\/cotedivoire\/culture-et-art\/un-editeur-lance-sa-premiere-bande-dessinee-jeunesse-pour-la-prochaine-rentree-scolaire","og_locale":"fr_FR","og_type":"article","og_title":"Un \u00e9diteur lance sa premi\u00e8re bande dessin\u00e9e jeunesse pour la prochaine rentr\u00e9e scolaire","og_description":"Un e\u0301diteur se lance dans sa premie\u0300re bande dessine\u0301e jeunesse en pre\u0301lude a\u0300 la prochaine rentre\u0301e scolaire 2025-2026. ...","og_url":"https:\/\/www.africa-press.net\/cotedivoire\/culture-et-art\/un-editeur-lance-sa-premiere-bande-dessinee-jeunesse-pour-la-prochaine-rentree-scolaire","og_site_name":"C\u00f4te d&#039;Ivoire","article_published_time":"2025-05-20T14:06:18+00:00","article_modified_time":"2025-05-20T14:18:39+00:00","og_image":[{"width":720,"height":540,"url":"https:\/\/static.africa-press.net\/cote\/sites\/43\/2025\/05\/sm_1747738087.282408.jpg","type":"image\/jpeg"}],"author":"cfeditorfr","twitter_card":"summary_large_image","twitter_misc":{"\u00c9crit par":"cfeditorfr","Dur\u00e9e de lecture estim\u00e9e":"3 minutes"},"schema":{"@context":"https:\/\/schema.org","@graph":[{"@type":"Article","@id":"https:\/\/www.africa-press.net\/cotedivoire\/culture-et-art\/un-editeur-lance-sa-premiere-bande-dessinee-jeunesse-pour-la-prochaine-rentree-scolaire#article","isPartOf":{"@id":"https:\/\/www.africa-press.net\/cotedivoire\/culture-et-art\/un-editeur-lance-sa-premiere-bande-dessinee-jeunesse-pour-la-prochaine-rentree-scolaire"},"author":{"name":"cfeditorfr","@id":"https:\/\/www.africa-press.net\/cotedivoire\/#\/schema\/person\/2b1cf3cd81a31e3cd26889ca66d677f1"},"headline":"Un \u00e9diteur lance sa premi\u00e8re bande dessin\u00e9e jeunesse pour la prochaine rentr\u00e9e scolaire","datePublished":"2025-05-20T14:06:18+00:00","dateModified":"2025-05-20T14:18:39+00:00","mainEntityOfPage":{"@id":"https:\/\/www.africa-press.net\/cotedivoire\/culture-et-art\/un-editeur-lance-sa-premiere-bande-dessinee-jeunesse-pour-la-prochaine-rentree-scolaire"},"wordCount":484,"commentCount":0,"image":{"@id":"https:\/\/www.africa-press.net\/cotedivoire\/culture-et-art\/un-editeur-lance-sa-premiere-bande-dessinee-jeunesse-pour-la-prochaine-rentree-scolaire#primaryimage"},"thumbnailUrl":"https:\/\/static.africa-press.net\/cote\/sites\/43\/2025\/05\/sm_1747738087.282408.jpg","keywords":["ACIPAC","bande dessin\u00e9e","C\u00d4TE D'IVOIRE","\u00e9diteur","enfantsn"],"articleSection":["Culture et Art","Toutes les actualit\u00e9s"],"inLanguage":"fr-FR","potentialAction":[{"@type":"CommentAction","name":"Comment","target":["https:\/\/www.africa-press.net\/cotedivoire\/culture-et-art\/un-editeur-lance-sa-premiere-bande-dessinee-jeunesse-pour-la-prochaine-rentree-scolaire#respond"]}]},{"@type":"WebPage","@id":"https:\/\/www.africa-press.net\/cotedivoire\/culture-et-art\/un-editeur-lance-sa-premiere-bande-dessinee-jeunesse-pour-la-prochaine-rentree-scolaire","url":"https:\/\/www.africa-press.net\/cotedivoire\/culture-et-art\/un-editeur-lance-sa-premiere-bande-dessinee-jeunesse-pour-la-prochaine-rentree-scolaire","name":"Un \u00e9diteur lance sa premi\u00e8re bande dessin\u00e9e jeunesse pour la prochaine rentr\u00e9e scolaire - C\u00f4te d&#039;Ivoire","isPartOf":{"@id":"https:\/\/www.africa-press.net\/cotedivoire\/#website"},"primaryImageOfPage":{"@id":"https:\/\/www.africa-press.net\/cotedivoire\/culture-et-art\/un-editeur-lance-sa-premiere-bande-dessinee-jeunesse-pour-la-prochaine-rentree-scolaire#primaryimage"},"image":{"@id":"https:\/\/www.africa-press.net\/cotedivoire\/culture-et-art\/un-editeur-lance-sa-premiere-bande-dessinee-jeunesse-pour-la-prochaine-rentree-scolaire#primaryimage"},"thumbnailUrl":"https:\/\/static.africa-press.net\/cote\/sites\/43\/2025\/05\/sm_1747738087.282408.jpg","datePublished":"2025-05-20T14:06:18+00:00","dateModified":"2025-05-20T14:18:39+00:00","author":{"@id":"https:\/\/www.africa-press.net\/cotedivoire\/#\/schema\/person\/2b1cf3cd81a31e3cd26889ca66d677f1"},"description":"Un e\u0301diteur se lance dans sa premie\u0300re bande dessine\u0301e jeunesse en pre\u0301lude a\u0300 la prochaine rentre\u0301e scolaire 2025-2026. ...","breadcrumb":{"@id":"https:\/\/www.africa-press.net\/cotedivoire\/culture-et-art\/un-editeur-lance-sa-premiere-bande-dessinee-jeunesse-pour-la-prochaine-rentree-scolaire#breadcrumb"},"inLanguage":"fr-FR","potentialAction":[{"@type":"ReadAction","target":["https:\/\/www.africa-press.net\/cotedivoire\/culture-et-art\/un-editeur-lance-sa-premiere-bande-dessinee-jeunesse-pour-la-prochaine-rentree-scolaire"]}]},{"@type":"ImageObject","inLanguage":"fr-FR","@id":"https:\/\/www.africa-press.net\/cotedivoire\/culture-et-art\/un-editeur-lance-sa-premiere-bande-dessinee-jeunesse-pour-la-prochaine-rentree-scolaire#primaryimage","url":"https:\/\/static.africa-press.net\/cote\/sites\/43\/2025\/05\/sm_1747738087.282408.jpg","contentUrl":"https:\/\/static.africa-press.net\/cote\/sites\/43\/2025\/05\/sm_1747738087.282408.jpg","width":720,"height":540,"caption":"Un \u00e9diteur lance sa premi\u00e8re bande dessin\u00e9e jeunesse pour la prochaine rentr\u00e9e scolaire"},{"@type":"BreadcrumbList","@id":"https:\/\/www.africa-press.net\/cotedivoire\/culture-et-art\/un-editeur-lance-sa-premiere-bande-dessinee-jeunesse-pour-la-prochaine-rentree-scolaire#breadcrumb","itemListElement":[{"@type":"ListItem","position":1,"name":"Accueil","item":"https:\/\/www.africa-press.net\/cotedivoire\/"},{"@type":"ListItem","position":2,"name":"Un \u00e9diteur lance sa premi\u00e8re bande dessin\u00e9e jeunesse pour la prochaine rentr\u00e9e scolaire"}]},{"@type":"WebSite","@id":"https:\/\/www.africa-press.net\/cotedivoire\/#website","url":"https:\/\/www.africa-press.net\/cotedivoire\/","name":"C\u00f4te d&#039;Ivoire","description":"Just another Africa News Agency Sites site","potentialAction":[{"@type":"SearchAction","target":{"@type":"EntryPoint","urlTemplate":"https:\/\/www.africa-press.net\/cotedivoire\/?s={search_term_string}"},"query-input":{"@type":"PropertyValueSpecification","valueRequired":true,"valueName":"search_term_string"}}],"inLanguage":"fr-FR"},{"@type":"Person","@id":"https:\/\/www.africa-press.net\/cotedivoire\/#\/schema\/person\/2b1cf3cd81a31e3cd26889ca66d677f1","name":"cfeditorfr"}]}},"_links":{"self":[{"href":"https:\/\/www.africa-press.net\/cotedivoire\/wp-json\/wp\/v2\/posts\/99380","targetHints":{"allow":["GET"]}}],"collection":[{"href":"https:\/\/www.africa-press.net\/cotedivoire\/wp-json\/wp\/v2\/posts"}],"about":[{"href":"https:\/\/www.africa-press.net\/cotedivoire\/wp-json\/wp\/v2\/types\/post"}],"author":[{"embeddable":true,"href":"https:\/\/www.africa-press.net\/cotedivoire\/wp-json\/wp\/v2\/users\/82"}],"replies":[{"embeddable":true,"href":"https:\/\/www.africa-press.net\/cotedivoire\/wp-json\/wp\/v2\/comments?post=99380"}],"version-history":[{"count":0,"href":"https:\/\/www.africa-press.net\/cotedivoire\/wp-json\/wp\/v2\/posts\/99380\/revisions"}],"wp:featuredmedia":[{"embeddable":true,"href":"https:\/\/www.africa-press.net\/cotedivoire\/wp-json\/wp\/v2\/media\/99379"}],"wp:attachment":[{"href":"https:\/\/www.africa-press.net\/cotedivoire\/wp-json\/wp\/v2\/media?parent=99380"}],"wp:term":[{"taxonomy":"category","embeddable":true,"href":"https:\/\/www.africa-press.net\/cotedivoire\/wp-json\/wp\/v2\/categories?post=99380"},{"taxonomy":"post_tag","embeddable":true,"href":"https:\/\/www.africa-press.net\/cotedivoire\/wp-json\/wp\/v2\/tags?post=99380"}],"curies":[{"name":"wp","href":"https:\/\/api.w.org\/{rel}","templated":true}]}}