{"id":9939,"date":"2021-07-15T18:03:38","date_gmt":"2021-07-15T18:03:38","guid":{"rendered":"https:\/\/www.africa-press.net\/cotedivoire\/?p=9939"},"modified":"2021-07-15T18:48:13","modified_gmt":"2021-07-15T18:48:13","slug":"affaire-billaud-zerehoue-sga-fpi-et-encagoules-voici-ce-quil-sest-passe-le-17-juin","status":"publish","type":"post","link":"https:\/\/www.africa-press.net\/cotedivoire\/dossiers\/affaire-billaud-zerehoue-sga-fpi-et-encagoules-voici-ce-quil-sest-passe-le-17-juin","title":{"rendered":"Affaire Billaud Z\u00e9r\u00e9hou\u00e9 (Sga Fpi) et encagoul\u00e9s \u2013 Voici ce qu\u2019il s\u2019est pass\u00e9 le 17 juin"},"content":{"rendered":"<p><span style=\"color: #ff6600\"><strong><a href=\"https:\/\/www.africa-press.net\/\">Africa-Press<\/a> &#8211; <a href=\"https:\/\/www.africa-press.net\/cotedivoire\">C\u00f4te d&rsquo;Ivoire<\/a>. <\/strong><\/span>. Des mains obscures derri\u00e8re cet emprisonnement ?<\/p>\n<p>. Qui a port\u00e9 plainte ?<\/p>\n<p>. La balle dans le camp du procureur<\/p>\n<p>Au total 6 personnes dont deux proches collaborateurs du Pr\u00e9sident Gbagbo, ont \u00e9t\u00e9 interpell\u00e9s apr\u00e8s son retour mouvement\u00e9 sont encore dans les liens de la d\u00e9tention, pour dit-on : troubles \u00e0 l\u2019ordre public, outrage \u00e0 agents dans l\u2019exercice de leurs fonctions, association de malfaiteurs. Il leur est reproch\u00e9 d\u2019avoir emp\u00each\u00e9 l\u2019ancienne premi\u00e8re dame Simone Gbagbo d\u2019avoir acc\u00e8s \u00e0 son \u00e9poux Laurent Gbagbo, lors de son arriv\u00e9e \u00e0 l\u2019a\u00e9roport international F\u00e9lix Houphou\u00ebt-Boigny de d\u2019Abidjan Port-Bou\u00ebt. Il s\u2019agit de Billaud Z\u00e9r\u00e9hou\u00e9 Daniel, SGA FPI\u2014GOR ; Boli Br\u00e9kou Nestor ; Di\u00e9do Guy Marius ; Ahio Atchou\u00e9li Jean Baptiste Sosth\u00e8ne ; Zozan Bi Tra L\u00e9ger et Aboua Lodou Landry d\u2019Assises. Comment en est-on arriv\u00e9 l\u00e0 ?<\/p>\n<p>L\u2019accueil du Pr\u00e9sident Laurent Gbagbo, apr\u00e8s son acquittement total par la Cour p\u00e9nale internationale (Cpi), a fait l\u2019objet d\u2019une organisation mise en place par le FPI-GOR. Au niveau du Secr\u00e9tariat national charg\u00e9 de l\u2019organisation des manifestation (SNAOM), des dispositions ont \u00e9t\u00e9 prises pour s\u00e9curiser entre autres endroits, l\u2019ancien QG de campagne du Pr\u00e9sident Laurent Gbagbo situ\u00e9 \u00e0 Attoban dans les environs du Commissariat du 30\u00e8me arrondissement, o\u00f9 il devrait se rendre apr\u00e8s son atterrissage \u00e0 l\u2019a\u00e9roport international F\u00e9lix Houphou\u00ebt-Boigny de Port-Bou\u00ebt, le jeudi 17 juin 2021 dans l\u2019apr\u00e8s-midi.<\/p>\n<p>Ce jour-l\u00e0, la s\u00e9curisation du QG a \u00e9t\u00e9 assur\u00e9e par des jeunes militants volontaires issus de diverses f\u00e9d\u00e9rations Fpi de la place d\u2019Abidjan. Ils avaient pour mission de canaliser les foules, pour permettre un acc\u00e8s facile du cort\u00e8ge du Pr\u00e9sident Gbagbo au QG. Ces militants volontaires \u00e9taient sur les lieux depuis le matin jusqu\u2019au soir sans incidents.<\/p>\n<p>Au tour de 23 heures, apr\u00e8s l\u2019\u00e9vacuation des lieux par la foule qui y a d\u00e9ferl\u00e9, ces jeunes rentraient chez eux. C\u2019est ainsi que Di\u00e9do Guy Marius, Ahio Atchou\u00e9li Jean Baptiste Sosth\u00e8ne et Zozan Bi Tra L\u00e9ger tous de la F\u00e9d\u00e9ration de Cocody et Aboua Lodou Landry d\u2019Assises qui est de la F\u00e9d\u00e9ration d\u2019Adjam\u00e9 ont d\u00e9cid\u00e9 de faire route jusqu\u2019\u00e0 la Riviera avant de se s\u00e9parer.<\/p>\n<p>Arriv\u00e9s au niveau de la clinque Sacr\u00e9 C\u0153ur, sur l\u2019axe Attoban-Riviera 2, un mini car avec une plaque min\u00e9ralogique jaune immatricul\u00e9 D 48\u2026, s\u2019est immobilis\u00e9 \u00e0 leur niveau. Une quinzaine de personnes qui en sont descendues, les ont saisis, encagoul\u00e9s et jet\u00e9s dans leur v\u00e9hicule, qui a pris la direction de l\u2019ancien h\u00f4tel S\u00e9broko \u00e0 Att\u00e9coub\u00e9. L\u00e0 les quatre jeunes ont \u00e9t\u00e9 molest\u00e9s pendant longtemps avant d\u2019\u00eatre transf\u00e9r\u00e9s \u00e0 la pr\u00e9fecture de police d\u2019Abidjan.<\/p>\n<p>Ils ont \u00e9t\u00e9 mis sous mandat de d\u00e9p\u00f4t six jours plus tard, le 23 juin 2021, pour dit-on : troubles \u00e0 l\u2019ordre public, outrage \u00e0 agents dans l\u2019exercice de leurs fonctions, association de malfaiteurs.<\/p>\n<p>A l\u2019analyse des faits, on se pose les questions suivantes : Comment ces quatre jeunes ont-ils pu commettre les infractions de \u00ab troubles \u00e0 l\u2019ordre public, outrage \u00e0 agents dans l\u2019exercice de leurs fonctions, association de malfaiteurs \u00bb, alors qu\u2019ils ont pass\u00e9 toute la journ\u00e9e du 17 juin 2021 \u00e0 canaliser la foule \u00e0 l\u2019ancien QG de campagne du Pr\u00e9sident Gbagbo ? Au Qg de campagne durant leur \u00ab service \u00bb, l\u2019on n\u2019a d\u00e9plor\u00e9 aucun incident. Ils n\u2019ont quitt\u00e9 ces lieux apr\u00e8s que la foule s\u2019est retir\u00e9e. Puis ils ont essay\u00e9 de regagner leurs domiciles tard dans la nuit. O\u00f9 et \u00e0 quel moment ont-ils outrag\u00e9 des agents dans l\u2019exercice de leurs fonctions ?<\/p>\n<p>Ils n\u2019\u00e9taient pas \u00e0 l\u2019a\u00e9roport, lorsque l\u2019avion du Pr\u00e9sident Gbagbo y atterrissait. A quel moment ces quatre jeunes gens ont-ils donc emp\u00each\u00e9 Mme Gbagbo d\u2019avoir acc\u00e8s \u00e0 son \u00e9poux ? A quel endroit ? O\u00f9 est la preuve de cet emp\u00eachement et de l\u2019outrage \u00e0 agents all\u00e9gu\u00e9s ?<\/p>\n<p>Les regards sont tourn\u00e9s vers le Procureur qui poursuit ces militants du parti de Laurent Gbagbo. Ce, d\u2019autant plus que des cadres du parti sont derri\u00e8re les barreaux pour les m\u00eames chefs d\u2019accusation. Il s\u2019agit des camarades Billaud Z\u00e9r\u00e9hou\u00e9 Daniel (SGA) et de Boli Br\u00e9kou Nestor.<\/p>\n<p>De fait, dans la suite de la proc\u00e9dure visant les quatre jeunes interpell\u00e9s dans la nuit du 17 juin, le SGA Billaud Z\u00e9r\u00e9hou\u00e9 Daniel et Boli Br\u00e9kou Nestor ont \u00e9t\u00e9 interpell\u00e9s pour les m\u00eames faits. Mais, l\u00e0 aussi il y a des zones d\u2019ombre. Car M. Billaud a voyag\u00e9 de Bruxelles \u00e0 Abidjan avec le Pr\u00e9sident Gbagbo sur le m\u00eame vol. A l\u2019a\u00e9roport d\u2019Abidjan, c\u2019est M. Billaud qui a g\u00e9r\u00e9 les formalit\u00e9s en lien avec la dizaine de passeports des personnes qui ont voyag\u00e9 avec le Pr\u00e9sident Gbagbo. C\u2019est encore le m\u00eame Billaud Z\u00e9r\u00e9hou\u00e9 Daniel qui avait la charge des bagages, une vingtaine de valises, a-t-on appris. Il n\u2019\u00e9tait pas dans le cort\u00e8ge du Pr\u00e9sident. Il est rest\u00e9 \u00e0 l\u2019a\u00e9roport pour les formalit\u00e9s ci-dessus mentionn\u00e9es.<\/p>\n<p>A moins qu\u2019il soit dou\u00e9 des capacit\u00e9s de d\u00e9doublement, on se demande bien comment le SGA Billaud Z\u00e9r\u00e9hou\u00e9 Daniel a-t-il pu emp\u00eacher Mme Gbagbo d\u2019acc\u00e9der \u00e0 son \u00e9poux, violenter des agents dans l\u2019exercice de leurs fonctions et s\u2019associer \u00e0 des individus aux fins de faire du mal ? C\u2019est quand toute la logistique a \u00e9t\u00e9 en sa possession que M. Billaud est rentr\u00e9 \u00e0 la r\u00e9sidence du Pr\u00e9sident Gbagbo.<\/p>\n<p>Quant \u00e0 Boli Br\u00e9kou Nestor, il \u00e9tait dans le cort\u00e8ge, pr\u00e9cis\u00e9ment \u00e0 l\u2019arri\u00e8re. C\u2019est son v\u00e9hicule qui \u00e9tait charg\u00e9 du balayage jusqu\u2019au QG de Laurent Gbagbo. A aucun moment il ne l\u2019a quitt\u00e9. Quand donc a-t-il pu commettre les infractions qui leur sont solidairement reproch\u00e9es ?<\/p>\n<p>Rappelons-nous. Depuis le temps o\u00f9 le d\u00e9funt vice-pr\u00e9sident Aboudrahamane Sangar\u00e9 \u00e9tait aux affaires jusqu\u2019\u00e0 ce jour, le camarade Boli Br\u00e9kou Nestor a ex\u00e9cut\u00e9 son travail de s\u00e9curisation avec loyaut\u00e9 et pr\u00e9cision. Le mettre aux arr\u00eats apr\u00e8s l\u2019arriv\u00e9e du Pr\u00e9sident Gbagbo au pays, pour des faits qui restent \u00e0 prouver parait bien curieux.<\/p>\n<p>Dans l\u2019opinion, l\u2019on croit que des mains obscures tentent d\u2019instrumentaliser la justice pour parvenir \u00e0 leurs fins. L\u2019on veut atteindre le Pr\u00e9sident Gbagbo en mettant aux arr\u00eats Boli Br\u00e9kou Nestor qui organise sa s\u00e9curit\u00e9. On a cibl\u00e9 Billaud Z\u00e9r\u00e9hou\u00e9 Daniel parce qu\u2019il est venu de Bruxelles avec Laurent Gbagbo. C\u2019est selon. Et c\u2019est pourquoi tous les regards sont tourn\u00e9s vers le Procureur.<\/p>\n<p>&nbsp;<\/p>\n","protected":false},"excerpt":{"rendered":"<p>Africa-Press &#8211; C\u00f4te d&rsquo;Ivoire. . Des mains obscures derri\u00e8re cet emprisonnement ? . Qui a port\u00e9 plainte ? . La balle dans le camp du procureur Au total 6 personnes dont deux proches collaborateurs du Pr\u00e9sident Gbagbo, ont \u00e9t\u00e9 interpell\u00e9s apr\u00e8s son retour mouvement\u00e9 sont encore dans les liens de la d\u00e9tention, pour dit-on : [&hellip;]<\/p>\n","protected":false},"author":82,"featured_media":9938,"comment_status":"open","ping_status":"closed","sticky":false,"template":"","format":"standard","meta":{"footnotes":""},"categories":[7,11,10],"tags":[56,63,29],"class_list":["post-9939","post","type-post","status-publish","format-standard","has-post-thumbnail","hentry","category-dossiers","category-homepage-french","category-toutes-les-actualites","tag-africa-press","tag-africa-press-cote-divoire","tag-cote-divoire"],"yoast_head":"<!-- This site is optimized with the Yoast SEO Premium plugin v26.1 (Yoast SEO v27.0) - https:\/\/yoast.com\/product\/yoast-seo-premium-wordpress\/ -->\n<title>Affaire Billaud Z\u00e9r\u00e9hou\u00e9 (Sga Fpi) et encagoul\u00e9s \u2013 Voici ce qu\u2019il s\u2019est pass\u00e9 le 17 juin - C\u00f4te d&#039;Ivoire<\/title>\n<meta name=\"description\" content=\". Des mains obscures derri\u00e8re cet emprisonnement ? . Qui a port\u00e9 plainte ? . La balle dans le camp du procureur Au to ...\" \/>\n<meta name=\"robots\" content=\"index, follow, max-snippet:-1, max-image-preview:large, max-video-preview:-1\" \/>\n<link rel=\"canonical\" href=\"https:\/\/www.africa-press.net\/cotedivoire\/dossiers\/affaire-billaud-zerehoue-sga-fpi-et-encagoules-voici-ce-quil-sest-passe-le-17-juin\" \/>\n<meta property=\"og:locale\" content=\"fr_FR\" \/>\n<meta property=\"og:type\" content=\"article\" \/>\n<meta property=\"og:title\" content=\"Affaire Billaud Z\u00e9r\u00e9hou\u00e9 (Sga Fpi) et encagoul\u00e9s \u2013 Voici ce qu\u2019il s\u2019est pass\u00e9 le 17 juin\" \/>\n<meta property=\"og:description\" content=\". Des mains obscures derri\u00e8re cet emprisonnement ? . Qui a port\u00e9 plainte ? . La balle dans le camp du procureur Au to ...\" \/>\n<meta property=\"og:url\" content=\"https:\/\/www.africa-press.net\/cotedivoire\/dossiers\/affaire-billaud-zerehoue-sga-fpi-et-encagoules-voici-ce-quil-sest-passe-le-17-juin\" \/>\n<meta property=\"og:site_name\" content=\"C\u00f4te d&#039;Ivoire\" \/>\n<meta property=\"article:published_time\" content=\"2021-07-15T18:03:38+00:00\" \/>\n<meta property=\"article:modified_time\" content=\"2021-07-15T18:48:13+00:00\" \/>\n<meta property=\"og:image\" content=\"https:\/\/static.africa-press.net\/cote\/sites\/43\/2021\/07\/img-60f0723b45770.jpg\" \/>\n\t<meta property=\"og:image:width\" content=\"771\" \/>\n\t<meta property=\"og:image:height\" content=\"570\" \/>\n\t<meta property=\"og:image:type\" content=\"image\/jpeg\" \/>\n<meta name=\"author\" content=\"cfeditorfr\" \/>\n<meta name=\"twitter:card\" content=\"summary_large_image\" \/>\n<meta name=\"twitter:label1\" content=\"\u00c9crit par\" \/>\n\t<meta name=\"twitter:data1\" content=\"cfeditorfr\" \/>\n\t<meta name=\"twitter:label2\" content=\"Dur\u00e9e de lecture estim\u00e9e\" \/>\n\t<meta name=\"twitter:data2\" content=\"6 minutes\" \/>\n<script type=\"application\/ld+json\" class=\"yoast-schema-graph\">{\"@context\":\"https:\/\/schema.org\",\"@graph\":[{\"@type\":\"Article\",\"@id\":\"https:\/\/www.africa-press.net\/cotedivoire\/dossiers\/affaire-billaud-zerehoue-sga-fpi-et-encagoules-voici-ce-quil-sest-passe-le-17-juin#article\",\"isPartOf\":{\"@id\":\"https:\/\/www.africa-press.net\/cotedivoire\/dossiers\/affaire-billaud-zerehoue-sga-fpi-et-encagoules-voici-ce-quil-sest-passe-le-17-juin\"},\"author\":{\"name\":\"cfeditorfr\",\"@id\":\"https:\/\/www.africa-press.net\/cotedivoire\/#\/schema\/person\/2b1cf3cd81a31e3cd26889ca66d677f1\"},\"headline\":\"Affaire Billaud Z\u00e9r\u00e9hou\u00e9 (Sga Fpi) et encagoul\u00e9s \u2013 Voici ce qu\u2019il s\u2019est pass\u00e9 le 17 juin\",\"datePublished\":\"2021-07-15T18:03:38+00:00\",\"dateModified\":\"2021-07-15T18:48:13+00:00\",\"mainEntityOfPage\":{\"@id\":\"https:\/\/www.africa-press.net\/cotedivoire\/dossiers\/affaire-billaud-zerehoue-sga-fpi-et-encagoules-voici-ce-quil-sest-passe-le-17-juin\"},\"wordCount\":1187,\"commentCount\":0,\"image\":{\"@id\":\"https:\/\/www.africa-press.net\/cotedivoire\/dossiers\/affaire-billaud-zerehoue-sga-fpi-et-encagoules-voici-ce-quil-sest-passe-le-17-juin#primaryimage\"},\"thumbnailUrl\":\"https:\/\/static.africa-press.net\/cote\/sites\/43\/2021\/07\/img-60f0723b45770.jpg\",\"keywords\":[\"Africa Press\",\"Africa Press-C\u00f4te d'Ivoire\",\"C\u00d4TE D'IVOIRE\"],\"articleSection\":[\"Dossiers\",\"homepage-french\",\"Toutes les actualit\u00e9s\"],\"inLanguage\":\"fr-FR\",\"potentialAction\":[{\"@type\":\"CommentAction\",\"name\":\"Comment\",\"target\":[\"https:\/\/www.africa-press.net\/cotedivoire\/dossiers\/affaire-billaud-zerehoue-sga-fpi-et-encagoules-voici-ce-quil-sest-passe-le-17-juin#respond\"]}]},{\"@type\":\"WebPage\",\"@id\":\"https:\/\/www.africa-press.net\/cotedivoire\/dossiers\/affaire-billaud-zerehoue-sga-fpi-et-encagoules-voici-ce-quil-sest-passe-le-17-juin\",\"url\":\"https:\/\/www.africa-press.net\/cotedivoire\/dossiers\/affaire-billaud-zerehoue-sga-fpi-et-encagoules-voici-ce-quil-sest-passe-le-17-juin\",\"name\":\"Affaire Billaud Z\u00e9r\u00e9hou\u00e9 (Sga Fpi) et encagoul\u00e9s \u2013 Voici ce qu\u2019il s\u2019est pass\u00e9 le 17 juin - C\u00f4te d&#039;Ivoire\",\"isPartOf\":{\"@id\":\"https:\/\/www.africa-press.net\/cotedivoire\/#website\"},\"primaryImageOfPage\":{\"@id\":\"https:\/\/www.africa-press.net\/cotedivoire\/dossiers\/affaire-billaud-zerehoue-sga-fpi-et-encagoules-voici-ce-quil-sest-passe-le-17-juin#primaryimage\"},\"image\":{\"@id\":\"https:\/\/www.africa-press.net\/cotedivoire\/dossiers\/affaire-billaud-zerehoue-sga-fpi-et-encagoules-voici-ce-quil-sest-passe-le-17-juin#primaryimage\"},\"thumbnailUrl\":\"https:\/\/static.africa-press.net\/cote\/sites\/43\/2021\/07\/img-60f0723b45770.jpg\",\"datePublished\":\"2021-07-15T18:03:38+00:00\",\"dateModified\":\"2021-07-15T18:48:13+00:00\",\"author\":{\"@id\":\"https:\/\/www.africa-press.net\/cotedivoire\/#\/schema\/person\/2b1cf3cd81a31e3cd26889ca66d677f1\"},\"description\":\". Des mains obscures derri\u00e8re cet emprisonnement ? . Qui a port\u00e9 plainte ? . La balle dans le camp du procureur Au to ...\",\"breadcrumb\":{\"@id\":\"https:\/\/www.africa-press.net\/cotedivoire\/dossiers\/affaire-billaud-zerehoue-sga-fpi-et-encagoules-voici-ce-quil-sest-passe-le-17-juin#breadcrumb\"},\"inLanguage\":\"fr-FR\",\"potentialAction\":[{\"@type\":\"ReadAction\",\"target\":[\"https:\/\/www.africa-press.net\/cotedivoire\/dossiers\/affaire-billaud-zerehoue-sga-fpi-et-encagoules-voici-ce-quil-sest-passe-le-17-juin\"]}]},{\"@type\":\"ImageObject\",\"inLanguage\":\"fr-FR\",\"@id\":\"https:\/\/www.africa-press.net\/cotedivoire\/dossiers\/affaire-billaud-zerehoue-sga-fpi-et-encagoules-voici-ce-quil-sest-passe-le-17-juin#primaryimage\",\"url\":\"https:\/\/static.africa-press.net\/cote\/sites\/43\/2021\/07\/img-60f0723b45770.jpg\",\"contentUrl\":\"https:\/\/static.africa-press.net\/cote\/sites\/43\/2021\/07\/img-60f0723b45770.jpg\",\"width\":771,\"height\":570,\"caption\":\"Affaire Billaud Z\u00e9r\u00e9hou\u00e9 (Sga Fpi) et encagoul\u00e9s \u2013 Voici ce qu\u2019il s\u2019est pass\u00e9 le 17 juin\"},{\"@type\":\"BreadcrumbList\",\"@id\":\"https:\/\/www.africa-press.net\/cotedivoire\/dossiers\/affaire-billaud-zerehoue-sga-fpi-et-encagoules-voici-ce-quil-sest-passe-le-17-juin#breadcrumb\",\"itemListElement\":[{\"@type\":\"ListItem\",\"position\":1,\"name\":\"Accueil\",\"item\":\"https:\/\/www.africa-press.net\/cotedivoire\/\"},{\"@type\":\"ListItem\",\"position\":2,\"name\":\"Affaire Billaud Z\u00e9r\u00e9hou\u00e9 (Sga Fpi) et encagoul\u00e9s \u2013 Voici ce qu\u2019il s\u2019est pass\u00e9 le 17 juin\"}]},{\"@type\":\"WebSite\",\"@id\":\"https:\/\/www.africa-press.net\/cotedivoire\/#website\",\"url\":\"https:\/\/www.africa-press.net\/cotedivoire\/\",\"name\":\"C\u00f4te d&#039;Ivoire\",\"description\":\"Just another Africa News Agency Sites site\",\"potentialAction\":[{\"@type\":\"SearchAction\",\"target\":{\"@type\":\"EntryPoint\",\"urlTemplate\":\"https:\/\/www.africa-press.net\/cotedivoire\/?s={search_term_string}\"},\"query-input\":{\"@type\":\"PropertyValueSpecification\",\"valueRequired\":true,\"valueName\":\"search_term_string\"}}],\"inLanguage\":\"fr-FR\"},{\"@type\":\"Person\",\"@id\":\"https:\/\/www.africa-press.net\/cotedivoire\/#\/schema\/person\/2b1cf3cd81a31e3cd26889ca66d677f1\",\"name\":\"cfeditorfr\"}]}<\/script>\n<!-- \/ Yoast SEO Premium plugin. -->","yoast_head_json":{"title":"Affaire Billaud Z\u00e9r\u00e9hou\u00e9 (Sga Fpi) et encagoul\u00e9s \u2013 Voici ce qu\u2019il s\u2019est pass\u00e9 le 17 juin - C\u00f4te d&#039;Ivoire","description":". Des mains obscures derri\u00e8re cet emprisonnement ? . Qui a port\u00e9 plainte ? . La balle dans le camp du procureur Au to ...","robots":{"index":"index","follow":"follow","max-snippet":"max-snippet:-1","max-image-preview":"max-image-preview:large","max-video-preview":"max-video-preview:-1"},"canonical":"https:\/\/www.africa-press.net\/cotedivoire\/dossiers\/affaire-billaud-zerehoue-sga-fpi-et-encagoules-voici-ce-quil-sest-passe-le-17-juin","og_locale":"fr_FR","og_type":"article","og_title":"Affaire Billaud Z\u00e9r\u00e9hou\u00e9 (Sga Fpi) et encagoul\u00e9s \u2013 Voici ce qu\u2019il s\u2019est pass\u00e9 le 17 juin","og_description":". Des mains obscures derri\u00e8re cet emprisonnement ? . Qui a port\u00e9 plainte ? . La balle dans le camp du procureur Au to ...","og_url":"https:\/\/www.africa-press.net\/cotedivoire\/dossiers\/affaire-billaud-zerehoue-sga-fpi-et-encagoules-voici-ce-quil-sest-passe-le-17-juin","og_site_name":"C\u00f4te d&#039;Ivoire","article_published_time":"2021-07-15T18:03:38+00:00","article_modified_time":"2021-07-15T18:48:13+00:00","og_image":[{"width":771,"height":570,"url":"https:\/\/static.africa-press.net\/cote\/sites\/43\/2021\/07\/img-60f0723b45770.jpg","type":"image\/jpeg"}],"author":"cfeditorfr","twitter_card":"summary_large_image","twitter_misc":{"\u00c9crit par":"cfeditorfr","Dur\u00e9e de lecture estim\u00e9e":"6 minutes"},"schema":{"@context":"https:\/\/schema.org","@graph":[{"@type":"Article","@id":"https:\/\/www.africa-press.net\/cotedivoire\/dossiers\/affaire-billaud-zerehoue-sga-fpi-et-encagoules-voici-ce-quil-sest-passe-le-17-juin#article","isPartOf":{"@id":"https:\/\/www.africa-press.net\/cotedivoire\/dossiers\/affaire-billaud-zerehoue-sga-fpi-et-encagoules-voici-ce-quil-sest-passe-le-17-juin"},"author":{"name":"cfeditorfr","@id":"https:\/\/www.africa-press.net\/cotedivoire\/#\/schema\/person\/2b1cf3cd81a31e3cd26889ca66d677f1"},"headline":"Affaire Billaud Z\u00e9r\u00e9hou\u00e9 (Sga Fpi) et encagoul\u00e9s \u2013 Voici ce qu\u2019il s\u2019est pass\u00e9 le 17 juin","datePublished":"2021-07-15T18:03:38+00:00","dateModified":"2021-07-15T18:48:13+00:00","mainEntityOfPage":{"@id":"https:\/\/www.africa-press.net\/cotedivoire\/dossiers\/affaire-billaud-zerehoue-sga-fpi-et-encagoules-voici-ce-quil-sest-passe-le-17-juin"},"wordCount":1187,"commentCount":0,"image":{"@id":"https:\/\/www.africa-press.net\/cotedivoire\/dossiers\/affaire-billaud-zerehoue-sga-fpi-et-encagoules-voici-ce-quil-sest-passe-le-17-juin#primaryimage"},"thumbnailUrl":"https:\/\/static.africa-press.net\/cote\/sites\/43\/2021\/07\/img-60f0723b45770.jpg","keywords":["Africa Press","Africa Press-C\u00f4te d'Ivoire","C\u00d4TE D'IVOIRE"],"articleSection":["Dossiers","homepage-french","Toutes les actualit\u00e9s"],"inLanguage":"fr-FR","potentialAction":[{"@type":"CommentAction","name":"Comment","target":["https:\/\/www.africa-press.net\/cotedivoire\/dossiers\/affaire-billaud-zerehoue-sga-fpi-et-encagoules-voici-ce-quil-sest-passe-le-17-juin#respond"]}]},{"@type":"WebPage","@id":"https:\/\/www.africa-press.net\/cotedivoire\/dossiers\/affaire-billaud-zerehoue-sga-fpi-et-encagoules-voici-ce-quil-sest-passe-le-17-juin","url":"https:\/\/www.africa-press.net\/cotedivoire\/dossiers\/affaire-billaud-zerehoue-sga-fpi-et-encagoules-voici-ce-quil-sest-passe-le-17-juin","name":"Affaire Billaud Z\u00e9r\u00e9hou\u00e9 (Sga Fpi) et encagoul\u00e9s \u2013 Voici ce qu\u2019il s\u2019est pass\u00e9 le 17 juin - C\u00f4te d&#039;Ivoire","isPartOf":{"@id":"https:\/\/www.africa-press.net\/cotedivoire\/#website"},"primaryImageOfPage":{"@id":"https:\/\/www.africa-press.net\/cotedivoire\/dossiers\/affaire-billaud-zerehoue-sga-fpi-et-encagoules-voici-ce-quil-sest-passe-le-17-juin#primaryimage"},"image":{"@id":"https:\/\/www.africa-press.net\/cotedivoire\/dossiers\/affaire-billaud-zerehoue-sga-fpi-et-encagoules-voici-ce-quil-sest-passe-le-17-juin#primaryimage"},"thumbnailUrl":"https:\/\/static.africa-press.net\/cote\/sites\/43\/2021\/07\/img-60f0723b45770.jpg","datePublished":"2021-07-15T18:03:38+00:00","dateModified":"2021-07-15T18:48:13+00:00","author":{"@id":"https:\/\/www.africa-press.net\/cotedivoire\/#\/schema\/person\/2b1cf3cd81a31e3cd26889ca66d677f1"},"description":". Des mains obscures derri\u00e8re cet emprisonnement ? . Qui a port\u00e9 plainte ? . La balle dans le camp du procureur Au to ...","breadcrumb":{"@id":"https:\/\/www.africa-press.net\/cotedivoire\/dossiers\/affaire-billaud-zerehoue-sga-fpi-et-encagoules-voici-ce-quil-sest-passe-le-17-juin#breadcrumb"},"inLanguage":"fr-FR","potentialAction":[{"@type":"ReadAction","target":["https:\/\/www.africa-press.net\/cotedivoire\/dossiers\/affaire-billaud-zerehoue-sga-fpi-et-encagoules-voici-ce-quil-sest-passe-le-17-juin"]}]},{"@type":"ImageObject","inLanguage":"fr-FR","@id":"https:\/\/www.africa-press.net\/cotedivoire\/dossiers\/affaire-billaud-zerehoue-sga-fpi-et-encagoules-voici-ce-quil-sest-passe-le-17-juin#primaryimage","url":"https:\/\/static.africa-press.net\/cote\/sites\/43\/2021\/07\/img-60f0723b45770.jpg","contentUrl":"https:\/\/static.africa-press.net\/cote\/sites\/43\/2021\/07\/img-60f0723b45770.jpg","width":771,"height":570,"caption":"Affaire Billaud Z\u00e9r\u00e9hou\u00e9 (Sga Fpi) et encagoul\u00e9s \u2013 Voici ce qu\u2019il s\u2019est pass\u00e9 le 17 juin"},{"@type":"BreadcrumbList","@id":"https:\/\/www.africa-press.net\/cotedivoire\/dossiers\/affaire-billaud-zerehoue-sga-fpi-et-encagoules-voici-ce-quil-sest-passe-le-17-juin#breadcrumb","itemListElement":[{"@type":"ListItem","position":1,"name":"Accueil","item":"https:\/\/www.africa-press.net\/cotedivoire\/"},{"@type":"ListItem","position":2,"name":"Affaire Billaud Z\u00e9r\u00e9hou\u00e9 (Sga Fpi) et encagoul\u00e9s \u2013 Voici ce qu\u2019il s\u2019est pass\u00e9 le 17 juin"}]},{"@type":"WebSite","@id":"https:\/\/www.africa-press.net\/cotedivoire\/#website","url":"https:\/\/www.africa-press.net\/cotedivoire\/","name":"C\u00f4te d&#039;Ivoire","description":"Just another Africa News Agency Sites site","potentialAction":[{"@type":"SearchAction","target":{"@type":"EntryPoint","urlTemplate":"https:\/\/www.africa-press.net\/cotedivoire\/?s={search_term_string}"},"query-input":{"@type":"PropertyValueSpecification","valueRequired":true,"valueName":"search_term_string"}}],"inLanguage":"fr-FR"},{"@type":"Person","@id":"https:\/\/www.africa-press.net\/cotedivoire\/#\/schema\/person\/2b1cf3cd81a31e3cd26889ca66d677f1","name":"cfeditorfr"}]}},"_links":{"self":[{"href":"https:\/\/www.africa-press.net\/cotedivoire\/wp-json\/wp\/v2\/posts\/9939","targetHints":{"allow":["GET"]}}],"collection":[{"href":"https:\/\/www.africa-press.net\/cotedivoire\/wp-json\/wp\/v2\/posts"}],"about":[{"href":"https:\/\/www.africa-press.net\/cotedivoire\/wp-json\/wp\/v2\/types\/post"}],"author":[{"embeddable":true,"href":"https:\/\/www.africa-press.net\/cotedivoire\/wp-json\/wp\/v2\/users\/82"}],"replies":[{"embeddable":true,"href":"https:\/\/www.africa-press.net\/cotedivoire\/wp-json\/wp\/v2\/comments?post=9939"}],"version-history":[{"count":0,"href":"https:\/\/www.africa-press.net\/cotedivoire\/wp-json\/wp\/v2\/posts\/9939\/revisions"}],"wp:featuredmedia":[{"embeddable":true,"href":"https:\/\/www.africa-press.net\/cotedivoire\/wp-json\/wp\/v2\/media\/9938"}],"wp:attachment":[{"href":"https:\/\/www.africa-press.net\/cotedivoire\/wp-json\/wp\/v2\/media?parent=9939"}],"wp:term":[{"taxonomy":"category","embeddable":true,"href":"https:\/\/www.africa-press.net\/cotedivoire\/wp-json\/wp\/v2\/categories?post=9939"},{"taxonomy":"post_tag","embeddable":true,"href":"https:\/\/www.africa-press.net\/cotedivoire\/wp-json\/wp\/v2\/tags?post=9939"}],"curies":[{"name":"wp","href":"https:\/\/api.w.org\/{rel}","templated":true}]}}