{"id":9942,"date":"2021-07-15T18:10:41","date_gmt":"2021-07-15T18:10:41","guid":{"rendered":"https:\/\/www.africa-press.net\/cotedivoire\/?p=9942"},"modified":"2021-07-15T18:48:23","modified_gmt":"2021-07-15T18:48:23","slug":"les-indicateurs-de-lactivite-economique-en-fortes-progressions-au-sein-de-lespace-uemoa","status":"publish","type":"post","link":"https:\/\/www.africa-press.net\/cotedivoire\/economie\/les-indicateurs-de-lactivite-economique-en-fortes-progressions-au-sein-de-lespace-uemoa","title":{"rendered":"Les indicateurs de l\u2019activit\u00e9 \u00e9conomique en fortes progressions au sein de l\u2019espace UEMOA"},"content":{"rendered":"<p><span style=\"color: #ff6600\"><strong><a href=\"https:\/\/www.africa-press.net\/\">Africa-Press<\/a> &#8211; <a href=\"https:\/\/www.africa-press.net\/cotedivoire\">C\u00f4te d&rsquo;Ivoire<\/a>.\u00a0 <\/strong><\/span>Les indicateurs de l\u2019activit\u00e9 \u00e9conomique dans les pays de l\u2019Union \u00e9conomique et mon\u00e9taire ouest africaine (UEMOA) ont enregistr\u00e9 de fortes progressions au mois de mai 2021 par rapport \u00e0 la m\u00eame p\u00e9riode de l\u2019ann\u00e9e 2020, marqu\u00e9e par l\u2019impact de la crise sanitaire, selon les donn\u00e9es de la Banque Centrale des Etats de l\u2019Afrique de l\u2019Ouest (BCEAO) bas\u00e9e \u00e0 Dakar.<\/p>\n<p>L\u2019institut d\u2019\u00e9mission explique cette situation par &lt;&gt;. L\u2019indice du chiffre d\u2019affaires dans le commerce a ainsi augment\u00e9 de 21,1% (-20,7% en mai 2020) sur un an, en mai 2021 contre une hausse de 21,8% au mois d\u2019avril 2021.<\/p>\n<p>De m\u00eame, l\u2019indice du chiffre d\u2019affaires dans les services marchands s\u2019est accru de 18,7% au cours de la p\u00e9riode sous revue (contre -5,0%), apr\u00e8s une augmentation de 20,2% un mois plus t\u00f4t.<\/p>\n<p>Concernant la production industrielle, les services de la BCEAO indiquent que l\u2019indice a progress\u00e9 de 11,9% en rythme annuel, au cours du mois sous revue (-7,4% en mai 2020), contre une hausse de 15,6% en avril 2021.<\/p>\n<p>Quant au taux d\u2019inflation, la banque centrale souligne, sur la base des donn\u00e9es officielles, qu\u2019il s\u2019est \u00e9tabli \u00e0 3,3% \u00e0 fin mai 2021 par rapport \u00e0 la m\u00eame p\u00e9riode de l\u2019ann\u00e9e pass\u00e9e, apr\u00e8s une r\u00e9alisation de 3,1% le mois pr\u00e9c\u00e9dent. L\u2019acc\u00e9l\u00e9ration du rythme de progression des prix est essentiellement imprim\u00e9e par les composantes Alimentation et Logement.<\/p>\n<p>Selon l\u2019institut d\u2019\u00e9mission, la hausse de la composante Alimentation est en lien avec le rench\u00e9rissement des prix des fruits et l\u00e9gumes, des tubercules et plantains ainsi que des produits de la p\u00eache dans la plupart des pays. Celle du transport est li\u00e9e au rench\u00e9rissement du charbon de bois, notamment au Burkina, en C\u00f4te d\u2019Ivoire et au Togo, ainsi qu\u2019au rel\u00e8vement des prix du gaz et du p\u00e9trole lampant au Burkina, dans le sillage de la remont\u00e9e des cours du p\u00e9trole brut. Par ailleurs, signale la BCEAO, il est not\u00e9 une hausse du loyer en C\u00f4te d\u2019Ivoire (+7,7%) et au S\u00e9n\u00e9gal (+6,2%) ainsi qu\u2019une progression de 5,5% du prix des produits d\u2019entretien et de r\u00e9paration des logements en C\u00f4te d\u2019Ivoire, principalement du ciment (+11,1%).<\/p>\n<p>&nbsp;<\/p>\n","protected":false},"excerpt":{"rendered":"<p>Africa-Press &#8211; C\u00f4te d&rsquo;Ivoire.\u00a0 Les indicateurs de l\u2019activit\u00e9 \u00e9conomique dans les pays de l\u2019Union \u00e9conomique et mon\u00e9taire ouest africaine (UEMOA) ont enregistr\u00e9 de fortes progressions au mois de mai 2021 par rapport \u00e0 la m\u00eame p\u00e9riode de l\u2019ann\u00e9e 2020, marqu\u00e9e par l\u2019impact de la crise sanitaire, selon les donn\u00e9es de la Banque Centrale des Etats [&hellip;]<\/p>\n","protected":false},"author":82,"featured_media":9941,"comment_status":"open","ping_status":"closed","sticky":false,"template":"","format":"standard","meta":{"footnotes":""},"categories":[3,11,20,10],"tags":[56,63,29],"class_list":["post-9942","post","type-post","status-publish","format-standard","has-post-thumbnail","hentry","category-economie","category-homepage-french","category-top-nouvelles","category-toutes-les-actualites","tag-africa-press","tag-africa-press-cote-divoire","tag-cote-divoire"],"yoast_head":"<!-- This site is optimized with the Yoast SEO Premium plugin v26.1 (Yoast SEO v27.0) - https:\/\/yoast.com\/product\/yoast-seo-premium-wordpress\/ -->\n<title>Les indicateurs de l\u2019activit\u00e9 \u00e9conomique en fortes progressions au sein de l\u2019espace UEMOA - C\u00f4te d&#039;Ivoire<\/title>\n<meta name=\"description\" content=\"Albert Savana Les indicateurs de l\u2019activit\u00e9 \u00e9conomique dans les pays de l\u2019Union \u00e9conomique et mon\u00e9taire ouest africaine ...\" \/>\n<meta name=\"robots\" content=\"index, follow, max-snippet:-1, max-image-preview:large, max-video-preview:-1\" \/>\n<link rel=\"canonical\" href=\"https:\/\/www.africa-press.net\/cotedivoire\/economie\/les-indicateurs-de-lactivite-economique-en-fortes-progressions-au-sein-de-lespace-uemoa\" \/>\n<meta property=\"og:locale\" content=\"fr_FR\" \/>\n<meta property=\"og:type\" content=\"article\" \/>\n<meta property=\"og:title\" content=\"Les indicateurs de l\u2019activit\u00e9 \u00e9conomique en fortes progressions au sein de l\u2019espace UEMOA\" \/>\n<meta property=\"og:description\" content=\"Albert Savana Les indicateurs de l\u2019activit\u00e9 \u00e9conomique dans les pays de l\u2019Union \u00e9conomique et mon\u00e9taire ouest africaine ...\" \/>\n<meta property=\"og:url\" content=\"https:\/\/www.africa-press.net\/cotedivoire\/economie\/les-indicateurs-de-lactivite-economique-en-fortes-progressions-au-sein-de-lespace-uemoa\" \/>\n<meta property=\"og:site_name\" content=\"C\u00f4te d&#039;Ivoire\" \/>\n<meta property=\"article:published_time\" content=\"2021-07-15T18:10:41+00:00\" \/>\n<meta property=\"article:modified_time\" content=\"2021-07-15T18:48:23+00:00\" \/>\n<meta property=\"og:image\" content=\"https:\/\/static.africa-press.net\/cote\/sites\/43\/2021\/07\/img-60f072b14e40d.jpg\" \/>\n\t<meta property=\"og:image:width\" content=\"1024\" \/>\n\t<meta property=\"og:image:height\" content=\"643\" \/>\n\t<meta property=\"og:image:type\" content=\"image\/jpeg\" \/>\n<meta name=\"author\" content=\"cfeditorfr\" \/>\n<meta name=\"twitter:card\" content=\"summary_large_image\" \/>\n<meta name=\"twitter:label1\" content=\"\u00c9crit par\" \/>\n\t<meta name=\"twitter:data1\" content=\"cfeditorfr\" \/>\n\t<meta name=\"twitter:label2\" content=\"Dur\u00e9e de lecture estim\u00e9e\" \/>\n\t<meta name=\"twitter:data2\" content=\"2 minutes\" \/>\n<script type=\"application\/ld+json\" class=\"yoast-schema-graph\">{\"@context\":\"https:\/\/schema.org\",\"@graph\":[{\"@type\":\"Article\",\"@id\":\"https:\/\/www.africa-press.net\/cotedivoire\/economie\/les-indicateurs-de-lactivite-economique-en-fortes-progressions-au-sein-de-lespace-uemoa#article\",\"isPartOf\":{\"@id\":\"https:\/\/www.africa-press.net\/cotedivoire\/economie\/les-indicateurs-de-lactivite-economique-en-fortes-progressions-au-sein-de-lespace-uemoa\"},\"author\":{\"name\":\"cfeditorfr\",\"@id\":\"https:\/\/www.africa-press.net\/cotedivoire\/#\/schema\/person\/2b1cf3cd81a31e3cd26889ca66d677f1\"},\"headline\":\"Les indicateurs de l\u2019activit\u00e9 \u00e9conomique en fortes progressions au sein de l\u2019espace UEMOA\",\"datePublished\":\"2021-07-15T18:10:41+00:00\",\"dateModified\":\"2021-07-15T18:48:23+00:00\",\"mainEntityOfPage\":{\"@id\":\"https:\/\/www.africa-press.net\/cotedivoire\/economie\/les-indicateurs-de-lactivite-economique-en-fortes-progressions-au-sein-de-lespace-uemoa\"},\"wordCount\":409,\"commentCount\":0,\"image\":{\"@id\":\"https:\/\/www.africa-press.net\/cotedivoire\/economie\/les-indicateurs-de-lactivite-economique-en-fortes-progressions-au-sein-de-lespace-uemoa#primaryimage\"},\"thumbnailUrl\":\"https:\/\/static.africa-press.net\/cote\/sites\/43\/2021\/07\/img-60f072b14e40d.jpg\",\"keywords\":[\"Africa Press\",\"Africa Press-C\u00f4te d'Ivoire\",\"C\u00d4TE D'IVOIRE\"],\"articleSection\":[\"\u00c9conomie\",\"homepage-french\",\"Top Nouvelles\",\"Toutes les actualit\u00e9s\"],\"inLanguage\":\"fr-FR\",\"potentialAction\":[{\"@type\":\"CommentAction\",\"name\":\"Comment\",\"target\":[\"https:\/\/www.africa-press.net\/cotedivoire\/economie\/les-indicateurs-de-lactivite-economique-en-fortes-progressions-au-sein-de-lespace-uemoa#respond\"]}]},{\"@type\":\"WebPage\",\"@id\":\"https:\/\/www.africa-press.net\/cotedivoire\/economie\/les-indicateurs-de-lactivite-economique-en-fortes-progressions-au-sein-de-lespace-uemoa\",\"url\":\"https:\/\/www.africa-press.net\/cotedivoire\/economie\/les-indicateurs-de-lactivite-economique-en-fortes-progressions-au-sein-de-lespace-uemoa\",\"name\":\"Les indicateurs de l\u2019activit\u00e9 \u00e9conomique en fortes progressions au sein de l\u2019espace UEMOA - C\u00f4te d&#039;Ivoire\",\"isPartOf\":{\"@id\":\"https:\/\/www.africa-press.net\/cotedivoire\/#website\"},\"primaryImageOfPage\":{\"@id\":\"https:\/\/www.africa-press.net\/cotedivoire\/economie\/les-indicateurs-de-lactivite-economique-en-fortes-progressions-au-sein-de-lespace-uemoa#primaryimage\"},\"image\":{\"@id\":\"https:\/\/www.africa-press.net\/cotedivoire\/economie\/les-indicateurs-de-lactivite-economique-en-fortes-progressions-au-sein-de-lespace-uemoa#primaryimage\"},\"thumbnailUrl\":\"https:\/\/static.africa-press.net\/cote\/sites\/43\/2021\/07\/img-60f072b14e40d.jpg\",\"datePublished\":\"2021-07-15T18:10:41+00:00\",\"dateModified\":\"2021-07-15T18:48:23+00:00\",\"author\":{\"@id\":\"https:\/\/www.africa-press.net\/cotedivoire\/#\/schema\/person\/2b1cf3cd81a31e3cd26889ca66d677f1\"},\"description\":\"Albert Savana Les indicateurs de l\u2019activit\u00e9 \u00e9conomique dans les pays de l\u2019Union \u00e9conomique et mon\u00e9taire ouest africaine ...\",\"breadcrumb\":{\"@id\":\"https:\/\/www.africa-press.net\/cotedivoire\/economie\/les-indicateurs-de-lactivite-economique-en-fortes-progressions-au-sein-de-lespace-uemoa#breadcrumb\"},\"inLanguage\":\"fr-FR\",\"potentialAction\":[{\"@type\":\"ReadAction\",\"target\":[\"https:\/\/www.africa-press.net\/cotedivoire\/economie\/les-indicateurs-de-lactivite-economique-en-fortes-progressions-au-sein-de-lespace-uemoa\"]}]},{\"@type\":\"ImageObject\",\"inLanguage\":\"fr-FR\",\"@id\":\"https:\/\/www.africa-press.net\/cotedivoire\/economie\/les-indicateurs-de-lactivite-economique-en-fortes-progressions-au-sein-de-lespace-uemoa#primaryimage\",\"url\":\"https:\/\/static.africa-press.net\/cote\/sites\/43\/2021\/07\/img-60f072b14e40d.jpg\",\"contentUrl\":\"https:\/\/static.africa-press.net\/cote\/sites\/43\/2021\/07\/img-60f072b14e40d.jpg\",\"width\":1024,\"height\":643,\"caption\":\"Les indicateurs de l\u2019activit\u00e9 \u00e9conomique en fortes progressions au sein de l\u2019espace UEMOA\"},{\"@type\":\"BreadcrumbList\",\"@id\":\"https:\/\/www.africa-press.net\/cotedivoire\/economie\/les-indicateurs-de-lactivite-economique-en-fortes-progressions-au-sein-de-lespace-uemoa#breadcrumb\",\"itemListElement\":[{\"@type\":\"ListItem\",\"position\":1,\"name\":\"Accueil\",\"item\":\"https:\/\/www.africa-press.net\/cotedivoire\/\"},{\"@type\":\"ListItem\",\"position\":2,\"name\":\"Les indicateurs de l\u2019activit\u00e9 \u00e9conomique en fortes progressions au sein de l\u2019espace UEMOA\"}]},{\"@type\":\"WebSite\",\"@id\":\"https:\/\/www.africa-press.net\/cotedivoire\/#website\",\"url\":\"https:\/\/www.africa-press.net\/cotedivoire\/\",\"name\":\"C\u00f4te d&#039;Ivoire\",\"description\":\"Just another Africa News Agency Sites site\",\"potentialAction\":[{\"@type\":\"SearchAction\",\"target\":{\"@type\":\"EntryPoint\",\"urlTemplate\":\"https:\/\/www.africa-press.net\/cotedivoire\/?s={search_term_string}\"},\"query-input\":{\"@type\":\"PropertyValueSpecification\",\"valueRequired\":true,\"valueName\":\"search_term_string\"}}],\"inLanguage\":\"fr-FR\"},{\"@type\":\"Person\",\"@id\":\"https:\/\/www.africa-press.net\/cotedivoire\/#\/schema\/person\/2b1cf3cd81a31e3cd26889ca66d677f1\",\"name\":\"cfeditorfr\"}]}<\/script>\n<!-- \/ Yoast SEO Premium plugin. -->","yoast_head_json":{"title":"Les indicateurs de l\u2019activit\u00e9 \u00e9conomique en fortes progressions au sein de l\u2019espace UEMOA - C\u00f4te d&#039;Ivoire","description":"Albert Savana Les indicateurs de l\u2019activit\u00e9 \u00e9conomique dans les pays de l\u2019Union \u00e9conomique et mon\u00e9taire ouest africaine ...","robots":{"index":"index","follow":"follow","max-snippet":"max-snippet:-1","max-image-preview":"max-image-preview:large","max-video-preview":"max-video-preview:-1"},"canonical":"https:\/\/www.africa-press.net\/cotedivoire\/economie\/les-indicateurs-de-lactivite-economique-en-fortes-progressions-au-sein-de-lespace-uemoa","og_locale":"fr_FR","og_type":"article","og_title":"Les indicateurs de l\u2019activit\u00e9 \u00e9conomique en fortes progressions au sein de l\u2019espace UEMOA","og_description":"Albert Savana Les indicateurs de l\u2019activit\u00e9 \u00e9conomique dans les pays de l\u2019Union \u00e9conomique et mon\u00e9taire ouest africaine ...","og_url":"https:\/\/www.africa-press.net\/cotedivoire\/economie\/les-indicateurs-de-lactivite-economique-en-fortes-progressions-au-sein-de-lespace-uemoa","og_site_name":"C\u00f4te d&#039;Ivoire","article_published_time":"2021-07-15T18:10:41+00:00","article_modified_time":"2021-07-15T18:48:23+00:00","og_image":[{"width":1024,"height":643,"url":"https:\/\/static.africa-press.net\/cote\/sites\/43\/2021\/07\/img-60f072b14e40d.jpg","type":"image\/jpeg"}],"author":"cfeditorfr","twitter_card":"summary_large_image","twitter_misc":{"\u00c9crit par":"cfeditorfr","Dur\u00e9e de lecture estim\u00e9e":"2 minutes"},"schema":{"@context":"https:\/\/schema.org","@graph":[{"@type":"Article","@id":"https:\/\/www.africa-press.net\/cotedivoire\/economie\/les-indicateurs-de-lactivite-economique-en-fortes-progressions-au-sein-de-lespace-uemoa#article","isPartOf":{"@id":"https:\/\/www.africa-press.net\/cotedivoire\/economie\/les-indicateurs-de-lactivite-economique-en-fortes-progressions-au-sein-de-lespace-uemoa"},"author":{"name":"cfeditorfr","@id":"https:\/\/www.africa-press.net\/cotedivoire\/#\/schema\/person\/2b1cf3cd81a31e3cd26889ca66d677f1"},"headline":"Les indicateurs de l\u2019activit\u00e9 \u00e9conomique en fortes progressions au sein de l\u2019espace UEMOA","datePublished":"2021-07-15T18:10:41+00:00","dateModified":"2021-07-15T18:48:23+00:00","mainEntityOfPage":{"@id":"https:\/\/www.africa-press.net\/cotedivoire\/economie\/les-indicateurs-de-lactivite-economique-en-fortes-progressions-au-sein-de-lespace-uemoa"},"wordCount":409,"commentCount":0,"image":{"@id":"https:\/\/www.africa-press.net\/cotedivoire\/economie\/les-indicateurs-de-lactivite-economique-en-fortes-progressions-au-sein-de-lespace-uemoa#primaryimage"},"thumbnailUrl":"https:\/\/static.africa-press.net\/cote\/sites\/43\/2021\/07\/img-60f072b14e40d.jpg","keywords":["Africa Press","Africa Press-C\u00f4te d'Ivoire","C\u00d4TE D'IVOIRE"],"articleSection":["\u00c9conomie","homepage-french","Top Nouvelles","Toutes les actualit\u00e9s"],"inLanguage":"fr-FR","potentialAction":[{"@type":"CommentAction","name":"Comment","target":["https:\/\/www.africa-press.net\/cotedivoire\/economie\/les-indicateurs-de-lactivite-economique-en-fortes-progressions-au-sein-de-lespace-uemoa#respond"]}]},{"@type":"WebPage","@id":"https:\/\/www.africa-press.net\/cotedivoire\/economie\/les-indicateurs-de-lactivite-economique-en-fortes-progressions-au-sein-de-lespace-uemoa","url":"https:\/\/www.africa-press.net\/cotedivoire\/economie\/les-indicateurs-de-lactivite-economique-en-fortes-progressions-au-sein-de-lespace-uemoa","name":"Les indicateurs de l\u2019activit\u00e9 \u00e9conomique en fortes progressions au sein de l\u2019espace UEMOA - C\u00f4te d&#039;Ivoire","isPartOf":{"@id":"https:\/\/www.africa-press.net\/cotedivoire\/#website"},"primaryImageOfPage":{"@id":"https:\/\/www.africa-press.net\/cotedivoire\/economie\/les-indicateurs-de-lactivite-economique-en-fortes-progressions-au-sein-de-lespace-uemoa#primaryimage"},"image":{"@id":"https:\/\/www.africa-press.net\/cotedivoire\/economie\/les-indicateurs-de-lactivite-economique-en-fortes-progressions-au-sein-de-lespace-uemoa#primaryimage"},"thumbnailUrl":"https:\/\/static.africa-press.net\/cote\/sites\/43\/2021\/07\/img-60f072b14e40d.jpg","datePublished":"2021-07-15T18:10:41+00:00","dateModified":"2021-07-15T18:48:23+00:00","author":{"@id":"https:\/\/www.africa-press.net\/cotedivoire\/#\/schema\/person\/2b1cf3cd81a31e3cd26889ca66d677f1"},"description":"Albert Savana Les indicateurs de l\u2019activit\u00e9 \u00e9conomique dans les pays de l\u2019Union \u00e9conomique et mon\u00e9taire ouest africaine ...","breadcrumb":{"@id":"https:\/\/www.africa-press.net\/cotedivoire\/economie\/les-indicateurs-de-lactivite-economique-en-fortes-progressions-au-sein-de-lespace-uemoa#breadcrumb"},"inLanguage":"fr-FR","potentialAction":[{"@type":"ReadAction","target":["https:\/\/www.africa-press.net\/cotedivoire\/economie\/les-indicateurs-de-lactivite-economique-en-fortes-progressions-au-sein-de-lespace-uemoa"]}]},{"@type":"ImageObject","inLanguage":"fr-FR","@id":"https:\/\/www.africa-press.net\/cotedivoire\/economie\/les-indicateurs-de-lactivite-economique-en-fortes-progressions-au-sein-de-lespace-uemoa#primaryimage","url":"https:\/\/static.africa-press.net\/cote\/sites\/43\/2021\/07\/img-60f072b14e40d.jpg","contentUrl":"https:\/\/static.africa-press.net\/cote\/sites\/43\/2021\/07\/img-60f072b14e40d.jpg","width":1024,"height":643,"caption":"Les indicateurs de l\u2019activit\u00e9 \u00e9conomique en fortes progressions au sein de l\u2019espace UEMOA"},{"@type":"BreadcrumbList","@id":"https:\/\/www.africa-press.net\/cotedivoire\/economie\/les-indicateurs-de-lactivite-economique-en-fortes-progressions-au-sein-de-lespace-uemoa#breadcrumb","itemListElement":[{"@type":"ListItem","position":1,"name":"Accueil","item":"https:\/\/www.africa-press.net\/cotedivoire\/"},{"@type":"ListItem","position":2,"name":"Les indicateurs de l\u2019activit\u00e9 \u00e9conomique en fortes progressions au sein de l\u2019espace UEMOA"}]},{"@type":"WebSite","@id":"https:\/\/www.africa-press.net\/cotedivoire\/#website","url":"https:\/\/www.africa-press.net\/cotedivoire\/","name":"C\u00f4te d&#039;Ivoire","description":"Just another Africa News Agency Sites site","potentialAction":[{"@type":"SearchAction","target":{"@type":"EntryPoint","urlTemplate":"https:\/\/www.africa-press.net\/cotedivoire\/?s={search_term_string}"},"query-input":{"@type":"PropertyValueSpecification","valueRequired":true,"valueName":"search_term_string"}}],"inLanguage":"fr-FR"},{"@type":"Person","@id":"https:\/\/www.africa-press.net\/cotedivoire\/#\/schema\/person\/2b1cf3cd81a31e3cd26889ca66d677f1","name":"cfeditorfr"}]}},"_links":{"self":[{"href":"https:\/\/www.africa-press.net\/cotedivoire\/wp-json\/wp\/v2\/posts\/9942","targetHints":{"allow":["GET"]}}],"collection":[{"href":"https:\/\/www.africa-press.net\/cotedivoire\/wp-json\/wp\/v2\/posts"}],"about":[{"href":"https:\/\/www.africa-press.net\/cotedivoire\/wp-json\/wp\/v2\/types\/post"}],"author":[{"embeddable":true,"href":"https:\/\/www.africa-press.net\/cotedivoire\/wp-json\/wp\/v2\/users\/82"}],"replies":[{"embeddable":true,"href":"https:\/\/www.africa-press.net\/cotedivoire\/wp-json\/wp\/v2\/comments?post=9942"}],"version-history":[{"count":0,"href":"https:\/\/www.africa-press.net\/cotedivoire\/wp-json\/wp\/v2\/posts\/9942\/revisions"}],"wp:featuredmedia":[{"embeddable":true,"href":"https:\/\/www.africa-press.net\/cotedivoire\/wp-json\/wp\/v2\/media\/9941"}],"wp:attachment":[{"href":"https:\/\/www.africa-press.net\/cotedivoire\/wp-json\/wp\/v2\/media?parent=9942"}],"wp:term":[{"taxonomy":"category","embeddable":true,"href":"https:\/\/www.africa-press.net\/cotedivoire\/wp-json\/wp\/v2\/categories?post=9942"},{"taxonomy":"post_tag","embeddable":true,"href":"https:\/\/www.africa-press.net\/cotedivoire\/wp-json\/wp\/v2\/tags?post=9942"}],"curies":[{"name":"wp","href":"https:\/\/api.w.org\/{rel}","templated":true}]}}