{"id":9945,"date":"2021-07-15T18:19:13","date_gmt":"2021-07-15T18:19:13","guid":{"rendered":"https:\/\/www.africa-press.net\/cotedivoire\/?p=9945"},"modified":"2021-07-15T18:48:34","modified_gmt":"2021-07-15T18:48:34","slug":"au-moins-23-morts-dans-une-collision-entre-un-car-et-un-massa-sur-lautoroute-du-nord","status":"publish","type":"post","link":"https:\/\/www.africa-press.net\/cotedivoire\/toutes-les-actualites\/au-moins-23-morts-dans-une-collision-entre-un-car-et-un-massa-sur-lautoroute-du-nord","title":{"rendered":"Au moins 23 morts dans une collision entre un car et un massa sur l\u2019autoroute du nord"},"content":{"rendered":"<p><span style=\"color: #ff6600\"><strong><a href=\"https:\/\/www.africa-press.net\/\">Africa-Press<\/a> &#8211; <a href=\"https:\/\/www.africa-press.net\/cotedivoire\">C\u00f4te d&rsquo;Ivoire<\/a>. <\/strong><\/span>Un grave accident de circulation s\u2019est produit le mercredi 14 juillet 2021 sur l\u2019autoroute du nord. Il s\u2019agit d\u2019une collision entre un car de la compagnie CITK, venant de Korhogo et un minicar de transport appel\u00e9 Massa au PK 108. Le bilan fait \u00e9tat de 22 morts et 22 bless\u00e9s.<\/p>\n<p>La route a encore tu\u00e9. En effet un car de transport de passagers appartenant \u00e0 la compagnie CITK en provenance de Korhogo pour Abidjan est rentr\u00e9 en collusion avec un minicar de transport de type Massa en partance pour Issia le mercredi 14 juillet 2021 aux environs de 20 heures. L\u2019accident s\u2019est produit au carrefour Tiassal\u00e9 au PK 108, sur l\u2019autoroute du Nord.<\/p>\n<p>Le bilan est lourd car il fait \u00e9tat de 22 morts et 22 bless\u00e9s, a pr\u00e9cis\u00e9 le Groupement des sapeurs-pompiers militaires (GSPM) pr\u00e9sent sur les lieux.<\/p>\n<p>L\u2019on ignore pour l\u2019instant les causes exactes de cet autre accident de la circulation mais une enqu\u00eate a \u00e9t\u00e9 ouverte. Rappelons qu\u2019un grave accident de circulation s\u2019est produit le mardi 14 juillet dans la matin\u00e9e \u00e0 Port-Bou\u00ebt dans le sous quartier Adjouffou.<\/p>\n<p>A en croire le Groupement des sapeurs-pompiers d\u00e9p\u00each\u00e9s sur les lieux, le bilan d\u00e9finitif fait \u00e9tat de 16 victimes dont 3 d\u00e9c\u00e8s.<\/p>\n<p>&nbsp;<\/p>\n","protected":false},"excerpt":{"rendered":"<p>Africa-Press &#8211; C\u00f4te d&rsquo;Ivoire. Un grave accident de circulation s\u2019est produit le mercredi 14 juillet 2021 sur l\u2019autoroute du nord. Il s\u2019agit d\u2019une collision entre un car de la compagnie CITK, venant de Korhogo et un minicar de transport appel\u00e9 Massa au PK 108. Le bilan fait \u00e9tat de 22 morts et 22 bless\u00e9s. La [&hellip;]<\/p>\n","protected":false},"author":82,"featured_media":9944,"comment_status":"open","ping_status":"closed","sticky":false,"template":"","format":"standard","meta":{"footnotes":""},"categories":[21,11,10],"tags":[56,63,29],"class_list":["post-9945","post","type-post","status-publish","format-standard","has-post-thumbnail","hentry","category-communaute","category-homepage-french","category-toutes-les-actualites","tag-africa-press","tag-africa-press-cote-divoire","tag-cote-divoire"],"yoast_head":"<!-- This site is optimized with the Yoast SEO Premium plugin v26.1 (Yoast SEO v27.0) - https:\/\/yoast.com\/product\/yoast-seo-premium-wordpress\/ -->\n<title>Au moins 23 morts dans une collision entre un car et un massa sur l\u2019autoroute du nord - C\u00f4te d&#039;Ivoire<\/title>\n<meta name=\"description\" content=\"Un grave accident de circulation s\u2019est produit le mercredi 14 juillet 2021 sur l\u2019autoroute du nord. Il s\u2019agit d\u2019une coll ...\" \/>\n<meta name=\"robots\" content=\"index, follow, max-snippet:-1, max-image-preview:large, max-video-preview:-1\" \/>\n<link rel=\"canonical\" href=\"https:\/\/www.africa-press.net\/cotedivoire\/toutes-les-actualites\/au-moins-23-morts-dans-une-collision-entre-un-car-et-un-massa-sur-lautoroute-du-nord\" \/>\n<meta property=\"og:locale\" content=\"fr_FR\" \/>\n<meta property=\"og:type\" content=\"article\" \/>\n<meta property=\"og:title\" content=\"Au moins 23 morts dans une collision entre un car et un massa sur l\u2019autoroute du nord\" \/>\n<meta property=\"og:description\" content=\"Un grave accident de circulation s\u2019est produit le mercredi 14 juillet 2021 sur l\u2019autoroute du nord. Il s\u2019agit d\u2019une coll ...\" \/>\n<meta property=\"og:url\" content=\"https:\/\/www.africa-press.net\/cotedivoire\/toutes-les-actualites\/au-moins-23-morts-dans-une-collision-entre-un-car-et-un-massa-sur-lautoroute-du-nord\" \/>\n<meta property=\"og:site_name\" content=\"C\u00f4te d&#039;Ivoire\" \/>\n<meta property=\"article:published_time\" content=\"2021-07-15T18:19:13+00:00\" \/>\n<meta property=\"article:modified_time\" content=\"2021-07-15T18:48:34+00:00\" \/>\n<meta property=\"og:image\" content=\"https:\/\/static.africa-press.net\/cote\/sites\/43\/2021\/07\/img-60f073319f98b.jpg\" \/>\n\t<meta property=\"og:image:width\" content=\"960\" \/>\n\t<meta property=\"og:image:height\" content=\"1280\" \/>\n\t<meta property=\"og:image:type\" content=\"image\/jpeg\" \/>\n<meta name=\"author\" content=\"cfeditorfr\" \/>\n<meta name=\"twitter:card\" content=\"summary_large_image\" \/>\n<meta name=\"twitter:label1\" content=\"\u00c9crit par\" \/>\n\t<meta name=\"twitter:data1\" content=\"cfeditorfr\" \/>\n\t<meta name=\"twitter:label2\" content=\"Dur\u00e9e de lecture estim\u00e9e\" \/>\n\t<meta name=\"twitter:data2\" content=\"1 minute\" \/>\n<script type=\"application\/ld+json\" class=\"yoast-schema-graph\">{\"@context\":\"https:\/\/schema.org\",\"@graph\":[{\"@type\":\"Article\",\"@id\":\"https:\/\/www.africa-press.net\/cotedivoire\/toutes-les-actualites\/au-moins-23-morts-dans-une-collision-entre-un-car-et-un-massa-sur-lautoroute-du-nord#article\",\"isPartOf\":{\"@id\":\"https:\/\/www.africa-press.net\/cotedivoire\/toutes-les-actualites\/au-moins-23-morts-dans-une-collision-entre-un-car-et-un-massa-sur-lautoroute-du-nord\"},\"author\":{\"name\":\"cfeditorfr\",\"@id\":\"https:\/\/www.africa-press.net\/cotedivoire\/#\/schema\/person\/2b1cf3cd81a31e3cd26889ca66d677f1\"},\"headline\":\"Au moins 23 morts dans une collision entre un car et un massa sur l\u2019autoroute du nord\",\"datePublished\":\"2021-07-15T18:19:13+00:00\",\"dateModified\":\"2021-07-15T18:48:34+00:00\",\"mainEntityOfPage\":{\"@id\":\"https:\/\/www.africa-press.net\/cotedivoire\/toutes-les-actualites\/au-moins-23-morts-dans-une-collision-entre-un-car-et-un-massa-sur-lautoroute-du-nord\"},\"wordCount\":235,\"commentCount\":0,\"image\":{\"@id\":\"https:\/\/www.africa-press.net\/cotedivoire\/toutes-les-actualites\/au-moins-23-morts-dans-une-collision-entre-un-car-et-un-massa-sur-lautoroute-du-nord#primaryimage\"},\"thumbnailUrl\":\"https:\/\/static.africa-press.net\/cote\/sites\/43\/2021\/07\/img-60f073319f98b.jpg\",\"keywords\":[\"Africa Press\",\"Africa Press-C\u00f4te d'Ivoire\",\"C\u00d4TE D'IVOIRE\"],\"articleSection\":[\"Communaut\u00e9\",\"homepage-french\",\"Toutes les actualit\u00e9s\"],\"inLanguage\":\"fr-FR\",\"potentialAction\":[{\"@type\":\"CommentAction\",\"name\":\"Comment\",\"target\":[\"https:\/\/www.africa-press.net\/cotedivoire\/toutes-les-actualites\/au-moins-23-morts-dans-une-collision-entre-un-car-et-un-massa-sur-lautoroute-du-nord#respond\"]}]},{\"@type\":\"WebPage\",\"@id\":\"https:\/\/www.africa-press.net\/cotedivoire\/toutes-les-actualites\/au-moins-23-morts-dans-une-collision-entre-un-car-et-un-massa-sur-lautoroute-du-nord\",\"url\":\"https:\/\/www.africa-press.net\/cotedivoire\/toutes-les-actualites\/au-moins-23-morts-dans-une-collision-entre-un-car-et-un-massa-sur-lautoroute-du-nord\",\"name\":\"Au moins 23 morts dans une collision entre un car et un massa sur l\u2019autoroute du nord - C\u00f4te d&#039;Ivoire\",\"isPartOf\":{\"@id\":\"https:\/\/www.africa-press.net\/cotedivoire\/#website\"},\"primaryImageOfPage\":{\"@id\":\"https:\/\/www.africa-press.net\/cotedivoire\/toutes-les-actualites\/au-moins-23-morts-dans-une-collision-entre-un-car-et-un-massa-sur-lautoroute-du-nord#primaryimage\"},\"image\":{\"@id\":\"https:\/\/www.africa-press.net\/cotedivoire\/toutes-les-actualites\/au-moins-23-morts-dans-une-collision-entre-un-car-et-un-massa-sur-lautoroute-du-nord#primaryimage\"},\"thumbnailUrl\":\"https:\/\/static.africa-press.net\/cote\/sites\/43\/2021\/07\/img-60f073319f98b.jpg\",\"datePublished\":\"2021-07-15T18:19:13+00:00\",\"dateModified\":\"2021-07-15T18:48:34+00:00\",\"author\":{\"@id\":\"https:\/\/www.africa-press.net\/cotedivoire\/#\/schema\/person\/2b1cf3cd81a31e3cd26889ca66d677f1\"},\"description\":\"Un grave accident de circulation s\u2019est produit le mercredi 14 juillet 2021 sur l\u2019autoroute du nord. Il s\u2019agit d\u2019une coll ...\",\"breadcrumb\":{\"@id\":\"https:\/\/www.africa-press.net\/cotedivoire\/toutes-les-actualites\/au-moins-23-morts-dans-une-collision-entre-un-car-et-un-massa-sur-lautoroute-du-nord#breadcrumb\"},\"inLanguage\":\"fr-FR\",\"potentialAction\":[{\"@type\":\"ReadAction\",\"target\":[\"https:\/\/www.africa-press.net\/cotedivoire\/toutes-les-actualites\/au-moins-23-morts-dans-une-collision-entre-un-car-et-un-massa-sur-lautoroute-du-nord\"]}]},{\"@type\":\"ImageObject\",\"inLanguage\":\"fr-FR\",\"@id\":\"https:\/\/www.africa-press.net\/cotedivoire\/toutes-les-actualites\/au-moins-23-morts-dans-une-collision-entre-un-car-et-un-massa-sur-lautoroute-du-nord#primaryimage\",\"url\":\"https:\/\/static.africa-press.net\/cote\/sites\/43\/2021\/07\/img-60f073319f98b.jpg\",\"contentUrl\":\"https:\/\/static.africa-press.net\/cote\/sites\/43\/2021\/07\/img-60f073319f98b.jpg\",\"width\":960,\"height\":1280,\"caption\":\"Au moins 23 morts dans une collision entre un car et un massa sur l\u2019autoroute du nord\"},{\"@type\":\"BreadcrumbList\",\"@id\":\"https:\/\/www.africa-press.net\/cotedivoire\/toutes-les-actualites\/au-moins-23-morts-dans-une-collision-entre-un-car-et-un-massa-sur-lautoroute-du-nord#breadcrumb\",\"itemListElement\":[{\"@type\":\"ListItem\",\"position\":1,\"name\":\"Accueil\",\"item\":\"https:\/\/www.africa-press.net\/cotedivoire\/\"},{\"@type\":\"ListItem\",\"position\":2,\"name\":\"Au moins 23 morts dans une collision entre un car et un massa sur l\u2019autoroute du nord\"}]},{\"@type\":\"WebSite\",\"@id\":\"https:\/\/www.africa-press.net\/cotedivoire\/#website\",\"url\":\"https:\/\/www.africa-press.net\/cotedivoire\/\",\"name\":\"C\u00f4te d&#039;Ivoire\",\"description\":\"Just another Africa News Agency Sites site\",\"potentialAction\":[{\"@type\":\"SearchAction\",\"target\":{\"@type\":\"EntryPoint\",\"urlTemplate\":\"https:\/\/www.africa-press.net\/cotedivoire\/?s={search_term_string}\"},\"query-input\":{\"@type\":\"PropertyValueSpecification\",\"valueRequired\":true,\"valueName\":\"search_term_string\"}}],\"inLanguage\":\"fr-FR\"},{\"@type\":\"Person\",\"@id\":\"https:\/\/www.africa-press.net\/cotedivoire\/#\/schema\/person\/2b1cf3cd81a31e3cd26889ca66d677f1\",\"name\":\"cfeditorfr\"}]}<\/script>\n<!-- \/ Yoast SEO Premium plugin. -->","yoast_head_json":{"title":"Au moins 23 morts dans une collision entre un car et un massa sur l\u2019autoroute du nord - C\u00f4te d&#039;Ivoire","description":"Un grave accident de circulation s\u2019est produit le mercredi 14 juillet 2021 sur l\u2019autoroute du nord. Il s\u2019agit d\u2019une coll ...","robots":{"index":"index","follow":"follow","max-snippet":"max-snippet:-1","max-image-preview":"max-image-preview:large","max-video-preview":"max-video-preview:-1"},"canonical":"https:\/\/www.africa-press.net\/cotedivoire\/toutes-les-actualites\/au-moins-23-morts-dans-une-collision-entre-un-car-et-un-massa-sur-lautoroute-du-nord","og_locale":"fr_FR","og_type":"article","og_title":"Au moins 23 morts dans une collision entre un car et un massa sur l\u2019autoroute du nord","og_description":"Un grave accident de circulation s\u2019est produit le mercredi 14 juillet 2021 sur l\u2019autoroute du nord. Il s\u2019agit d\u2019une coll ...","og_url":"https:\/\/www.africa-press.net\/cotedivoire\/toutes-les-actualites\/au-moins-23-morts-dans-une-collision-entre-un-car-et-un-massa-sur-lautoroute-du-nord","og_site_name":"C\u00f4te d&#039;Ivoire","article_published_time":"2021-07-15T18:19:13+00:00","article_modified_time":"2021-07-15T18:48:34+00:00","og_image":[{"width":960,"height":1280,"url":"https:\/\/static.africa-press.net\/cote\/sites\/43\/2021\/07\/img-60f073319f98b.jpg","type":"image\/jpeg"}],"author":"cfeditorfr","twitter_card":"summary_large_image","twitter_misc":{"\u00c9crit par":"cfeditorfr","Dur\u00e9e de lecture estim\u00e9e":"1 minute"},"schema":{"@context":"https:\/\/schema.org","@graph":[{"@type":"Article","@id":"https:\/\/www.africa-press.net\/cotedivoire\/toutes-les-actualites\/au-moins-23-morts-dans-une-collision-entre-un-car-et-un-massa-sur-lautoroute-du-nord#article","isPartOf":{"@id":"https:\/\/www.africa-press.net\/cotedivoire\/toutes-les-actualites\/au-moins-23-morts-dans-une-collision-entre-un-car-et-un-massa-sur-lautoroute-du-nord"},"author":{"name":"cfeditorfr","@id":"https:\/\/www.africa-press.net\/cotedivoire\/#\/schema\/person\/2b1cf3cd81a31e3cd26889ca66d677f1"},"headline":"Au moins 23 morts dans une collision entre un car et un massa sur l\u2019autoroute du nord","datePublished":"2021-07-15T18:19:13+00:00","dateModified":"2021-07-15T18:48:34+00:00","mainEntityOfPage":{"@id":"https:\/\/www.africa-press.net\/cotedivoire\/toutes-les-actualites\/au-moins-23-morts-dans-une-collision-entre-un-car-et-un-massa-sur-lautoroute-du-nord"},"wordCount":235,"commentCount":0,"image":{"@id":"https:\/\/www.africa-press.net\/cotedivoire\/toutes-les-actualites\/au-moins-23-morts-dans-une-collision-entre-un-car-et-un-massa-sur-lautoroute-du-nord#primaryimage"},"thumbnailUrl":"https:\/\/static.africa-press.net\/cote\/sites\/43\/2021\/07\/img-60f073319f98b.jpg","keywords":["Africa Press","Africa Press-C\u00f4te d'Ivoire","C\u00d4TE D'IVOIRE"],"articleSection":["Communaut\u00e9","homepage-french","Toutes les actualit\u00e9s"],"inLanguage":"fr-FR","potentialAction":[{"@type":"CommentAction","name":"Comment","target":["https:\/\/www.africa-press.net\/cotedivoire\/toutes-les-actualites\/au-moins-23-morts-dans-une-collision-entre-un-car-et-un-massa-sur-lautoroute-du-nord#respond"]}]},{"@type":"WebPage","@id":"https:\/\/www.africa-press.net\/cotedivoire\/toutes-les-actualites\/au-moins-23-morts-dans-une-collision-entre-un-car-et-un-massa-sur-lautoroute-du-nord","url":"https:\/\/www.africa-press.net\/cotedivoire\/toutes-les-actualites\/au-moins-23-morts-dans-une-collision-entre-un-car-et-un-massa-sur-lautoroute-du-nord","name":"Au moins 23 morts dans une collision entre un car et un massa sur l\u2019autoroute du nord - C\u00f4te d&#039;Ivoire","isPartOf":{"@id":"https:\/\/www.africa-press.net\/cotedivoire\/#website"},"primaryImageOfPage":{"@id":"https:\/\/www.africa-press.net\/cotedivoire\/toutes-les-actualites\/au-moins-23-morts-dans-une-collision-entre-un-car-et-un-massa-sur-lautoroute-du-nord#primaryimage"},"image":{"@id":"https:\/\/www.africa-press.net\/cotedivoire\/toutes-les-actualites\/au-moins-23-morts-dans-une-collision-entre-un-car-et-un-massa-sur-lautoroute-du-nord#primaryimage"},"thumbnailUrl":"https:\/\/static.africa-press.net\/cote\/sites\/43\/2021\/07\/img-60f073319f98b.jpg","datePublished":"2021-07-15T18:19:13+00:00","dateModified":"2021-07-15T18:48:34+00:00","author":{"@id":"https:\/\/www.africa-press.net\/cotedivoire\/#\/schema\/person\/2b1cf3cd81a31e3cd26889ca66d677f1"},"description":"Un grave accident de circulation s\u2019est produit le mercredi 14 juillet 2021 sur l\u2019autoroute du nord. Il s\u2019agit d\u2019une coll ...","breadcrumb":{"@id":"https:\/\/www.africa-press.net\/cotedivoire\/toutes-les-actualites\/au-moins-23-morts-dans-une-collision-entre-un-car-et-un-massa-sur-lautoroute-du-nord#breadcrumb"},"inLanguage":"fr-FR","potentialAction":[{"@type":"ReadAction","target":["https:\/\/www.africa-press.net\/cotedivoire\/toutes-les-actualites\/au-moins-23-morts-dans-une-collision-entre-un-car-et-un-massa-sur-lautoroute-du-nord"]}]},{"@type":"ImageObject","inLanguage":"fr-FR","@id":"https:\/\/www.africa-press.net\/cotedivoire\/toutes-les-actualites\/au-moins-23-morts-dans-une-collision-entre-un-car-et-un-massa-sur-lautoroute-du-nord#primaryimage","url":"https:\/\/static.africa-press.net\/cote\/sites\/43\/2021\/07\/img-60f073319f98b.jpg","contentUrl":"https:\/\/static.africa-press.net\/cote\/sites\/43\/2021\/07\/img-60f073319f98b.jpg","width":960,"height":1280,"caption":"Au moins 23 morts dans une collision entre un car et un massa sur l\u2019autoroute du nord"},{"@type":"BreadcrumbList","@id":"https:\/\/www.africa-press.net\/cotedivoire\/toutes-les-actualites\/au-moins-23-morts-dans-une-collision-entre-un-car-et-un-massa-sur-lautoroute-du-nord#breadcrumb","itemListElement":[{"@type":"ListItem","position":1,"name":"Accueil","item":"https:\/\/www.africa-press.net\/cotedivoire\/"},{"@type":"ListItem","position":2,"name":"Au moins 23 morts dans une collision entre un car et un massa sur l\u2019autoroute du nord"}]},{"@type":"WebSite","@id":"https:\/\/www.africa-press.net\/cotedivoire\/#website","url":"https:\/\/www.africa-press.net\/cotedivoire\/","name":"C\u00f4te d&#039;Ivoire","description":"Just another Africa News Agency Sites site","potentialAction":[{"@type":"SearchAction","target":{"@type":"EntryPoint","urlTemplate":"https:\/\/www.africa-press.net\/cotedivoire\/?s={search_term_string}"},"query-input":{"@type":"PropertyValueSpecification","valueRequired":true,"valueName":"search_term_string"}}],"inLanguage":"fr-FR"},{"@type":"Person","@id":"https:\/\/www.africa-press.net\/cotedivoire\/#\/schema\/person\/2b1cf3cd81a31e3cd26889ca66d677f1","name":"cfeditorfr"}]}},"_links":{"self":[{"href":"https:\/\/www.africa-press.net\/cotedivoire\/wp-json\/wp\/v2\/posts\/9945","targetHints":{"allow":["GET"]}}],"collection":[{"href":"https:\/\/www.africa-press.net\/cotedivoire\/wp-json\/wp\/v2\/posts"}],"about":[{"href":"https:\/\/www.africa-press.net\/cotedivoire\/wp-json\/wp\/v2\/types\/post"}],"author":[{"embeddable":true,"href":"https:\/\/www.africa-press.net\/cotedivoire\/wp-json\/wp\/v2\/users\/82"}],"replies":[{"embeddable":true,"href":"https:\/\/www.africa-press.net\/cotedivoire\/wp-json\/wp\/v2\/comments?post=9945"}],"version-history":[{"count":0,"href":"https:\/\/www.africa-press.net\/cotedivoire\/wp-json\/wp\/v2\/posts\/9945\/revisions"}],"wp:featuredmedia":[{"embeddable":true,"href":"https:\/\/www.africa-press.net\/cotedivoire\/wp-json\/wp\/v2\/media\/9944"}],"wp:attachment":[{"href":"https:\/\/www.africa-press.net\/cotedivoire\/wp-json\/wp\/v2\/media?parent=9945"}],"wp:term":[{"taxonomy":"category","embeddable":true,"href":"https:\/\/www.africa-press.net\/cotedivoire\/wp-json\/wp\/v2\/categories?post=9945"},{"taxonomy":"post_tag","embeddable":true,"href":"https:\/\/www.africa-press.net\/cotedivoire\/wp-json\/wp\/v2\/tags?post=9945"}],"curies":[{"name":"wp","href":"https:\/\/api.w.org\/{rel}","templated":true}]}}