{"id":9948,"date":"2021-07-15T18:28:43","date_gmt":"2021-07-15T18:28:43","guid":{"rendered":"https:\/\/www.africa-press.net\/cotedivoire\/?p=9948"},"modified":"2021-07-15T18:48:49","modified_gmt":"2021-07-15T18:48:49","slug":"etat-de-la-question-du-dialogue-social-et-de-la-reconciliation-en-cote-divoire-une-kyrielle-de-cadres-dedies-a-cet-effet","status":"publish","type":"post","link":"https:\/\/www.africa-press.net\/cotedivoire\/culture-et-art\/etat-de-la-question-du-dialogue-social-et-de-la-reconciliation-en-cote-divoire-une-kyrielle-de-cadres-dedies-a-cet-effet","title":{"rendered":"\u00c9tat de la question du dialogue social et de la \u00ab\u00a0r\u00e9conciliation\u00a0\u00bb en C\u00f4te-d\u2019Ivoire: Une kyrielle de cadres d\u00e9di\u00e9s \u00e0 cet effet"},"content":{"rendered":"<p><span style=\"color: #ff6600\"><strong><a href=\"https:\/\/www.africa-press.net\/\">Africa-Press<\/a> &#8211; <a href=\"https:\/\/www.africa-press.net\/cotedivoire\">C\u00f4te d&rsquo;Ivoire<\/a>. <\/strong><\/span>1 \u2013 Discours et actes 1.1 \u2013<\/p>\n<p>Cadre Permanent de Dialogue, Conseil National de Dialogue Social, Table Ronde de Concertation et de Dialogue, statut sp\u00e9cial de l\u2019opposition, Assembl\u00e9e Nationale.<\/p>\n<p>1.2 \u2013 DES STRUCTURES PUBLIQUES CONSACREES A LA QUESTIONCDVR (Commission, Dialogue, V\u00e9rit\u00e9, R\u00e9conciliation) CONARIV ( Commission Nationale pour la R\u00e9conciliation et l\u2019Indemnisation des Victimes)<\/p>\n<p>1.3 \u2013 UNE VOLONTE POLITIQUE SOUTENUE Minist\u00e8re charg\u00e9 des relations avec le Parlement et l\u2019opposition, Minist\u00e8re charg\u00e9 de la Coh\u00e9sion Sociale, Minist\u00e8re de la R\u00e9conciliation.<\/p>\n<p>1.4 \u2013 DES ACTES FORTSDes condamnations de principe sans mandat de d\u00e9p\u00f4t, D\u00e9gel des avoirs, Rapatriement des exil\u00e9s, financement public de l\u2019opposition extra-parlementaire, plusieurs trains d\u2019amnistie, lib\u00e9ration de prisonniers appartenant \u00e0 l\u2019opposition sous contr\u00f4le judiciaire, de nombreux accords.<\/p>\n<p>1.5 \u2013 UN DISCOURS CONSTANT INVITANT A LA PAIX, AU DIALOGUE, AU VIVRE ENSEMBLE, AU RENFORCEMENT DE LA COHESION SOCIALE.<\/p>\n<p>2 \u2013 REPONSES ET CONTRE-PARTIES<\/p>\n<p>2.1 \u2013 POLITIQUE DE LA CHAISE VIDE<\/p>\n<p>2.2 \u2013 INTERDICTION DE TOUTE FORME DE RELATION AVEC LE POUVOIR<\/p>\n<p>2.3 \u2013 REFUS D\u2019ENTRER DANS LA REPUBLIQUE JUSQU\u2019EN 2020<\/p>\n<p>2.4 \u2013 EXIL VOLONTAIRE ET REFUS DE RENTRER ( les mandats d\u2019arr\u00eat lanc\u00e9s contre des personnes et celles qui \u00e9taient poursuivies ou recherch\u00e9es se comptent sur les doigts d\u2019une main).<\/p>\n<p>2.5 \u2013 UN DISCOURS PERMANENT DE CRITIQUE, DE NEGATION ET DE DENIGREMENT, MAIS SURTOUT DE REJET.<\/p>\n<p>2.6 \u2013 APPEL A L\u2019INSURRECTION CIVILE ( CDRP : Coalition pour la D\u00e9mocratie, la R\u00e9conciliation et la Paix autour du PDCI) ET MILITAIRE ( GPS de GSK, membre de la m\u00eame plate-forme)<\/p>\n<p>2.7 \u2013 CREATION DU CNT \u00ab Conseil national de transition \u00bb qui devait avoir autorit\u00e9 d\u2019un Gouvernement Bis ou plus pr\u00e9cis\u00e9ment de transition. Cette structure sui-g\u00e9n\u00e9ris n\u2019a aucune l\u00e9gitimit\u00e9 ( suffrage universel) et ne poss\u00e9dait aucune l\u00e9galit\u00e9. Elle s\u2019analyse comme une tentative d\u2019un coup de force ( commencement de l\u2019action sanctionn\u00e9 par une interruption involontaire de sa part)<\/p>\n<p>2.8 \u2013 CREATION D\u2019UN AXE DE RAPPROCHEMENT POUR RENFORCER LA CONTESTATION DE LA LEGALITE CONSTITUTIONNELLE ( refus de reconna\u00eetre la premi\u00e8re mandature pr\u00e9sidentielle de la troisi\u00e8me R\u00e9publique), EN PROPOSANT L\u2019ELABORATION D\u2019UN PROJET DE RECONCILIATION ET DE REFONDATION A SOUMETTRE AU PEUPLE, EN DEHORS DU CADRE LEGAL PREVU POUR LA CONSULTATION DU PEUPLE ( Ref\u00e9rendum sur une proposition ou un projet majeur pour la vie des Institutions et de la Nation, ou \u00e9lection permettant de choisir entre les projets de soci\u00e9t\u00e9 en concurrence.) Qui est charg\u00e9 par la Constitution de d\u00e9terminer et de conduire la politique de la Nation dans un pays ? Cette question et les modlit\u00e9s de sa consultation populaire font nettement ressortir le caract\u00e8re insurrectionnel de ce projet \u00e0 \u00e9laborer<\/p>\n<p>2. 9 \u2013 REFUS DE LA MAIN TENDUE ( Appel \u00e0 des rencontres de haut niveau demeur\u00e9 sans suite). CONCLUSIONCela va faire 20 ANS QUE NOUS DIALOGUONS ( Accords de sortie de crise, Accord de processus de paix, m\u00e9diation de pays \u00e9trangers et d\u2019organisations r\u00e9gionales, continentales et internationales, Dialogue direct inter-ivoirien, dialogue national, Forum de la R\u00e9conciliation, etc; ect\u2026). Ceci n\u2019a pas emp\u00eacher des conflits, des ph\u00e9nom\u00e8nes de violence, et le d\u00e9chirement du tissu social. Pourquoi vouloir reprendre des formules qui ont DEMONTRE leurs limites ou qui ont ECHOUE ? Depuis une decennie la COHESION SOCIALE ET LA PAIX PUBLIQUE se renforcent chaque jour un peu plus, pourquoi vouloir changer cet axe d\u2019approche qui produit des r\u00e9sultats positifs ? Les d\u00e9samours entre entrepreneurs politiques et la rivalit\u00e9 de leurs ambitions doivent-ils hypoth\u00e9quer le DESTIN de toute la COMMUNAUTE NATIONALE et CONTRARIER L\u2019ELAN DE PROPGRES dans lequel le pays est ? LA RAISON et LA SAGESSE nous commandent de POURSUIVRE ET DE CONSOLIDER les acquis de cette TRAJECTOIRE et DE NE POINT REVENIR EN ARRIERE.<\/p>\n<p>&nbsp;<\/p>\n","protected":false},"excerpt":{"rendered":"<p>Africa-Press &#8211; C\u00f4te d&rsquo;Ivoire. 1 \u2013 Discours et actes 1.1 \u2013 Cadre Permanent de Dialogue, Conseil National de Dialogue Social, Table Ronde de Concertation et de Dialogue, statut sp\u00e9cial de l\u2019opposition, Assembl\u00e9e Nationale. 1.2 \u2013 DES STRUCTURES PUBLIQUES CONSACREES A LA QUESTIONCDVR (Commission, Dialogue, V\u00e9rit\u00e9, R\u00e9conciliation) CONARIV ( Commission Nationale pour la R\u00e9conciliation et l\u2019Indemnisation [&hellip;]<\/p>\n","protected":false},"author":82,"featured_media":9947,"comment_status":"open","ping_status":"closed","sticky":false,"template":"","format":"standard","meta":{"footnotes":""},"categories":[5,11,10],"tags":[56,63,29],"class_list":["post-9948","post","type-post","status-publish","format-standard","has-post-thumbnail","hentry","category-culture-et-art","category-homepage-french","category-toutes-les-actualites","tag-africa-press","tag-africa-press-cote-divoire","tag-cote-divoire"],"yoast_head":"<!-- This site is optimized with the Yoast SEO Premium plugin v26.1 (Yoast SEO v27.0) - https:\/\/yoast.com\/product\/yoast-seo-premium-wordpress\/ -->\n<title>\u00c9tat de la question du dialogue social et de la \u00ab\u00a0r\u00e9conciliation\u00a0\u00bb en C\u00f4te-d\u2019Ivoire: Une kyrielle de cadres d\u00e9di\u00e9s \u00e0 cet effet - C\u00f4te d&#039;Ivoire<\/title>\n<meta name=\"description\" content=\"1 \u2013 Discours et actes 1.1 \u2013 Cadre Permanent de Dialogue, Conseil National de Dialogue Social, Table Ronde de Concertati ...\" \/>\n<meta name=\"robots\" content=\"index, follow, max-snippet:-1, max-image-preview:large, max-video-preview:-1\" \/>\n<link rel=\"canonical\" href=\"https:\/\/www.africa-press.net\/cotedivoire\/culture-et-art\/etat-de-la-question-du-dialogue-social-et-de-la-reconciliation-en-cote-divoire-une-kyrielle-de-cadres-dedies-a-cet-effet\" \/>\n<meta property=\"og:locale\" content=\"fr_FR\" \/>\n<meta property=\"og:type\" content=\"article\" \/>\n<meta property=\"og:title\" content=\"\u00c9tat de la question du dialogue social et de la \u00ab\u00a0r\u00e9conciliation\u00a0\u00bb en C\u00f4te-d\u2019Ivoire: Une kyrielle de cadres d\u00e9di\u00e9s \u00e0 cet effet\" \/>\n<meta property=\"og:description\" content=\"1 \u2013 Discours et actes 1.1 \u2013 Cadre Permanent de Dialogue, Conseil National de Dialogue Social, Table Ronde de Concertati ...\" \/>\n<meta property=\"og:url\" content=\"https:\/\/www.africa-press.net\/cotedivoire\/culture-et-art\/etat-de-la-question-du-dialogue-social-et-de-la-reconciliation-en-cote-divoire-une-kyrielle-de-cadres-dedies-a-cet-effet\" \/>\n<meta property=\"og:site_name\" content=\"C\u00f4te d&#039;Ivoire\" \/>\n<meta property=\"article:published_time\" content=\"2021-07-15T18:28:43+00:00\" \/>\n<meta property=\"article:modified_time\" content=\"2021-07-15T18:48:49+00:00\" \/>\n<meta property=\"og:image\" content=\"https:\/\/static.africa-press.net\/cote\/sites\/43\/2021\/07\/img-60f073d3e46bf.jpg\" \/>\n\t<meta property=\"og:image:width\" content=\"720\" \/>\n\t<meta property=\"og:image:height\" content=\"480\" \/>\n\t<meta property=\"og:image:type\" content=\"image\/jpeg\" \/>\n<meta name=\"author\" content=\"cfeditorfr\" \/>\n<meta name=\"twitter:card\" content=\"summary_large_image\" \/>\n<meta name=\"twitter:label1\" content=\"\u00c9crit par\" \/>\n\t<meta name=\"twitter:data1\" content=\"cfeditorfr\" \/>\n\t<meta name=\"twitter:label2\" content=\"Dur\u00e9e de lecture estim\u00e9e\" \/>\n\t<meta name=\"twitter:data2\" content=\"3 minutes\" \/>\n<script type=\"application\/ld+json\" class=\"yoast-schema-graph\">{\"@context\":\"https:\/\/schema.org\",\"@graph\":[{\"@type\":\"Article\",\"@id\":\"https:\/\/www.africa-press.net\/cotedivoire\/culture-et-art\/etat-de-la-question-du-dialogue-social-et-de-la-reconciliation-en-cote-divoire-une-kyrielle-de-cadres-dedies-a-cet-effet#article\",\"isPartOf\":{\"@id\":\"https:\/\/www.africa-press.net\/cotedivoire\/culture-et-art\/etat-de-la-question-du-dialogue-social-et-de-la-reconciliation-en-cote-divoire-une-kyrielle-de-cadres-dedies-a-cet-effet\"},\"author\":{\"name\":\"cfeditorfr\",\"@id\":\"https:\/\/www.africa-press.net\/cotedivoire\/#\/schema\/person\/2b1cf3cd81a31e3cd26889ca66d677f1\"},\"headline\":\"\u00c9tat de la question du dialogue social et de la \u00ab\u00a0r\u00e9conciliation\u00a0\u00bb en C\u00f4te-d\u2019Ivoire: Une kyrielle de cadres d\u00e9di\u00e9s \u00e0 cet effet\",\"datePublished\":\"2021-07-15T18:28:43+00:00\",\"dateModified\":\"2021-07-15T18:48:49+00:00\",\"mainEntityOfPage\":{\"@id\":\"https:\/\/www.africa-press.net\/cotedivoire\/culture-et-art\/etat-de-la-question-du-dialogue-social-et-de-la-reconciliation-en-cote-divoire-une-kyrielle-de-cadres-dedies-a-cet-effet\"},\"wordCount\":649,\"commentCount\":0,\"image\":{\"@id\":\"https:\/\/www.africa-press.net\/cotedivoire\/culture-et-art\/etat-de-la-question-du-dialogue-social-et-de-la-reconciliation-en-cote-divoire-une-kyrielle-de-cadres-dedies-a-cet-effet#primaryimage\"},\"thumbnailUrl\":\"https:\/\/static.africa-press.net\/cote\/sites\/43\/2021\/07\/img-60f073d3e46bf.jpg\",\"keywords\":[\"Africa Press\",\"Africa Press-C\u00f4te d'Ivoire\",\"C\u00d4TE D'IVOIRE\"],\"articleSection\":[\"Culture et Art\",\"homepage-french\",\"Toutes les actualit\u00e9s\"],\"inLanguage\":\"fr-FR\",\"potentialAction\":[{\"@type\":\"CommentAction\",\"name\":\"Comment\",\"target\":[\"https:\/\/www.africa-press.net\/cotedivoire\/culture-et-art\/etat-de-la-question-du-dialogue-social-et-de-la-reconciliation-en-cote-divoire-une-kyrielle-de-cadres-dedies-a-cet-effet#respond\"]}]},{\"@type\":\"WebPage\",\"@id\":\"https:\/\/www.africa-press.net\/cotedivoire\/culture-et-art\/etat-de-la-question-du-dialogue-social-et-de-la-reconciliation-en-cote-divoire-une-kyrielle-de-cadres-dedies-a-cet-effet\",\"url\":\"https:\/\/www.africa-press.net\/cotedivoire\/culture-et-art\/etat-de-la-question-du-dialogue-social-et-de-la-reconciliation-en-cote-divoire-une-kyrielle-de-cadres-dedies-a-cet-effet\",\"name\":\"\u00c9tat de la question du dialogue social et de la \u00ab\u00a0r\u00e9conciliation\u00a0\u00bb en C\u00f4te-d\u2019Ivoire: Une kyrielle de cadres d\u00e9di\u00e9s \u00e0 cet effet - C\u00f4te d&#039;Ivoire\",\"isPartOf\":{\"@id\":\"https:\/\/www.africa-press.net\/cotedivoire\/#website\"},\"primaryImageOfPage\":{\"@id\":\"https:\/\/www.africa-press.net\/cotedivoire\/culture-et-art\/etat-de-la-question-du-dialogue-social-et-de-la-reconciliation-en-cote-divoire-une-kyrielle-de-cadres-dedies-a-cet-effet#primaryimage\"},\"image\":{\"@id\":\"https:\/\/www.africa-press.net\/cotedivoire\/culture-et-art\/etat-de-la-question-du-dialogue-social-et-de-la-reconciliation-en-cote-divoire-une-kyrielle-de-cadres-dedies-a-cet-effet#primaryimage\"},\"thumbnailUrl\":\"https:\/\/static.africa-press.net\/cote\/sites\/43\/2021\/07\/img-60f073d3e46bf.jpg\",\"datePublished\":\"2021-07-15T18:28:43+00:00\",\"dateModified\":\"2021-07-15T18:48:49+00:00\",\"author\":{\"@id\":\"https:\/\/www.africa-press.net\/cotedivoire\/#\/schema\/person\/2b1cf3cd81a31e3cd26889ca66d677f1\"},\"description\":\"1 \u2013 Discours et actes 1.1 \u2013 Cadre Permanent de Dialogue, Conseil National de Dialogue Social, Table Ronde de Concertati ...\",\"breadcrumb\":{\"@id\":\"https:\/\/www.africa-press.net\/cotedivoire\/culture-et-art\/etat-de-la-question-du-dialogue-social-et-de-la-reconciliation-en-cote-divoire-une-kyrielle-de-cadres-dedies-a-cet-effet#breadcrumb\"},\"inLanguage\":\"fr-FR\",\"potentialAction\":[{\"@type\":\"ReadAction\",\"target\":[\"https:\/\/www.africa-press.net\/cotedivoire\/culture-et-art\/etat-de-la-question-du-dialogue-social-et-de-la-reconciliation-en-cote-divoire-une-kyrielle-de-cadres-dedies-a-cet-effet\"]}]},{\"@type\":\"ImageObject\",\"inLanguage\":\"fr-FR\",\"@id\":\"https:\/\/www.africa-press.net\/cotedivoire\/culture-et-art\/etat-de-la-question-du-dialogue-social-et-de-la-reconciliation-en-cote-divoire-une-kyrielle-de-cadres-dedies-a-cet-effet#primaryimage\",\"url\":\"https:\/\/static.africa-press.net\/cote\/sites\/43\/2021\/07\/img-60f073d3e46bf.jpg\",\"contentUrl\":\"https:\/\/static.africa-press.net\/cote\/sites\/43\/2021\/07\/img-60f073d3e46bf.jpg\",\"width\":720,\"height\":480,\"caption\":\"\u00c9tat de la question du dialogue social et de la \u00ab\u00a0r\u00e9conciliation\u00a0\u00bb en C\u00f4te-d\u2019Ivoire: Une kyrielle de cadres d\u00e9di\u00e9s \u00e0 cet effet\"},{\"@type\":\"BreadcrumbList\",\"@id\":\"https:\/\/www.africa-press.net\/cotedivoire\/culture-et-art\/etat-de-la-question-du-dialogue-social-et-de-la-reconciliation-en-cote-divoire-une-kyrielle-de-cadres-dedies-a-cet-effet#breadcrumb\",\"itemListElement\":[{\"@type\":\"ListItem\",\"position\":1,\"name\":\"Accueil\",\"item\":\"https:\/\/www.africa-press.net\/cotedivoire\/\"},{\"@type\":\"ListItem\",\"position\":2,\"name\":\"\u00c9tat de la question du dialogue social et de la \u00ab\u00a0r\u00e9conciliation\u00a0\u00bb en C\u00f4te-d\u2019Ivoire: Une kyrielle de cadres d\u00e9di\u00e9s \u00e0 cet effet\"}]},{\"@type\":\"WebSite\",\"@id\":\"https:\/\/www.africa-press.net\/cotedivoire\/#website\",\"url\":\"https:\/\/www.africa-press.net\/cotedivoire\/\",\"name\":\"C\u00f4te d&#039;Ivoire\",\"description\":\"Just another Africa News Agency Sites site\",\"potentialAction\":[{\"@type\":\"SearchAction\",\"target\":{\"@type\":\"EntryPoint\",\"urlTemplate\":\"https:\/\/www.africa-press.net\/cotedivoire\/?s={search_term_string}\"},\"query-input\":{\"@type\":\"PropertyValueSpecification\",\"valueRequired\":true,\"valueName\":\"search_term_string\"}}],\"inLanguage\":\"fr-FR\"},{\"@type\":\"Person\",\"@id\":\"https:\/\/www.africa-press.net\/cotedivoire\/#\/schema\/person\/2b1cf3cd81a31e3cd26889ca66d677f1\",\"name\":\"cfeditorfr\"}]}<\/script>\n<!-- \/ Yoast SEO Premium plugin. -->","yoast_head_json":{"title":"\u00c9tat de la question du dialogue social et de la \u00ab\u00a0r\u00e9conciliation\u00a0\u00bb en C\u00f4te-d\u2019Ivoire: Une kyrielle de cadres d\u00e9di\u00e9s \u00e0 cet effet - C\u00f4te d&#039;Ivoire","description":"1 \u2013 Discours et actes 1.1 \u2013 Cadre Permanent de Dialogue, Conseil National de Dialogue Social, Table Ronde de Concertati ...","robots":{"index":"index","follow":"follow","max-snippet":"max-snippet:-1","max-image-preview":"max-image-preview:large","max-video-preview":"max-video-preview:-1"},"canonical":"https:\/\/www.africa-press.net\/cotedivoire\/culture-et-art\/etat-de-la-question-du-dialogue-social-et-de-la-reconciliation-en-cote-divoire-une-kyrielle-de-cadres-dedies-a-cet-effet","og_locale":"fr_FR","og_type":"article","og_title":"\u00c9tat de la question du dialogue social et de la \u00ab\u00a0r\u00e9conciliation\u00a0\u00bb en C\u00f4te-d\u2019Ivoire: Une kyrielle de cadres d\u00e9di\u00e9s \u00e0 cet effet","og_description":"1 \u2013 Discours et actes 1.1 \u2013 Cadre Permanent de Dialogue, Conseil National de Dialogue Social, Table Ronde de Concertati ...","og_url":"https:\/\/www.africa-press.net\/cotedivoire\/culture-et-art\/etat-de-la-question-du-dialogue-social-et-de-la-reconciliation-en-cote-divoire-une-kyrielle-de-cadres-dedies-a-cet-effet","og_site_name":"C\u00f4te d&#039;Ivoire","article_published_time":"2021-07-15T18:28:43+00:00","article_modified_time":"2021-07-15T18:48:49+00:00","og_image":[{"width":720,"height":480,"url":"https:\/\/static.africa-press.net\/cote\/sites\/43\/2021\/07\/img-60f073d3e46bf.jpg","type":"image\/jpeg"}],"author":"cfeditorfr","twitter_card":"summary_large_image","twitter_misc":{"\u00c9crit par":"cfeditorfr","Dur\u00e9e de lecture estim\u00e9e":"3 minutes"},"schema":{"@context":"https:\/\/schema.org","@graph":[{"@type":"Article","@id":"https:\/\/www.africa-press.net\/cotedivoire\/culture-et-art\/etat-de-la-question-du-dialogue-social-et-de-la-reconciliation-en-cote-divoire-une-kyrielle-de-cadres-dedies-a-cet-effet#article","isPartOf":{"@id":"https:\/\/www.africa-press.net\/cotedivoire\/culture-et-art\/etat-de-la-question-du-dialogue-social-et-de-la-reconciliation-en-cote-divoire-une-kyrielle-de-cadres-dedies-a-cet-effet"},"author":{"name":"cfeditorfr","@id":"https:\/\/www.africa-press.net\/cotedivoire\/#\/schema\/person\/2b1cf3cd81a31e3cd26889ca66d677f1"},"headline":"\u00c9tat de la question du dialogue social et de la \u00ab\u00a0r\u00e9conciliation\u00a0\u00bb en C\u00f4te-d\u2019Ivoire: Une kyrielle de cadres d\u00e9di\u00e9s \u00e0 cet effet","datePublished":"2021-07-15T18:28:43+00:00","dateModified":"2021-07-15T18:48:49+00:00","mainEntityOfPage":{"@id":"https:\/\/www.africa-press.net\/cotedivoire\/culture-et-art\/etat-de-la-question-du-dialogue-social-et-de-la-reconciliation-en-cote-divoire-une-kyrielle-de-cadres-dedies-a-cet-effet"},"wordCount":649,"commentCount":0,"image":{"@id":"https:\/\/www.africa-press.net\/cotedivoire\/culture-et-art\/etat-de-la-question-du-dialogue-social-et-de-la-reconciliation-en-cote-divoire-une-kyrielle-de-cadres-dedies-a-cet-effet#primaryimage"},"thumbnailUrl":"https:\/\/static.africa-press.net\/cote\/sites\/43\/2021\/07\/img-60f073d3e46bf.jpg","keywords":["Africa Press","Africa Press-C\u00f4te d'Ivoire","C\u00d4TE D'IVOIRE"],"articleSection":["Culture et Art","homepage-french","Toutes les actualit\u00e9s"],"inLanguage":"fr-FR","potentialAction":[{"@type":"CommentAction","name":"Comment","target":["https:\/\/www.africa-press.net\/cotedivoire\/culture-et-art\/etat-de-la-question-du-dialogue-social-et-de-la-reconciliation-en-cote-divoire-une-kyrielle-de-cadres-dedies-a-cet-effet#respond"]}]},{"@type":"WebPage","@id":"https:\/\/www.africa-press.net\/cotedivoire\/culture-et-art\/etat-de-la-question-du-dialogue-social-et-de-la-reconciliation-en-cote-divoire-une-kyrielle-de-cadres-dedies-a-cet-effet","url":"https:\/\/www.africa-press.net\/cotedivoire\/culture-et-art\/etat-de-la-question-du-dialogue-social-et-de-la-reconciliation-en-cote-divoire-une-kyrielle-de-cadres-dedies-a-cet-effet","name":"\u00c9tat de la question du dialogue social et de la \u00ab\u00a0r\u00e9conciliation\u00a0\u00bb en C\u00f4te-d\u2019Ivoire: Une kyrielle de cadres d\u00e9di\u00e9s \u00e0 cet effet - C\u00f4te d&#039;Ivoire","isPartOf":{"@id":"https:\/\/www.africa-press.net\/cotedivoire\/#website"},"primaryImageOfPage":{"@id":"https:\/\/www.africa-press.net\/cotedivoire\/culture-et-art\/etat-de-la-question-du-dialogue-social-et-de-la-reconciliation-en-cote-divoire-une-kyrielle-de-cadres-dedies-a-cet-effet#primaryimage"},"image":{"@id":"https:\/\/www.africa-press.net\/cotedivoire\/culture-et-art\/etat-de-la-question-du-dialogue-social-et-de-la-reconciliation-en-cote-divoire-une-kyrielle-de-cadres-dedies-a-cet-effet#primaryimage"},"thumbnailUrl":"https:\/\/static.africa-press.net\/cote\/sites\/43\/2021\/07\/img-60f073d3e46bf.jpg","datePublished":"2021-07-15T18:28:43+00:00","dateModified":"2021-07-15T18:48:49+00:00","author":{"@id":"https:\/\/www.africa-press.net\/cotedivoire\/#\/schema\/person\/2b1cf3cd81a31e3cd26889ca66d677f1"},"description":"1 \u2013 Discours et actes 1.1 \u2013 Cadre Permanent de Dialogue, Conseil National de Dialogue Social, Table Ronde de Concertati ...","breadcrumb":{"@id":"https:\/\/www.africa-press.net\/cotedivoire\/culture-et-art\/etat-de-la-question-du-dialogue-social-et-de-la-reconciliation-en-cote-divoire-une-kyrielle-de-cadres-dedies-a-cet-effet#breadcrumb"},"inLanguage":"fr-FR","potentialAction":[{"@type":"ReadAction","target":["https:\/\/www.africa-press.net\/cotedivoire\/culture-et-art\/etat-de-la-question-du-dialogue-social-et-de-la-reconciliation-en-cote-divoire-une-kyrielle-de-cadres-dedies-a-cet-effet"]}]},{"@type":"ImageObject","inLanguage":"fr-FR","@id":"https:\/\/www.africa-press.net\/cotedivoire\/culture-et-art\/etat-de-la-question-du-dialogue-social-et-de-la-reconciliation-en-cote-divoire-une-kyrielle-de-cadres-dedies-a-cet-effet#primaryimage","url":"https:\/\/static.africa-press.net\/cote\/sites\/43\/2021\/07\/img-60f073d3e46bf.jpg","contentUrl":"https:\/\/static.africa-press.net\/cote\/sites\/43\/2021\/07\/img-60f073d3e46bf.jpg","width":720,"height":480,"caption":"\u00c9tat de la question du dialogue social et de la \u00ab\u00a0r\u00e9conciliation\u00a0\u00bb en C\u00f4te-d\u2019Ivoire: Une kyrielle de cadres d\u00e9di\u00e9s \u00e0 cet effet"},{"@type":"BreadcrumbList","@id":"https:\/\/www.africa-press.net\/cotedivoire\/culture-et-art\/etat-de-la-question-du-dialogue-social-et-de-la-reconciliation-en-cote-divoire-une-kyrielle-de-cadres-dedies-a-cet-effet#breadcrumb","itemListElement":[{"@type":"ListItem","position":1,"name":"Accueil","item":"https:\/\/www.africa-press.net\/cotedivoire\/"},{"@type":"ListItem","position":2,"name":"\u00c9tat de la question du dialogue social et de la \u00ab\u00a0r\u00e9conciliation\u00a0\u00bb en C\u00f4te-d\u2019Ivoire: Une kyrielle de cadres d\u00e9di\u00e9s \u00e0 cet effet"}]},{"@type":"WebSite","@id":"https:\/\/www.africa-press.net\/cotedivoire\/#website","url":"https:\/\/www.africa-press.net\/cotedivoire\/","name":"C\u00f4te d&#039;Ivoire","description":"Just another Africa News Agency Sites site","potentialAction":[{"@type":"SearchAction","target":{"@type":"EntryPoint","urlTemplate":"https:\/\/www.africa-press.net\/cotedivoire\/?s={search_term_string}"},"query-input":{"@type":"PropertyValueSpecification","valueRequired":true,"valueName":"search_term_string"}}],"inLanguage":"fr-FR"},{"@type":"Person","@id":"https:\/\/www.africa-press.net\/cotedivoire\/#\/schema\/person\/2b1cf3cd81a31e3cd26889ca66d677f1","name":"cfeditorfr"}]}},"_links":{"self":[{"href":"https:\/\/www.africa-press.net\/cotedivoire\/wp-json\/wp\/v2\/posts\/9948","targetHints":{"allow":["GET"]}}],"collection":[{"href":"https:\/\/www.africa-press.net\/cotedivoire\/wp-json\/wp\/v2\/posts"}],"about":[{"href":"https:\/\/www.africa-press.net\/cotedivoire\/wp-json\/wp\/v2\/types\/post"}],"author":[{"embeddable":true,"href":"https:\/\/www.africa-press.net\/cotedivoire\/wp-json\/wp\/v2\/users\/82"}],"replies":[{"embeddable":true,"href":"https:\/\/www.africa-press.net\/cotedivoire\/wp-json\/wp\/v2\/comments?post=9948"}],"version-history":[{"count":0,"href":"https:\/\/www.africa-press.net\/cotedivoire\/wp-json\/wp\/v2\/posts\/9948\/revisions"}],"wp:featuredmedia":[{"embeddable":true,"href":"https:\/\/www.africa-press.net\/cotedivoire\/wp-json\/wp\/v2\/media\/9947"}],"wp:attachment":[{"href":"https:\/\/www.africa-press.net\/cotedivoire\/wp-json\/wp\/v2\/media?parent=9948"}],"wp:term":[{"taxonomy":"category","embeddable":true,"href":"https:\/\/www.africa-press.net\/cotedivoire\/wp-json\/wp\/v2\/categories?post=9948"},{"taxonomy":"post_tag","embeddable":true,"href":"https:\/\/www.africa-press.net\/cotedivoire\/wp-json\/wp\/v2\/tags?post=9948"}],"curies":[{"name":"wp","href":"https:\/\/api.w.org\/{rel}","templated":true}]}}