{"id":99483,"date":"2025-05-22T15:38:41","date_gmt":"2025-05-22T15:38:41","guid":{"rendered":"https:\/\/www.africa-press.net\/cotedivoire\/politique\/assemblee-nationale-adama-bictogo-clarifie-la-convention-avec-corsair-et-appelle-a-la-coherence-politique"},"modified":"2025-05-22T16:14:54","modified_gmt":"2025-05-22T16:14:54","slug":"assemblee-nationale-adama-bictogo-clarifie-la-convention-avec-corsair-et-appelle-a-la-coherence-politique","status":"publish","type":"post","link":"https:\/\/www.africa-press.net\/cotedivoire\/politique\/assemblee-nationale-adama-bictogo-clarifie-la-convention-avec-corsair-et-appelle-a-la-coherence-politique","title":{"rendered":"Assembl\u00e9e nationale, Adama Bictogo clarifie la convention avec Corsair et appelle \u00e0 la coh\u00e9rence politique"},"content":{"rendered":"<p><span style=\"color: #ff6600\"><strong>Africa-Press &#8211; C\u00f4te d&rsquo;Ivoire. <\/strong><\/span>En marge de la se\u0301ance ple\u0301nie\u0300re de l\u2019Assemble\u0301e nationale, le Pre\u0301sident de l\u2019institution, Adama Bictogo, s\u2019est exprime\u0301 au sujet de la convention signe\u0301e en 2022 entre l\u2019Assemble\u0301e nationale et la compagnie ae\u0301rienne Corsair. Cette prise de parole fait suite a\u0300 des critiques publiques e\u0301mises re\u0301cemment par certains de\u0301pute\u0301s.<\/p>\n<p>Monsieur Bictogo a rappele\u0301 que cette convention visait a\u0300 re\u0301duire les cou\u0302ts lie\u0301s aux de\u0301placements des parlementaires, tout en leur assurant des conditions de voyage plus favorables. Il a pre\u0301cise\u0301 que l\u2019accord, approuve\u0301 par le Bureau de l\u2019Assemble\u0301e nationale repre\u0301sentant toutes les sensibilite\u0301s politiques, e\u0301tait de nature facultative.<\/p>\n<p>\u00ab Aucun de\u0301pute\u0301 n\u2019est oblige\u0301 d\u2019y recourir. Toutefois, certains ont effectivement be\u0301ne\u0301ficie\u0301 de cette convention pour voyager avec Corsair \u00bb, a-t-il de\u0301clare\u0301.<\/p>\n<p>Le Pre\u0301sident de l\u2019Assemble\u0301e a de\u0301plore\u0301 le fait que certains e\u0301lus, apre\u0300s avoir utilise\u0301 les avantages offerts, se de\u0301solidarisent aujourd\u2019hui publiquement de l\u2019accord. \u00ab Il est injuste de me reprocher des initiatives visant a\u0300 ame\u0301liorer les conditions de travail et de mission des de\u0301pute\u0301s \u00bb, a-t-il ajoute\u0301, soulignant avoir toujours agi dans la transparence et l\u2019inte\u0301re\u0302t ge\u0301ne\u0301ral.<\/p>\n<p>Monsieur Bictogo a de\u0301fendu son approche collective de la gestion de l\u2019institution. Selon lui, aucune de\u0301cision n\u2019a e\u0301te\u0301 prise sans consultation pre\u0301alable. Il a notamment mis en avant la cre\u0301ation d\u2019une commission spe\u0301ciale compose\u0301e de de\u0301pute\u0301s issus de divers horizons politiques et de diffe\u0301rentes commissions parlementaires.<\/p>\n<p>Cette instance, selon ses propos, avait pour mission d&rsquo;examiner toutes les propositions et conventions, y compris celles visant a\u0300 rationaliser les de\u0301penses en matie\u0300re de transport et d\u2019he\u0301bergement.<\/p>\n<p>Il a invite\u0301 ses colle\u0300gues a\u0300 plus de cohe\u0301rence: \u00ab Je comprends que certaines prises de position puissent e\u0302tre dicte\u0301es par des conside\u0301rations politiques, mais il est essentiel de respecter les engagements pris collectivement au sein de l\u2019Assemble\u0301e. \u00bb<\/p>\n<p>Au cours de cette me\u0302me se\u0301ance ple\u0301nie\u0300re, les de\u0301pute\u0301s, sous la pre\u0301sidence de Adama Bictogo, ont proce\u0301de\u0301 a\u0300 l\u2019examen et a\u0300 l\u2019adoption de neuf projets de loi. Parmi ces textes figurent, l&rsquo;autorisation de ratifier le Protocole facultatif a\u0300 la Convention relative aux droits des personnes handicape\u0301es (New York, 2006), la convention fiscale entre la Co\u0302te d\u2019Ivoire et le Qatar pour e\u0301viter la double imposition et lutter contre la fraude fiscale (signe\u0301e a\u0300 Doha en 2022), l&rsquo;adhe\u0301sion a\u0300 l\u2019Accord portant cre\u0301ation de la Banque de De\u0301veloppement SHELTER-AFRIQUE, le Traite\u0301 portant cre\u0301ation du Corridor de transport Prai\u0308a \u2013 Dakar \u2013 Abidjan. Et plusieurs ordonnances portant sur la re\u0301forme des e\u0301changes e\u0301lectroniques, les recettes fiscales, le de\u0301mante\u0300lement tarifaire dans le cadre de l\u2019APE avec l\u2019Union europe\u0301enne, la modification du Livre de proce\u0301dures fiscales, et le fonctionnement du Fonds national de garantie des mutuelles sociales.<\/p>\n<p>Six des neuf textes ont e\u0301te\u0301 adopte\u0301s a\u0300 l\u2019unanimite\u0301 des de\u0301pute\u0301s pre\u0301sents. Les trois autres relatifs a\u0300 SHELTER-AFRIQUE, au corridor de transport re\u0301gional et au Fonds de garantie des mutuelles sociales ont e\u0301te\u0301 adopte\u0301s a\u0300 la majorite\u0301.<\/p>\n<p>En conclusion, cette se\u0301ance a permis non seulement de clarifier un de\u0301bat sur la gestion des ressources lie\u0301es aux missions parlementaires, mais aussi de de\u0301montrer le bon fonctionnement le\u0301gislatif de l\u2019institution a\u0300 travers l\u2019adoption de textes importants pour la vie e\u0301conomique, sociale et diplomatique du pays.<\/p>\n<p><strong>Pour plus d&rsquo;informations et d&rsquo;analyses sur la <span style=\"color: #ff6600\">C\u00f4te d&rsquo;Ivoire<\/span>, suivez <span style=\"color: #ff6600\">Africa-Press<\/span><\/strong><\/p>\n","protected":false},"excerpt":{"rendered":"<p>Africa-Press &#8211; C\u00f4te d&rsquo;Ivoire. En marge de la se\u0301ance ple\u0301nie\u0300re de l\u2019Assemble\u0301e nationale, le Pre\u0301sident de l\u2019institution, Adama Bictogo, s\u2019est exprime\u0301 au sujet de la convention signe\u0301e en 2022 entre l\u2019Assemble\u0301e nationale et la compagnie ae\u0301rienne Corsair. Cette prise de parole fait suite a\u0300 des critiques publiques e\u0301mises re\u0301cemment par certains de\u0301pute\u0301s. Monsieur Bictogo a [&hellip;]<\/p>\n","protected":false},"author":82,"featured_media":99482,"comment_status":"open","ping_status":"closed","sticky":false,"template":"","format":"standard","meta":{"footnotes":""},"categories":[2,10],"tags":[2188,1930,17731,29,2314,305,3405],"class_list":["post-99483","post","type-post","status-publish","format-standard","has-post-thumbnail","hentry","category-politique","category-toutes-les-actualites","tag-assemblee","tag-bictogo","tag-corsair","tag-cote-divoire","tag-diplomatique","tag-nationale","tag-pleniere"],"yoast_head":"<!-- This site is optimized with the Yoast SEO Premium plugin v26.1 (Yoast SEO v27.0) - https:\/\/yoast.com\/product\/yoast-seo-premium-wordpress\/ -->\n<title>Assembl\u00e9e nationale, Adama Bictogo clarifie la convention avec Corsair et appelle \u00e0 la coh\u00e9rence politique - C\u00f4te d&#039;Ivoire<\/title>\n<meta name=\"description\" content=\"En marge de la se\u0301ance ple\u0301nie\u0300re de l\u2019Assemble\u0301e nationale, le Pre\u0301sident de l\u2019institution, Adama Bictogo, s\u2019est exprim ...\" \/>\n<meta name=\"robots\" content=\"index, follow, max-snippet:-1, max-image-preview:large, max-video-preview:-1\" \/>\n<link rel=\"canonical\" href=\"https:\/\/www.africa-press.net\/cotedivoire\/politique\/assemblee-nationale-adama-bictogo-clarifie-la-convention-avec-corsair-et-appelle-a-la-coherence-politique\" \/>\n<meta property=\"og:locale\" content=\"fr_FR\" \/>\n<meta property=\"og:type\" content=\"article\" \/>\n<meta property=\"og:title\" content=\"Assembl\u00e9e nationale, Adama Bictogo clarifie la convention avec Corsair et appelle \u00e0 la coh\u00e9rence politique\" \/>\n<meta property=\"og:description\" content=\"En marge de la se\u0301ance ple\u0301nie\u0300re de l\u2019Assemble\u0301e nationale, le Pre\u0301sident de l\u2019institution, Adama Bictogo, s\u2019est exprim ...\" \/>\n<meta property=\"og:url\" content=\"https:\/\/www.africa-press.net\/cotedivoire\/politique\/assemblee-nationale-adama-bictogo-clarifie-la-convention-avec-corsair-et-appelle-a-la-coherence-politique\" \/>\n<meta property=\"og:site_name\" content=\"C\u00f4te d&#039;Ivoire\" \/>\n<meta property=\"article:published_time\" content=\"2025-05-22T15:38:41+00:00\" \/>\n<meta property=\"article:modified_time\" content=\"2025-05-22T16:14:54+00:00\" \/>\n<meta property=\"og:image\" content=\"https:\/\/static.africa-press.net\/cote\/sites\/43\/2025\/05\/sm_1747917845.949354.jpg\" \/>\n\t<meta property=\"og:image:width\" content=\"720\" \/>\n\t<meta property=\"og:image:height\" content=\"374\" \/>\n\t<meta property=\"og:image:type\" content=\"image\/jpeg\" \/>\n<meta name=\"author\" content=\"cfeditorfr\" \/>\n<meta name=\"twitter:card\" content=\"summary_large_image\" \/>\n<meta name=\"twitter:label1\" content=\"\u00c9crit par\" \/>\n\t<meta name=\"twitter:data1\" content=\"cfeditorfr\" \/>\n\t<meta name=\"twitter:label2\" content=\"Dur\u00e9e de lecture estim\u00e9e\" \/>\n\t<meta name=\"twitter:data2\" content=\"3 minutes\" \/>\n<script type=\"application\/ld+json\" class=\"yoast-schema-graph\">{\"@context\":\"https:\/\/schema.org\",\"@graph\":[{\"@type\":\"Article\",\"@id\":\"https:\/\/www.africa-press.net\/cotedivoire\/politique\/assemblee-nationale-adama-bictogo-clarifie-la-convention-avec-corsair-et-appelle-a-la-coherence-politique#article\",\"isPartOf\":{\"@id\":\"https:\/\/www.africa-press.net\/cotedivoire\/politique\/assemblee-nationale-adama-bictogo-clarifie-la-convention-avec-corsair-et-appelle-a-la-coherence-politique\"},\"author\":{\"name\":\"cfeditorfr\",\"@id\":\"https:\/\/www.africa-press.net\/cotedivoire\/#\/schema\/person\/2b1cf3cd81a31e3cd26889ca66d677f1\"},\"headline\":\"Assembl\u00e9e nationale, Adama Bictogo clarifie la convention avec Corsair et appelle \u00e0 la coh\u00e9rence politique\",\"datePublished\":\"2025-05-22T15:38:41+00:00\",\"dateModified\":\"2025-05-22T16:14:54+00:00\",\"mainEntityOfPage\":{\"@id\":\"https:\/\/www.africa-press.net\/cotedivoire\/politique\/assemblee-nationale-adama-bictogo-clarifie-la-convention-avec-corsair-et-appelle-a-la-coherence-politique\"},\"wordCount\":662,\"commentCount\":0,\"image\":{\"@id\":\"https:\/\/www.africa-press.net\/cotedivoire\/politique\/assemblee-nationale-adama-bictogo-clarifie-la-convention-avec-corsair-et-appelle-a-la-coherence-politique#primaryimage\"},\"thumbnailUrl\":\"https:\/\/static.africa-press.net\/cote\/sites\/43\/2025\/05\/sm_1747917845.949354.jpg\",\"keywords\":[\"Assembl\u00e9e\",\"Bictogo\",\"Corsair\",\"C\u00d4TE D'IVOIRE\",\"diplomatique\",\"nationale\",\"pl\u00e9ni\u00e8re\"],\"articleSection\":[\"Politique\",\"Toutes les actualit\u00e9s\"],\"inLanguage\":\"fr-FR\",\"potentialAction\":[{\"@type\":\"CommentAction\",\"name\":\"Comment\",\"target\":[\"https:\/\/www.africa-press.net\/cotedivoire\/politique\/assemblee-nationale-adama-bictogo-clarifie-la-convention-avec-corsair-et-appelle-a-la-coherence-politique#respond\"]}]},{\"@type\":\"WebPage\",\"@id\":\"https:\/\/www.africa-press.net\/cotedivoire\/politique\/assemblee-nationale-adama-bictogo-clarifie-la-convention-avec-corsair-et-appelle-a-la-coherence-politique\",\"url\":\"https:\/\/www.africa-press.net\/cotedivoire\/politique\/assemblee-nationale-adama-bictogo-clarifie-la-convention-avec-corsair-et-appelle-a-la-coherence-politique\",\"name\":\"Assembl\u00e9e nationale, Adama Bictogo clarifie la convention avec Corsair et appelle \u00e0 la coh\u00e9rence politique - C\u00f4te d&#039;Ivoire\",\"isPartOf\":{\"@id\":\"https:\/\/www.africa-press.net\/cotedivoire\/#website\"},\"primaryImageOfPage\":{\"@id\":\"https:\/\/www.africa-press.net\/cotedivoire\/politique\/assemblee-nationale-adama-bictogo-clarifie-la-convention-avec-corsair-et-appelle-a-la-coherence-politique#primaryimage\"},\"image\":{\"@id\":\"https:\/\/www.africa-press.net\/cotedivoire\/politique\/assemblee-nationale-adama-bictogo-clarifie-la-convention-avec-corsair-et-appelle-a-la-coherence-politique#primaryimage\"},\"thumbnailUrl\":\"https:\/\/static.africa-press.net\/cote\/sites\/43\/2025\/05\/sm_1747917845.949354.jpg\",\"datePublished\":\"2025-05-22T15:38:41+00:00\",\"dateModified\":\"2025-05-22T16:14:54+00:00\",\"author\":{\"@id\":\"https:\/\/www.africa-press.net\/cotedivoire\/#\/schema\/person\/2b1cf3cd81a31e3cd26889ca66d677f1\"},\"description\":\"En marge de la se\u0301ance ple\u0301nie\u0300re de l\u2019Assemble\u0301e nationale, le Pre\u0301sident de l\u2019institution, Adama Bictogo, s\u2019est exprim ...\",\"breadcrumb\":{\"@id\":\"https:\/\/www.africa-press.net\/cotedivoire\/politique\/assemblee-nationale-adama-bictogo-clarifie-la-convention-avec-corsair-et-appelle-a-la-coherence-politique#breadcrumb\"},\"inLanguage\":\"fr-FR\",\"potentialAction\":[{\"@type\":\"ReadAction\",\"target\":[\"https:\/\/www.africa-press.net\/cotedivoire\/politique\/assemblee-nationale-adama-bictogo-clarifie-la-convention-avec-corsair-et-appelle-a-la-coherence-politique\"]}]},{\"@type\":\"ImageObject\",\"inLanguage\":\"fr-FR\",\"@id\":\"https:\/\/www.africa-press.net\/cotedivoire\/politique\/assemblee-nationale-adama-bictogo-clarifie-la-convention-avec-corsair-et-appelle-a-la-coherence-politique#primaryimage\",\"url\":\"https:\/\/static.africa-press.net\/cote\/sites\/43\/2025\/05\/sm_1747917845.949354.jpg\",\"contentUrl\":\"https:\/\/static.africa-press.net\/cote\/sites\/43\/2025\/05\/sm_1747917845.949354.jpg\",\"width\":720,\"height\":374,\"caption\":\"Assembl\u00e9e nationale, Adama Bictogo clarifie la convention avec Corsair et appelle \u00e0 la coh\u00e9rence politique\"},{\"@type\":\"BreadcrumbList\",\"@id\":\"https:\/\/www.africa-press.net\/cotedivoire\/politique\/assemblee-nationale-adama-bictogo-clarifie-la-convention-avec-corsair-et-appelle-a-la-coherence-politique#breadcrumb\",\"itemListElement\":[{\"@type\":\"ListItem\",\"position\":1,\"name\":\"Accueil\",\"item\":\"https:\/\/www.africa-press.net\/cotedivoire\/\"},{\"@type\":\"ListItem\",\"position\":2,\"name\":\"Assembl\u00e9e nationale, Adama Bictogo clarifie la convention avec Corsair et appelle \u00e0 la coh\u00e9rence politique\"}]},{\"@type\":\"WebSite\",\"@id\":\"https:\/\/www.africa-press.net\/cotedivoire\/#website\",\"url\":\"https:\/\/www.africa-press.net\/cotedivoire\/\",\"name\":\"C\u00f4te d&#039;Ivoire\",\"description\":\"Just another Africa News Agency Sites site\",\"potentialAction\":[{\"@type\":\"SearchAction\",\"target\":{\"@type\":\"EntryPoint\",\"urlTemplate\":\"https:\/\/www.africa-press.net\/cotedivoire\/?s={search_term_string}\"},\"query-input\":{\"@type\":\"PropertyValueSpecification\",\"valueRequired\":true,\"valueName\":\"search_term_string\"}}],\"inLanguage\":\"fr-FR\"},{\"@type\":\"Person\",\"@id\":\"https:\/\/www.africa-press.net\/cotedivoire\/#\/schema\/person\/2b1cf3cd81a31e3cd26889ca66d677f1\",\"name\":\"cfeditorfr\"}]}<\/script>\n<!-- \/ Yoast SEO Premium plugin. -->","yoast_head_json":{"title":"Assembl\u00e9e nationale, Adama Bictogo clarifie la convention avec Corsair et appelle \u00e0 la coh\u00e9rence politique - C\u00f4te d&#039;Ivoire","description":"En marge de la se\u0301ance ple\u0301nie\u0300re de l\u2019Assemble\u0301e nationale, le Pre\u0301sident de l\u2019institution, Adama Bictogo, s\u2019est exprim ...","robots":{"index":"index","follow":"follow","max-snippet":"max-snippet:-1","max-image-preview":"max-image-preview:large","max-video-preview":"max-video-preview:-1"},"canonical":"https:\/\/www.africa-press.net\/cotedivoire\/politique\/assemblee-nationale-adama-bictogo-clarifie-la-convention-avec-corsair-et-appelle-a-la-coherence-politique","og_locale":"fr_FR","og_type":"article","og_title":"Assembl\u00e9e nationale, Adama Bictogo clarifie la convention avec Corsair et appelle \u00e0 la coh\u00e9rence politique","og_description":"En marge de la se\u0301ance ple\u0301nie\u0300re de l\u2019Assemble\u0301e nationale, le Pre\u0301sident de l\u2019institution, Adama Bictogo, s\u2019est exprim ...","og_url":"https:\/\/www.africa-press.net\/cotedivoire\/politique\/assemblee-nationale-adama-bictogo-clarifie-la-convention-avec-corsair-et-appelle-a-la-coherence-politique","og_site_name":"C\u00f4te d&#039;Ivoire","article_published_time":"2025-05-22T15:38:41+00:00","article_modified_time":"2025-05-22T16:14:54+00:00","og_image":[{"width":720,"height":374,"url":"https:\/\/static.africa-press.net\/cote\/sites\/43\/2025\/05\/sm_1747917845.949354.jpg","type":"image\/jpeg"}],"author":"cfeditorfr","twitter_card":"summary_large_image","twitter_misc":{"\u00c9crit par":"cfeditorfr","Dur\u00e9e de lecture estim\u00e9e":"3 minutes"},"schema":{"@context":"https:\/\/schema.org","@graph":[{"@type":"Article","@id":"https:\/\/www.africa-press.net\/cotedivoire\/politique\/assemblee-nationale-adama-bictogo-clarifie-la-convention-avec-corsair-et-appelle-a-la-coherence-politique#article","isPartOf":{"@id":"https:\/\/www.africa-press.net\/cotedivoire\/politique\/assemblee-nationale-adama-bictogo-clarifie-la-convention-avec-corsair-et-appelle-a-la-coherence-politique"},"author":{"name":"cfeditorfr","@id":"https:\/\/www.africa-press.net\/cotedivoire\/#\/schema\/person\/2b1cf3cd81a31e3cd26889ca66d677f1"},"headline":"Assembl\u00e9e nationale, Adama Bictogo clarifie la convention avec Corsair et appelle \u00e0 la coh\u00e9rence politique","datePublished":"2025-05-22T15:38:41+00:00","dateModified":"2025-05-22T16:14:54+00:00","mainEntityOfPage":{"@id":"https:\/\/www.africa-press.net\/cotedivoire\/politique\/assemblee-nationale-adama-bictogo-clarifie-la-convention-avec-corsair-et-appelle-a-la-coherence-politique"},"wordCount":662,"commentCount":0,"image":{"@id":"https:\/\/www.africa-press.net\/cotedivoire\/politique\/assemblee-nationale-adama-bictogo-clarifie-la-convention-avec-corsair-et-appelle-a-la-coherence-politique#primaryimage"},"thumbnailUrl":"https:\/\/static.africa-press.net\/cote\/sites\/43\/2025\/05\/sm_1747917845.949354.jpg","keywords":["Assembl\u00e9e","Bictogo","Corsair","C\u00d4TE D'IVOIRE","diplomatique","nationale","pl\u00e9ni\u00e8re"],"articleSection":["Politique","Toutes les actualit\u00e9s"],"inLanguage":"fr-FR","potentialAction":[{"@type":"CommentAction","name":"Comment","target":["https:\/\/www.africa-press.net\/cotedivoire\/politique\/assemblee-nationale-adama-bictogo-clarifie-la-convention-avec-corsair-et-appelle-a-la-coherence-politique#respond"]}]},{"@type":"WebPage","@id":"https:\/\/www.africa-press.net\/cotedivoire\/politique\/assemblee-nationale-adama-bictogo-clarifie-la-convention-avec-corsair-et-appelle-a-la-coherence-politique","url":"https:\/\/www.africa-press.net\/cotedivoire\/politique\/assemblee-nationale-adama-bictogo-clarifie-la-convention-avec-corsair-et-appelle-a-la-coherence-politique","name":"Assembl\u00e9e nationale, Adama Bictogo clarifie la convention avec Corsair et appelle \u00e0 la coh\u00e9rence politique - C\u00f4te d&#039;Ivoire","isPartOf":{"@id":"https:\/\/www.africa-press.net\/cotedivoire\/#website"},"primaryImageOfPage":{"@id":"https:\/\/www.africa-press.net\/cotedivoire\/politique\/assemblee-nationale-adama-bictogo-clarifie-la-convention-avec-corsair-et-appelle-a-la-coherence-politique#primaryimage"},"image":{"@id":"https:\/\/www.africa-press.net\/cotedivoire\/politique\/assemblee-nationale-adama-bictogo-clarifie-la-convention-avec-corsair-et-appelle-a-la-coherence-politique#primaryimage"},"thumbnailUrl":"https:\/\/static.africa-press.net\/cote\/sites\/43\/2025\/05\/sm_1747917845.949354.jpg","datePublished":"2025-05-22T15:38:41+00:00","dateModified":"2025-05-22T16:14:54+00:00","author":{"@id":"https:\/\/www.africa-press.net\/cotedivoire\/#\/schema\/person\/2b1cf3cd81a31e3cd26889ca66d677f1"},"description":"En marge de la se\u0301ance ple\u0301nie\u0300re de l\u2019Assemble\u0301e nationale, le Pre\u0301sident de l\u2019institution, Adama Bictogo, s\u2019est exprim ...","breadcrumb":{"@id":"https:\/\/www.africa-press.net\/cotedivoire\/politique\/assemblee-nationale-adama-bictogo-clarifie-la-convention-avec-corsair-et-appelle-a-la-coherence-politique#breadcrumb"},"inLanguage":"fr-FR","potentialAction":[{"@type":"ReadAction","target":["https:\/\/www.africa-press.net\/cotedivoire\/politique\/assemblee-nationale-adama-bictogo-clarifie-la-convention-avec-corsair-et-appelle-a-la-coherence-politique"]}]},{"@type":"ImageObject","inLanguage":"fr-FR","@id":"https:\/\/www.africa-press.net\/cotedivoire\/politique\/assemblee-nationale-adama-bictogo-clarifie-la-convention-avec-corsair-et-appelle-a-la-coherence-politique#primaryimage","url":"https:\/\/static.africa-press.net\/cote\/sites\/43\/2025\/05\/sm_1747917845.949354.jpg","contentUrl":"https:\/\/static.africa-press.net\/cote\/sites\/43\/2025\/05\/sm_1747917845.949354.jpg","width":720,"height":374,"caption":"Assembl\u00e9e nationale, Adama Bictogo clarifie la convention avec Corsair et appelle \u00e0 la coh\u00e9rence politique"},{"@type":"BreadcrumbList","@id":"https:\/\/www.africa-press.net\/cotedivoire\/politique\/assemblee-nationale-adama-bictogo-clarifie-la-convention-avec-corsair-et-appelle-a-la-coherence-politique#breadcrumb","itemListElement":[{"@type":"ListItem","position":1,"name":"Accueil","item":"https:\/\/www.africa-press.net\/cotedivoire\/"},{"@type":"ListItem","position":2,"name":"Assembl\u00e9e nationale, Adama Bictogo clarifie la convention avec Corsair et appelle \u00e0 la coh\u00e9rence politique"}]},{"@type":"WebSite","@id":"https:\/\/www.africa-press.net\/cotedivoire\/#website","url":"https:\/\/www.africa-press.net\/cotedivoire\/","name":"C\u00f4te d&#039;Ivoire","description":"Just another Africa News Agency Sites site","potentialAction":[{"@type":"SearchAction","target":{"@type":"EntryPoint","urlTemplate":"https:\/\/www.africa-press.net\/cotedivoire\/?s={search_term_string}"},"query-input":{"@type":"PropertyValueSpecification","valueRequired":true,"valueName":"search_term_string"}}],"inLanguage":"fr-FR"},{"@type":"Person","@id":"https:\/\/www.africa-press.net\/cotedivoire\/#\/schema\/person\/2b1cf3cd81a31e3cd26889ca66d677f1","name":"cfeditorfr"}]}},"_links":{"self":[{"href":"https:\/\/www.africa-press.net\/cotedivoire\/wp-json\/wp\/v2\/posts\/99483","targetHints":{"allow":["GET"]}}],"collection":[{"href":"https:\/\/www.africa-press.net\/cotedivoire\/wp-json\/wp\/v2\/posts"}],"about":[{"href":"https:\/\/www.africa-press.net\/cotedivoire\/wp-json\/wp\/v2\/types\/post"}],"author":[{"embeddable":true,"href":"https:\/\/www.africa-press.net\/cotedivoire\/wp-json\/wp\/v2\/users\/82"}],"replies":[{"embeddable":true,"href":"https:\/\/www.africa-press.net\/cotedivoire\/wp-json\/wp\/v2\/comments?post=99483"}],"version-history":[{"count":0,"href":"https:\/\/www.africa-press.net\/cotedivoire\/wp-json\/wp\/v2\/posts\/99483\/revisions"}],"wp:featuredmedia":[{"embeddable":true,"href":"https:\/\/www.africa-press.net\/cotedivoire\/wp-json\/wp\/v2\/media\/99482"}],"wp:attachment":[{"href":"https:\/\/www.africa-press.net\/cotedivoire\/wp-json\/wp\/v2\/media?parent=99483"}],"wp:term":[{"taxonomy":"category","embeddable":true,"href":"https:\/\/www.africa-press.net\/cotedivoire\/wp-json\/wp\/v2\/categories?post=99483"},{"taxonomy":"post_tag","embeddable":true,"href":"https:\/\/www.africa-press.net\/cotedivoire\/wp-json\/wp\/v2\/tags?post=99483"}],"curies":[{"name":"wp","href":"https:\/\/api.w.org\/{rel}","templated":true}]}}