{"id":9951,"date":"2021-07-15T18:40:17","date_gmt":"2021-07-15T18:40:17","guid":{"rendered":"https:\/\/www.africa-press.net\/cotedivoire\/?p=9951"},"modified":"2021-07-15T18:48:58","modified_gmt":"2021-07-15T18:48:58","slug":"quel-model-de-reconciliation-en-cote-divoire","status":"publish","type":"post","link":"https:\/\/www.africa-press.net\/cotedivoire\/politique\/quel-model-de-reconciliation-en-cote-divoire","title":{"rendered":"Quel Model de R\u00e9conciliation en C\u00f4te d\u2019Ivoire ?"},"content":{"rendered":"<p><span style=\"color: #ff6600\"><strong><a href=\"https:\/\/www.africa-press.net\/\">Africa-Press<\/a> &#8211; <a href=\"https:\/\/www.africa-press.net\/cotedivoire\">C\u00f4te d&rsquo;Ivoire<\/a>. <\/strong><\/span>En attendant que la CPI finisse ses enqu\u00eates et ses proc\u00e8s sur la crise post\u00e9lectorale de 2010, on peut bien amorcer une v\u00e9ritable r\u00e9conciliation en C\u00f4te d\u2019Ivoire. S\u2019il y a des condamnations, les condamn\u00e9s nous rejoindront apr\u00e8s avoir purg\u00e9 leurs peines. Ils n\u2019auront pas d\u2019autres choix que de se ranger. Mais alors quel mod\u00e8le de r\u00e9conciliation serait-il appropri\u00e9 \u00e0 la C\u00f4te d\u2019Ivoire actuelle? Pour moi la r\u00e9conciliation passe avant tout par la mise en place d\u2019une nouvelle constitution \u00e9labor\u00e9e et approuv\u00e9e 12 mois avant les \u00e9lections d\u2019Octobre 2025 soit en 2024. Il faut moderniser nos mani\u00e8res de g\u00e9rer nos affaires. On a l\u2019impression que la r\u00e9conciliation arrange un c\u00f4t\u00e9 et un autre c\u00f4t\u00e9 n\u2019en veut pas vraiment. Il n ya que la constitution qui peut nous servir de boussole pour r\u00e9gler nos diff\u00e9rends.<\/p>\n<p>On n\u2019a pas besoin de conf\u00e9rence nationale, de forum national, de dialogue national, pas de minist\u00e8re de r\u00e9conciliation nationale, etc. Cela donne l\u2019impression que le pays est paralis\u00e9 et que le pays est en guerre. D\u2019ailleurs on a d\u00e9j\u00e0 exp\u00e9riment\u00e9 tous ces sch\u00e9mas et on se retrouve toujours \u00e0 la case de d\u00e9part. Les m\u00eames causes produiront les m\u00eames effets. Vous tous les acteurs politiques vous voulez le m\u00eame fauteuil pr\u00e9sidentiel or ce fauteuil est unique et vous jouez \u00e0 des jeux d\u2019hypocrites. Celui qui parvient \u00e0 s\u2019asseoir dans le fauteuil devient le demi Dieu du pays. Tout le monde est \u00e0 ses chevilles. Il est l\u2019alpha et l\u2019om\u00e9ga du pays. Il n\u2019a pas de salaire, il prend autant qu\u2019il veut, il a un budget de souverainet\u00e9 \u00e0 sa guise, il manipule la constitution \u00e0 sa guise, il n\u2019a de compte \u00e0 rendre \u00e0 qui que ce soit. Il a des pouvoirs illimit\u00e9s, etc. Mettons fin \u00e0 cette pratique en Afrique car source de nos palabres.<\/p>\n<p>C\u2019est pourquoi je sugg\u00e8re qu\u2019on examine le probl\u00e8me qui nous divise en profondeur. Il nous faut une constitution qui va lib\u00e9rer tout le monde. Une constitution impersonnelle, une constitution dans laquelle les jeux d\u00e9mocratiques sont ouverts. L\u2019objectif ici c\u2019est de r\u00e9duire au maximum les pouvoirs de l\u2019ex\u00e9cutif, source de conflits, de tensions, de palabres, de guerres m\u00eames. Il est temps de banaliser un temps soit peu cette fonction pr\u00e9sidentielle qui est la source de tous nos malheurs en Afrique. C\u2019est un poste que tout le monde convoite. Les trois partis significatifs du pays FPI, PDCI, et le RDR doivent en 2023 proposer des experts qui vont r\u00e9\u00e9crire la nouvelle constitution un an avant les prochaines \u00e9lections dont je propose ci-dessous un bref aper\u00e7u. Je pr\u00e9cise que l\u2019initiative doit venir de l\u2019opposition.<\/p>\n<p>D\u2019abord, inutile de se lancer des pierres du genre on veut une conf\u00e9rence nationale, non on en veut pas, le pays est bien g\u00e9r\u00e9 etc. Non, quittons dans \u00e7a. Cela cr\u00e9e des tensions inutiles. Les partis significatifs de l\u2019opposition doivent n\u00e9gocier avec le pouvoir la mise en place d\u2019une commission d\u2019experts neutres qui doivent s\u00e9rieusement retravailler notre constitution et la mettre \u00e0 jour compte tenu du contexte actuel. Le pr\u00e9sident de la r\u00e9publique peut accepter, d\u2019autant plus que son mandat actuel ne sera nullement perturb\u00e9. On pr\u00e9pare ainsi 2025 et au-del\u00e0 pour mettre fin aux palabres interminables. Ceci \u00e9tant acquis, voici ci-dessous mes propositions pour cette constitution que j\u2019appelle de tous mes v\u0153ux.<\/p>\n<p>Le v\u00e9ritable probl\u00e8me en Afrique est que tout le monde veut \u00eatre pr\u00e9sident de la R\u00e9publique ou \u00e0 d\u00e9faut d\u2019 avoir son homme \u00eatre pr\u00e9sident. De ce fait, chacun gonfle \u00e0 fond ses partisans. A voir de pr\u00e8s c\u2019est \u00e0 cause du pouvoir que tout le monde s\u2019excite tant. Mais interrogeons nous pourquoi tout le monde veut \u00eatre Pr\u00e9sident? Ceux qui veulent \u00eatre pr\u00e9sidents sont-ils plus intelligents que les autres citoyens? Pourquoi sont-ils si fascin\u00e9s d\u2019\u00eatre au pouvoir? N\u2019y a- t-il pas d\u2019autres fonctions \u00e0 occuper pour servir le pays? Qu\u2019est ce qui attire tant les gens dans cette fonction pr\u00e9sidentielle?<\/p>\n<p>Nous avons des constitutions personnelles et \u00e9crites avec l\u00e9g\u00e8ret\u00e9 qui font la part belle aux chefs de l\u2019Etat en Afrique. C\u2019est le Pr\u00e9sident qui manipule nos constitutions. Il la respecte quand \u00e7a l\u2019arrange, il la rejette quand \u00e7a ne l\u2019arrange pas, c\u2019est cela l\u2019Afrique. Nous devons mettre fin \u00e0 ce genre de pratiques. Il faut donc une constitution impersonnelle, qui ne vise pas quelqu\u2019un en particulier. Il n\u2019y a pas de lois qui satisfassent tout le monde. La loi c\u2019est la loi peu importe m\u00eame si elle ne nous arrange pas. Il faut l\u2019appliquer. Donc cette constitution doit comprendre des articles tr\u00e8s clairs sur ce qui nous divisent tant dans nos pays en Afrique. Par exemple:<\/p>\n<p>Le Pr\u00e9sident de la R\u00e9publique doit avoir un salaire approuv\u00e9 par tous<\/p>\n<p>Le nombre de mandats pr\u00e9sidentiels mentionn\u00e9s clairement<\/p>\n<p>Le budget de souverainet\u00e9 doit \u00eatre supprim\u00e9.<\/p>\n<p>Les quelques avantages auxquels le pr\u00e9sident a droit doivent \u00eatre connus et approuv\u00e9s.<\/p>\n<p>Le nombre de d\u00e9partements minist\u00e9riels doit \u00eatre connu dans la constitution.<\/p>\n<p>Le pr\u00e9sident ne doit pas cr\u00e9er selon ses humeurs des d\u00e9partements minist\u00e9riels<\/p>\n<p>Toute nomination aux hautes fonctions de l\u2019Etat doit passer devant le S\u00e9nat pour interrogation sur les qualifications, les comp\u00e9tences, les casiers judiciaires, le pass\u00e9, la moralit\u00e9 avant que ses nominations ne soient d\u00e9finitives au niveau de l\u2019ex\u00e9cutif.<\/p>\n<p>Les r\u00f4les et les responsabilit\u00e9s du S\u00e9nat doivent \u00eatre clairs et pr\u00e9cis<\/p>\n<p>Tous les s\u00e9nateurs doivent \u00eatre \u00e9lus et non nomm\u00e9s pour certains et vot\u00e9s pour d\u2019autres.<\/p>\n<p>Pareil pour les d\u00e9put\u00e9s. Les r\u00f4les et responsabilit\u00e9s doivent \u00eatre mentionn\u00e9s sont ambigu\u00eft\u00e9s<\/p>\n<p>Le pr\u00e9sident de la R\u00e9publique peut \u00eatre d\u00e9mis de ses fonctions \u00e0 tout moment sans attendre la fin de son mandat pour manquement grave. Exemples: viol de la constitution, favoriser une ethnie au detriment d\u2019autres, la corruption, l\u2019abus de pouvoir, l\u2019usage abusive des forces de l\u2019ordre, les detournements publics, etc.<\/p>\n<p>La proc\u00e9dure pour d\u00e9mettre le chef de l\u2019\u00c9tat doit \u00eatre pr\u00e9cise et approuv\u00e9e de tous.<\/p>\n<p>Le Chef de l\u2019Etat n\u2019a pas acc\u00e8s et n\u2019a pas la possibilit\u00e9 de manipuler la constitution.<\/p>\n<p>Il ya une proc\u00e9dure approuv\u00e9e de tous pour proposer un ou des changements dans la constitution<\/p>\n<p>Les points fondamentaux qui touchent aux activit\u00e9s et avantages du pr\u00e9sident de la R\u00e9publique ne doivent pas \u00eatre touch\u00e9s.<\/p>\n<p>Il faut \u00e9quilibrer les pouvoirs des s\u00e9nateurs, des d\u00e9put\u00e9s, du judiciaire, la commission \u00e9lectorale, et de l\u2019ex\u00e9cutif<\/p>\n<p>Le parti au pouvoir ne doit plus prendre la RTI en otage. Il faut d\u2019ailleurs la lib\u00e9raliser<\/p>\n<p>La commission \u00e9lectorale n\u2019est pas l\u2019affaire du pr\u00e9sident de la r\u00e9publique encore moins du gouvernement. Elle doit \u00eatre autonome au m\u00eame titre que les autres institutions de l\u2019\u00c9tat avec ses calendriers, ses m\u00e9thodes de travail. Elle n\u2019a pas \u00e0 rendre compte \u00e0 qui que ce soit. Tous ses membres doivent \u00eatre issus de la soci\u00e9t\u00e9 civile sans appartenance politique.<\/p>\n<p>Chaque institution du pays travaille chacune selon ses pr\u00e9rogatives mentionn\u00e9es dans la constitution. Ces institutions travaillent \u00e9galement en \u00e9troite collaboration les unes avec les autres dans le respect de la constitution et les limites impos\u00e9es \u00e0 chacune. Ces institutions doivent \u00eatre ind\u00e9pendantes les unes des autres, plus de primaut\u00e9 de l\u2019ex\u00e9cutif.<\/p>\n<p>Si tout le monde est d\u2019accord sur ce mod\u00e8le de constitution, alors la r\u00e9conciliation suivra de fait sans m\u00eame qu\u2019on la d\u00e9cr\u00e8te. Tranquillement, on ira aux \u00e9lections d\u2018Octobre 2025. Celui que les \u00e9lecteurs pensent qu\u2019il a le meilleur profil, le meilleur programme pour d\u00e9velopper le pays gagnera. Celui qui a perdu restera opposant jusqu\u2019aux prochaines \u00e9lections ainsi de suite. Modernisons nos pens\u00e9es, nos esprits, nos mentalit\u00e9s afin qu\u2019on puisse avoir un pays moderne et d\u00e9velopp\u00e9, un pays democratique, un pays de droit.<\/p>\n<p>&nbsp;<\/p>\n","protected":false},"excerpt":{"rendered":"<p>Africa-Press &#8211; C\u00f4te d&rsquo;Ivoire. En attendant que la CPI finisse ses enqu\u00eates et ses proc\u00e8s sur la crise post\u00e9lectorale de 2010, on peut bien amorcer une v\u00e9ritable r\u00e9conciliation en C\u00f4te d\u2019Ivoire. S\u2019il y a des condamnations, les condamn\u00e9s nous rejoindront apr\u00e8s avoir purg\u00e9 leurs peines. Ils n\u2019auront pas d\u2019autres choix que de se ranger. Mais [&hellip;]<\/p>\n","protected":false},"author":82,"featured_media":9950,"comment_status":"open","ping_status":"closed","sticky":false,"template":"","format":"standard","meta":{"footnotes":""},"categories":[11,2,20,10],"tags":[56,63,29],"class_list":["post-9951","post","type-post","status-publish","format-standard","has-post-thumbnail","hentry","category-homepage-french","category-politique","category-top-nouvelles","category-toutes-les-actualites","tag-africa-press","tag-africa-press-cote-divoire","tag-cote-divoire"],"yoast_head":"<!-- This site is optimized with the Yoast SEO Premium plugin v26.1 (Yoast SEO v27.0) - https:\/\/yoast.com\/product\/yoast-seo-premium-wordpress\/ -->\n<title>Quel Model de R\u00e9conciliation en C\u00f4te d\u2019Ivoire ? - C\u00f4te d&#039;Ivoire<\/title>\n<meta name=\"description\" content=\"En attendant que la CPI finisse ses enqu\u00eates et ses proc\u00e8s sur la crise post\u00e9lectorale de 2010, on peut bien amorcer une ...\" \/>\n<meta name=\"robots\" content=\"index, follow, max-snippet:-1, max-image-preview:large, max-video-preview:-1\" \/>\n<link rel=\"canonical\" href=\"https:\/\/www.africa-press.net\/cotedivoire\/politique\/quel-model-de-reconciliation-en-cote-divoire\" \/>\n<meta property=\"og:locale\" content=\"fr_FR\" \/>\n<meta property=\"og:type\" content=\"article\" \/>\n<meta property=\"og:title\" content=\"Quel Model de R\u00e9conciliation en C\u00f4te d\u2019Ivoire ?\" \/>\n<meta property=\"og:description\" content=\"En attendant que la CPI finisse ses enqu\u00eates et ses proc\u00e8s sur la crise post\u00e9lectorale de 2010, on peut bien amorcer une ...\" \/>\n<meta property=\"og:url\" content=\"https:\/\/www.africa-press.net\/cotedivoire\/politique\/quel-model-de-reconciliation-en-cote-divoire\" \/>\n<meta property=\"og:site_name\" content=\"C\u00f4te d&#039;Ivoire\" \/>\n<meta property=\"article:published_time\" content=\"2021-07-15T18:40:17+00:00\" \/>\n<meta property=\"article:modified_time\" content=\"2021-07-15T18:48:58+00:00\" \/>\n<meta property=\"og:image\" content=\"https:\/\/static.africa-press.net\/cote\/sites\/43\/2021\/07\/img-60f0748110a8b.jpg\" \/>\n\t<meta property=\"og:image:width\" content=\"1024\" \/>\n\t<meta property=\"og:image:height\" content=\"1010\" \/>\n\t<meta property=\"og:image:type\" content=\"image\/jpeg\" \/>\n<meta name=\"author\" content=\"cfeditorfr\" \/>\n<meta name=\"twitter:card\" content=\"summary_large_image\" \/>\n<meta name=\"twitter:label1\" content=\"\u00c9crit par\" \/>\n\t<meta name=\"twitter:data1\" content=\"cfeditorfr\" \/>\n\t<meta name=\"twitter:label2\" content=\"Dur\u00e9e de lecture estim\u00e9e\" \/>\n\t<meta name=\"twitter:data2\" content=\"7 minutes\" \/>\n<script type=\"application\/ld+json\" class=\"yoast-schema-graph\">{\"@context\":\"https:\/\/schema.org\",\"@graph\":[{\"@type\":\"Article\",\"@id\":\"https:\/\/www.africa-press.net\/cotedivoire\/politique\/quel-model-de-reconciliation-en-cote-divoire#article\",\"isPartOf\":{\"@id\":\"https:\/\/www.africa-press.net\/cotedivoire\/politique\/quel-model-de-reconciliation-en-cote-divoire\"},\"author\":{\"name\":\"cfeditorfr\",\"@id\":\"https:\/\/www.africa-press.net\/cotedivoire\/#\/schema\/person\/2b1cf3cd81a31e3cd26889ca66d677f1\"},\"headline\":\"Quel Model de R\u00e9conciliation en C\u00f4te d\u2019Ivoire ?\",\"datePublished\":\"2021-07-15T18:40:17+00:00\",\"dateModified\":\"2021-07-15T18:48:58+00:00\",\"mainEntityOfPage\":{\"@id\":\"https:\/\/www.africa-press.net\/cotedivoire\/politique\/quel-model-de-reconciliation-en-cote-divoire\"},\"wordCount\":1442,\"commentCount\":0,\"image\":{\"@id\":\"https:\/\/www.africa-press.net\/cotedivoire\/politique\/quel-model-de-reconciliation-en-cote-divoire#primaryimage\"},\"thumbnailUrl\":\"https:\/\/static.africa-press.net\/cote\/sites\/43\/2021\/07\/img-60f0748110a8b.jpg\",\"keywords\":[\"Africa Press\",\"Africa Press-C\u00f4te d'Ivoire\",\"C\u00d4TE D'IVOIRE\"],\"articleSection\":[\"homepage-french\",\"Politique\",\"Top Nouvelles\",\"Toutes les actualit\u00e9s\"],\"inLanguage\":\"fr-FR\",\"potentialAction\":[{\"@type\":\"CommentAction\",\"name\":\"Comment\",\"target\":[\"https:\/\/www.africa-press.net\/cotedivoire\/politique\/quel-model-de-reconciliation-en-cote-divoire#respond\"]}]},{\"@type\":\"WebPage\",\"@id\":\"https:\/\/www.africa-press.net\/cotedivoire\/politique\/quel-model-de-reconciliation-en-cote-divoire\",\"url\":\"https:\/\/www.africa-press.net\/cotedivoire\/politique\/quel-model-de-reconciliation-en-cote-divoire\",\"name\":\"Quel Model de R\u00e9conciliation en C\u00f4te d\u2019Ivoire ? - C\u00f4te d&#039;Ivoire\",\"isPartOf\":{\"@id\":\"https:\/\/www.africa-press.net\/cotedivoire\/#website\"},\"primaryImageOfPage\":{\"@id\":\"https:\/\/www.africa-press.net\/cotedivoire\/politique\/quel-model-de-reconciliation-en-cote-divoire#primaryimage\"},\"image\":{\"@id\":\"https:\/\/www.africa-press.net\/cotedivoire\/politique\/quel-model-de-reconciliation-en-cote-divoire#primaryimage\"},\"thumbnailUrl\":\"https:\/\/static.africa-press.net\/cote\/sites\/43\/2021\/07\/img-60f0748110a8b.jpg\",\"datePublished\":\"2021-07-15T18:40:17+00:00\",\"dateModified\":\"2021-07-15T18:48:58+00:00\",\"author\":{\"@id\":\"https:\/\/www.africa-press.net\/cotedivoire\/#\/schema\/person\/2b1cf3cd81a31e3cd26889ca66d677f1\"},\"description\":\"En attendant que la CPI finisse ses enqu\u00eates et ses proc\u00e8s sur la crise post\u00e9lectorale de 2010, on peut bien amorcer une ...\",\"breadcrumb\":{\"@id\":\"https:\/\/www.africa-press.net\/cotedivoire\/politique\/quel-model-de-reconciliation-en-cote-divoire#breadcrumb\"},\"inLanguage\":\"fr-FR\",\"potentialAction\":[{\"@type\":\"ReadAction\",\"target\":[\"https:\/\/www.africa-press.net\/cotedivoire\/politique\/quel-model-de-reconciliation-en-cote-divoire\"]}]},{\"@type\":\"ImageObject\",\"inLanguage\":\"fr-FR\",\"@id\":\"https:\/\/www.africa-press.net\/cotedivoire\/politique\/quel-model-de-reconciliation-en-cote-divoire#primaryimage\",\"url\":\"https:\/\/static.africa-press.net\/cote\/sites\/43\/2021\/07\/img-60f0748110a8b.jpg\",\"contentUrl\":\"https:\/\/static.africa-press.net\/cote\/sites\/43\/2021\/07\/img-60f0748110a8b.jpg\",\"width\":1024,\"height\":1010,\"caption\":\"Quel Model de R\u00e9conciliation en C\u00f4te d\u2019Ivoire ?\"},{\"@type\":\"BreadcrumbList\",\"@id\":\"https:\/\/www.africa-press.net\/cotedivoire\/politique\/quel-model-de-reconciliation-en-cote-divoire#breadcrumb\",\"itemListElement\":[{\"@type\":\"ListItem\",\"position\":1,\"name\":\"Accueil\",\"item\":\"https:\/\/www.africa-press.net\/cotedivoire\/\"},{\"@type\":\"ListItem\",\"position\":2,\"name\":\"Quel Model de R\u00e9conciliation en C\u00f4te d\u2019Ivoire ?\"}]},{\"@type\":\"WebSite\",\"@id\":\"https:\/\/www.africa-press.net\/cotedivoire\/#website\",\"url\":\"https:\/\/www.africa-press.net\/cotedivoire\/\",\"name\":\"C\u00f4te d&#039;Ivoire\",\"description\":\"Just another Africa News Agency Sites site\",\"potentialAction\":[{\"@type\":\"SearchAction\",\"target\":{\"@type\":\"EntryPoint\",\"urlTemplate\":\"https:\/\/www.africa-press.net\/cotedivoire\/?s={search_term_string}\"},\"query-input\":{\"@type\":\"PropertyValueSpecification\",\"valueRequired\":true,\"valueName\":\"search_term_string\"}}],\"inLanguage\":\"fr-FR\"},{\"@type\":\"Person\",\"@id\":\"https:\/\/www.africa-press.net\/cotedivoire\/#\/schema\/person\/2b1cf3cd81a31e3cd26889ca66d677f1\",\"name\":\"cfeditorfr\"}]}<\/script>\n<!-- \/ Yoast SEO Premium plugin. -->","yoast_head_json":{"title":"Quel Model de R\u00e9conciliation en C\u00f4te d\u2019Ivoire ? - C\u00f4te d&#039;Ivoire","description":"En attendant que la CPI finisse ses enqu\u00eates et ses proc\u00e8s sur la crise post\u00e9lectorale de 2010, on peut bien amorcer une ...","robots":{"index":"index","follow":"follow","max-snippet":"max-snippet:-1","max-image-preview":"max-image-preview:large","max-video-preview":"max-video-preview:-1"},"canonical":"https:\/\/www.africa-press.net\/cotedivoire\/politique\/quel-model-de-reconciliation-en-cote-divoire","og_locale":"fr_FR","og_type":"article","og_title":"Quel Model de R\u00e9conciliation en C\u00f4te d\u2019Ivoire ?","og_description":"En attendant que la CPI finisse ses enqu\u00eates et ses proc\u00e8s sur la crise post\u00e9lectorale de 2010, on peut bien amorcer une ...","og_url":"https:\/\/www.africa-press.net\/cotedivoire\/politique\/quel-model-de-reconciliation-en-cote-divoire","og_site_name":"C\u00f4te d&#039;Ivoire","article_published_time":"2021-07-15T18:40:17+00:00","article_modified_time":"2021-07-15T18:48:58+00:00","og_image":[{"width":1024,"height":1010,"url":"https:\/\/static.africa-press.net\/cote\/sites\/43\/2021\/07\/img-60f0748110a8b.jpg","type":"image\/jpeg"}],"author":"cfeditorfr","twitter_card":"summary_large_image","twitter_misc":{"\u00c9crit par":"cfeditorfr","Dur\u00e9e de lecture estim\u00e9e":"7 minutes"},"schema":{"@context":"https:\/\/schema.org","@graph":[{"@type":"Article","@id":"https:\/\/www.africa-press.net\/cotedivoire\/politique\/quel-model-de-reconciliation-en-cote-divoire#article","isPartOf":{"@id":"https:\/\/www.africa-press.net\/cotedivoire\/politique\/quel-model-de-reconciliation-en-cote-divoire"},"author":{"name":"cfeditorfr","@id":"https:\/\/www.africa-press.net\/cotedivoire\/#\/schema\/person\/2b1cf3cd81a31e3cd26889ca66d677f1"},"headline":"Quel Model de R\u00e9conciliation en C\u00f4te d\u2019Ivoire ?","datePublished":"2021-07-15T18:40:17+00:00","dateModified":"2021-07-15T18:48:58+00:00","mainEntityOfPage":{"@id":"https:\/\/www.africa-press.net\/cotedivoire\/politique\/quel-model-de-reconciliation-en-cote-divoire"},"wordCount":1442,"commentCount":0,"image":{"@id":"https:\/\/www.africa-press.net\/cotedivoire\/politique\/quel-model-de-reconciliation-en-cote-divoire#primaryimage"},"thumbnailUrl":"https:\/\/static.africa-press.net\/cote\/sites\/43\/2021\/07\/img-60f0748110a8b.jpg","keywords":["Africa Press","Africa Press-C\u00f4te d'Ivoire","C\u00d4TE D'IVOIRE"],"articleSection":["homepage-french","Politique","Top Nouvelles","Toutes les actualit\u00e9s"],"inLanguage":"fr-FR","potentialAction":[{"@type":"CommentAction","name":"Comment","target":["https:\/\/www.africa-press.net\/cotedivoire\/politique\/quel-model-de-reconciliation-en-cote-divoire#respond"]}]},{"@type":"WebPage","@id":"https:\/\/www.africa-press.net\/cotedivoire\/politique\/quel-model-de-reconciliation-en-cote-divoire","url":"https:\/\/www.africa-press.net\/cotedivoire\/politique\/quel-model-de-reconciliation-en-cote-divoire","name":"Quel Model de R\u00e9conciliation en C\u00f4te d\u2019Ivoire ? - C\u00f4te d&#039;Ivoire","isPartOf":{"@id":"https:\/\/www.africa-press.net\/cotedivoire\/#website"},"primaryImageOfPage":{"@id":"https:\/\/www.africa-press.net\/cotedivoire\/politique\/quel-model-de-reconciliation-en-cote-divoire#primaryimage"},"image":{"@id":"https:\/\/www.africa-press.net\/cotedivoire\/politique\/quel-model-de-reconciliation-en-cote-divoire#primaryimage"},"thumbnailUrl":"https:\/\/static.africa-press.net\/cote\/sites\/43\/2021\/07\/img-60f0748110a8b.jpg","datePublished":"2021-07-15T18:40:17+00:00","dateModified":"2021-07-15T18:48:58+00:00","author":{"@id":"https:\/\/www.africa-press.net\/cotedivoire\/#\/schema\/person\/2b1cf3cd81a31e3cd26889ca66d677f1"},"description":"En attendant que la CPI finisse ses enqu\u00eates et ses proc\u00e8s sur la crise post\u00e9lectorale de 2010, on peut bien amorcer une ...","breadcrumb":{"@id":"https:\/\/www.africa-press.net\/cotedivoire\/politique\/quel-model-de-reconciliation-en-cote-divoire#breadcrumb"},"inLanguage":"fr-FR","potentialAction":[{"@type":"ReadAction","target":["https:\/\/www.africa-press.net\/cotedivoire\/politique\/quel-model-de-reconciliation-en-cote-divoire"]}]},{"@type":"ImageObject","inLanguage":"fr-FR","@id":"https:\/\/www.africa-press.net\/cotedivoire\/politique\/quel-model-de-reconciliation-en-cote-divoire#primaryimage","url":"https:\/\/static.africa-press.net\/cote\/sites\/43\/2021\/07\/img-60f0748110a8b.jpg","contentUrl":"https:\/\/static.africa-press.net\/cote\/sites\/43\/2021\/07\/img-60f0748110a8b.jpg","width":1024,"height":1010,"caption":"Quel Model de R\u00e9conciliation en C\u00f4te d\u2019Ivoire ?"},{"@type":"BreadcrumbList","@id":"https:\/\/www.africa-press.net\/cotedivoire\/politique\/quel-model-de-reconciliation-en-cote-divoire#breadcrumb","itemListElement":[{"@type":"ListItem","position":1,"name":"Accueil","item":"https:\/\/www.africa-press.net\/cotedivoire\/"},{"@type":"ListItem","position":2,"name":"Quel Model de R\u00e9conciliation en C\u00f4te d\u2019Ivoire ?"}]},{"@type":"WebSite","@id":"https:\/\/www.africa-press.net\/cotedivoire\/#website","url":"https:\/\/www.africa-press.net\/cotedivoire\/","name":"C\u00f4te d&#039;Ivoire","description":"Just another Africa News Agency Sites site","potentialAction":[{"@type":"SearchAction","target":{"@type":"EntryPoint","urlTemplate":"https:\/\/www.africa-press.net\/cotedivoire\/?s={search_term_string}"},"query-input":{"@type":"PropertyValueSpecification","valueRequired":true,"valueName":"search_term_string"}}],"inLanguage":"fr-FR"},{"@type":"Person","@id":"https:\/\/www.africa-press.net\/cotedivoire\/#\/schema\/person\/2b1cf3cd81a31e3cd26889ca66d677f1","name":"cfeditorfr"}]}},"_links":{"self":[{"href":"https:\/\/www.africa-press.net\/cotedivoire\/wp-json\/wp\/v2\/posts\/9951","targetHints":{"allow":["GET"]}}],"collection":[{"href":"https:\/\/www.africa-press.net\/cotedivoire\/wp-json\/wp\/v2\/posts"}],"about":[{"href":"https:\/\/www.africa-press.net\/cotedivoire\/wp-json\/wp\/v2\/types\/post"}],"author":[{"embeddable":true,"href":"https:\/\/www.africa-press.net\/cotedivoire\/wp-json\/wp\/v2\/users\/82"}],"replies":[{"embeddable":true,"href":"https:\/\/www.africa-press.net\/cotedivoire\/wp-json\/wp\/v2\/comments?post=9951"}],"version-history":[{"count":0,"href":"https:\/\/www.africa-press.net\/cotedivoire\/wp-json\/wp\/v2\/posts\/9951\/revisions"}],"wp:featuredmedia":[{"embeddable":true,"href":"https:\/\/www.africa-press.net\/cotedivoire\/wp-json\/wp\/v2\/media\/9950"}],"wp:attachment":[{"href":"https:\/\/www.africa-press.net\/cotedivoire\/wp-json\/wp\/v2\/media?parent=9951"}],"wp:term":[{"taxonomy":"category","embeddable":true,"href":"https:\/\/www.africa-press.net\/cotedivoire\/wp-json\/wp\/v2\/categories?post=9951"},{"taxonomy":"post_tag","embeddable":true,"href":"https:\/\/www.africa-press.net\/cotedivoire\/wp-json\/wp\/v2\/tags?post=9951"}],"curies":[{"name":"wp","href":"https:\/\/api.w.org\/{rel}","templated":true}]}}