{"id":99521,"date":"2025-05-23T18:14:48","date_gmt":"2025-05-23T18:14:48","guid":{"rendered":"https:\/\/www.africa-press.net\/cotedivoire\/politique\/pdci-rda-les-cadres-invitent-les-militants-a-cesser-les-tensions-internes-et-a-privilegier-le-dialogue-et-lunion-sacree-autour-de-thiam"},"modified":"2025-05-23T18:46:31","modified_gmt":"2025-05-23T18:46:31","slug":"pdci-rda-les-cadres-invitent-les-militants-a-cesser-les-tensions-internes-et-a-privilegier-le-dialogue-et-lunion-sacree-autour-de-thiam","status":"publish","type":"post","link":"https:\/\/www.africa-press.net\/cotedivoire\/politique\/pdci-rda-les-cadres-invitent-les-militants-a-cesser-les-tensions-internes-et-a-privilegier-le-dialogue-et-lunion-sacree-autour-de-thiam","title":{"rendered":"PDCI-RDA, les cadres invitent les militants \u00e0 cesser les tensions internes et \u00e0 privil\u00e9gier le dialogue et l&rsquo;union sacr\u00e9e autour de Thiam"},"content":{"rendered":"<p><span style=\"color: #ff6600\"><strong>Africa-Press &#8211; C\u00f4te d&rsquo;Ivoire. <\/strong><\/span>Re\u0301unis ce jeudi 22 mai 2025 a\u0300 Abidjan, a\u0300 l\u2019occasion d\u2019une confe\u0301rence de presse, les principaux membres de la Coordination des cadres du Parti De\u0301mocratique de Co\u0302te d\u2019Ivoire (PDCI-RDA) ont lance\u0301 un appel solennel a\u0300 la cohe\u0301sion, a\u0300 la discipline et a\u0300 la mobilisation autour du pre\u0301sident Tidjane Thiam.<\/p>\n<p>La de\u0301claration a e\u0301te\u0301 lue par Dr Vitrice Yekpe, rapporteur de la coordination, en pre\u0301sence de Claude Innocent Emolo, pre\u0301sident de la Coordination des cadres, et d\u2019Antoine Siaba, de\u0301le\u0301gue\u0301 PDCI-RDA de Logouale\u0301 et membre du Bureau politique.<\/p>\n<p>Cette prise de parole intervient quelques heures apre\u0300s la de\u0301cision du tribunal de premie\u0300re instance d\u2019Abidjan-Plateau dans l\u2019affaire opposant Vale\u0301rie Yapo au pre\u0301sident du parti. Pour me\u0301moire, cette dernie\u0300re contestait sa sanction disciplinaire et avait demande\u0301 l\u2019annulation de l\u2019e\u0301lection de Tidjane Thiam, ainsi que des actes qui en de\u0301coulaient.<\/p>\n<p>La Coordination des cadres s\u2019est re\u0301jouie du verdict du jour, y voyant une clarification judiciaire favorable a\u0300 la stabilite\u0301 du parti. Toutefois, elle a tenu a\u0300 rappeler que la voie judiciaire ne saurait remplacer les me\u0301canismes internes de dialogue, de consensus et de tole\u0301rance propres a\u0300 la tradition du PDCI-RDA.<\/p>\n<p>\u00ab Il est impe\u0301ratif que nous ne confions pas l\u2019avenir de notre parti aux tribunaux. Les diffe\u0301rends internes doivent e\u0302tre re\u0301solus par le dialogue et dans le respect des textes du parti \u00bb, a insiste\u0301 Dr Yekpe.<\/p>\n<p>En ligne de mire: l\u2019e\u0301lection pre\u0301sidentielle d\u2019octobre 2025. Pour les cadres du PDCI-RDA, il ne fait aucun doute que l\u2019enjeu exige une posture de \u00ab vigilance strate\u0301gique \u00bb et de \u00ab rassemblement autour du leadership le\u0301gitime du pre\u0301sident Tidjane Thiam \u00bb.<\/p>\n<p>Le parti, selon eux, doit se concentrer sur sa mission premie\u0300re: conque\u0301rir le pouvoir dans un esprit d\u2019unite\u0301.<\/p>\n<p>\u00ab Aujourd\u2019hui plus que jamais, le PDCI-RDA a besoin de cohe\u0301sion pour les combats a\u0300 venir \u00bb, a rappele\u0301 Claude Innocent Emolo.<\/p>\n<p>\u00ab Nous appelons tous les militants a\u0300 respecter les de\u0301cisions de la direction et a\u0300 s\u2019engager activement dans la dynamique de renouveau conduite par le pre\u0301sident Thiam. \u00bb<\/p>\n<p>Faisant re\u0301fe\u0301rence au pre\u0301sident Fe\u0301lix Houphoue\u0308t-Boigny, fondateur du PDCI-RDA, la de\u0301claration a exhorte\u0301 les militants a\u0300 revisiter les fondements ide\u0301ologiques du parti: le dialogue, la tole\u0301rance, le consensus et le sens du sacrifice pour la nation.<\/p>\n<p>La Coordination a enfin re\u0301affirme\u0301 son ro\u0302le de sentinelle et de vigie, veillant a\u0300 ce que l\u2019action politique au sein du PDCI-RDA reste fide\u0300le aux valeurs de\u0301mocratiques et au respect des statuts.<\/p>\n<p>Cette de\u0301claration forte, a\u0300 quelques mois d\u2019un scrutin crucial, marque une volonte\u0301 claire: celle de remettre la discipline, l\u2019unite\u0301 et la strate\u0301gie collective au c\u0153ur de la marche du PDCI-RDA vers 2025, me\u0302me si Thiam ne pourra se porter candidat, car radie\u0301 de la liste electorale.<\/p>\n<p>Avant de savoir si Thiam en France depuis biento\u0302t deux mois, rentrera en Co\u0302te d&rsquo;Ivoire et si oui avec quels papiers, reste toujours a\u0300 savoir qui sera le candidat e\u0301ligible du PDCI a\u0300 la pre\u0301sidentielle d&rsquo;octobre prochain.<\/p>\n<p><strong>Pour plus d&rsquo;informations et d&rsquo;analyses sur la <span style=\"color: #ff6600\">C\u00f4te d&rsquo;Ivoire<\/span>, suivez <span style=\"color: #ff6600\">Africa-Press<\/span><\/strong><\/p>\n","protected":false},"excerpt":{"rendered":"<p>Africa-Press &#8211; C\u00f4te d&rsquo;Ivoire. Re\u0301unis ce jeudi 22 mai 2025 a\u0300 Abidjan, a\u0300 l\u2019occasion d\u2019une confe\u0301rence de presse, les principaux membres de la Coordination des cadres du Parti De\u0301mocratique de Co\u0302te d\u2019Ivoire (PDCI-RDA) ont lance\u0301 un appel solennel a\u0300 la cohe\u0301sion, a\u0300 la discipline et a\u0300 la mobilisation autour du pre\u0301sident Tidjane Thiam. La de\u0301claration [&hellip;]<\/p>\n","protected":false},"author":82,"featured_media":99520,"comment_status":"open","ping_status":"closed","sticky":false,"template":"","format":"standard","meta":{"footnotes":""},"categories":[2,10],"tags":[17767,15244,896,1663,29,1853,739,2442,3016],"class_list":["post-99521","post","type-post","status-publish","format-standard","has-post-thumbnail","hentry","category-politique","category-toutes-les-actualites","tag-anticipation-strategique","tag-autour","tag-cadres","tag-coordination","tag-cote-divoire","tag-militants","tag-pdci-rda","tag-tidjane-thiam","tag-unite"],"yoast_head":"<!-- This site is optimized with the Yoast SEO Premium plugin v26.1 (Yoast SEO v27.0) - https:\/\/yoast.com\/product\/yoast-seo-premium-wordpress\/ -->\n<title>PDCI-RDA, les cadres invitent les militants \u00e0 cesser les tensions internes et \u00e0 privil\u00e9gier le dialogue et l&#039;union sacr\u00e9e autour de Thiam - C\u00f4te d&#039;Ivoire<\/title>\n<meta name=\"description\" content=\"Re\u0301unis ce jeudi 22 mai 2025 a\u0300 Abidjan, a\u0300 l\u2019occasion d\u2019une confe\u0301rence de presse, les principaux membres de la Coordin ...\" \/>\n<meta name=\"robots\" content=\"index, follow, max-snippet:-1, max-image-preview:large, max-video-preview:-1\" \/>\n<link rel=\"canonical\" href=\"https:\/\/www.africa-press.net\/cotedivoire\/politique\/pdci-rda-les-cadres-invitent-les-militants-a-cesser-les-tensions-internes-et-a-privilegier-le-dialogue-et-lunion-sacree-autour-de-thiam\" \/>\n<meta property=\"og:locale\" content=\"fr_FR\" \/>\n<meta property=\"og:type\" content=\"article\" \/>\n<meta property=\"og:title\" content=\"PDCI-RDA, les cadres invitent les militants \u00e0 cesser les tensions internes et \u00e0 privil\u00e9gier le dialogue et l&#039;union sacr\u00e9e autour de Thiam\" \/>\n<meta property=\"og:description\" content=\"Re\u0301unis ce jeudi 22 mai 2025 a\u0300 Abidjan, a\u0300 l\u2019occasion d\u2019une confe\u0301rence de presse, les principaux membres de la Coordin ...\" \/>\n<meta property=\"og:url\" content=\"https:\/\/www.africa-press.net\/cotedivoire\/politique\/pdci-rda-les-cadres-invitent-les-militants-a-cesser-les-tensions-internes-et-a-privilegier-le-dialogue-et-lunion-sacree-autour-de-thiam\" \/>\n<meta property=\"og:site_name\" content=\"C\u00f4te d&#039;Ivoire\" \/>\n<meta property=\"article:published_time\" content=\"2025-05-23T18:14:48+00:00\" \/>\n<meta property=\"article:modified_time\" content=\"2025-05-23T18:46:31+00:00\" \/>\n<meta property=\"og:image\" content=\"https:\/\/static.africa-press.net\/cote\/sites\/43\/2025\/05\/sm_1748013354.781592.jpg\" \/>\n\t<meta property=\"og:image:width\" content=\"720\" \/>\n\t<meta property=\"og:image:height\" content=\"394\" \/>\n\t<meta property=\"og:image:type\" content=\"image\/jpeg\" \/>\n<meta name=\"author\" content=\"cfeditorfr\" \/>\n<meta name=\"twitter:card\" content=\"summary_large_image\" \/>\n<meta name=\"twitter:label1\" content=\"\u00c9crit par\" \/>\n\t<meta name=\"twitter:data1\" content=\"cfeditorfr\" \/>\n\t<meta name=\"twitter:label2\" content=\"Dur\u00e9e de lecture estim\u00e9e\" \/>\n\t<meta name=\"twitter:data2\" content=\"3 minutes\" \/>\n<script type=\"application\/ld+json\" class=\"yoast-schema-graph\">{\"@context\":\"https:\/\/schema.org\",\"@graph\":[{\"@type\":\"Article\",\"@id\":\"https:\/\/www.africa-press.net\/cotedivoire\/politique\/pdci-rda-les-cadres-invitent-les-militants-a-cesser-les-tensions-internes-et-a-privilegier-le-dialogue-et-lunion-sacree-autour-de-thiam#article\",\"isPartOf\":{\"@id\":\"https:\/\/www.africa-press.net\/cotedivoire\/politique\/pdci-rda-les-cadres-invitent-les-militants-a-cesser-les-tensions-internes-et-a-privilegier-le-dialogue-et-lunion-sacree-autour-de-thiam\"},\"author\":{\"name\":\"cfeditorfr\",\"@id\":\"https:\/\/www.africa-press.net\/cotedivoire\/#\/schema\/person\/2b1cf3cd81a31e3cd26889ca66d677f1\"},\"headline\":\"PDCI-RDA, les cadres invitent les militants \u00e0 cesser les tensions internes et \u00e0 privil\u00e9gier le dialogue et l&rsquo;union sacr\u00e9e autour de Thiam\",\"datePublished\":\"2025-05-23T18:14:48+00:00\",\"dateModified\":\"2025-05-23T18:46:31+00:00\",\"mainEntityOfPage\":{\"@id\":\"https:\/\/www.africa-press.net\/cotedivoire\/politique\/pdci-rda-les-cadres-invitent-les-militants-a-cesser-les-tensions-internes-et-a-privilegier-le-dialogue-et-lunion-sacree-autour-de-thiam\"},\"wordCount\":591,\"commentCount\":0,\"image\":{\"@id\":\"https:\/\/www.africa-press.net\/cotedivoire\/politique\/pdci-rda-les-cadres-invitent-les-militants-a-cesser-les-tensions-internes-et-a-privilegier-le-dialogue-et-lunion-sacree-autour-de-thiam#primaryimage\"},\"thumbnailUrl\":\"https:\/\/static.africa-press.net\/cote\/sites\/43\/2025\/05\/sm_1748013354.781592.jpg\",\"keywords\":[\"anticipation strat\u00e9gique\",\"autour\",\"cadres\",\"coordination\",\"C\u00d4TE D'IVOIRE\",\"militants\",\"PDCI-RDA\",\"Tidjane Thiam\",\"unit\u00e9\"],\"articleSection\":[\"Politique\",\"Toutes les actualit\u00e9s\"],\"inLanguage\":\"fr-FR\",\"potentialAction\":[{\"@type\":\"CommentAction\",\"name\":\"Comment\",\"target\":[\"https:\/\/www.africa-press.net\/cotedivoire\/politique\/pdci-rda-les-cadres-invitent-les-militants-a-cesser-les-tensions-internes-et-a-privilegier-le-dialogue-et-lunion-sacree-autour-de-thiam#respond\"]}]},{\"@type\":\"WebPage\",\"@id\":\"https:\/\/www.africa-press.net\/cotedivoire\/politique\/pdci-rda-les-cadres-invitent-les-militants-a-cesser-les-tensions-internes-et-a-privilegier-le-dialogue-et-lunion-sacree-autour-de-thiam\",\"url\":\"https:\/\/www.africa-press.net\/cotedivoire\/politique\/pdci-rda-les-cadres-invitent-les-militants-a-cesser-les-tensions-internes-et-a-privilegier-le-dialogue-et-lunion-sacree-autour-de-thiam\",\"name\":\"PDCI-RDA, les cadres invitent les militants \u00e0 cesser les tensions internes et \u00e0 privil\u00e9gier le dialogue et l'union sacr\u00e9e autour de Thiam - C\u00f4te d&#039;Ivoire\",\"isPartOf\":{\"@id\":\"https:\/\/www.africa-press.net\/cotedivoire\/#website\"},\"primaryImageOfPage\":{\"@id\":\"https:\/\/www.africa-press.net\/cotedivoire\/politique\/pdci-rda-les-cadres-invitent-les-militants-a-cesser-les-tensions-internes-et-a-privilegier-le-dialogue-et-lunion-sacree-autour-de-thiam#primaryimage\"},\"image\":{\"@id\":\"https:\/\/www.africa-press.net\/cotedivoire\/politique\/pdci-rda-les-cadres-invitent-les-militants-a-cesser-les-tensions-internes-et-a-privilegier-le-dialogue-et-lunion-sacree-autour-de-thiam#primaryimage\"},\"thumbnailUrl\":\"https:\/\/static.africa-press.net\/cote\/sites\/43\/2025\/05\/sm_1748013354.781592.jpg\",\"datePublished\":\"2025-05-23T18:14:48+00:00\",\"dateModified\":\"2025-05-23T18:46:31+00:00\",\"author\":{\"@id\":\"https:\/\/www.africa-press.net\/cotedivoire\/#\/schema\/person\/2b1cf3cd81a31e3cd26889ca66d677f1\"},\"description\":\"Re\u0301unis ce jeudi 22 mai 2025 a\u0300 Abidjan, a\u0300 l\u2019occasion d\u2019une confe\u0301rence de presse, les principaux membres de la Coordin ...\",\"breadcrumb\":{\"@id\":\"https:\/\/www.africa-press.net\/cotedivoire\/politique\/pdci-rda-les-cadres-invitent-les-militants-a-cesser-les-tensions-internes-et-a-privilegier-le-dialogue-et-lunion-sacree-autour-de-thiam#breadcrumb\"},\"inLanguage\":\"fr-FR\",\"potentialAction\":[{\"@type\":\"ReadAction\",\"target\":[\"https:\/\/www.africa-press.net\/cotedivoire\/politique\/pdci-rda-les-cadres-invitent-les-militants-a-cesser-les-tensions-internes-et-a-privilegier-le-dialogue-et-lunion-sacree-autour-de-thiam\"]}]},{\"@type\":\"ImageObject\",\"inLanguage\":\"fr-FR\",\"@id\":\"https:\/\/www.africa-press.net\/cotedivoire\/politique\/pdci-rda-les-cadres-invitent-les-militants-a-cesser-les-tensions-internes-et-a-privilegier-le-dialogue-et-lunion-sacree-autour-de-thiam#primaryimage\",\"url\":\"https:\/\/static.africa-press.net\/cote\/sites\/43\/2025\/05\/sm_1748013354.781592.jpg\",\"contentUrl\":\"https:\/\/static.africa-press.net\/cote\/sites\/43\/2025\/05\/sm_1748013354.781592.jpg\",\"width\":720,\"height\":394,\"caption\":\"PDCI-RDA, les cadres invitent les militants \u00e0 cesser les tensions internes et \u00e0 privil\u00e9gier le dialogue et l'union sacr\u00e9e autour de Thiam\"},{\"@type\":\"BreadcrumbList\",\"@id\":\"https:\/\/www.africa-press.net\/cotedivoire\/politique\/pdci-rda-les-cadres-invitent-les-militants-a-cesser-les-tensions-internes-et-a-privilegier-le-dialogue-et-lunion-sacree-autour-de-thiam#breadcrumb\",\"itemListElement\":[{\"@type\":\"ListItem\",\"position\":1,\"name\":\"Accueil\",\"item\":\"https:\/\/www.africa-press.net\/cotedivoire\/\"},{\"@type\":\"ListItem\",\"position\":2,\"name\":\"PDCI-RDA, les cadres invitent les militants \u00e0 cesser les tensions internes et \u00e0 privil\u00e9gier le dialogue et l&rsquo;union sacr\u00e9e autour de Thiam\"}]},{\"@type\":\"WebSite\",\"@id\":\"https:\/\/www.africa-press.net\/cotedivoire\/#website\",\"url\":\"https:\/\/www.africa-press.net\/cotedivoire\/\",\"name\":\"C\u00f4te d&#039;Ivoire\",\"description\":\"Just another Africa News Agency Sites site\",\"potentialAction\":[{\"@type\":\"SearchAction\",\"target\":{\"@type\":\"EntryPoint\",\"urlTemplate\":\"https:\/\/www.africa-press.net\/cotedivoire\/?s={search_term_string}\"},\"query-input\":{\"@type\":\"PropertyValueSpecification\",\"valueRequired\":true,\"valueName\":\"search_term_string\"}}],\"inLanguage\":\"fr-FR\"},{\"@type\":\"Person\",\"@id\":\"https:\/\/www.africa-press.net\/cotedivoire\/#\/schema\/person\/2b1cf3cd81a31e3cd26889ca66d677f1\",\"name\":\"cfeditorfr\"}]}<\/script>\n<!-- \/ Yoast SEO Premium plugin. -->","yoast_head_json":{"title":"PDCI-RDA, les cadres invitent les militants \u00e0 cesser les tensions internes et \u00e0 privil\u00e9gier le dialogue et l'union sacr\u00e9e autour de Thiam - C\u00f4te d&#039;Ivoire","description":"Re\u0301unis ce jeudi 22 mai 2025 a\u0300 Abidjan, a\u0300 l\u2019occasion d\u2019une confe\u0301rence de presse, les principaux membres de la Coordin ...","robots":{"index":"index","follow":"follow","max-snippet":"max-snippet:-1","max-image-preview":"max-image-preview:large","max-video-preview":"max-video-preview:-1"},"canonical":"https:\/\/www.africa-press.net\/cotedivoire\/politique\/pdci-rda-les-cadres-invitent-les-militants-a-cesser-les-tensions-internes-et-a-privilegier-le-dialogue-et-lunion-sacree-autour-de-thiam","og_locale":"fr_FR","og_type":"article","og_title":"PDCI-RDA, les cadres invitent les militants \u00e0 cesser les tensions internes et \u00e0 privil\u00e9gier le dialogue et l'union sacr\u00e9e autour de Thiam","og_description":"Re\u0301unis ce jeudi 22 mai 2025 a\u0300 Abidjan, a\u0300 l\u2019occasion d\u2019une confe\u0301rence de presse, les principaux membres de la Coordin ...","og_url":"https:\/\/www.africa-press.net\/cotedivoire\/politique\/pdci-rda-les-cadres-invitent-les-militants-a-cesser-les-tensions-internes-et-a-privilegier-le-dialogue-et-lunion-sacree-autour-de-thiam","og_site_name":"C\u00f4te d&#039;Ivoire","article_published_time":"2025-05-23T18:14:48+00:00","article_modified_time":"2025-05-23T18:46:31+00:00","og_image":[{"width":720,"height":394,"url":"https:\/\/static.africa-press.net\/cote\/sites\/43\/2025\/05\/sm_1748013354.781592.jpg","type":"image\/jpeg"}],"author":"cfeditorfr","twitter_card":"summary_large_image","twitter_misc":{"\u00c9crit par":"cfeditorfr","Dur\u00e9e de lecture estim\u00e9e":"3 minutes"},"schema":{"@context":"https:\/\/schema.org","@graph":[{"@type":"Article","@id":"https:\/\/www.africa-press.net\/cotedivoire\/politique\/pdci-rda-les-cadres-invitent-les-militants-a-cesser-les-tensions-internes-et-a-privilegier-le-dialogue-et-lunion-sacree-autour-de-thiam#article","isPartOf":{"@id":"https:\/\/www.africa-press.net\/cotedivoire\/politique\/pdci-rda-les-cadres-invitent-les-militants-a-cesser-les-tensions-internes-et-a-privilegier-le-dialogue-et-lunion-sacree-autour-de-thiam"},"author":{"name":"cfeditorfr","@id":"https:\/\/www.africa-press.net\/cotedivoire\/#\/schema\/person\/2b1cf3cd81a31e3cd26889ca66d677f1"},"headline":"PDCI-RDA, les cadres invitent les militants \u00e0 cesser les tensions internes et \u00e0 privil\u00e9gier le dialogue et l&rsquo;union sacr\u00e9e autour de Thiam","datePublished":"2025-05-23T18:14:48+00:00","dateModified":"2025-05-23T18:46:31+00:00","mainEntityOfPage":{"@id":"https:\/\/www.africa-press.net\/cotedivoire\/politique\/pdci-rda-les-cadres-invitent-les-militants-a-cesser-les-tensions-internes-et-a-privilegier-le-dialogue-et-lunion-sacree-autour-de-thiam"},"wordCount":591,"commentCount":0,"image":{"@id":"https:\/\/www.africa-press.net\/cotedivoire\/politique\/pdci-rda-les-cadres-invitent-les-militants-a-cesser-les-tensions-internes-et-a-privilegier-le-dialogue-et-lunion-sacree-autour-de-thiam#primaryimage"},"thumbnailUrl":"https:\/\/static.africa-press.net\/cote\/sites\/43\/2025\/05\/sm_1748013354.781592.jpg","keywords":["anticipation strat\u00e9gique","autour","cadres","coordination","C\u00d4TE D'IVOIRE","militants","PDCI-RDA","Tidjane Thiam","unit\u00e9"],"articleSection":["Politique","Toutes les actualit\u00e9s"],"inLanguage":"fr-FR","potentialAction":[{"@type":"CommentAction","name":"Comment","target":["https:\/\/www.africa-press.net\/cotedivoire\/politique\/pdci-rda-les-cadres-invitent-les-militants-a-cesser-les-tensions-internes-et-a-privilegier-le-dialogue-et-lunion-sacree-autour-de-thiam#respond"]}]},{"@type":"WebPage","@id":"https:\/\/www.africa-press.net\/cotedivoire\/politique\/pdci-rda-les-cadres-invitent-les-militants-a-cesser-les-tensions-internes-et-a-privilegier-le-dialogue-et-lunion-sacree-autour-de-thiam","url":"https:\/\/www.africa-press.net\/cotedivoire\/politique\/pdci-rda-les-cadres-invitent-les-militants-a-cesser-les-tensions-internes-et-a-privilegier-le-dialogue-et-lunion-sacree-autour-de-thiam","name":"PDCI-RDA, les cadres invitent les militants \u00e0 cesser les tensions internes et \u00e0 privil\u00e9gier le dialogue et l'union sacr\u00e9e autour de Thiam - C\u00f4te d&#039;Ivoire","isPartOf":{"@id":"https:\/\/www.africa-press.net\/cotedivoire\/#website"},"primaryImageOfPage":{"@id":"https:\/\/www.africa-press.net\/cotedivoire\/politique\/pdci-rda-les-cadres-invitent-les-militants-a-cesser-les-tensions-internes-et-a-privilegier-le-dialogue-et-lunion-sacree-autour-de-thiam#primaryimage"},"image":{"@id":"https:\/\/www.africa-press.net\/cotedivoire\/politique\/pdci-rda-les-cadres-invitent-les-militants-a-cesser-les-tensions-internes-et-a-privilegier-le-dialogue-et-lunion-sacree-autour-de-thiam#primaryimage"},"thumbnailUrl":"https:\/\/static.africa-press.net\/cote\/sites\/43\/2025\/05\/sm_1748013354.781592.jpg","datePublished":"2025-05-23T18:14:48+00:00","dateModified":"2025-05-23T18:46:31+00:00","author":{"@id":"https:\/\/www.africa-press.net\/cotedivoire\/#\/schema\/person\/2b1cf3cd81a31e3cd26889ca66d677f1"},"description":"Re\u0301unis ce jeudi 22 mai 2025 a\u0300 Abidjan, a\u0300 l\u2019occasion d\u2019une confe\u0301rence de presse, les principaux membres de la Coordin ...","breadcrumb":{"@id":"https:\/\/www.africa-press.net\/cotedivoire\/politique\/pdci-rda-les-cadres-invitent-les-militants-a-cesser-les-tensions-internes-et-a-privilegier-le-dialogue-et-lunion-sacree-autour-de-thiam#breadcrumb"},"inLanguage":"fr-FR","potentialAction":[{"@type":"ReadAction","target":["https:\/\/www.africa-press.net\/cotedivoire\/politique\/pdci-rda-les-cadres-invitent-les-militants-a-cesser-les-tensions-internes-et-a-privilegier-le-dialogue-et-lunion-sacree-autour-de-thiam"]}]},{"@type":"ImageObject","inLanguage":"fr-FR","@id":"https:\/\/www.africa-press.net\/cotedivoire\/politique\/pdci-rda-les-cadres-invitent-les-militants-a-cesser-les-tensions-internes-et-a-privilegier-le-dialogue-et-lunion-sacree-autour-de-thiam#primaryimage","url":"https:\/\/static.africa-press.net\/cote\/sites\/43\/2025\/05\/sm_1748013354.781592.jpg","contentUrl":"https:\/\/static.africa-press.net\/cote\/sites\/43\/2025\/05\/sm_1748013354.781592.jpg","width":720,"height":394,"caption":"PDCI-RDA, les cadres invitent les militants \u00e0 cesser les tensions internes et \u00e0 privil\u00e9gier le dialogue et l'union sacr\u00e9e autour de Thiam"},{"@type":"BreadcrumbList","@id":"https:\/\/www.africa-press.net\/cotedivoire\/politique\/pdci-rda-les-cadres-invitent-les-militants-a-cesser-les-tensions-internes-et-a-privilegier-le-dialogue-et-lunion-sacree-autour-de-thiam#breadcrumb","itemListElement":[{"@type":"ListItem","position":1,"name":"Accueil","item":"https:\/\/www.africa-press.net\/cotedivoire\/"},{"@type":"ListItem","position":2,"name":"PDCI-RDA, les cadres invitent les militants \u00e0 cesser les tensions internes et \u00e0 privil\u00e9gier le dialogue et l&rsquo;union sacr\u00e9e autour de Thiam"}]},{"@type":"WebSite","@id":"https:\/\/www.africa-press.net\/cotedivoire\/#website","url":"https:\/\/www.africa-press.net\/cotedivoire\/","name":"C\u00f4te d&#039;Ivoire","description":"Just another Africa News Agency Sites site","potentialAction":[{"@type":"SearchAction","target":{"@type":"EntryPoint","urlTemplate":"https:\/\/www.africa-press.net\/cotedivoire\/?s={search_term_string}"},"query-input":{"@type":"PropertyValueSpecification","valueRequired":true,"valueName":"search_term_string"}}],"inLanguage":"fr-FR"},{"@type":"Person","@id":"https:\/\/www.africa-press.net\/cotedivoire\/#\/schema\/person\/2b1cf3cd81a31e3cd26889ca66d677f1","name":"cfeditorfr"}]}},"_links":{"self":[{"href":"https:\/\/www.africa-press.net\/cotedivoire\/wp-json\/wp\/v2\/posts\/99521","targetHints":{"allow":["GET"]}}],"collection":[{"href":"https:\/\/www.africa-press.net\/cotedivoire\/wp-json\/wp\/v2\/posts"}],"about":[{"href":"https:\/\/www.africa-press.net\/cotedivoire\/wp-json\/wp\/v2\/types\/post"}],"author":[{"embeddable":true,"href":"https:\/\/www.africa-press.net\/cotedivoire\/wp-json\/wp\/v2\/users\/82"}],"replies":[{"embeddable":true,"href":"https:\/\/www.africa-press.net\/cotedivoire\/wp-json\/wp\/v2\/comments?post=99521"}],"version-history":[{"count":0,"href":"https:\/\/www.africa-press.net\/cotedivoire\/wp-json\/wp\/v2\/posts\/99521\/revisions"}],"wp:featuredmedia":[{"embeddable":true,"href":"https:\/\/www.africa-press.net\/cotedivoire\/wp-json\/wp\/v2\/media\/99520"}],"wp:attachment":[{"href":"https:\/\/www.africa-press.net\/cotedivoire\/wp-json\/wp\/v2\/media?parent=99521"}],"wp:term":[{"taxonomy":"category","embeddable":true,"href":"https:\/\/www.africa-press.net\/cotedivoire\/wp-json\/wp\/v2\/categories?post=99521"},{"taxonomy":"post_tag","embeddable":true,"href":"https:\/\/www.africa-press.net\/cotedivoire\/wp-json\/wp\/v2\/tags?post=99521"}],"curies":[{"name":"wp","href":"https:\/\/api.w.org\/{rel}","templated":true}]}}