{"id":99538,"date":"2025-05-23T18:20:59","date_gmt":"2025-05-23T18:20:59","guid":{"rendered":"https:\/\/www.africa-press.net\/cotedivoire\/politique\/presidentielle-la-chambre-des-rois-et-chefs-traditionnels-entame-une-tournee-nationale-pour-des-elections-apaisees"},"modified":"2025-05-23T18:47:37","modified_gmt":"2025-05-23T18:47:37","slug":"presidentielle-la-chambre-des-rois-et-chefs-traditionnels-entame-une-tournee-nationale-pour-des-elections-apaisees","status":"publish","type":"post","link":"https:\/\/www.africa-press.net\/cotedivoire\/politique\/presidentielle-la-chambre-des-rois-et-chefs-traditionnels-entame-une-tournee-nationale-pour-des-elections-apaisees","title":{"rendered":"Pr\u00e9sidentielle, la Chambre des Rois et Chefs Traditionnels entame une tourn\u00e9e nationale pour des \u00e9lections apais\u00e9es"},"content":{"rendered":"<p><span style=\"color: #ff6600\"><strong>Africa-Press &#8211; C\u00f4te d&rsquo;Ivoire. <\/strong><\/span>La Chambre Nationales des Rois et Chefs Traditionnels (CNRCT), a entame\u0301 une tourne\u0301e de sensibilisation nationale pour des e\u0301lections apaise\u0301es a\u0300 la pre\u0301sidentielle d\u2019octobre prochain.<\/p>\n<p>Entame\u0301 depuis quelques jours, la tourne\u0301e nationale de sensibilisation et d\u2019e\u0301coute est de\u0301nomme\u0301e: \u00ab Ensemble pour des e\u0301lections apaise\u0301es en 2025 \u00bb.<\/p>\n<p>Le Pre\u0301sident de la Chambre Nationales des Rois et Chefs Traditionnels (CNRCT), Sa Majeste\u0301 Amon Tanoe\u0301 Paul De\u0301sire\u0301 interpelle toutes les couches de la socie\u0301te\u0301 a\u0300 s\u2019engager pour la paix.<\/p>\n<p>\u00ab Nous lanc\u0327ons un appel solennel a\u0300 l\u2019ensemble des forces vives de la nation, leaders politiques, jeunes, socie\u0301te\u0301 civile, citoyens. A\u0300 l\u2019approche des e\u0301lections pre\u0301sidentielles, souvenons-nous de notre passe\u0301 et disons avec force et de\u0301termination a\u0300 nous-me\u0302mes, a\u0300 notre entourage, a\u0300 notre population, aux entite\u0301s politiques et a\u0300 toutes les organisations de la socie\u0301te\u0301 civile:je donne ma voix pour la paix \u00bb a-t-il dit.<\/p>\n<p><strong>Pour plus d&rsquo;informations et d&rsquo;analyses sur la <span style=\"color: #ff6600\">C\u00f4te d&rsquo;Ivoire<\/span>, suivez <span style=\"color: #ff6600\">Africa-Press<\/span><\/strong><\/p>\n","protected":false},"excerpt":{"rendered":"<p>Africa-Press &#8211; C\u00f4te d&rsquo;Ivoire. La Chambre Nationales des Rois et Chefs Traditionnels (CNRCT), a entame\u0301 une tourne\u0301e de sensibilisation nationale pour des e\u0301lections apaise\u0301es a\u0300 la pre\u0301sidentielle d\u2019octobre prochain. Entame\u0301 depuis quelques jours, la tourne\u0301e nationale de sensibilisation et d\u2019e\u0301coute est de\u0301nomme\u0301e: \u00ab Ensemble pour des e\u0301lections apaise\u0301es en 2025 \u00bb. Le Pre\u0301sident de la [&hellip;]<\/p>\n","protected":false},"author":82,"featured_media":99537,"comment_status":"open","ping_status":"closed","sticky":false,"template":"","format":"standard","meta":{"footnotes":""},"categories":[2,10],"tags":[5449,9840,17776,29,41,312,766,9327],"class_list":["post-99538","post","type-post","status-publish","format-standard","has-post-thumbnail","hentry","category-politique","category-toutes-les-actualites","tag-amon-tanoe","tag-apaisees","tag-cnrct","tag-cote-divoire","tag-elections","tag-presidentielle","tag-sensibilisation","tag-tournee"],"yoast_head":"<!-- This site is optimized with the Yoast SEO Premium plugin v26.1 (Yoast SEO v27.0) - https:\/\/yoast.com\/product\/yoast-seo-premium-wordpress\/ -->\n<title>Pr\u00e9sidentielle, la Chambre des Rois et Chefs Traditionnels entame une tourn\u00e9e nationale pour des \u00e9lections apais\u00e9es - C\u00f4te d&#039;Ivoire<\/title>\n<meta name=\"description\" content=\"La Chambre Nationales des Rois et Chefs Traditionnels (CNRCT), a entame\u0301 une tourne\u0301e de sensibilisation nationale pour ...\" \/>\n<meta name=\"robots\" content=\"index, follow, max-snippet:-1, max-image-preview:large, max-video-preview:-1\" \/>\n<link rel=\"canonical\" href=\"https:\/\/www.africa-press.net\/cotedivoire\/politique\/presidentielle-la-chambre-des-rois-et-chefs-traditionnels-entame-une-tournee-nationale-pour-des-elections-apaisees\" \/>\n<meta property=\"og:locale\" content=\"fr_FR\" \/>\n<meta property=\"og:type\" content=\"article\" \/>\n<meta property=\"og:title\" content=\"Pr\u00e9sidentielle, la Chambre des Rois et Chefs Traditionnels entame une tourn\u00e9e nationale pour des \u00e9lections apais\u00e9es\" \/>\n<meta property=\"og:description\" content=\"La Chambre Nationales des Rois et Chefs Traditionnels (CNRCT), a entame\u0301 une tourne\u0301e de sensibilisation nationale pour ...\" \/>\n<meta property=\"og:url\" content=\"https:\/\/www.africa-press.net\/cotedivoire\/politique\/presidentielle-la-chambre-des-rois-et-chefs-traditionnels-entame-une-tournee-nationale-pour-des-elections-apaisees\" \/>\n<meta property=\"og:site_name\" content=\"C\u00f4te d&#039;Ivoire\" \/>\n<meta property=\"article:published_time\" content=\"2025-05-23T18:20:59+00:00\" \/>\n<meta property=\"article:modified_time\" content=\"2025-05-23T18:47:37+00:00\" \/>\n<meta property=\"og:image\" content=\"https:\/\/static.africa-press.net\/cote\/sites\/43\/2025\/05\/sm_1748013429.265286.jpg\" \/>\n\t<meta property=\"og:image:width\" content=\"720\" \/>\n\t<meta property=\"og:image:height\" content=\"480\" \/>\n\t<meta property=\"og:image:type\" content=\"image\/jpeg\" \/>\n<meta name=\"author\" content=\"cfeditorfr\" \/>\n<meta name=\"twitter:card\" content=\"summary_large_image\" \/>\n<meta name=\"twitter:label1\" content=\"\u00c9crit par\" \/>\n\t<meta name=\"twitter:data1\" content=\"cfeditorfr\" \/>\n\t<meta name=\"twitter:label2\" content=\"Dur\u00e9e de lecture estim\u00e9e\" \/>\n\t<meta name=\"twitter:data2\" content=\"1 minute\" \/>\n<script type=\"application\/ld+json\" class=\"yoast-schema-graph\">{\"@context\":\"https:\/\/schema.org\",\"@graph\":[{\"@type\":\"Article\",\"@id\":\"https:\/\/www.africa-press.net\/cotedivoire\/politique\/presidentielle-la-chambre-des-rois-et-chefs-traditionnels-entame-une-tournee-nationale-pour-des-elections-apaisees#article\",\"isPartOf\":{\"@id\":\"https:\/\/www.africa-press.net\/cotedivoire\/politique\/presidentielle-la-chambre-des-rois-et-chefs-traditionnels-entame-une-tournee-nationale-pour-des-elections-apaisees\"},\"author\":{\"name\":\"cfeditorfr\",\"@id\":\"https:\/\/www.africa-press.net\/cotedivoire\/#\/schema\/person\/2b1cf3cd81a31e3cd26889ca66d677f1\"},\"headline\":\"Pr\u00e9sidentielle, la Chambre des Rois et Chefs Traditionnels entame une tourn\u00e9e nationale pour des \u00e9lections apais\u00e9es\",\"datePublished\":\"2025-05-23T18:20:59+00:00\",\"dateModified\":\"2025-05-23T18:47:37+00:00\",\"mainEntityOfPage\":{\"@id\":\"https:\/\/www.africa-press.net\/cotedivoire\/politique\/presidentielle-la-chambre-des-rois-et-chefs-traditionnels-entame-une-tournee-nationale-pour-des-elections-apaisees\"},\"wordCount\":203,\"commentCount\":0,\"image\":{\"@id\":\"https:\/\/www.africa-press.net\/cotedivoire\/politique\/presidentielle-la-chambre-des-rois-et-chefs-traditionnels-entame-une-tournee-nationale-pour-des-elections-apaisees#primaryimage\"},\"thumbnailUrl\":\"https:\/\/static.africa-press.net\/cote\/sites\/43\/2025\/05\/sm_1748013429.265286.jpg\",\"keywords\":[\"Amon Tano\u00e9\",\"apais\u00e9es\",\"CNRCT\",\"C\u00d4TE D'IVOIRE\",\"\u00c9lections\",\"pr\u00e9sidentielle\",\"sensibilisation\",\"Tourn\u00e9e\"],\"articleSection\":[\"Politique\",\"Toutes les actualit\u00e9s\"],\"inLanguage\":\"fr-FR\",\"potentialAction\":[{\"@type\":\"CommentAction\",\"name\":\"Comment\",\"target\":[\"https:\/\/www.africa-press.net\/cotedivoire\/politique\/presidentielle-la-chambre-des-rois-et-chefs-traditionnels-entame-une-tournee-nationale-pour-des-elections-apaisees#respond\"]}]},{\"@type\":\"WebPage\",\"@id\":\"https:\/\/www.africa-press.net\/cotedivoire\/politique\/presidentielle-la-chambre-des-rois-et-chefs-traditionnels-entame-une-tournee-nationale-pour-des-elections-apaisees\",\"url\":\"https:\/\/www.africa-press.net\/cotedivoire\/politique\/presidentielle-la-chambre-des-rois-et-chefs-traditionnels-entame-une-tournee-nationale-pour-des-elections-apaisees\",\"name\":\"Pr\u00e9sidentielle, la Chambre des Rois et Chefs Traditionnels entame une tourn\u00e9e nationale pour des \u00e9lections apais\u00e9es - C\u00f4te d&#039;Ivoire\",\"isPartOf\":{\"@id\":\"https:\/\/www.africa-press.net\/cotedivoire\/#website\"},\"primaryImageOfPage\":{\"@id\":\"https:\/\/www.africa-press.net\/cotedivoire\/politique\/presidentielle-la-chambre-des-rois-et-chefs-traditionnels-entame-une-tournee-nationale-pour-des-elections-apaisees#primaryimage\"},\"image\":{\"@id\":\"https:\/\/www.africa-press.net\/cotedivoire\/politique\/presidentielle-la-chambre-des-rois-et-chefs-traditionnels-entame-une-tournee-nationale-pour-des-elections-apaisees#primaryimage\"},\"thumbnailUrl\":\"https:\/\/static.africa-press.net\/cote\/sites\/43\/2025\/05\/sm_1748013429.265286.jpg\",\"datePublished\":\"2025-05-23T18:20:59+00:00\",\"dateModified\":\"2025-05-23T18:47:37+00:00\",\"author\":{\"@id\":\"https:\/\/www.africa-press.net\/cotedivoire\/#\/schema\/person\/2b1cf3cd81a31e3cd26889ca66d677f1\"},\"description\":\"La Chambre Nationales des Rois et Chefs Traditionnels (CNRCT), a entame\u0301 une tourne\u0301e de sensibilisation nationale pour ...\",\"breadcrumb\":{\"@id\":\"https:\/\/www.africa-press.net\/cotedivoire\/politique\/presidentielle-la-chambre-des-rois-et-chefs-traditionnels-entame-une-tournee-nationale-pour-des-elections-apaisees#breadcrumb\"},\"inLanguage\":\"fr-FR\",\"potentialAction\":[{\"@type\":\"ReadAction\",\"target\":[\"https:\/\/www.africa-press.net\/cotedivoire\/politique\/presidentielle-la-chambre-des-rois-et-chefs-traditionnels-entame-une-tournee-nationale-pour-des-elections-apaisees\"]}]},{\"@type\":\"ImageObject\",\"inLanguage\":\"fr-FR\",\"@id\":\"https:\/\/www.africa-press.net\/cotedivoire\/politique\/presidentielle-la-chambre-des-rois-et-chefs-traditionnels-entame-une-tournee-nationale-pour-des-elections-apaisees#primaryimage\",\"url\":\"https:\/\/static.africa-press.net\/cote\/sites\/43\/2025\/05\/sm_1748013429.265286.jpg\",\"contentUrl\":\"https:\/\/static.africa-press.net\/cote\/sites\/43\/2025\/05\/sm_1748013429.265286.jpg\",\"width\":720,\"height\":480,\"caption\":\"Pr\u00e9sidentielle, la Chambre des Rois et Chefs Traditionnels entame une tourn\u00e9e nationale pour des \u00e9lections apais\u00e9es\"},{\"@type\":\"BreadcrumbList\",\"@id\":\"https:\/\/www.africa-press.net\/cotedivoire\/politique\/presidentielle-la-chambre-des-rois-et-chefs-traditionnels-entame-une-tournee-nationale-pour-des-elections-apaisees#breadcrumb\",\"itemListElement\":[{\"@type\":\"ListItem\",\"position\":1,\"name\":\"Accueil\",\"item\":\"https:\/\/www.africa-press.net\/cotedivoire\/\"},{\"@type\":\"ListItem\",\"position\":2,\"name\":\"Pr\u00e9sidentielle, la Chambre des Rois et Chefs Traditionnels entame une tourn\u00e9e nationale pour des \u00e9lections apais\u00e9es\"}]},{\"@type\":\"WebSite\",\"@id\":\"https:\/\/www.africa-press.net\/cotedivoire\/#website\",\"url\":\"https:\/\/www.africa-press.net\/cotedivoire\/\",\"name\":\"C\u00f4te d&#039;Ivoire\",\"description\":\"Just another Africa News Agency Sites site\",\"potentialAction\":[{\"@type\":\"SearchAction\",\"target\":{\"@type\":\"EntryPoint\",\"urlTemplate\":\"https:\/\/www.africa-press.net\/cotedivoire\/?s={search_term_string}\"},\"query-input\":{\"@type\":\"PropertyValueSpecification\",\"valueRequired\":true,\"valueName\":\"search_term_string\"}}],\"inLanguage\":\"fr-FR\"},{\"@type\":\"Person\",\"@id\":\"https:\/\/www.africa-press.net\/cotedivoire\/#\/schema\/person\/2b1cf3cd81a31e3cd26889ca66d677f1\",\"name\":\"cfeditorfr\"}]}<\/script>\n<!-- \/ Yoast SEO Premium plugin. -->","yoast_head_json":{"title":"Pr\u00e9sidentielle, la Chambre des Rois et Chefs Traditionnels entame une tourn\u00e9e nationale pour des \u00e9lections apais\u00e9es - C\u00f4te d&#039;Ivoire","description":"La Chambre Nationales des Rois et Chefs Traditionnels (CNRCT), a entame\u0301 une tourne\u0301e de sensibilisation nationale pour ...","robots":{"index":"index","follow":"follow","max-snippet":"max-snippet:-1","max-image-preview":"max-image-preview:large","max-video-preview":"max-video-preview:-1"},"canonical":"https:\/\/www.africa-press.net\/cotedivoire\/politique\/presidentielle-la-chambre-des-rois-et-chefs-traditionnels-entame-une-tournee-nationale-pour-des-elections-apaisees","og_locale":"fr_FR","og_type":"article","og_title":"Pr\u00e9sidentielle, la Chambre des Rois et Chefs Traditionnels entame une tourn\u00e9e nationale pour des \u00e9lections apais\u00e9es","og_description":"La Chambre Nationales des Rois et Chefs Traditionnels (CNRCT), a entame\u0301 une tourne\u0301e de sensibilisation nationale pour ...","og_url":"https:\/\/www.africa-press.net\/cotedivoire\/politique\/presidentielle-la-chambre-des-rois-et-chefs-traditionnels-entame-une-tournee-nationale-pour-des-elections-apaisees","og_site_name":"C\u00f4te d&#039;Ivoire","article_published_time":"2025-05-23T18:20:59+00:00","article_modified_time":"2025-05-23T18:47:37+00:00","og_image":[{"width":720,"height":480,"url":"https:\/\/static.africa-press.net\/cote\/sites\/43\/2025\/05\/sm_1748013429.265286.jpg","type":"image\/jpeg"}],"author":"cfeditorfr","twitter_card":"summary_large_image","twitter_misc":{"\u00c9crit par":"cfeditorfr","Dur\u00e9e de lecture estim\u00e9e":"1 minute"},"schema":{"@context":"https:\/\/schema.org","@graph":[{"@type":"Article","@id":"https:\/\/www.africa-press.net\/cotedivoire\/politique\/presidentielle-la-chambre-des-rois-et-chefs-traditionnels-entame-une-tournee-nationale-pour-des-elections-apaisees#article","isPartOf":{"@id":"https:\/\/www.africa-press.net\/cotedivoire\/politique\/presidentielle-la-chambre-des-rois-et-chefs-traditionnels-entame-une-tournee-nationale-pour-des-elections-apaisees"},"author":{"name":"cfeditorfr","@id":"https:\/\/www.africa-press.net\/cotedivoire\/#\/schema\/person\/2b1cf3cd81a31e3cd26889ca66d677f1"},"headline":"Pr\u00e9sidentielle, la Chambre des Rois et Chefs Traditionnels entame une tourn\u00e9e nationale pour des \u00e9lections apais\u00e9es","datePublished":"2025-05-23T18:20:59+00:00","dateModified":"2025-05-23T18:47:37+00:00","mainEntityOfPage":{"@id":"https:\/\/www.africa-press.net\/cotedivoire\/politique\/presidentielle-la-chambre-des-rois-et-chefs-traditionnels-entame-une-tournee-nationale-pour-des-elections-apaisees"},"wordCount":203,"commentCount":0,"image":{"@id":"https:\/\/www.africa-press.net\/cotedivoire\/politique\/presidentielle-la-chambre-des-rois-et-chefs-traditionnels-entame-une-tournee-nationale-pour-des-elections-apaisees#primaryimage"},"thumbnailUrl":"https:\/\/static.africa-press.net\/cote\/sites\/43\/2025\/05\/sm_1748013429.265286.jpg","keywords":["Amon Tano\u00e9","apais\u00e9es","CNRCT","C\u00d4TE D'IVOIRE","\u00c9lections","pr\u00e9sidentielle","sensibilisation","Tourn\u00e9e"],"articleSection":["Politique","Toutes les actualit\u00e9s"],"inLanguage":"fr-FR","potentialAction":[{"@type":"CommentAction","name":"Comment","target":["https:\/\/www.africa-press.net\/cotedivoire\/politique\/presidentielle-la-chambre-des-rois-et-chefs-traditionnels-entame-une-tournee-nationale-pour-des-elections-apaisees#respond"]}]},{"@type":"WebPage","@id":"https:\/\/www.africa-press.net\/cotedivoire\/politique\/presidentielle-la-chambre-des-rois-et-chefs-traditionnels-entame-une-tournee-nationale-pour-des-elections-apaisees","url":"https:\/\/www.africa-press.net\/cotedivoire\/politique\/presidentielle-la-chambre-des-rois-et-chefs-traditionnels-entame-une-tournee-nationale-pour-des-elections-apaisees","name":"Pr\u00e9sidentielle, la Chambre des Rois et Chefs Traditionnels entame une tourn\u00e9e nationale pour des \u00e9lections apais\u00e9es - C\u00f4te d&#039;Ivoire","isPartOf":{"@id":"https:\/\/www.africa-press.net\/cotedivoire\/#website"},"primaryImageOfPage":{"@id":"https:\/\/www.africa-press.net\/cotedivoire\/politique\/presidentielle-la-chambre-des-rois-et-chefs-traditionnels-entame-une-tournee-nationale-pour-des-elections-apaisees#primaryimage"},"image":{"@id":"https:\/\/www.africa-press.net\/cotedivoire\/politique\/presidentielle-la-chambre-des-rois-et-chefs-traditionnels-entame-une-tournee-nationale-pour-des-elections-apaisees#primaryimage"},"thumbnailUrl":"https:\/\/static.africa-press.net\/cote\/sites\/43\/2025\/05\/sm_1748013429.265286.jpg","datePublished":"2025-05-23T18:20:59+00:00","dateModified":"2025-05-23T18:47:37+00:00","author":{"@id":"https:\/\/www.africa-press.net\/cotedivoire\/#\/schema\/person\/2b1cf3cd81a31e3cd26889ca66d677f1"},"description":"La Chambre Nationales des Rois et Chefs Traditionnels (CNRCT), a entame\u0301 une tourne\u0301e de sensibilisation nationale pour ...","breadcrumb":{"@id":"https:\/\/www.africa-press.net\/cotedivoire\/politique\/presidentielle-la-chambre-des-rois-et-chefs-traditionnels-entame-une-tournee-nationale-pour-des-elections-apaisees#breadcrumb"},"inLanguage":"fr-FR","potentialAction":[{"@type":"ReadAction","target":["https:\/\/www.africa-press.net\/cotedivoire\/politique\/presidentielle-la-chambre-des-rois-et-chefs-traditionnels-entame-une-tournee-nationale-pour-des-elections-apaisees"]}]},{"@type":"ImageObject","inLanguage":"fr-FR","@id":"https:\/\/www.africa-press.net\/cotedivoire\/politique\/presidentielle-la-chambre-des-rois-et-chefs-traditionnels-entame-une-tournee-nationale-pour-des-elections-apaisees#primaryimage","url":"https:\/\/static.africa-press.net\/cote\/sites\/43\/2025\/05\/sm_1748013429.265286.jpg","contentUrl":"https:\/\/static.africa-press.net\/cote\/sites\/43\/2025\/05\/sm_1748013429.265286.jpg","width":720,"height":480,"caption":"Pr\u00e9sidentielle, la Chambre des Rois et Chefs Traditionnels entame une tourn\u00e9e nationale pour des \u00e9lections apais\u00e9es"},{"@type":"BreadcrumbList","@id":"https:\/\/www.africa-press.net\/cotedivoire\/politique\/presidentielle-la-chambre-des-rois-et-chefs-traditionnels-entame-une-tournee-nationale-pour-des-elections-apaisees#breadcrumb","itemListElement":[{"@type":"ListItem","position":1,"name":"Accueil","item":"https:\/\/www.africa-press.net\/cotedivoire\/"},{"@type":"ListItem","position":2,"name":"Pr\u00e9sidentielle, la Chambre des Rois et Chefs Traditionnels entame une tourn\u00e9e nationale pour des \u00e9lections apais\u00e9es"}]},{"@type":"WebSite","@id":"https:\/\/www.africa-press.net\/cotedivoire\/#website","url":"https:\/\/www.africa-press.net\/cotedivoire\/","name":"C\u00f4te d&#039;Ivoire","description":"Just another Africa News Agency Sites site","potentialAction":[{"@type":"SearchAction","target":{"@type":"EntryPoint","urlTemplate":"https:\/\/www.africa-press.net\/cotedivoire\/?s={search_term_string}"},"query-input":{"@type":"PropertyValueSpecification","valueRequired":true,"valueName":"search_term_string"}}],"inLanguage":"fr-FR"},{"@type":"Person","@id":"https:\/\/www.africa-press.net\/cotedivoire\/#\/schema\/person\/2b1cf3cd81a31e3cd26889ca66d677f1","name":"cfeditorfr"}]}},"_links":{"self":[{"href":"https:\/\/www.africa-press.net\/cotedivoire\/wp-json\/wp\/v2\/posts\/99538","targetHints":{"allow":["GET"]}}],"collection":[{"href":"https:\/\/www.africa-press.net\/cotedivoire\/wp-json\/wp\/v2\/posts"}],"about":[{"href":"https:\/\/www.africa-press.net\/cotedivoire\/wp-json\/wp\/v2\/types\/post"}],"author":[{"embeddable":true,"href":"https:\/\/www.africa-press.net\/cotedivoire\/wp-json\/wp\/v2\/users\/82"}],"replies":[{"embeddable":true,"href":"https:\/\/www.africa-press.net\/cotedivoire\/wp-json\/wp\/v2\/comments?post=99538"}],"version-history":[{"count":0,"href":"https:\/\/www.africa-press.net\/cotedivoire\/wp-json\/wp\/v2\/posts\/99538\/revisions"}],"wp:featuredmedia":[{"embeddable":true,"href":"https:\/\/www.africa-press.net\/cotedivoire\/wp-json\/wp\/v2\/media\/99537"}],"wp:attachment":[{"href":"https:\/\/www.africa-press.net\/cotedivoire\/wp-json\/wp\/v2\/media?parent=99538"}],"wp:term":[{"taxonomy":"category","embeddable":true,"href":"https:\/\/www.africa-press.net\/cotedivoire\/wp-json\/wp\/v2\/categories?post=99538"},{"taxonomy":"post_tag","embeddable":true,"href":"https:\/\/www.africa-press.net\/cotedivoire\/wp-json\/wp\/v2\/tags?post=99538"}],"curies":[{"name":"wp","href":"https:\/\/api.w.org\/{rel}","templated":true}]}}