{"id":99541,"date":"2025-05-23T18:21:19","date_gmt":"2025-05-23T18:21:19","guid":{"rendered":"https:\/\/www.africa-press.net\/cotedivoire\/politique\/processus-electoral-la-cap-ci-et-le-ndi-echangent-sur-les-enjeux-des-elections-de-2025"},"modified":"2025-05-23T18:47:51","modified_gmt":"2025-05-23T18:47:51","slug":"processus-electoral-la-cap-ci-et-le-ndi-echangent-sur-les-enjeux-des-elections-de-2025","status":"publish","type":"post","link":"https:\/\/www.africa-press.net\/cotedivoire\/politique\/processus-electoral-la-cap-ci-et-le-ndi-echangent-sur-les-enjeux-des-elections-de-2025","title":{"rendered":"Processus \u00e9lectoral, la CAP-CI et le NDI \u00e9changent sur les enjeux des \u00e9lections de 2025"},"content":{"rendered":"<p><span style=\"color: #ff6600\"><strong>Africa-Press &#8211; C\u00f4te d&rsquo;Ivoire. <\/strong><\/span>Dans un dialogue constructif, une re\u0301union s&rsquo;est de\u0301roule\u0301e hier jeudi 22 mai 2025 au sie\u0300ge du Mouvement des Ge\u0301ne\u0301rations Capables (MGC) a\u0300 Abidjan. Cette se\u0301ance a re\u0301uni la coalition politique CAP-Co\u0302te d&rsquo;Ivoire et le National Democratic Institute (NDI), repre\u0301sente\u0301 par le Dr Christopher Fomunyoh, Directeur pour l&rsquo;Afrique, accompagne\u0301 de son colle\u0300gue Franc\u0327ois Traore\u0301.<\/p>\n<p>Au c\u0153ur des discussions: les enjeux du processus e\u0301lectoral ivoirien a\u0300 l&rsquo;approche des prochaines e\u0301lections. Les conversations ont tourne\u0301 autour des de\u0301fis concernant la transparence, l&rsquo;e\u0301quite\u0301 et la se\u0301curite\u0301 des e\u0301lections, ainsi que des moyens concrets pour renforcer la confiance parmi les diffe\u0301rents acteurs du paysage politique.<\/p>\n<p>La CAP-Co\u0302te d&rsquo;Ivoire, qui rassemble plusieurs partis politiques, a montre\u0301 une de\u0301termination claire a\u0300 contribuer au renforcement de la de\u0301mocratie en s&rsquo;engageant activement dans le dialogue et la concertation. Des personnalite\u0301s politiques comme E\u0301ric Kahe\u0301 (AIRD), Tanoh Abizi (PIP), Le\u0301on Ve\u0301hi (UPN), Gbame\u0301nin Bi Tra (UDP), Dr Paul-Herve\u0301 Agoubli (Objectif Re\u0301publique), Akpa Corentin (MGC), Assamoi Bernard Claude (Cri-Panafricain), et Bintou Essehi (MGC) ont participe\u0301 aux e\u0301changes, illustrant la diversite\u0301 et la repre\u0301sentativite\u0301 de la coalition.<\/p>\n<p>Du co\u0302te\u0301 du NDI, cette rencontre s\u2019inscrit dans une se\u0301rie d\u2019initiatives pour soutenir la de\u0301mocratie participative en Afrique, en encourageant des espaces de dialogue politique ouverts et inclusifs. Le Dr Fomunyoh a salue\u0301 l&rsquo;engagement de la CAP-Co\u0302te d&rsquo;Ivoire pour une transition e\u0301lectorale paisible, tout en re\u0301affirmant le ro\u0302le du NDI en tant que partenaire neutre et technique.<\/p>\n<p>En ces moments de\u0301cisifs pour la de\u0301mocratie ivoirienne, cette re\u0301union marque une e\u0301tape cle\u0301 dans la recherche d&rsquo;un climat politique apaise\u0301, base\u0301 sur le respect mutuel, l&rsquo;e\u0301coute et la transparence. Une volonte\u0301 commune e\u0301merge: celle d&rsquo;organiser un scrutin libre, cre\u0301dible et accepte\u0301 par tous a\u0300 l&rsquo;image des de\u0301cisions de justice souveraine dont celle de la radiation de Thiam apre\u0300s une erreur de sa part au moment de l&rsquo;inscriton, sur la liste electorale. Erreur qui lui coute de ne pas pouvoir se pre\u0301senter a\u0300 la pre\u0301sidentielle de 2025.<\/p>\n<p><strong>Pour plus d&rsquo;informations et d&rsquo;analyses sur la <span style=\"color: #ff6600\">C\u00f4te d&rsquo;Ivoire<\/span>, suivez <span style=\"color: #ff6600\">Africa-Press<\/span><\/strong><\/p>\n","protected":false},"excerpt":{"rendered":"<p>Africa-Press &#8211; C\u00f4te d&rsquo;Ivoire. Dans un dialogue constructif, une re\u0301union s&rsquo;est de\u0301roule\u0301e hier jeudi 22 mai 2025 au sie\u0300ge du Mouvement des Ge\u0301ne\u0301rations Capables (MGC) a\u0300 Abidjan. Cette se\u0301ance a re\u0301uni la coalition politique CAP-Co\u0302te d&rsquo;Ivoire et le National Democratic Institute (NDI), repre\u0301sente\u0301 par le Dr Christopher Fomunyoh, Directeur pour l&rsquo;Afrique, accompagne\u0301 de son colle\u0300gue [&hellip;]<\/p>\n","protected":false},"author":82,"featured_media":99540,"comment_status":"open","ping_status":"closed","sticky":false,"template":"","format":"standard","meta":{"footnotes":""},"categories":[2,10],"tags":[1490,29,988,1589,1981,363],"class_list":["post-99541","post","type-post","status-publish","format-standard","has-post-thumbnail","hentry","category-politique","category-toutes-les-actualites","tag-cap","tag-cote-divoire","tag-dialogue","tag-mgc","tag-ndi","tag-parti"],"yoast_head":"<!-- This site is optimized with the Yoast SEO Premium plugin v26.1 (Yoast SEO v27.0) - https:\/\/yoast.com\/product\/yoast-seo-premium-wordpress\/ -->\n<title>Processus \u00e9lectoral, la CAP-CI et le NDI \u00e9changent sur les enjeux des \u00e9lections de 2025 - C\u00f4te d&#039;Ivoire<\/title>\n<meta name=\"description\" content=\"Dans un dialogue constructif, une re\u0301union s&#039;est de\u0301roule\u0301e hier jeudi 22 mai 2025 au sie\u0300ge du Mouvement des Ge\u0301ne\u0301rati ...\" \/>\n<meta name=\"robots\" content=\"index, follow, max-snippet:-1, max-image-preview:large, max-video-preview:-1\" \/>\n<link rel=\"canonical\" href=\"https:\/\/www.africa-press.net\/cotedivoire\/politique\/processus-electoral-la-cap-ci-et-le-ndi-echangent-sur-les-enjeux-des-elections-de-2025\" \/>\n<meta property=\"og:locale\" content=\"fr_FR\" \/>\n<meta property=\"og:type\" content=\"article\" \/>\n<meta property=\"og:title\" content=\"Processus \u00e9lectoral, la CAP-CI et le NDI \u00e9changent sur les enjeux des \u00e9lections de 2025\" \/>\n<meta property=\"og:description\" content=\"Dans un dialogue constructif, une re\u0301union s&#039;est de\u0301roule\u0301e hier jeudi 22 mai 2025 au sie\u0300ge du Mouvement des Ge\u0301ne\u0301rati ...\" \/>\n<meta property=\"og:url\" content=\"https:\/\/www.africa-press.net\/cotedivoire\/politique\/processus-electoral-la-cap-ci-et-le-ndi-echangent-sur-les-enjeux-des-elections-de-2025\" \/>\n<meta property=\"og:site_name\" content=\"C\u00f4te d&#039;Ivoire\" \/>\n<meta property=\"article:published_time\" content=\"2025-05-23T18:21:19+00:00\" \/>\n<meta property=\"article:modified_time\" content=\"2025-05-23T18:47:51+00:00\" \/>\n<meta property=\"og:image\" content=\"https:\/\/static.africa-press.net\/cote\/sites\/43\/2025\/05\/sm_1748013440.830905.jpg\" \/>\n\t<meta property=\"og:image:width\" content=\"720\" \/>\n\t<meta property=\"og:image:height\" content=\"480\" \/>\n\t<meta property=\"og:image:type\" content=\"image\/jpeg\" \/>\n<meta name=\"author\" content=\"cfeditorfr\" \/>\n<meta name=\"twitter:card\" content=\"summary_large_image\" \/>\n<meta name=\"twitter:label1\" content=\"\u00c9crit par\" \/>\n\t<meta name=\"twitter:data1\" content=\"cfeditorfr\" \/>\n\t<meta name=\"twitter:label2\" content=\"Dur\u00e9e de lecture estim\u00e9e\" \/>\n\t<meta name=\"twitter:data2\" content=\"2 minutes\" \/>\n<script type=\"application\/ld+json\" class=\"yoast-schema-graph\">{\"@context\":\"https:\/\/schema.org\",\"@graph\":[{\"@type\":\"Article\",\"@id\":\"https:\/\/www.africa-press.net\/cotedivoire\/politique\/processus-electoral-la-cap-ci-et-le-ndi-echangent-sur-les-enjeux-des-elections-de-2025#article\",\"isPartOf\":{\"@id\":\"https:\/\/www.africa-press.net\/cotedivoire\/politique\/processus-electoral-la-cap-ci-et-le-ndi-echangent-sur-les-enjeux-des-elections-de-2025\"},\"author\":{\"name\":\"cfeditorfr\",\"@id\":\"https:\/\/www.africa-press.net\/cotedivoire\/#\/schema\/person\/2b1cf3cd81a31e3cd26889ca66d677f1\"},\"headline\":\"Processus \u00e9lectoral, la CAP-CI et le NDI \u00e9changent sur les enjeux des \u00e9lections de 2025\",\"datePublished\":\"2025-05-23T18:21:19+00:00\",\"dateModified\":\"2025-05-23T18:47:51+00:00\",\"mainEntityOfPage\":{\"@id\":\"https:\/\/www.africa-press.net\/cotedivoire\/politique\/processus-electoral-la-cap-ci-et-le-ndi-echangent-sur-les-enjeux-des-elections-de-2025\"},\"wordCount\":416,\"commentCount\":0,\"image\":{\"@id\":\"https:\/\/www.africa-press.net\/cotedivoire\/politique\/processus-electoral-la-cap-ci-et-le-ndi-echangent-sur-les-enjeux-des-elections-de-2025#primaryimage\"},\"thumbnailUrl\":\"https:\/\/static.africa-press.net\/cote\/sites\/43\/2025\/05\/sm_1748013440.830905.jpg\",\"keywords\":[\"Cap\",\"C\u00d4TE D'IVOIRE\",\"Dialogue\",\"MGC\",\"NDI\",\"Parti\"],\"articleSection\":[\"Politique\",\"Toutes les actualit\u00e9s\"],\"inLanguage\":\"fr-FR\",\"potentialAction\":[{\"@type\":\"CommentAction\",\"name\":\"Comment\",\"target\":[\"https:\/\/www.africa-press.net\/cotedivoire\/politique\/processus-electoral-la-cap-ci-et-le-ndi-echangent-sur-les-enjeux-des-elections-de-2025#respond\"]}]},{\"@type\":\"WebPage\",\"@id\":\"https:\/\/www.africa-press.net\/cotedivoire\/politique\/processus-electoral-la-cap-ci-et-le-ndi-echangent-sur-les-enjeux-des-elections-de-2025\",\"url\":\"https:\/\/www.africa-press.net\/cotedivoire\/politique\/processus-electoral-la-cap-ci-et-le-ndi-echangent-sur-les-enjeux-des-elections-de-2025\",\"name\":\"Processus \u00e9lectoral, la CAP-CI et le NDI \u00e9changent sur les enjeux des \u00e9lections de 2025 - C\u00f4te d&#039;Ivoire\",\"isPartOf\":{\"@id\":\"https:\/\/www.africa-press.net\/cotedivoire\/#website\"},\"primaryImageOfPage\":{\"@id\":\"https:\/\/www.africa-press.net\/cotedivoire\/politique\/processus-electoral-la-cap-ci-et-le-ndi-echangent-sur-les-enjeux-des-elections-de-2025#primaryimage\"},\"image\":{\"@id\":\"https:\/\/www.africa-press.net\/cotedivoire\/politique\/processus-electoral-la-cap-ci-et-le-ndi-echangent-sur-les-enjeux-des-elections-de-2025#primaryimage\"},\"thumbnailUrl\":\"https:\/\/static.africa-press.net\/cote\/sites\/43\/2025\/05\/sm_1748013440.830905.jpg\",\"datePublished\":\"2025-05-23T18:21:19+00:00\",\"dateModified\":\"2025-05-23T18:47:51+00:00\",\"author\":{\"@id\":\"https:\/\/www.africa-press.net\/cotedivoire\/#\/schema\/person\/2b1cf3cd81a31e3cd26889ca66d677f1\"},\"description\":\"Dans un dialogue constructif, une re\u0301union s'est de\u0301roule\u0301e hier jeudi 22 mai 2025 au sie\u0300ge du Mouvement des Ge\u0301ne\u0301rati ...\",\"breadcrumb\":{\"@id\":\"https:\/\/www.africa-press.net\/cotedivoire\/politique\/processus-electoral-la-cap-ci-et-le-ndi-echangent-sur-les-enjeux-des-elections-de-2025#breadcrumb\"},\"inLanguage\":\"fr-FR\",\"potentialAction\":[{\"@type\":\"ReadAction\",\"target\":[\"https:\/\/www.africa-press.net\/cotedivoire\/politique\/processus-electoral-la-cap-ci-et-le-ndi-echangent-sur-les-enjeux-des-elections-de-2025\"]}]},{\"@type\":\"ImageObject\",\"inLanguage\":\"fr-FR\",\"@id\":\"https:\/\/www.africa-press.net\/cotedivoire\/politique\/processus-electoral-la-cap-ci-et-le-ndi-echangent-sur-les-enjeux-des-elections-de-2025#primaryimage\",\"url\":\"https:\/\/static.africa-press.net\/cote\/sites\/43\/2025\/05\/sm_1748013440.830905.jpg\",\"contentUrl\":\"https:\/\/static.africa-press.net\/cote\/sites\/43\/2025\/05\/sm_1748013440.830905.jpg\",\"width\":720,\"height\":480,\"caption\":\"Processus \u00e9lectoral, la CAP-CI et le NDI \u00e9changent sur les enjeux des \u00e9lections de 2025\"},{\"@type\":\"BreadcrumbList\",\"@id\":\"https:\/\/www.africa-press.net\/cotedivoire\/politique\/processus-electoral-la-cap-ci-et-le-ndi-echangent-sur-les-enjeux-des-elections-de-2025#breadcrumb\",\"itemListElement\":[{\"@type\":\"ListItem\",\"position\":1,\"name\":\"Accueil\",\"item\":\"https:\/\/www.africa-press.net\/cotedivoire\/\"},{\"@type\":\"ListItem\",\"position\":2,\"name\":\"Processus \u00e9lectoral, la CAP-CI et le NDI \u00e9changent sur les enjeux des \u00e9lections de 2025\"}]},{\"@type\":\"WebSite\",\"@id\":\"https:\/\/www.africa-press.net\/cotedivoire\/#website\",\"url\":\"https:\/\/www.africa-press.net\/cotedivoire\/\",\"name\":\"C\u00f4te d&#039;Ivoire\",\"description\":\"Just another Africa News Agency Sites site\",\"potentialAction\":[{\"@type\":\"SearchAction\",\"target\":{\"@type\":\"EntryPoint\",\"urlTemplate\":\"https:\/\/www.africa-press.net\/cotedivoire\/?s={search_term_string}\"},\"query-input\":{\"@type\":\"PropertyValueSpecification\",\"valueRequired\":true,\"valueName\":\"search_term_string\"}}],\"inLanguage\":\"fr-FR\"},{\"@type\":\"Person\",\"@id\":\"https:\/\/www.africa-press.net\/cotedivoire\/#\/schema\/person\/2b1cf3cd81a31e3cd26889ca66d677f1\",\"name\":\"cfeditorfr\"}]}<\/script>\n<!-- \/ Yoast SEO Premium plugin. -->","yoast_head_json":{"title":"Processus \u00e9lectoral, la CAP-CI et le NDI \u00e9changent sur les enjeux des \u00e9lections de 2025 - C\u00f4te d&#039;Ivoire","description":"Dans un dialogue constructif, une re\u0301union s'est de\u0301roule\u0301e hier jeudi 22 mai 2025 au sie\u0300ge du Mouvement des Ge\u0301ne\u0301rati ...","robots":{"index":"index","follow":"follow","max-snippet":"max-snippet:-1","max-image-preview":"max-image-preview:large","max-video-preview":"max-video-preview:-1"},"canonical":"https:\/\/www.africa-press.net\/cotedivoire\/politique\/processus-electoral-la-cap-ci-et-le-ndi-echangent-sur-les-enjeux-des-elections-de-2025","og_locale":"fr_FR","og_type":"article","og_title":"Processus \u00e9lectoral, la CAP-CI et le NDI \u00e9changent sur les enjeux des \u00e9lections de 2025","og_description":"Dans un dialogue constructif, une re\u0301union s'est de\u0301roule\u0301e hier jeudi 22 mai 2025 au sie\u0300ge du Mouvement des Ge\u0301ne\u0301rati ...","og_url":"https:\/\/www.africa-press.net\/cotedivoire\/politique\/processus-electoral-la-cap-ci-et-le-ndi-echangent-sur-les-enjeux-des-elections-de-2025","og_site_name":"C\u00f4te d&#039;Ivoire","article_published_time":"2025-05-23T18:21:19+00:00","article_modified_time":"2025-05-23T18:47:51+00:00","og_image":[{"width":720,"height":480,"url":"https:\/\/static.africa-press.net\/cote\/sites\/43\/2025\/05\/sm_1748013440.830905.jpg","type":"image\/jpeg"}],"author":"cfeditorfr","twitter_card":"summary_large_image","twitter_misc":{"\u00c9crit par":"cfeditorfr","Dur\u00e9e de lecture estim\u00e9e":"2 minutes"},"schema":{"@context":"https:\/\/schema.org","@graph":[{"@type":"Article","@id":"https:\/\/www.africa-press.net\/cotedivoire\/politique\/processus-electoral-la-cap-ci-et-le-ndi-echangent-sur-les-enjeux-des-elections-de-2025#article","isPartOf":{"@id":"https:\/\/www.africa-press.net\/cotedivoire\/politique\/processus-electoral-la-cap-ci-et-le-ndi-echangent-sur-les-enjeux-des-elections-de-2025"},"author":{"name":"cfeditorfr","@id":"https:\/\/www.africa-press.net\/cotedivoire\/#\/schema\/person\/2b1cf3cd81a31e3cd26889ca66d677f1"},"headline":"Processus \u00e9lectoral, la CAP-CI et le NDI \u00e9changent sur les enjeux des \u00e9lections de 2025","datePublished":"2025-05-23T18:21:19+00:00","dateModified":"2025-05-23T18:47:51+00:00","mainEntityOfPage":{"@id":"https:\/\/www.africa-press.net\/cotedivoire\/politique\/processus-electoral-la-cap-ci-et-le-ndi-echangent-sur-les-enjeux-des-elections-de-2025"},"wordCount":416,"commentCount":0,"image":{"@id":"https:\/\/www.africa-press.net\/cotedivoire\/politique\/processus-electoral-la-cap-ci-et-le-ndi-echangent-sur-les-enjeux-des-elections-de-2025#primaryimage"},"thumbnailUrl":"https:\/\/static.africa-press.net\/cote\/sites\/43\/2025\/05\/sm_1748013440.830905.jpg","keywords":["Cap","C\u00d4TE D'IVOIRE","Dialogue","MGC","NDI","Parti"],"articleSection":["Politique","Toutes les actualit\u00e9s"],"inLanguage":"fr-FR","potentialAction":[{"@type":"CommentAction","name":"Comment","target":["https:\/\/www.africa-press.net\/cotedivoire\/politique\/processus-electoral-la-cap-ci-et-le-ndi-echangent-sur-les-enjeux-des-elections-de-2025#respond"]}]},{"@type":"WebPage","@id":"https:\/\/www.africa-press.net\/cotedivoire\/politique\/processus-electoral-la-cap-ci-et-le-ndi-echangent-sur-les-enjeux-des-elections-de-2025","url":"https:\/\/www.africa-press.net\/cotedivoire\/politique\/processus-electoral-la-cap-ci-et-le-ndi-echangent-sur-les-enjeux-des-elections-de-2025","name":"Processus \u00e9lectoral, la CAP-CI et le NDI \u00e9changent sur les enjeux des \u00e9lections de 2025 - C\u00f4te d&#039;Ivoire","isPartOf":{"@id":"https:\/\/www.africa-press.net\/cotedivoire\/#website"},"primaryImageOfPage":{"@id":"https:\/\/www.africa-press.net\/cotedivoire\/politique\/processus-electoral-la-cap-ci-et-le-ndi-echangent-sur-les-enjeux-des-elections-de-2025#primaryimage"},"image":{"@id":"https:\/\/www.africa-press.net\/cotedivoire\/politique\/processus-electoral-la-cap-ci-et-le-ndi-echangent-sur-les-enjeux-des-elections-de-2025#primaryimage"},"thumbnailUrl":"https:\/\/static.africa-press.net\/cote\/sites\/43\/2025\/05\/sm_1748013440.830905.jpg","datePublished":"2025-05-23T18:21:19+00:00","dateModified":"2025-05-23T18:47:51+00:00","author":{"@id":"https:\/\/www.africa-press.net\/cotedivoire\/#\/schema\/person\/2b1cf3cd81a31e3cd26889ca66d677f1"},"description":"Dans un dialogue constructif, une re\u0301union s'est de\u0301roule\u0301e hier jeudi 22 mai 2025 au sie\u0300ge du Mouvement des Ge\u0301ne\u0301rati ...","breadcrumb":{"@id":"https:\/\/www.africa-press.net\/cotedivoire\/politique\/processus-electoral-la-cap-ci-et-le-ndi-echangent-sur-les-enjeux-des-elections-de-2025#breadcrumb"},"inLanguage":"fr-FR","potentialAction":[{"@type":"ReadAction","target":["https:\/\/www.africa-press.net\/cotedivoire\/politique\/processus-electoral-la-cap-ci-et-le-ndi-echangent-sur-les-enjeux-des-elections-de-2025"]}]},{"@type":"ImageObject","inLanguage":"fr-FR","@id":"https:\/\/www.africa-press.net\/cotedivoire\/politique\/processus-electoral-la-cap-ci-et-le-ndi-echangent-sur-les-enjeux-des-elections-de-2025#primaryimage","url":"https:\/\/static.africa-press.net\/cote\/sites\/43\/2025\/05\/sm_1748013440.830905.jpg","contentUrl":"https:\/\/static.africa-press.net\/cote\/sites\/43\/2025\/05\/sm_1748013440.830905.jpg","width":720,"height":480,"caption":"Processus \u00e9lectoral, la CAP-CI et le NDI \u00e9changent sur les enjeux des \u00e9lections de 2025"},{"@type":"BreadcrumbList","@id":"https:\/\/www.africa-press.net\/cotedivoire\/politique\/processus-electoral-la-cap-ci-et-le-ndi-echangent-sur-les-enjeux-des-elections-de-2025#breadcrumb","itemListElement":[{"@type":"ListItem","position":1,"name":"Accueil","item":"https:\/\/www.africa-press.net\/cotedivoire\/"},{"@type":"ListItem","position":2,"name":"Processus \u00e9lectoral, la CAP-CI et le NDI \u00e9changent sur les enjeux des \u00e9lections de 2025"}]},{"@type":"WebSite","@id":"https:\/\/www.africa-press.net\/cotedivoire\/#website","url":"https:\/\/www.africa-press.net\/cotedivoire\/","name":"C\u00f4te d&#039;Ivoire","description":"Just another Africa News Agency Sites site","potentialAction":[{"@type":"SearchAction","target":{"@type":"EntryPoint","urlTemplate":"https:\/\/www.africa-press.net\/cotedivoire\/?s={search_term_string}"},"query-input":{"@type":"PropertyValueSpecification","valueRequired":true,"valueName":"search_term_string"}}],"inLanguage":"fr-FR"},{"@type":"Person","@id":"https:\/\/www.africa-press.net\/cotedivoire\/#\/schema\/person\/2b1cf3cd81a31e3cd26889ca66d677f1","name":"cfeditorfr"}]}},"_links":{"self":[{"href":"https:\/\/www.africa-press.net\/cotedivoire\/wp-json\/wp\/v2\/posts\/99541","targetHints":{"allow":["GET"]}}],"collection":[{"href":"https:\/\/www.africa-press.net\/cotedivoire\/wp-json\/wp\/v2\/posts"}],"about":[{"href":"https:\/\/www.africa-press.net\/cotedivoire\/wp-json\/wp\/v2\/types\/post"}],"author":[{"embeddable":true,"href":"https:\/\/www.africa-press.net\/cotedivoire\/wp-json\/wp\/v2\/users\/82"}],"replies":[{"embeddable":true,"href":"https:\/\/www.africa-press.net\/cotedivoire\/wp-json\/wp\/v2\/comments?post=99541"}],"version-history":[{"count":0,"href":"https:\/\/www.africa-press.net\/cotedivoire\/wp-json\/wp\/v2\/posts\/99541\/revisions"}],"wp:featuredmedia":[{"embeddable":true,"href":"https:\/\/www.africa-press.net\/cotedivoire\/wp-json\/wp\/v2\/media\/99540"}],"wp:attachment":[{"href":"https:\/\/www.africa-press.net\/cotedivoire\/wp-json\/wp\/v2\/media?parent=99541"}],"wp:term":[{"taxonomy":"category","embeddable":true,"href":"https:\/\/www.africa-press.net\/cotedivoire\/wp-json\/wp\/v2\/categories?post=99541"},{"taxonomy":"post_tag","embeddable":true,"href":"https:\/\/www.africa-press.net\/cotedivoire\/wp-json\/wp\/v2\/tags?post=99541"}],"curies":[{"name":"wp","href":"https:\/\/api.w.org\/{rel}","templated":true}]}}