{"id":99694,"date":"2025-05-26T18:55:07","date_gmt":"2025-05-26T18:55:07","guid":{"rendered":"https:\/\/www.africa-press.net\/cotedivoire\/politique\/federations-de-transporteurs-exigent-reponses-du-gouvernement"},"modified":"2025-05-26T19:22:01","modified_gmt":"2025-05-26T19:22:01","slug":"federations-de-transporteurs-exigent-reponses-du-gouvernement","status":"publish","type":"post","link":"https:\/\/www.africa-press.net\/cotedivoire\/economie\/federations-de-transporteurs-exigent-reponses-du-gouvernement","title":{"rendered":"F\u00e9d\u00e9rations de Transporteurs Exigent R\u00e9ponses du Gouvernement"},"content":{"rendered":"<p><span style=\"color: #ff6600\"><strong>Africa-Press &#8211; C\u00f4te d&rsquo;Ivoire. <\/strong><\/span>Les transporteurs ivoriens confronte\u0301s a\u0300 une crise lancent un appel pressant au gouvernement pour des solutions tangibles.<\/p>\n<p>Les associations de transporteurs en Co\u0302te d\u2019Ivoire tirent la sonnette d\u2019alarme. Lors d&rsquo;une rencontre tenue le vendredi 23 mai 2025 a\u0300 Abidjan, elles ont exprime\u0301, par le biais d&rsquo;un communique\u0301 transmis a\u0300 Koaci, leur de\u0301solation face a\u0300 l&rsquo;immobilisme du pouvoir en place devant les multiples difficulte\u0301s qui e\u0301tranglent le secteur des transports, et notamment celui des taxis-compteurs.<\/p>\n<p>Dans un contexte de tensions qui ne cessent de monter, exacerbe\u0301 par la re\u0301cente de\u0301signation d\u2019un gestionnaire temporaire a\u0300 la te\u0302te de la MATCA (Mutuelle d&rsquo;Assurance des Transporteurs de Co\u0302te d&rsquo;Ivoire), les repre\u0301sentants des transporteurs ont re\u0301clame\u0301 de toute urgence une rencontre avec le Pre\u0301sident de la Re\u0301publique. Ils contestent la le\u0301gitimite\u0301 de cette nomination survenue alors que la situation est de\u0301ja\u0300 fragile, aggrave\u0301e par des incidents violents devant le sie\u0300ge de la mutuelle a\u0300 Abidjan-Plateau le 19 mai dernier.<\/p>\n<p>Les fe\u0301de\u0301rations de\u0301noncent e\u0301galement l\u2019inattention a\u0300 leurs revendications, qu\u2019elles jugent vitales pour la pe\u0301rennite\u0301 du secteur. Parmi leurs demandes figurent un audit de\u0301taille\u0301 de la MATCA pour restaurer la confiance des assure\u0301s, l\u2019annulation de sanctions juge\u0301es injustes contre certains automobilistes, la cre\u0301ation d\u2019un ve\u0301ritable statut juridique pour les conducteurs, ainsi qu&rsquo;une lutte efficace contre les extorsions de fonds pratique\u0301es par certaines forces de l&rsquo;ordre sur les routes.<\/p>\n<p>A\u0300 ces reque\u0302tes se joignent des attentes e\u0301conomiques: diminution des taxes et des frais impose\u0301s, soutien e\u0301tatique pour le renouvellement des ve\u0301hicules, re\u0301duction des droits de douane et de la TVA sur les ve\u0301hicules de transport et les pie\u0300ces de\u0301tache\u0301es. Les transporteurs re\u0301clament aussi une re\u0301forme du syste\u0300me fiscal, avec la possibilite\u0301 de paiement de la patente en plusieurs e\u0301tapes, et demandent une harmonisation des cartes de stationnement a\u0300 l\u2019e\u0301chelle nationale, ainsi que la cre\u0301ation de plateformes d\u2019embarquement et de de\u0301barquement dans toutes les villes pour mieux organiser le trafic urbain.<\/p>\n<p>Fatigue\u0301s de patienter pour des actions concre\u0300tes, les acteurs du secteur se disent pre\u0302ts a\u0300 intensifier leurs revendications si leurs demandes continuent d&rsquo;e\u0302tre ignore\u0301es. Tout en re\u0301affirmant leur engagement envers le dialogue, ils avertissent que leur patience est a\u0300 bout face a\u0300 ce qu&rsquo;ils conside\u0300rent comme une ne\u0301gligence de l&rsquo;E\u0301tat envers un secteur crucial de l&rsquo;e\u0301conomie nationale.<\/p>\n<p><strong>Pour plus d&rsquo;informations et d&rsquo;analyses sur la <span style=\"color: #ff6600\">C\u00f4te d&rsquo;Ivoire<\/span>, suivez <span style=\"color: #ff6600\">Africa-Press<\/span><\/strong><\/p>\n","protected":false},"excerpt":{"rendered":"<p>Africa-Press &#8211; C\u00f4te d&rsquo;Ivoire. Les transporteurs ivoriens confronte\u0301s a\u0300 une crise lancent un appel pressant au gouvernement pour des solutions tangibles. Les associations de transporteurs en Co\u0302te d\u2019Ivoire tirent la sonnette d\u2019alarme. Lors d&rsquo;une rencontre tenue le vendredi 23 mai 2025 a\u0300 Abidjan, elles ont exprime\u0301, par le biais d&rsquo;un communique\u0301 transmis a\u0300 Koaci, leur [&hellip;]<\/p>\n","protected":false},"author":82,"featured_media":99693,"comment_status":"open","ping_status":"closed","sticky":false,"template":"","format":"standard","meta":{"footnotes":""},"categories":[3,10],"tags":[30,29,1371,527,1071],"class_list":["post-99694","post","type-post","status-publish","format-standard","has-post-thumbnail","hentry","category-economie","category-toutes-les-actualites","tag-abidjan","tag-cote-divoire","tag-matca","tag-plateau","tag-pouvoir"],"yoast_head":"<!-- This site is optimized with the Yoast SEO Premium plugin v26.1 (Yoast SEO v27.0) - https:\/\/yoast.com\/product\/yoast-seo-premium-wordpress\/ -->\n<title>F\u00e9d\u00e9rations de Transporteurs Exigent R\u00e9ponses du Gouvernement - C\u00f4te d&#039;Ivoire<\/title>\n<meta name=\"description\" content=\"Les transporteurs ivoriens confronte\u0301s a\u0300 une crise lancent un appel pressant au gouvernement pour des solutions tangibl ...\" \/>\n<meta name=\"robots\" content=\"index, follow, max-snippet:-1, max-image-preview:large, max-video-preview:-1\" \/>\n<link rel=\"canonical\" href=\"https:\/\/www.africa-press.net\/cotedivoire\/economie\/federations-de-transporteurs-exigent-reponses-du-gouvernement\" \/>\n<meta property=\"og:locale\" content=\"fr_FR\" \/>\n<meta property=\"og:type\" content=\"article\" \/>\n<meta property=\"og:title\" content=\"F\u00e9d\u00e9rations de Transporteurs Exigent R\u00e9ponses du Gouvernement\" \/>\n<meta property=\"og:description\" content=\"Les transporteurs ivoriens confronte\u0301s a\u0300 une crise lancent un appel pressant au gouvernement pour des solutions tangibl ...\" \/>\n<meta property=\"og:url\" content=\"https:\/\/www.africa-press.net\/cotedivoire\/economie\/federations-de-transporteurs-exigent-reponses-du-gouvernement\" \/>\n<meta property=\"og:site_name\" content=\"C\u00f4te d&#039;Ivoire\" \/>\n<meta property=\"article:published_time\" content=\"2025-05-26T18:55:07+00:00\" \/>\n<meta property=\"article:modified_time\" content=\"2025-05-26T19:22:01+00:00\" \/>\n<meta property=\"og:image\" content=\"https:\/\/static.africa-press.net\/cote\/sites\/43\/2025\/05\/sm_1748274686.167606.jpg\" \/>\n\t<meta property=\"og:image:width\" content=\"720\" \/>\n\t<meta property=\"og:image:height\" content=\"540\" \/>\n\t<meta property=\"og:image:type\" content=\"image\/jpeg\" \/>\n<meta name=\"author\" content=\"cfeditorfr\" \/>\n<meta name=\"twitter:card\" content=\"summary_large_image\" \/>\n<meta name=\"twitter:label1\" content=\"\u00c9crit par\" \/>\n\t<meta name=\"twitter:data1\" content=\"cfeditorfr\" \/>\n\t<meta name=\"twitter:label2\" content=\"Dur\u00e9e de lecture estim\u00e9e\" \/>\n\t<meta name=\"twitter:data2\" content=\"2 minutes\" \/>\n<script type=\"application\/ld+json\" class=\"yoast-schema-graph\">{\"@context\":\"https:\/\/schema.org\",\"@graph\":[{\"@type\":\"Article\",\"@id\":\"https:\/\/www.africa-press.net\/cotedivoire\/economie\/federations-de-transporteurs-exigent-reponses-du-gouvernement#article\",\"isPartOf\":{\"@id\":\"https:\/\/www.africa-press.net\/cotedivoire\/economie\/federations-de-transporteurs-exigent-reponses-du-gouvernement\"},\"author\":{\"name\":\"cfeditorfr\",\"@id\":\"https:\/\/www.africa-press.net\/cotedivoire\/#\/schema\/person\/2b1cf3cd81a31e3cd26889ca66d677f1\"},\"headline\":\"F\u00e9d\u00e9rations de Transporteurs Exigent R\u00e9ponses du Gouvernement\",\"datePublished\":\"2025-05-26T18:55:07+00:00\",\"dateModified\":\"2025-05-26T19:22:01+00:00\",\"mainEntityOfPage\":{\"@id\":\"https:\/\/www.africa-press.net\/cotedivoire\/economie\/federations-de-transporteurs-exigent-reponses-du-gouvernement\"},\"wordCount\":472,\"commentCount\":0,\"image\":{\"@id\":\"https:\/\/www.africa-press.net\/cotedivoire\/economie\/federations-de-transporteurs-exigent-reponses-du-gouvernement#primaryimage\"},\"thumbnailUrl\":\"https:\/\/static.africa-press.net\/cote\/sites\/43\/2025\/05\/sm_1748274686.167606.jpg\",\"keywords\":[\"Abidjan\",\"C\u00d4TE D'IVOIRE\",\"MATCA\",\"Plateau\",\"pouvoir\"],\"articleSection\":[\"\u00c9conomie\",\"Toutes les actualit\u00e9s\"],\"inLanguage\":\"fr-FR\",\"potentialAction\":[{\"@type\":\"CommentAction\",\"name\":\"Comment\",\"target\":[\"https:\/\/www.africa-press.net\/cotedivoire\/economie\/federations-de-transporteurs-exigent-reponses-du-gouvernement#respond\"]}]},{\"@type\":\"WebPage\",\"@id\":\"https:\/\/www.africa-press.net\/cotedivoire\/economie\/federations-de-transporteurs-exigent-reponses-du-gouvernement\",\"url\":\"https:\/\/www.africa-press.net\/cotedivoire\/economie\/federations-de-transporteurs-exigent-reponses-du-gouvernement\",\"name\":\"F\u00e9d\u00e9rations de Transporteurs Exigent R\u00e9ponses du Gouvernement - C\u00f4te d&#039;Ivoire\",\"isPartOf\":{\"@id\":\"https:\/\/www.africa-press.net\/cotedivoire\/#website\"},\"primaryImageOfPage\":{\"@id\":\"https:\/\/www.africa-press.net\/cotedivoire\/economie\/federations-de-transporteurs-exigent-reponses-du-gouvernement#primaryimage\"},\"image\":{\"@id\":\"https:\/\/www.africa-press.net\/cotedivoire\/economie\/federations-de-transporteurs-exigent-reponses-du-gouvernement#primaryimage\"},\"thumbnailUrl\":\"https:\/\/static.africa-press.net\/cote\/sites\/43\/2025\/05\/sm_1748274686.167606.jpg\",\"datePublished\":\"2025-05-26T18:55:07+00:00\",\"dateModified\":\"2025-05-26T19:22:01+00:00\",\"author\":{\"@id\":\"https:\/\/www.africa-press.net\/cotedivoire\/#\/schema\/person\/2b1cf3cd81a31e3cd26889ca66d677f1\"},\"description\":\"Les transporteurs ivoriens confronte\u0301s a\u0300 une crise lancent un appel pressant au gouvernement pour des solutions tangibl ...\",\"breadcrumb\":{\"@id\":\"https:\/\/www.africa-press.net\/cotedivoire\/economie\/federations-de-transporteurs-exigent-reponses-du-gouvernement#breadcrumb\"},\"inLanguage\":\"fr-FR\",\"potentialAction\":[{\"@type\":\"ReadAction\",\"target\":[\"https:\/\/www.africa-press.net\/cotedivoire\/economie\/federations-de-transporteurs-exigent-reponses-du-gouvernement\"]}]},{\"@type\":\"ImageObject\",\"inLanguage\":\"fr-FR\",\"@id\":\"https:\/\/www.africa-press.net\/cotedivoire\/economie\/federations-de-transporteurs-exigent-reponses-du-gouvernement#primaryimage\",\"url\":\"https:\/\/static.africa-press.net\/cote\/sites\/43\/2025\/05\/sm_1748274686.167606.jpg\",\"contentUrl\":\"https:\/\/static.africa-press.net\/cote\/sites\/43\/2025\/05\/sm_1748274686.167606.jpg\",\"width\":720,\"height\":540,\"caption\":\"F\u00e9d\u00e9rations de Transporteurs Exigent R\u00e9ponses du Gouvernement\"},{\"@type\":\"BreadcrumbList\",\"@id\":\"https:\/\/www.africa-press.net\/cotedivoire\/economie\/federations-de-transporteurs-exigent-reponses-du-gouvernement#breadcrumb\",\"itemListElement\":[{\"@type\":\"ListItem\",\"position\":1,\"name\":\"Accueil\",\"item\":\"https:\/\/www.africa-press.net\/cotedivoire\/\"},{\"@type\":\"ListItem\",\"position\":2,\"name\":\"F\u00e9d\u00e9rations de Transporteurs Exigent R\u00e9ponses du Gouvernement\"}]},{\"@type\":\"WebSite\",\"@id\":\"https:\/\/www.africa-press.net\/cotedivoire\/#website\",\"url\":\"https:\/\/www.africa-press.net\/cotedivoire\/\",\"name\":\"C\u00f4te d&#039;Ivoire\",\"description\":\"Just another Africa News Agency Sites site\",\"potentialAction\":[{\"@type\":\"SearchAction\",\"target\":{\"@type\":\"EntryPoint\",\"urlTemplate\":\"https:\/\/www.africa-press.net\/cotedivoire\/?s={search_term_string}\"},\"query-input\":{\"@type\":\"PropertyValueSpecification\",\"valueRequired\":true,\"valueName\":\"search_term_string\"}}],\"inLanguage\":\"fr-FR\"},{\"@type\":\"Person\",\"@id\":\"https:\/\/www.africa-press.net\/cotedivoire\/#\/schema\/person\/2b1cf3cd81a31e3cd26889ca66d677f1\",\"name\":\"cfeditorfr\"}]}<\/script>\n<!-- \/ Yoast SEO Premium plugin. -->","yoast_head_json":{"title":"F\u00e9d\u00e9rations de Transporteurs Exigent R\u00e9ponses du Gouvernement - C\u00f4te d&#039;Ivoire","description":"Les transporteurs ivoriens confronte\u0301s a\u0300 une crise lancent un appel pressant au gouvernement pour des solutions tangibl ...","robots":{"index":"index","follow":"follow","max-snippet":"max-snippet:-1","max-image-preview":"max-image-preview:large","max-video-preview":"max-video-preview:-1"},"canonical":"https:\/\/www.africa-press.net\/cotedivoire\/economie\/federations-de-transporteurs-exigent-reponses-du-gouvernement","og_locale":"fr_FR","og_type":"article","og_title":"F\u00e9d\u00e9rations de Transporteurs Exigent R\u00e9ponses du Gouvernement","og_description":"Les transporteurs ivoriens confronte\u0301s a\u0300 une crise lancent un appel pressant au gouvernement pour des solutions tangibl ...","og_url":"https:\/\/www.africa-press.net\/cotedivoire\/economie\/federations-de-transporteurs-exigent-reponses-du-gouvernement","og_site_name":"C\u00f4te d&#039;Ivoire","article_published_time":"2025-05-26T18:55:07+00:00","article_modified_time":"2025-05-26T19:22:01+00:00","og_image":[{"width":720,"height":540,"url":"https:\/\/static.africa-press.net\/cote\/sites\/43\/2025\/05\/sm_1748274686.167606.jpg","type":"image\/jpeg"}],"author":"cfeditorfr","twitter_card":"summary_large_image","twitter_misc":{"\u00c9crit par":"cfeditorfr","Dur\u00e9e de lecture estim\u00e9e":"2 minutes"},"schema":{"@context":"https:\/\/schema.org","@graph":[{"@type":"Article","@id":"https:\/\/www.africa-press.net\/cotedivoire\/economie\/federations-de-transporteurs-exigent-reponses-du-gouvernement#article","isPartOf":{"@id":"https:\/\/www.africa-press.net\/cotedivoire\/economie\/federations-de-transporteurs-exigent-reponses-du-gouvernement"},"author":{"name":"cfeditorfr","@id":"https:\/\/www.africa-press.net\/cotedivoire\/#\/schema\/person\/2b1cf3cd81a31e3cd26889ca66d677f1"},"headline":"F\u00e9d\u00e9rations de Transporteurs Exigent R\u00e9ponses du Gouvernement","datePublished":"2025-05-26T18:55:07+00:00","dateModified":"2025-05-26T19:22:01+00:00","mainEntityOfPage":{"@id":"https:\/\/www.africa-press.net\/cotedivoire\/economie\/federations-de-transporteurs-exigent-reponses-du-gouvernement"},"wordCount":472,"commentCount":0,"image":{"@id":"https:\/\/www.africa-press.net\/cotedivoire\/economie\/federations-de-transporteurs-exigent-reponses-du-gouvernement#primaryimage"},"thumbnailUrl":"https:\/\/static.africa-press.net\/cote\/sites\/43\/2025\/05\/sm_1748274686.167606.jpg","keywords":["Abidjan","C\u00d4TE D'IVOIRE","MATCA","Plateau","pouvoir"],"articleSection":["\u00c9conomie","Toutes les actualit\u00e9s"],"inLanguage":"fr-FR","potentialAction":[{"@type":"CommentAction","name":"Comment","target":["https:\/\/www.africa-press.net\/cotedivoire\/economie\/federations-de-transporteurs-exigent-reponses-du-gouvernement#respond"]}]},{"@type":"WebPage","@id":"https:\/\/www.africa-press.net\/cotedivoire\/economie\/federations-de-transporteurs-exigent-reponses-du-gouvernement","url":"https:\/\/www.africa-press.net\/cotedivoire\/economie\/federations-de-transporteurs-exigent-reponses-du-gouvernement","name":"F\u00e9d\u00e9rations de Transporteurs Exigent R\u00e9ponses du Gouvernement - C\u00f4te d&#039;Ivoire","isPartOf":{"@id":"https:\/\/www.africa-press.net\/cotedivoire\/#website"},"primaryImageOfPage":{"@id":"https:\/\/www.africa-press.net\/cotedivoire\/economie\/federations-de-transporteurs-exigent-reponses-du-gouvernement#primaryimage"},"image":{"@id":"https:\/\/www.africa-press.net\/cotedivoire\/economie\/federations-de-transporteurs-exigent-reponses-du-gouvernement#primaryimage"},"thumbnailUrl":"https:\/\/static.africa-press.net\/cote\/sites\/43\/2025\/05\/sm_1748274686.167606.jpg","datePublished":"2025-05-26T18:55:07+00:00","dateModified":"2025-05-26T19:22:01+00:00","author":{"@id":"https:\/\/www.africa-press.net\/cotedivoire\/#\/schema\/person\/2b1cf3cd81a31e3cd26889ca66d677f1"},"description":"Les transporteurs ivoriens confronte\u0301s a\u0300 une crise lancent un appel pressant au gouvernement pour des solutions tangibl ...","breadcrumb":{"@id":"https:\/\/www.africa-press.net\/cotedivoire\/economie\/federations-de-transporteurs-exigent-reponses-du-gouvernement#breadcrumb"},"inLanguage":"fr-FR","potentialAction":[{"@type":"ReadAction","target":["https:\/\/www.africa-press.net\/cotedivoire\/economie\/federations-de-transporteurs-exigent-reponses-du-gouvernement"]}]},{"@type":"ImageObject","inLanguage":"fr-FR","@id":"https:\/\/www.africa-press.net\/cotedivoire\/economie\/federations-de-transporteurs-exigent-reponses-du-gouvernement#primaryimage","url":"https:\/\/static.africa-press.net\/cote\/sites\/43\/2025\/05\/sm_1748274686.167606.jpg","contentUrl":"https:\/\/static.africa-press.net\/cote\/sites\/43\/2025\/05\/sm_1748274686.167606.jpg","width":720,"height":540,"caption":"F\u00e9d\u00e9rations de Transporteurs Exigent R\u00e9ponses du Gouvernement"},{"@type":"BreadcrumbList","@id":"https:\/\/www.africa-press.net\/cotedivoire\/economie\/federations-de-transporteurs-exigent-reponses-du-gouvernement#breadcrumb","itemListElement":[{"@type":"ListItem","position":1,"name":"Accueil","item":"https:\/\/www.africa-press.net\/cotedivoire\/"},{"@type":"ListItem","position":2,"name":"F\u00e9d\u00e9rations de Transporteurs Exigent R\u00e9ponses du Gouvernement"}]},{"@type":"WebSite","@id":"https:\/\/www.africa-press.net\/cotedivoire\/#website","url":"https:\/\/www.africa-press.net\/cotedivoire\/","name":"C\u00f4te d&#039;Ivoire","description":"Just another Africa News Agency Sites site","potentialAction":[{"@type":"SearchAction","target":{"@type":"EntryPoint","urlTemplate":"https:\/\/www.africa-press.net\/cotedivoire\/?s={search_term_string}"},"query-input":{"@type":"PropertyValueSpecification","valueRequired":true,"valueName":"search_term_string"}}],"inLanguage":"fr-FR"},{"@type":"Person","@id":"https:\/\/www.africa-press.net\/cotedivoire\/#\/schema\/person\/2b1cf3cd81a31e3cd26889ca66d677f1","name":"cfeditorfr"}]}},"_links":{"self":[{"href":"https:\/\/www.africa-press.net\/cotedivoire\/wp-json\/wp\/v2\/posts\/99694","targetHints":{"allow":["GET"]}}],"collection":[{"href":"https:\/\/www.africa-press.net\/cotedivoire\/wp-json\/wp\/v2\/posts"}],"about":[{"href":"https:\/\/www.africa-press.net\/cotedivoire\/wp-json\/wp\/v2\/types\/post"}],"author":[{"embeddable":true,"href":"https:\/\/www.africa-press.net\/cotedivoire\/wp-json\/wp\/v2\/users\/82"}],"replies":[{"embeddable":true,"href":"https:\/\/www.africa-press.net\/cotedivoire\/wp-json\/wp\/v2\/comments?post=99694"}],"version-history":[{"count":0,"href":"https:\/\/www.africa-press.net\/cotedivoire\/wp-json\/wp\/v2\/posts\/99694\/revisions"}],"wp:featuredmedia":[{"embeddable":true,"href":"https:\/\/www.africa-press.net\/cotedivoire\/wp-json\/wp\/v2\/media\/99693"}],"wp:attachment":[{"href":"https:\/\/www.africa-press.net\/cotedivoire\/wp-json\/wp\/v2\/media?parent=99694"}],"wp:term":[{"taxonomy":"category","embeddable":true,"href":"https:\/\/www.africa-press.net\/cotedivoire\/wp-json\/wp\/v2\/categories?post=99694"},{"taxonomy":"post_tag","embeddable":true,"href":"https:\/\/www.africa-press.net\/cotedivoire\/wp-json\/wp\/v2\/tags?post=99694"}],"curies":[{"name":"wp","href":"https:\/\/api.w.org\/{rel}","templated":true}]}}