{"id":99719,"date":"2025-05-26T18:58:56","date_gmt":"2025-05-26T18:58:56","guid":{"rendered":"https:\/\/www.africa-press.net\/cotedivoire\/politique\/engagement-des-acteurs-pour-la-charte-des-concours-2025"},"modified":"2025-05-26T19:24:00","modified_gmt":"2025-05-26T19:24:00","slug":"engagement-des-acteurs-pour-la-charte-des-concours-2025","status":"publish","type":"post","link":"https:\/\/www.africa-press.net\/cotedivoire\/economie\/engagement-des-acteurs-pour-la-charte-des-concours-2025","title":{"rendered":"Engagement des Acteurs pour la Charte des Concours 2025"},"content":{"rendered":"<p><span style=\"color: #ff6600\"><strong>Africa-Press &#8211; C\u00f4te d&rsquo;Ivoire. <\/strong><\/span>La ce\u0301re\u0301monie d\u2019adhe\u0301sion des acteurs a\u0300 la charte d\u2019e\u0301tique des concours administratifs de la Fonction a lieu vendredi dernier a\u0300 l\u2019Ecole Nationale d\u2019Administration (ENA), a\u0300 Abidjan-Cocody.<\/p>\n<p>Au cours de ladite ce\u0301re\u0301monie, le pre\u0301fet de la re\u0301gion du Gontougo, Monsieur Andre\u0301 Kouadio, tut en exprimant son admiration pour Madame le Ministre d\u2019Etat, Ministre de la Fonction Publique et de la Modernisation de l\u2019Administration, Anne De\u0301sire\u0301e Ouloto, a salue\u0301 les innovations depuis sa prise de fonction dans l\u2019organisation des concours, qui selon lui traduise la volonte\u0301 du chef de l\u2019Etat, Alassane Ouattara, de faire de l\u2019administration ivoirienne cre\u0301dible et e\u0301quitables, avant de prendre un engagement solennel.<\/p>\n<p>\u00ab Nous prenons l\u2019engagement de respecter les articles de la charte d\u2019e\u0301thique des concours administratifs de de la Fonction Publique session 2025 \u00bb, a-t-il promis.<\/p>\n<p>Quant a\u0300 la Ministre Anne Ouloto, elle a releve\u0301, que l\u2019adhe\u0301sion a\u0300 la Charte d\u2019e\u0301thique est une condition indispensable a\u0300 la bonne organisation des concours.<\/p>\n<p>\u00ab Il ne s\u2019agit pas d\u2019un simple engagement formel, et professionnelle. Nous avons collectivement fait le pari de doter notre administration de fonctionnaires compe\u0301tents, inte\u0300gres et de\u0301voue\u0301s a\u0300 l\u2019inte\u0301re\u0302t ge\u0301ne\u0301ral. Pour cela, nous devons nous donner les moyens de nos ambitions, et cela commence par l&rsquo;exemplarite\u0301 de chacun des acteurs du processus \u00bb, a-t-elle souligne\u0301.<\/p>\n<p>Selon la Ministre la charte, d\u2019e\u0301thique est un re\u0301fe\u0301rentiel de conduite, car elle e\u0301nonce les principes de transparence, d\u2019impartialite\u0301, d\u2019e\u0301quite\u0301 et de loyaute\u0301 que vous e\u0302tes tenus d\u2019observer.<\/p>\n<p>\u00ab Votre ro\u0302le est essentiel, et les re\u0301sultats obtenus jusqu\u2019ici notamment l\u2019ame\u0301lioration notable de l\u2019environnement des concours en sont la preuve. Mais il faut aller encore plus loin. A\u0300 ce titre, votre adhe\u0301sion a\u0300 la Charte d\u2019e\u0301thique doit e\u0302tre perc\u0327ue comme un sacerdoce, un engagement ferme en faveur de la probite\u0301 et de l\u2019exemplarite\u0301, gages de la cre\u0301dibilite\u0301 des concours administratifs \u00bb, a-t-elle ajoute\u0301.<\/p>\n<p>Anne Ouloto a invite\u0301 les acteurs des concours administratifs a\u0300 invite a\u0300 redoubler d\u2019efforts, de rigueur et d\u2019abne\u0301gation, pour re\u0301pondre aux attentes, sans cesse croissantes, des candidats et de nos concitoyens.<\/p>\n<p>\u00ab J\u2019exhorte chacun d\u2019entre vous a\u0300 se conformer strictement aux principes de la Charte d\u2019e\u0301thique \u00bb, a -t-elle soutenu.<\/p>\n<p>Il convient de rappeler au final qu\u2019il a e\u0301te\u0301 ouvert, au titre de cette session, cinq cent quatre-vingt-dix (590) concours dont deux cent treize (213) concours pour les recrutements nouveaux et trois cent soixante-dix-sept (377) concours de promotion.<\/p>\n<p>A l\u2019issue de cette phase, les candidats dont les dossiers seront juge\u0301s re\u0301guliers seront autorise\u0301s a\u0300 participer aux compositions. Mesdames et Messieurs, Chers amis de la presse, Il me plait de porter a\u0300 votre connaissance que le lancement officiel des compositions se tiendra, au (a\u0300 de\u0301terminer) a\u0300 le samedi 14 juin 2025.<\/p>\n<p>Ces compositions se de\u0301rouleront sur quatre semaines, les samedis et dimanches, les 14, 15, 28, 29 juin, et les 12, 13, 26, 27 juillet 2025, dans les dix (10) villes de compositions (Abidjan, Abengourou, Bondoukou, Bouake\u0301, Daloa, Gagnoa, Man, Korhogo, San-Pedro et Yamoussoukro).<\/p>\n<p>Pour ce qui est du volet se\u0301curitaire, le protocole mis en place depuis la session 2021 reste inchange\u0301.<\/p>\n<p>De bout en bout, la Gendarmerie Nationale sera pre\u0301sente pour rassurer les acteurs quant a\u0300 leur se\u0301curite\u0301 et dissuader toute tentative pernicieuse.<\/p>\n<p>La session 2025 sera, a\u0300 l\u2019instar des pre\u0301ce\u0301dentes, est place\u0301e sous le sceau de la: \u00ab Transparence, de l\u2019E\u0301quite\u0301 et de la Ce\u0301le\u0301rite\u0301. \u00bb<\/p>\n<p><strong>Pour plus d&rsquo;informations et d&rsquo;analyses sur la <span style=\"color: #ff6600\">C\u00f4te d&rsquo;Ivoire<\/span>, suivez <span style=\"color: #ff6600\">Africa-Press<\/span><\/strong><\/p>\n","protected":false},"excerpt":{"rendered":"<p>Africa-Press &#8211; C\u00f4te d&rsquo;Ivoire. La ce\u0301re\u0301monie d\u2019adhe\u0301sion des acteurs a\u0300 la charte d\u2019e\u0301tique des concours administratifs de la Fonction a lieu vendredi dernier a\u0300 l\u2019Ecole Nationale d\u2019Administration (ENA), a\u0300 Abidjan-Cocody. Au cours de ladite ce\u0301re\u0301monie, le pre\u0301fet de la re\u0301gion du Gontougo, Monsieur Andre\u0301 Kouadio, tut en exprimant son admiration pour Madame le Ministre d\u2019Etat, [&hellip;]<\/p>\n","protected":false},"author":82,"featured_media":99718,"comment_status":"open","ping_status":"closed","sticky":false,"template":"","format":"standard","meta":{"footnotes":""},"categories":[3,10],"tags":[17801,1687,1136,29,1689],"class_list":["post-99719","post","type-post","status-publish","format-standard","has-post-thumbnail","hentry","category-economie","category-toutes-les-actualites","tag-andre-kouadio","tag-anne-ouloto","tag-concours","tag-cote-divoire","tag-fonction-publique"],"yoast_head":"<!-- This site is optimized with the Yoast SEO Premium plugin v26.1 (Yoast SEO v27.0) - https:\/\/yoast.com\/product\/yoast-seo-premium-wordpress\/ -->\n<title>Engagement des Acteurs pour la Charte des Concours 2025 - C\u00f4te d&#039;Ivoire<\/title>\n<meta name=\"description\" content=\"La ce\u0301re\u0301monie d\u2019adhe\u0301sion des acteurs a\u0300 la charte d\u2019e\u0301tique des concours administratifs de la Fonction a lieu vendredi ...\" \/>\n<meta name=\"robots\" content=\"index, follow, max-snippet:-1, max-image-preview:large, max-video-preview:-1\" \/>\n<link rel=\"canonical\" href=\"https:\/\/www.africa-press.net\/cotedivoire\/economie\/engagement-des-acteurs-pour-la-charte-des-concours-2025\" \/>\n<meta property=\"og:locale\" content=\"fr_FR\" \/>\n<meta property=\"og:type\" content=\"article\" \/>\n<meta property=\"og:title\" content=\"Engagement des Acteurs pour la Charte des Concours 2025\" \/>\n<meta property=\"og:description\" content=\"La ce\u0301re\u0301monie d\u2019adhe\u0301sion des acteurs a\u0300 la charte d\u2019e\u0301tique des concours administratifs de la Fonction a lieu vendredi ...\" \/>\n<meta property=\"og:url\" content=\"https:\/\/www.africa-press.net\/cotedivoire\/economie\/engagement-des-acteurs-pour-la-charte-des-concours-2025\" \/>\n<meta property=\"og:site_name\" content=\"C\u00f4te d&#039;Ivoire\" \/>\n<meta property=\"article:published_time\" content=\"2025-05-26T18:58:56+00:00\" \/>\n<meta property=\"article:modified_time\" content=\"2025-05-26T19:24:00+00:00\" \/>\n<meta property=\"og:image\" content=\"https:\/\/static.africa-press.net\/cote\/sites\/43\/2025\/05\/sm_1748274805.522201.jpg\" \/>\n\t<meta property=\"og:image:width\" content=\"720\" \/>\n\t<meta property=\"og:image:height\" content=\"474\" \/>\n\t<meta property=\"og:image:type\" content=\"image\/jpeg\" \/>\n<meta name=\"author\" content=\"cfeditorfr\" \/>\n<meta name=\"twitter:card\" content=\"summary_large_image\" \/>\n<meta name=\"twitter:label1\" content=\"\u00c9crit par\" \/>\n\t<meta name=\"twitter:data1\" content=\"cfeditorfr\" \/>\n\t<meta name=\"twitter:label2\" content=\"Dur\u00e9e de lecture estim\u00e9e\" \/>\n\t<meta name=\"twitter:data2\" content=\"3 minutes\" \/>\n<script type=\"application\/ld+json\" class=\"yoast-schema-graph\">{\"@context\":\"https:\/\/schema.org\",\"@graph\":[{\"@type\":\"Article\",\"@id\":\"https:\/\/www.africa-press.net\/cotedivoire\/economie\/engagement-des-acteurs-pour-la-charte-des-concours-2025#article\",\"isPartOf\":{\"@id\":\"https:\/\/www.africa-press.net\/cotedivoire\/economie\/engagement-des-acteurs-pour-la-charte-des-concours-2025\"},\"author\":{\"name\":\"cfeditorfr\",\"@id\":\"https:\/\/www.africa-press.net\/cotedivoire\/#\/schema\/person\/2b1cf3cd81a31e3cd26889ca66d677f1\"},\"headline\":\"Engagement des Acteurs pour la Charte des Concours 2025\",\"datePublished\":\"2025-05-26T18:58:56+00:00\",\"dateModified\":\"2025-05-26T19:24:00+00:00\",\"mainEntityOfPage\":{\"@id\":\"https:\/\/www.africa-press.net\/cotedivoire\/economie\/engagement-des-acteurs-pour-la-charte-des-concours-2025\"},\"wordCount\":639,\"commentCount\":0,\"image\":{\"@id\":\"https:\/\/www.africa-press.net\/cotedivoire\/economie\/engagement-des-acteurs-pour-la-charte-des-concours-2025#primaryimage\"},\"thumbnailUrl\":\"https:\/\/static.africa-press.net\/cote\/sites\/43\/2025\/05\/sm_1748274805.522201.jpg\",\"keywords\":[\"Andr\u00e9 Kouadio\",\"Anne Ouloto\",\"concours\",\"C\u00d4TE D'IVOIRE\",\"Fonction Publique\"],\"articleSection\":[\"\u00c9conomie\",\"Toutes les actualit\u00e9s\"],\"inLanguage\":\"fr-FR\",\"potentialAction\":[{\"@type\":\"CommentAction\",\"name\":\"Comment\",\"target\":[\"https:\/\/www.africa-press.net\/cotedivoire\/economie\/engagement-des-acteurs-pour-la-charte-des-concours-2025#respond\"]}]},{\"@type\":\"WebPage\",\"@id\":\"https:\/\/www.africa-press.net\/cotedivoire\/economie\/engagement-des-acteurs-pour-la-charte-des-concours-2025\",\"url\":\"https:\/\/www.africa-press.net\/cotedivoire\/economie\/engagement-des-acteurs-pour-la-charte-des-concours-2025\",\"name\":\"Engagement des Acteurs pour la Charte des Concours 2025 - C\u00f4te d&#039;Ivoire\",\"isPartOf\":{\"@id\":\"https:\/\/www.africa-press.net\/cotedivoire\/#website\"},\"primaryImageOfPage\":{\"@id\":\"https:\/\/www.africa-press.net\/cotedivoire\/economie\/engagement-des-acteurs-pour-la-charte-des-concours-2025#primaryimage\"},\"image\":{\"@id\":\"https:\/\/www.africa-press.net\/cotedivoire\/economie\/engagement-des-acteurs-pour-la-charte-des-concours-2025#primaryimage\"},\"thumbnailUrl\":\"https:\/\/static.africa-press.net\/cote\/sites\/43\/2025\/05\/sm_1748274805.522201.jpg\",\"datePublished\":\"2025-05-26T18:58:56+00:00\",\"dateModified\":\"2025-05-26T19:24:00+00:00\",\"author\":{\"@id\":\"https:\/\/www.africa-press.net\/cotedivoire\/#\/schema\/person\/2b1cf3cd81a31e3cd26889ca66d677f1\"},\"description\":\"La ce\u0301re\u0301monie d\u2019adhe\u0301sion des acteurs a\u0300 la charte d\u2019e\u0301tique des concours administratifs de la Fonction a lieu vendredi ...\",\"breadcrumb\":{\"@id\":\"https:\/\/www.africa-press.net\/cotedivoire\/economie\/engagement-des-acteurs-pour-la-charte-des-concours-2025#breadcrumb\"},\"inLanguage\":\"fr-FR\",\"potentialAction\":[{\"@type\":\"ReadAction\",\"target\":[\"https:\/\/www.africa-press.net\/cotedivoire\/economie\/engagement-des-acteurs-pour-la-charte-des-concours-2025\"]}]},{\"@type\":\"ImageObject\",\"inLanguage\":\"fr-FR\",\"@id\":\"https:\/\/www.africa-press.net\/cotedivoire\/economie\/engagement-des-acteurs-pour-la-charte-des-concours-2025#primaryimage\",\"url\":\"https:\/\/static.africa-press.net\/cote\/sites\/43\/2025\/05\/sm_1748274805.522201.jpg\",\"contentUrl\":\"https:\/\/static.africa-press.net\/cote\/sites\/43\/2025\/05\/sm_1748274805.522201.jpg\",\"width\":720,\"height\":474,\"caption\":\"Engagement des Acteurs pour la Charte des Concours 2025\"},{\"@type\":\"BreadcrumbList\",\"@id\":\"https:\/\/www.africa-press.net\/cotedivoire\/economie\/engagement-des-acteurs-pour-la-charte-des-concours-2025#breadcrumb\",\"itemListElement\":[{\"@type\":\"ListItem\",\"position\":1,\"name\":\"Accueil\",\"item\":\"https:\/\/www.africa-press.net\/cotedivoire\/\"},{\"@type\":\"ListItem\",\"position\":2,\"name\":\"Engagement des Acteurs pour la Charte des Concours 2025\"}]},{\"@type\":\"WebSite\",\"@id\":\"https:\/\/www.africa-press.net\/cotedivoire\/#website\",\"url\":\"https:\/\/www.africa-press.net\/cotedivoire\/\",\"name\":\"C\u00f4te d&#039;Ivoire\",\"description\":\"Just another Africa News Agency Sites site\",\"potentialAction\":[{\"@type\":\"SearchAction\",\"target\":{\"@type\":\"EntryPoint\",\"urlTemplate\":\"https:\/\/www.africa-press.net\/cotedivoire\/?s={search_term_string}\"},\"query-input\":{\"@type\":\"PropertyValueSpecification\",\"valueRequired\":true,\"valueName\":\"search_term_string\"}}],\"inLanguage\":\"fr-FR\"},{\"@type\":\"Person\",\"@id\":\"https:\/\/www.africa-press.net\/cotedivoire\/#\/schema\/person\/2b1cf3cd81a31e3cd26889ca66d677f1\",\"name\":\"cfeditorfr\"}]}<\/script>\n<!-- \/ Yoast SEO Premium plugin. -->","yoast_head_json":{"title":"Engagement des Acteurs pour la Charte des Concours 2025 - C\u00f4te d&#039;Ivoire","description":"La ce\u0301re\u0301monie d\u2019adhe\u0301sion des acteurs a\u0300 la charte d\u2019e\u0301tique des concours administratifs de la Fonction a lieu vendredi ...","robots":{"index":"index","follow":"follow","max-snippet":"max-snippet:-1","max-image-preview":"max-image-preview:large","max-video-preview":"max-video-preview:-1"},"canonical":"https:\/\/www.africa-press.net\/cotedivoire\/economie\/engagement-des-acteurs-pour-la-charte-des-concours-2025","og_locale":"fr_FR","og_type":"article","og_title":"Engagement des Acteurs pour la Charte des Concours 2025","og_description":"La ce\u0301re\u0301monie d\u2019adhe\u0301sion des acteurs a\u0300 la charte d\u2019e\u0301tique des concours administratifs de la Fonction a lieu vendredi ...","og_url":"https:\/\/www.africa-press.net\/cotedivoire\/economie\/engagement-des-acteurs-pour-la-charte-des-concours-2025","og_site_name":"C\u00f4te d&#039;Ivoire","article_published_time":"2025-05-26T18:58:56+00:00","article_modified_time":"2025-05-26T19:24:00+00:00","og_image":[{"width":720,"height":474,"url":"https:\/\/static.africa-press.net\/cote\/sites\/43\/2025\/05\/sm_1748274805.522201.jpg","type":"image\/jpeg"}],"author":"cfeditorfr","twitter_card":"summary_large_image","twitter_misc":{"\u00c9crit par":"cfeditorfr","Dur\u00e9e de lecture estim\u00e9e":"3 minutes"},"schema":{"@context":"https:\/\/schema.org","@graph":[{"@type":"Article","@id":"https:\/\/www.africa-press.net\/cotedivoire\/economie\/engagement-des-acteurs-pour-la-charte-des-concours-2025#article","isPartOf":{"@id":"https:\/\/www.africa-press.net\/cotedivoire\/economie\/engagement-des-acteurs-pour-la-charte-des-concours-2025"},"author":{"name":"cfeditorfr","@id":"https:\/\/www.africa-press.net\/cotedivoire\/#\/schema\/person\/2b1cf3cd81a31e3cd26889ca66d677f1"},"headline":"Engagement des Acteurs pour la Charte des Concours 2025","datePublished":"2025-05-26T18:58:56+00:00","dateModified":"2025-05-26T19:24:00+00:00","mainEntityOfPage":{"@id":"https:\/\/www.africa-press.net\/cotedivoire\/economie\/engagement-des-acteurs-pour-la-charte-des-concours-2025"},"wordCount":639,"commentCount":0,"image":{"@id":"https:\/\/www.africa-press.net\/cotedivoire\/economie\/engagement-des-acteurs-pour-la-charte-des-concours-2025#primaryimage"},"thumbnailUrl":"https:\/\/static.africa-press.net\/cote\/sites\/43\/2025\/05\/sm_1748274805.522201.jpg","keywords":["Andr\u00e9 Kouadio","Anne Ouloto","concours","C\u00d4TE D'IVOIRE","Fonction Publique"],"articleSection":["\u00c9conomie","Toutes les actualit\u00e9s"],"inLanguage":"fr-FR","potentialAction":[{"@type":"CommentAction","name":"Comment","target":["https:\/\/www.africa-press.net\/cotedivoire\/economie\/engagement-des-acteurs-pour-la-charte-des-concours-2025#respond"]}]},{"@type":"WebPage","@id":"https:\/\/www.africa-press.net\/cotedivoire\/economie\/engagement-des-acteurs-pour-la-charte-des-concours-2025","url":"https:\/\/www.africa-press.net\/cotedivoire\/economie\/engagement-des-acteurs-pour-la-charte-des-concours-2025","name":"Engagement des Acteurs pour la Charte des Concours 2025 - C\u00f4te d&#039;Ivoire","isPartOf":{"@id":"https:\/\/www.africa-press.net\/cotedivoire\/#website"},"primaryImageOfPage":{"@id":"https:\/\/www.africa-press.net\/cotedivoire\/economie\/engagement-des-acteurs-pour-la-charte-des-concours-2025#primaryimage"},"image":{"@id":"https:\/\/www.africa-press.net\/cotedivoire\/economie\/engagement-des-acteurs-pour-la-charte-des-concours-2025#primaryimage"},"thumbnailUrl":"https:\/\/static.africa-press.net\/cote\/sites\/43\/2025\/05\/sm_1748274805.522201.jpg","datePublished":"2025-05-26T18:58:56+00:00","dateModified":"2025-05-26T19:24:00+00:00","author":{"@id":"https:\/\/www.africa-press.net\/cotedivoire\/#\/schema\/person\/2b1cf3cd81a31e3cd26889ca66d677f1"},"description":"La ce\u0301re\u0301monie d\u2019adhe\u0301sion des acteurs a\u0300 la charte d\u2019e\u0301tique des concours administratifs de la Fonction a lieu vendredi ...","breadcrumb":{"@id":"https:\/\/www.africa-press.net\/cotedivoire\/economie\/engagement-des-acteurs-pour-la-charte-des-concours-2025#breadcrumb"},"inLanguage":"fr-FR","potentialAction":[{"@type":"ReadAction","target":["https:\/\/www.africa-press.net\/cotedivoire\/economie\/engagement-des-acteurs-pour-la-charte-des-concours-2025"]}]},{"@type":"ImageObject","inLanguage":"fr-FR","@id":"https:\/\/www.africa-press.net\/cotedivoire\/economie\/engagement-des-acteurs-pour-la-charte-des-concours-2025#primaryimage","url":"https:\/\/static.africa-press.net\/cote\/sites\/43\/2025\/05\/sm_1748274805.522201.jpg","contentUrl":"https:\/\/static.africa-press.net\/cote\/sites\/43\/2025\/05\/sm_1748274805.522201.jpg","width":720,"height":474,"caption":"Engagement des Acteurs pour la Charte des Concours 2025"},{"@type":"BreadcrumbList","@id":"https:\/\/www.africa-press.net\/cotedivoire\/economie\/engagement-des-acteurs-pour-la-charte-des-concours-2025#breadcrumb","itemListElement":[{"@type":"ListItem","position":1,"name":"Accueil","item":"https:\/\/www.africa-press.net\/cotedivoire\/"},{"@type":"ListItem","position":2,"name":"Engagement des Acteurs pour la Charte des Concours 2025"}]},{"@type":"WebSite","@id":"https:\/\/www.africa-press.net\/cotedivoire\/#website","url":"https:\/\/www.africa-press.net\/cotedivoire\/","name":"C\u00f4te d&#039;Ivoire","description":"Just another Africa News Agency Sites site","potentialAction":[{"@type":"SearchAction","target":{"@type":"EntryPoint","urlTemplate":"https:\/\/www.africa-press.net\/cotedivoire\/?s={search_term_string}"},"query-input":{"@type":"PropertyValueSpecification","valueRequired":true,"valueName":"search_term_string"}}],"inLanguage":"fr-FR"},{"@type":"Person","@id":"https:\/\/www.africa-press.net\/cotedivoire\/#\/schema\/person\/2b1cf3cd81a31e3cd26889ca66d677f1","name":"cfeditorfr"}]}},"_links":{"self":[{"href":"https:\/\/www.africa-press.net\/cotedivoire\/wp-json\/wp\/v2\/posts\/99719","targetHints":{"allow":["GET"]}}],"collection":[{"href":"https:\/\/www.africa-press.net\/cotedivoire\/wp-json\/wp\/v2\/posts"}],"about":[{"href":"https:\/\/www.africa-press.net\/cotedivoire\/wp-json\/wp\/v2\/types\/post"}],"author":[{"embeddable":true,"href":"https:\/\/www.africa-press.net\/cotedivoire\/wp-json\/wp\/v2\/users\/82"}],"replies":[{"embeddable":true,"href":"https:\/\/www.africa-press.net\/cotedivoire\/wp-json\/wp\/v2\/comments?post=99719"}],"version-history":[{"count":0,"href":"https:\/\/www.africa-press.net\/cotedivoire\/wp-json\/wp\/v2\/posts\/99719\/revisions"}],"wp:featuredmedia":[{"embeddable":true,"href":"https:\/\/www.africa-press.net\/cotedivoire\/wp-json\/wp\/v2\/media\/99718"}],"wp:attachment":[{"href":"https:\/\/www.africa-press.net\/cotedivoire\/wp-json\/wp\/v2\/media?parent=99719"}],"wp:term":[{"taxonomy":"category","embeddable":true,"href":"https:\/\/www.africa-press.net\/cotedivoire\/wp-json\/wp\/v2\/categories?post=99719"},{"taxonomy":"post_tag","embeddable":true,"href":"https:\/\/www.africa-press.net\/cotedivoire\/wp-json\/wp\/v2\/tags?post=99719"}],"curies":[{"name":"wp","href":"https:\/\/api.w.org\/{rel}","templated":true}]}}