{"id":9976,"date":"2021-07-16T15:12:27","date_gmt":"2021-07-16T15:12:27","guid":{"rendered":"https:\/\/www.africa-press.net\/cotedivoire\/?p=9976"},"modified":"2021-07-16T21:01:07","modified_gmt":"2021-07-16T21:01:07","slug":"alassane-ouattara-demande-plus-de-flexibilite-budgetaire-pour-lafrique-2","status":"publish","type":"post","link":"https:\/\/www.africa-press.net\/cotedivoire\/economie\/alassane-ouattara-demande-plus-de-flexibilite-budgetaire-pour-lafrique-2","title":{"rendered":"Alassane Ouattara demande plus de flexibilit\u00e9 budg\u00e9taire pour l\u2019Afrique"},"content":{"rendered":"<p><span style=\"color: #ff6600\"><strong><a href=\"https:\/\/www.africa-press.net\/\">Africa-Press<\/a> &#8211; <a href=\"https:\/\/www.africa-press.net\/cotedivoire\">C\u00f4te d&rsquo;Ivoire<\/a>. <\/strong><\/span>Le chef de l\u2019\u00c9tat ivoirien a interpell\u00e9 le FMI, le 15 juillet \u00e0 Abidjan, sur la n\u00e9cessit\u00e9 d\u2019une augmentation du plafond des d\u00e9ficits pour favoriser le financement des budgets.<\/p>\n<p>\u00ab J\u2019ai parl\u00e9 avec la directrice g\u00e9n\u00e9rale du FMI. Les plafonds de d\u00e9ficits sont irr\u00e9alistes. Il faut augmenter ces plafonds, comme en Europe. Je suis contre la volont\u00e9 de maintenir le d\u00e9ficit \u00e0 5 % alors que l\u2019Europe est \u00e0 8 % et les Etats-Unis \u00e0 9 % \u00bb, a martel\u00e9 le pr\u00e9sident ivoirien. Les budgets africains sont sous la double pression de la pand\u00e9mie mondiale du Covid-19 et surtout les d\u00e9penses de s\u00e9curit\u00e9. Des facteurs qui contraignent l\u2019ex\u00e9cution des d\u00e9penses publiques.<\/p>\n<p>La C\u00f4te d\u2019ivoire abrite un sommet des chefs des \u00c9tats subsahariens sur la vingti\u00e8me reconstitution de l\u2019Association internationale de d\u00e9veloppement (IDA) de la Banque Mondiale. Une dizaine de chefs d\u2019\u00c9tat ont effectu\u00e9 le d\u00e9placement \u00e0 Abidjan.<\/p>\n","protected":false},"excerpt":{"rendered":"<p>Africa-Press &#8211; C\u00f4te d&rsquo;Ivoire. Le chef de l\u2019\u00c9tat ivoirien a interpell\u00e9 le FMI, le 15 juillet \u00e0 Abidjan, sur la n\u00e9cessit\u00e9 d\u2019une augmentation du plafond des d\u00e9ficits pour favoriser le financement des budgets. \u00ab J\u2019ai parl\u00e9 avec la directrice g\u00e9n\u00e9rale du FMI. Les plafonds de d\u00e9ficits sont irr\u00e9alistes. Il faut augmenter ces plafonds, comme en [&hellip;]<\/p>\n","protected":false},"author":82,"featured_media":9975,"comment_status":"open","ping_status":"closed","sticky":false,"template":"","format":"standard","meta":{"footnotes":""},"categories":[3,11,10],"tags":[56,63,29],"class_list":["post-9976","post","type-post","status-publish","format-standard","has-post-thumbnail","hentry","category-economie","category-homepage-french","category-toutes-les-actualites","tag-africa-press","tag-africa-press-cote-divoire","tag-cote-divoire"],"yoast_head":"<!-- This site is optimized with the Yoast SEO Premium plugin v26.1 (Yoast SEO v27.0) - https:\/\/yoast.com\/product\/yoast-seo-premium-wordpress\/ -->\n<title>Alassane Ouattara demande plus de flexibilit\u00e9 budg\u00e9taire pour l\u2019Afrique - C\u00f4te d&#039;Ivoire<\/title>\n<meta name=\"description\" content=\"Le chef de l\u2019\u00c9tat ivoirien a interpell\u00e9 le FMI, le 15 juillet \u00e0 Abidjan, sur la n\u00e9cessit\u00e9 d\u2019une augmentation du plafond ...\" \/>\n<meta name=\"robots\" content=\"index, follow, max-snippet:-1, max-image-preview:large, max-video-preview:-1\" \/>\n<link rel=\"canonical\" href=\"https:\/\/www.africa-press.net\/cotedivoire\/economie\/alassane-ouattara-demande-plus-de-flexibilite-budgetaire-pour-lafrique-2\" \/>\n<meta property=\"og:locale\" content=\"fr_FR\" \/>\n<meta property=\"og:type\" content=\"article\" \/>\n<meta property=\"og:title\" content=\"Alassane Ouattara demande plus de flexibilit\u00e9 budg\u00e9taire pour l\u2019Afrique\" \/>\n<meta property=\"og:description\" content=\"Le chef de l\u2019\u00c9tat ivoirien a interpell\u00e9 le FMI, le 15 juillet \u00e0 Abidjan, sur la n\u00e9cessit\u00e9 d\u2019une augmentation du plafond ...\" \/>\n<meta property=\"og:url\" content=\"https:\/\/www.africa-press.net\/cotedivoire\/economie\/alassane-ouattara-demande-plus-de-flexibilite-budgetaire-pour-lafrique-2\" \/>\n<meta property=\"og:site_name\" content=\"C\u00f4te d&#039;Ivoire\" \/>\n<meta property=\"article:published_time\" content=\"2021-07-16T15:12:27+00:00\" \/>\n<meta property=\"article:modified_time\" content=\"2021-07-16T21:01:07+00:00\" \/>\n<meta property=\"og:image\" content=\"https:\/\/static.africa-press.net\/cote\/sites\/43\/2021\/07\/img-60f1a0dc26e27.jpg\" \/>\n\t<meta property=\"og:image:width\" content=\"720\" \/>\n\t<meta property=\"og:image:height\" content=\"360\" \/>\n\t<meta property=\"og:image:type\" content=\"image\/jpeg\" \/>\n<meta name=\"author\" content=\"cfeditorfr\" \/>\n<meta name=\"twitter:card\" content=\"summary_large_image\" \/>\n<meta name=\"twitter:label1\" content=\"\u00c9crit par\" \/>\n\t<meta name=\"twitter:data1\" content=\"cfeditorfr\" \/>\n\t<meta name=\"twitter:label2\" content=\"Dur\u00e9e de lecture estim\u00e9e\" \/>\n\t<meta name=\"twitter:data2\" content=\"1 minute\" \/>\n<script type=\"application\/ld+json\" class=\"yoast-schema-graph\">{\"@context\":\"https:\/\/schema.org\",\"@graph\":[{\"@type\":\"Article\",\"@id\":\"https:\/\/www.africa-press.net\/cotedivoire\/economie\/alassane-ouattara-demande-plus-de-flexibilite-budgetaire-pour-lafrique-2#article\",\"isPartOf\":{\"@id\":\"https:\/\/www.africa-press.net\/cotedivoire\/economie\/alassane-ouattara-demande-plus-de-flexibilite-budgetaire-pour-lafrique-2\"},\"author\":{\"name\":\"cfeditorfr\",\"@id\":\"https:\/\/www.africa-press.net\/cotedivoire\/#\/schema\/person\/2b1cf3cd81a31e3cd26889ca66d677f1\"},\"headline\":\"Alassane Ouattara demande plus de flexibilit\u00e9 budg\u00e9taire pour l\u2019Afrique\",\"datePublished\":\"2021-07-16T15:12:27+00:00\",\"dateModified\":\"2021-07-16T21:01:07+00:00\",\"mainEntityOfPage\":{\"@id\":\"https:\/\/www.africa-press.net\/cotedivoire\/economie\/alassane-ouattara-demande-plus-de-flexibilite-budgetaire-pour-lafrique-2\"},\"wordCount\":175,\"commentCount\":0,\"image\":{\"@id\":\"https:\/\/www.africa-press.net\/cotedivoire\/economie\/alassane-ouattara-demande-plus-de-flexibilite-budgetaire-pour-lafrique-2#primaryimage\"},\"thumbnailUrl\":\"https:\/\/static.africa-press.net\/cote\/sites\/43\/2021\/07\/img-60f1a0dc26e27.jpg\",\"keywords\":[\"Africa Press\",\"Africa Press-C\u00f4te d'Ivoire\",\"C\u00d4TE D'IVOIRE\"],\"articleSection\":[\"\u00c9conomie\",\"homepage-french\",\"Toutes les actualit\u00e9s\"],\"inLanguage\":\"fr-FR\",\"potentialAction\":[{\"@type\":\"CommentAction\",\"name\":\"Comment\",\"target\":[\"https:\/\/www.africa-press.net\/cotedivoire\/economie\/alassane-ouattara-demande-plus-de-flexibilite-budgetaire-pour-lafrique-2#respond\"]}]},{\"@type\":\"WebPage\",\"@id\":\"https:\/\/www.africa-press.net\/cotedivoire\/economie\/alassane-ouattara-demande-plus-de-flexibilite-budgetaire-pour-lafrique-2\",\"url\":\"https:\/\/www.africa-press.net\/cotedivoire\/economie\/alassane-ouattara-demande-plus-de-flexibilite-budgetaire-pour-lafrique-2\",\"name\":\"Alassane Ouattara demande plus de flexibilit\u00e9 budg\u00e9taire pour l\u2019Afrique - C\u00f4te d&#039;Ivoire\",\"isPartOf\":{\"@id\":\"https:\/\/www.africa-press.net\/cotedivoire\/#website\"},\"primaryImageOfPage\":{\"@id\":\"https:\/\/www.africa-press.net\/cotedivoire\/economie\/alassane-ouattara-demande-plus-de-flexibilite-budgetaire-pour-lafrique-2#primaryimage\"},\"image\":{\"@id\":\"https:\/\/www.africa-press.net\/cotedivoire\/economie\/alassane-ouattara-demande-plus-de-flexibilite-budgetaire-pour-lafrique-2#primaryimage\"},\"thumbnailUrl\":\"https:\/\/static.africa-press.net\/cote\/sites\/43\/2021\/07\/img-60f1a0dc26e27.jpg\",\"datePublished\":\"2021-07-16T15:12:27+00:00\",\"dateModified\":\"2021-07-16T21:01:07+00:00\",\"author\":{\"@id\":\"https:\/\/www.africa-press.net\/cotedivoire\/#\/schema\/person\/2b1cf3cd81a31e3cd26889ca66d677f1\"},\"description\":\"Le chef de l\u2019\u00c9tat ivoirien a interpell\u00e9 le FMI, le 15 juillet \u00e0 Abidjan, sur la n\u00e9cessit\u00e9 d\u2019une augmentation du plafond ...\",\"breadcrumb\":{\"@id\":\"https:\/\/www.africa-press.net\/cotedivoire\/economie\/alassane-ouattara-demande-plus-de-flexibilite-budgetaire-pour-lafrique-2#breadcrumb\"},\"inLanguage\":\"fr-FR\",\"potentialAction\":[{\"@type\":\"ReadAction\",\"target\":[\"https:\/\/www.africa-press.net\/cotedivoire\/economie\/alassane-ouattara-demande-plus-de-flexibilite-budgetaire-pour-lafrique-2\"]}]},{\"@type\":\"ImageObject\",\"inLanguage\":\"fr-FR\",\"@id\":\"https:\/\/www.africa-press.net\/cotedivoire\/economie\/alassane-ouattara-demande-plus-de-flexibilite-budgetaire-pour-lafrique-2#primaryimage\",\"url\":\"https:\/\/static.africa-press.net\/cote\/sites\/43\/2021\/07\/img-60f1a0dc26e27.jpg\",\"contentUrl\":\"https:\/\/static.africa-press.net\/cote\/sites\/43\/2021\/07\/img-60f1a0dc26e27.jpg\",\"width\":720,\"height\":360,\"caption\":\"Alassane Ouattara demande plus de flexibilit\u00e9 budg\u00e9taire pour l\u2019Afrique\"},{\"@type\":\"BreadcrumbList\",\"@id\":\"https:\/\/www.africa-press.net\/cotedivoire\/economie\/alassane-ouattara-demande-plus-de-flexibilite-budgetaire-pour-lafrique-2#breadcrumb\",\"itemListElement\":[{\"@type\":\"ListItem\",\"position\":1,\"name\":\"Accueil\",\"item\":\"https:\/\/www.africa-press.net\/cotedivoire\/\"},{\"@type\":\"ListItem\",\"position\":2,\"name\":\"Alassane Ouattara demande plus de flexibilit\u00e9 budg\u00e9taire pour l\u2019Afrique\"}]},{\"@type\":\"WebSite\",\"@id\":\"https:\/\/www.africa-press.net\/cotedivoire\/#website\",\"url\":\"https:\/\/www.africa-press.net\/cotedivoire\/\",\"name\":\"C\u00f4te d&#039;Ivoire\",\"description\":\"Just another Africa News Agency Sites site\",\"potentialAction\":[{\"@type\":\"SearchAction\",\"target\":{\"@type\":\"EntryPoint\",\"urlTemplate\":\"https:\/\/www.africa-press.net\/cotedivoire\/?s={search_term_string}\"},\"query-input\":{\"@type\":\"PropertyValueSpecification\",\"valueRequired\":true,\"valueName\":\"search_term_string\"}}],\"inLanguage\":\"fr-FR\"},{\"@type\":\"Person\",\"@id\":\"https:\/\/www.africa-press.net\/cotedivoire\/#\/schema\/person\/2b1cf3cd81a31e3cd26889ca66d677f1\",\"name\":\"cfeditorfr\"}]}<\/script>\n<!-- \/ Yoast SEO Premium plugin. -->","yoast_head_json":{"title":"Alassane Ouattara demande plus de flexibilit\u00e9 budg\u00e9taire pour l\u2019Afrique - C\u00f4te d&#039;Ivoire","description":"Le chef de l\u2019\u00c9tat ivoirien a interpell\u00e9 le FMI, le 15 juillet \u00e0 Abidjan, sur la n\u00e9cessit\u00e9 d\u2019une augmentation du plafond ...","robots":{"index":"index","follow":"follow","max-snippet":"max-snippet:-1","max-image-preview":"max-image-preview:large","max-video-preview":"max-video-preview:-1"},"canonical":"https:\/\/www.africa-press.net\/cotedivoire\/economie\/alassane-ouattara-demande-plus-de-flexibilite-budgetaire-pour-lafrique-2","og_locale":"fr_FR","og_type":"article","og_title":"Alassane Ouattara demande plus de flexibilit\u00e9 budg\u00e9taire pour l\u2019Afrique","og_description":"Le chef de l\u2019\u00c9tat ivoirien a interpell\u00e9 le FMI, le 15 juillet \u00e0 Abidjan, sur la n\u00e9cessit\u00e9 d\u2019une augmentation du plafond ...","og_url":"https:\/\/www.africa-press.net\/cotedivoire\/economie\/alassane-ouattara-demande-plus-de-flexibilite-budgetaire-pour-lafrique-2","og_site_name":"C\u00f4te d&#039;Ivoire","article_published_time":"2021-07-16T15:12:27+00:00","article_modified_time":"2021-07-16T21:01:07+00:00","og_image":[{"width":720,"height":360,"url":"https:\/\/static.africa-press.net\/cote\/sites\/43\/2021\/07\/img-60f1a0dc26e27.jpg","type":"image\/jpeg"}],"author":"cfeditorfr","twitter_card":"summary_large_image","twitter_misc":{"\u00c9crit par":"cfeditorfr","Dur\u00e9e de lecture estim\u00e9e":"1 minute"},"schema":{"@context":"https:\/\/schema.org","@graph":[{"@type":"Article","@id":"https:\/\/www.africa-press.net\/cotedivoire\/economie\/alassane-ouattara-demande-plus-de-flexibilite-budgetaire-pour-lafrique-2#article","isPartOf":{"@id":"https:\/\/www.africa-press.net\/cotedivoire\/economie\/alassane-ouattara-demande-plus-de-flexibilite-budgetaire-pour-lafrique-2"},"author":{"name":"cfeditorfr","@id":"https:\/\/www.africa-press.net\/cotedivoire\/#\/schema\/person\/2b1cf3cd81a31e3cd26889ca66d677f1"},"headline":"Alassane Ouattara demande plus de flexibilit\u00e9 budg\u00e9taire pour l\u2019Afrique","datePublished":"2021-07-16T15:12:27+00:00","dateModified":"2021-07-16T21:01:07+00:00","mainEntityOfPage":{"@id":"https:\/\/www.africa-press.net\/cotedivoire\/economie\/alassane-ouattara-demande-plus-de-flexibilite-budgetaire-pour-lafrique-2"},"wordCount":175,"commentCount":0,"image":{"@id":"https:\/\/www.africa-press.net\/cotedivoire\/economie\/alassane-ouattara-demande-plus-de-flexibilite-budgetaire-pour-lafrique-2#primaryimage"},"thumbnailUrl":"https:\/\/static.africa-press.net\/cote\/sites\/43\/2021\/07\/img-60f1a0dc26e27.jpg","keywords":["Africa Press","Africa Press-C\u00f4te d'Ivoire","C\u00d4TE D'IVOIRE"],"articleSection":["\u00c9conomie","homepage-french","Toutes les actualit\u00e9s"],"inLanguage":"fr-FR","potentialAction":[{"@type":"CommentAction","name":"Comment","target":["https:\/\/www.africa-press.net\/cotedivoire\/economie\/alassane-ouattara-demande-plus-de-flexibilite-budgetaire-pour-lafrique-2#respond"]}]},{"@type":"WebPage","@id":"https:\/\/www.africa-press.net\/cotedivoire\/economie\/alassane-ouattara-demande-plus-de-flexibilite-budgetaire-pour-lafrique-2","url":"https:\/\/www.africa-press.net\/cotedivoire\/economie\/alassane-ouattara-demande-plus-de-flexibilite-budgetaire-pour-lafrique-2","name":"Alassane Ouattara demande plus de flexibilit\u00e9 budg\u00e9taire pour l\u2019Afrique - C\u00f4te d&#039;Ivoire","isPartOf":{"@id":"https:\/\/www.africa-press.net\/cotedivoire\/#website"},"primaryImageOfPage":{"@id":"https:\/\/www.africa-press.net\/cotedivoire\/economie\/alassane-ouattara-demande-plus-de-flexibilite-budgetaire-pour-lafrique-2#primaryimage"},"image":{"@id":"https:\/\/www.africa-press.net\/cotedivoire\/economie\/alassane-ouattara-demande-plus-de-flexibilite-budgetaire-pour-lafrique-2#primaryimage"},"thumbnailUrl":"https:\/\/static.africa-press.net\/cote\/sites\/43\/2021\/07\/img-60f1a0dc26e27.jpg","datePublished":"2021-07-16T15:12:27+00:00","dateModified":"2021-07-16T21:01:07+00:00","author":{"@id":"https:\/\/www.africa-press.net\/cotedivoire\/#\/schema\/person\/2b1cf3cd81a31e3cd26889ca66d677f1"},"description":"Le chef de l\u2019\u00c9tat ivoirien a interpell\u00e9 le FMI, le 15 juillet \u00e0 Abidjan, sur la n\u00e9cessit\u00e9 d\u2019une augmentation du plafond ...","breadcrumb":{"@id":"https:\/\/www.africa-press.net\/cotedivoire\/economie\/alassane-ouattara-demande-plus-de-flexibilite-budgetaire-pour-lafrique-2#breadcrumb"},"inLanguage":"fr-FR","potentialAction":[{"@type":"ReadAction","target":["https:\/\/www.africa-press.net\/cotedivoire\/economie\/alassane-ouattara-demande-plus-de-flexibilite-budgetaire-pour-lafrique-2"]}]},{"@type":"ImageObject","inLanguage":"fr-FR","@id":"https:\/\/www.africa-press.net\/cotedivoire\/economie\/alassane-ouattara-demande-plus-de-flexibilite-budgetaire-pour-lafrique-2#primaryimage","url":"https:\/\/static.africa-press.net\/cote\/sites\/43\/2021\/07\/img-60f1a0dc26e27.jpg","contentUrl":"https:\/\/static.africa-press.net\/cote\/sites\/43\/2021\/07\/img-60f1a0dc26e27.jpg","width":720,"height":360,"caption":"Alassane Ouattara demande plus de flexibilit\u00e9 budg\u00e9taire pour l\u2019Afrique"},{"@type":"BreadcrumbList","@id":"https:\/\/www.africa-press.net\/cotedivoire\/economie\/alassane-ouattara-demande-plus-de-flexibilite-budgetaire-pour-lafrique-2#breadcrumb","itemListElement":[{"@type":"ListItem","position":1,"name":"Accueil","item":"https:\/\/www.africa-press.net\/cotedivoire\/"},{"@type":"ListItem","position":2,"name":"Alassane Ouattara demande plus de flexibilit\u00e9 budg\u00e9taire pour l\u2019Afrique"}]},{"@type":"WebSite","@id":"https:\/\/www.africa-press.net\/cotedivoire\/#website","url":"https:\/\/www.africa-press.net\/cotedivoire\/","name":"C\u00f4te d&#039;Ivoire","description":"Just another Africa News Agency Sites site","potentialAction":[{"@type":"SearchAction","target":{"@type":"EntryPoint","urlTemplate":"https:\/\/www.africa-press.net\/cotedivoire\/?s={search_term_string}"},"query-input":{"@type":"PropertyValueSpecification","valueRequired":true,"valueName":"search_term_string"}}],"inLanguage":"fr-FR"},{"@type":"Person","@id":"https:\/\/www.africa-press.net\/cotedivoire\/#\/schema\/person\/2b1cf3cd81a31e3cd26889ca66d677f1","name":"cfeditorfr"}]}},"_links":{"self":[{"href":"https:\/\/www.africa-press.net\/cotedivoire\/wp-json\/wp\/v2\/posts\/9976","targetHints":{"allow":["GET"]}}],"collection":[{"href":"https:\/\/www.africa-press.net\/cotedivoire\/wp-json\/wp\/v2\/posts"}],"about":[{"href":"https:\/\/www.africa-press.net\/cotedivoire\/wp-json\/wp\/v2\/types\/post"}],"author":[{"embeddable":true,"href":"https:\/\/www.africa-press.net\/cotedivoire\/wp-json\/wp\/v2\/users\/82"}],"replies":[{"embeddable":true,"href":"https:\/\/www.africa-press.net\/cotedivoire\/wp-json\/wp\/v2\/comments?post=9976"}],"version-history":[{"count":0,"href":"https:\/\/www.africa-press.net\/cotedivoire\/wp-json\/wp\/v2\/posts\/9976\/revisions"}],"wp:featuredmedia":[{"embeddable":true,"href":"https:\/\/www.africa-press.net\/cotedivoire\/wp-json\/wp\/v2\/media\/9975"}],"wp:attachment":[{"href":"https:\/\/www.africa-press.net\/cotedivoire\/wp-json\/wp\/v2\/media?parent=9976"}],"wp:term":[{"taxonomy":"category","embeddable":true,"href":"https:\/\/www.africa-press.net\/cotedivoire\/wp-json\/wp\/v2\/categories?post=9976"},{"taxonomy":"post_tag","embeddable":true,"href":"https:\/\/www.africa-press.net\/cotedivoire\/wp-json\/wp\/v2\/tags?post=9976"}],"curies":[{"name":"wp","href":"https:\/\/api.w.org\/{rel}","templated":true}]}}