{"id":99778,"date":"2025-05-27T12:51:22","date_gmt":"2025-05-27T12:51:22","guid":{"rendered":"https:\/\/www.africa-press.net\/cotedivoire\/politique\/sidi-tiemoko-toure-presente-le-pnmn-2024-2027"},"modified":"2025-05-27T13:39:01","modified_gmt":"2025-05-27T13:39:01","slug":"sidi-tiemoko-toure-presente-le-pnmn-2024-2027","status":"publish","type":"post","link":"https:\/\/www.africa-press.net\/cotedivoire\/politique\/sidi-tiemoko-toure-presente-le-pnmn-2024-2027","title":{"rendered":"Sidi Ti\u00e9moko Tour\u00e9 Pr\u00e9sente le PNMN 2024-2027"},"content":{"rendered":"<p><span style=\"color: #ff6600\"><strong>Africa-Press &#8211; C\u00f4te d&rsquo;Ivoire. <\/strong><\/span>A\u0300 l\u2019occasion du Dialogue de Haut Niveau Bre\u0301sil-Afrique sur la Se\u0301curite\u0301 Alimentaire et la Nutrition, le ministre ivoirien des Ressources animales et halieutiques, Sidi Tie\u0301moko Toure\u0301, a pris la parole au nom du Vice-Pre\u0301sident de la Re\u0301publique de Co\u0302te d\u2019Ivoire, pour re\u0301affirmer l\u2019engagement ferme du pays a\u0300 lutter contre la faim et la malnutrition en Afrique.<\/p>\n<p>Dans un discours empreint de de\u0301termination, le ministre a d\u2019abord transmis les salutations du Pre\u0301sident Alassane Ouattara a\u0300 son homologue bre\u0301silien, Luiz Ina\u0301cio Lula da Silva, et a\u0300 tous les participants. Il a souligne\u0301 la gravite\u0301 des de\u0301fis que repre\u0301sentent la faim et la malnutrition sur le continent africain, notamment leurs conse\u0301quences sur le capital humain, la productivite\u0301 et le de\u0301veloppement e\u0301conomique.<\/p>\n<p>M. Toure\u0301 a mis en lumie\u0300re le potentiel conside\u0301rable du continent africain en matie\u0300re de se\u0301curite\u0301 alimentaire: 60 % des terres arables non exploite\u0301es dans le monde, une jeunesse dynamique (60 % de la population a moins de 25 ans) et un taux de population rurale atteignant 80 %. Autant d\u2019atouts qui, selon lui, peuvent transformer l\u2019Afrique en un moteur de la se\u0301curite\u0301 alimentaire mondiale.<\/p>\n<p>Le ministre a salue\u0301 les programmes continentaux, notamment l\u2019Agenda 2063 et le PDDAA, mais a aussi de\u0301plore\u0301 le sous-financement chronique du secteur agricole. Seuls 30 % des fonds des partenaires au de\u0301veloppement y sont alloue\u0301s, et la majorite\u0301 des E\u0301tats africains n\u2019atteignent pas encore l\u2019objectif de consacrer 10 % de leur budget a\u0300 l\u2019agriculture, tel que pre\u0301vu dans l\u2019engagement de Maputo.<\/p>\n<p>Face a\u0300 cette re\u0301alite\u0301, la Co\u0302te d\u2019Ivoire a fait de la nutrition une priorite\u0301 nationale. Le pays a lance\u0301 un Plan National Multisectoriel de Nutrition 2024-2027, dote\u0301 de 350 millions de dollars, dont plus de 300 millions ont de\u0301ja\u0300 e\u0301te\u0301 mobilise\u0301s. Le ministre a e\u0301galement pre\u0301sente\u0301 les investissements massifs engage\u0301s dans le cadre du Programme National d\u2019Investissements Agricoles (25 milliards de dollars), et la strate\u0301gie pour faire du pays un po\u0302le d\u2019excellence en production animale, avec une enveloppe de 3 milliards de dollars.<\/p>\n<p>Des re\u0301formes structurantes ont e\u0301te\u0301 mises en place, telles qu\u2019un Code des investissements favorable au secteur agricole et un syste\u0300me de re\u0301ce\u0301pisse\u0301 d\u2019entreposage pour ame\u0301liorer la conservation des denre\u0301es.<\/p>\n<p>En matie\u0300re de coope\u0301ration panafricaine, la Co\u0302te d\u2019Ivoire se positionne comme un leader engage\u0301. Elle a mis en place le Centre d\u2019Excellence Re\u0301gional contre la Faim et la Malnutrition (CERFAM), mis a\u0300 disposition des pays africains de\u0300s 2024, et a porte\u0301 la De\u0301claration d\u2019Abidjan sur la nutrition. Dernie\u0300re initiative en date: l\u2019Union africaine a approuve\u0301 en fe\u0301vrier 2024 la cre\u0301ation du Prix d\u2019Excellence \u00ab\u00a0CERFAM\u00a0\u00bb, destine\u0301 a\u0300 re\u0301compenser les initiatives exemplaires dans le domaine.<\/p>\n<p>Pour conclure, M. Toure\u0301 a souligne\u0301 l\u2019importance du partenariat strate\u0301gique entre l\u2019Afrique et le Bre\u0301sil dans la lutte contre la faim. Il a salue\u0301 la qualite\u0301 de l\u2019organisation du forum et l\u2019engagement commun pour une cause qui touche des millions de vies.<\/p>\n<p>Ce dialogue de haut niveau aura permis de renforcer les synergies Sud-Sud, dans une dynamique collective tourne\u0301e vers un objectif commun: e\u0301liminer la faim et garantir une nutrition ade\u0301quate a\u0300 toutes et tous.<\/p>\n<p><strong>Pour plus d&rsquo;informations et d&rsquo;analyses sur la <span style=\"color: #ff6600\">C\u00f4te d&rsquo;Ivoire<\/span>, suivez <span style=\"color: #ff6600\">Africa-Press<\/span><\/strong><\/p>\n","protected":false},"excerpt":{"rendered":"<p>Africa-Press &#8211; C\u00f4te d&rsquo;Ivoire. A\u0300 l\u2019occasion du Dialogue de Haut Niveau Bre\u0301sil-Afrique sur la Se\u0301curite\u0301 Alimentaire et la Nutrition, le ministre ivoirien des Ressources animales et halieutiques, Sidi Tie\u0301moko Toure\u0301, a pris la parole au nom du Vice-Pre\u0301sident de la Re\u0301publique de Co\u0302te d\u2019Ivoire, pour re\u0301affirmer l\u2019engagement ferme du pays a\u0300 lutter contre la faim [&hellip;]<\/p>\n","protected":false},"author":82,"featured_media":99776,"comment_status":"open","ping_status":"closed","sticky":false,"template":"","format":"standard","meta":{"footnotes":""},"categories":[2,10],"tags":[17812,1626,17811,29,988,13769,303],"class_list":["post-99778","post","type-post","status-publish","format-standard","has-post-thumbnail","hentry","category-politique","category-toutes-les-actualites","tag-affirme","tag-alimentaire","tag-bresil-afrique","tag-cote-divoire","tag-dialogue","tag-engagement","tag-securite"],"yoast_head":"<!-- This site is optimized with the Yoast SEO Premium plugin v26.1 (Yoast SEO v27.0) - https:\/\/yoast.com\/product\/yoast-seo-premium-wordpress\/ -->\n<title>Sidi Ti\u00e9moko Tour\u00e9 Pr\u00e9sente le PNMN 2024-2027 - C\u00f4te d&#039;Ivoire<\/title>\n<meta name=\"description\" content=\"A\u0300 l\u2019occasion du Dialogue de Haut Niveau Bre\u0301sil-Afrique sur la Se\u0301curite\u0301 Alimentaire et la Nutrition, le ministre ivoi ...\" \/>\n<meta name=\"robots\" content=\"index, follow, max-snippet:-1, max-image-preview:large, max-video-preview:-1\" \/>\n<link rel=\"canonical\" href=\"https:\/\/www.africa-press.net\/cotedivoire\/politique\/sidi-tiemoko-toure-presente-le-pnmn-2024-2027\" \/>\n<meta property=\"og:locale\" content=\"fr_FR\" \/>\n<meta property=\"og:type\" content=\"article\" \/>\n<meta property=\"og:title\" content=\"Sidi Ti\u00e9moko Tour\u00e9 Pr\u00e9sente le PNMN 2024-2027\" \/>\n<meta property=\"og:description\" content=\"A\u0300 l\u2019occasion du Dialogue de Haut Niveau Bre\u0301sil-Afrique sur la Se\u0301curite\u0301 Alimentaire et la Nutrition, le ministre ivoi ...\" \/>\n<meta property=\"og:url\" content=\"https:\/\/www.africa-press.net\/cotedivoire\/politique\/sidi-tiemoko-toure-presente-le-pnmn-2024-2027\" \/>\n<meta property=\"og:site_name\" content=\"C\u00f4te d&#039;Ivoire\" \/>\n<meta property=\"article:published_time\" content=\"2025-05-27T12:51:22+00:00\" \/>\n<meta property=\"article:modified_time\" content=\"2025-05-27T13:39:01+00:00\" \/>\n<meta property=\"og:image\" content=\"https:\/\/static.africa-press.net\/cote\/sites\/43\/2025\/05\/sm_1748340394.078418.jpg\" \/>\n\t<meta property=\"og:image:width\" content=\"720\" \/>\n\t<meta property=\"og:image:height\" content=\"540\" \/>\n\t<meta property=\"og:image:type\" content=\"image\/jpeg\" \/>\n<meta name=\"author\" content=\"cfeditorfr\" \/>\n<meta name=\"twitter:card\" content=\"summary_large_image\" \/>\n<meta name=\"twitter:label1\" content=\"\u00c9crit par\" \/>\n\t<meta name=\"twitter:data1\" content=\"cfeditorfr\" \/>\n\t<meta name=\"twitter:label2\" content=\"Dur\u00e9e de lecture estim\u00e9e\" \/>\n\t<meta name=\"twitter:data2\" content=\"3 minutes\" \/>\n<script type=\"application\/ld+json\" class=\"yoast-schema-graph\">{\"@context\":\"https:\/\/schema.org\",\"@graph\":[{\"@type\":\"Article\",\"@id\":\"https:\/\/www.africa-press.net\/cotedivoire\/politique\/sidi-tiemoko-toure-presente-le-pnmn-2024-2027#article\",\"isPartOf\":{\"@id\":\"https:\/\/www.africa-press.net\/cotedivoire\/politique\/sidi-tiemoko-toure-presente-le-pnmn-2024-2027\"},\"author\":{\"name\":\"cfeditorfr\",\"@id\":\"https:\/\/www.africa-press.net\/cotedivoire\/#\/schema\/person\/2b1cf3cd81a31e3cd26889ca66d677f1\"},\"headline\":\"Sidi Ti\u00e9moko Tour\u00e9 Pr\u00e9sente le PNMN 2024-2027\",\"datePublished\":\"2025-05-27T12:51:22+00:00\",\"dateModified\":\"2025-05-27T13:39:01+00:00\",\"mainEntityOfPage\":{\"@id\":\"https:\/\/www.africa-press.net\/cotedivoire\/politique\/sidi-tiemoko-toure-presente-le-pnmn-2024-2027\"},\"wordCount\":600,\"commentCount\":0,\"image\":{\"@id\":\"https:\/\/www.africa-press.net\/cotedivoire\/politique\/sidi-tiemoko-toure-presente-le-pnmn-2024-2027#primaryimage\"},\"thumbnailUrl\":\"https:\/\/static.africa-press.net\/cote\/sites\/43\/2025\/05\/sm_1748340394.078418.jpg\",\"keywords\":[\"affirme\",\"alimentaire\",\"Br\u00e9sil-Afrique\",\"C\u00d4TE D'IVOIRE\",\"Dialogue\",\"engagement\",\"SECURITE\"],\"articleSection\":[\"Politique\",\"Toutes les actualit\u00e9s\"],\"inLanguage\":\"fr-FR\",\"potentialAction\":[{\"@type\":\"CommentAction\",\"name\":\"Comment\",\"target\":[\"https:\/\/www.africa-press.net\/cotedivoire\/politique\/sidi-tiemoko-toure-presente-le-pnmn-2024-2027#respond\"]}]},{\"@type\":\"WebPage\",\"@id\":\"https:\/\/www.africa-press.net\/cotedivoire\/politique\/sidi-tiemoko-toure-presente-le-pnmn-2024-2027\",\"url\":\"https:\/\/www.africa-press.net\/cotedivoire\/politique\/sidi-tiemoko-toure-presente-le-pnmn-2024-2027\",\"name\":\"Sidi Ti\u00e9moko Tour\u00e9 Pr\u00e9sente le PNMN 2024-2027 - C\u00f4te d&#039;Ivoire\",\"isPartOf\":{\"@id\":\"https:\/\/www.africa-press.net\/cotedivoire\/#website\"},\"primaryImageOfPage\":{\"@id\":\"https:\/\/www.africa-press.net\/cotedivoire\/politique\/sidi-tiemoko-toure-presente-le-pnmn-2024-2027#primaryimage\"},\"image\":{\"@id\":\"https:\/\/www.africa-press.net\/cotedivoire\/politique\/sidi-tiemoko-toure-presente-le-pnmn-2024-2027#primaryimage\"},\"thumbnailUrl\":\"https:\/\/static.africa-press.net\/cote\/sites\/43\/2025\/05\/sm_1748340394.078418.jpg\",\"datePublished\":\"2025-05-27T12:51:22+00:00\",\"dateModified\":\"2025-05-27T13:39:01+00:00\",\"author\":{\"@id\":\"https:\/\/www.africa-press.net\/cotedivoire\/#\/schema\/person\/2b1cf3cd81a31e3cd26889ca66d677f1\"},\"description\":\"A\u0300 l\u2019occasion du Dialogue de Haut Niveau Bre\u0301sil-Afrique sur la Se\u0301curite\u0301 Alimentaire et la Nutrition, le ministre ivoi ...\",\"breadcrumb\":{\"@id\":\"https:\/\/www.africa-press.net\/cotedivoire\/politique\/sidi-tiemoko-toure-presente-le-pnmn-2024-2027#breadcrumb\"},\"inLanguage\":\"fr-FR\",\"potentialAction\":[{\"@type\":\"ReadAction\",\"target\":[\"https:\/\/www.africa-press.net\/cotedivoire\/politique\/sidi-tiemoko-toure-presente-le-pnmn-2024-2027\"]}]},{\"@type\":\"ImageObject\",\"inLanguage\":\"fr-FR\",\"@id\":\"https:\/\/www.africa-press.net\/cotedivoire\/politique\/sidi-tiemoko-toure-presente-le-pnmn-2024-2027#primaryimage\",\"url\":\"https:\/\/static.africa-press.net\/cote\/sites\/43\/2025\/05\/sm_1748340394.078418.jpg\",\"contentUrl\":\"https:\/\/static.africa-press.net\/cote\/sites\/43\/2025\/05\/sm_1748340394.078418.jpg\",\"width\":720,\"height\":540,\"caption\":\"Sidi Ti\u00e9moko Tour\u00e9 Pr\u00e9sente le PNMN 2024-2027\"},{\"@type\":\"BreadcrumbList\",\"@id\":\"https:\/\/www.africa-press.net\/cotedivoire\/politique\/sidi-tiemoko-toure-presente-le-pnmn-2024-2027#breadcrumb\",\"itemListElement\":[{\"@type\":\"ListItem\",\"position\":1,\"name\":\"Accueil\",\"item\":\"https:\/\/www.africa-press.net\/cotedivoire\/\"},{\"@type\":\"ListItem\",\"position\":2,\"name\":\"Sidi Ti\u00e9moko Tour\u00e9 Pr\u00e9sente le PNMN 2024-2027\"}]},{\"@type\":\"WebSite\",\"@id\":\"https:\/\/www.africa-press.net\/cotedivoire\/#website\",\"url\":\"https:\/\/www.africa-press.net\/cotedivoire\/\",\"name\":\"C\u00f4te d&#039;Ivoire\",\"description\":\"Just another Africa News Agency Sites site\",\"potentialAction\":[{\"@type\":\"SearchAction\",\"target\":{\"@type\":\"EntryPoint\",\"urlTemplate\":\"https:\/\/www.africa-press.net\/cotedivoire\/?s={search_term_string}\"},\"query-input\":{\"@type\":\"PropertyValueSpecification\",\"valueRequired\":true,\"valueName\":\"search_term_string\"}}],\"inLanguage\":\"fr-FR\"},{\"@type\":\"Person\",\"@id\":\"https:\/\/www.africa-press.net\/cotedivoire\/#\/schema\/person\/2b1cf3cd81a31e3cd26889ca66d677f1\",\"name\":\"cfeditorfr\"}]}<\/script>\n<!-- \/ Yoast SEO Premium plugin. -->","yoast_head_json":{"title":"Sidi Ti\u00e9moko Tour\u00e9 Pr\u00e9sente le PNMN 2024-2027 - C\u00f4te d&#039;Ivoire","description":"A\u0300 l\u2019occasion du Dialogue de Haut Niveau Bre\u0301sil-Afrique sur la Se\u0301curite\u0301 Alimentaire et la Nutrition, le ministre ivoi ...","robots":{"index":"index","follow":"follow","max-snippet":"max-snippet:-1","max-image-preview":"max-image-preview:large","max-video-preview":"max-video-preview:-1"},"canonical":"https:\/\/www.africa-press.net\/cotedivoire\/politique\/sidi-tiemoko-toure-presente-le-pnmn-2024-2027","og_locale":"fr_FR","og_type":"article","og_title":"Sidi Ti\u00e9moko Tour\u00e9 Pr\u00e9sente le PNMN 2024-2027","og_description":"A\u0300 l\u2019occasion du Dialogue de Haut Niveau Bre\u0301sil-Afrique sur la Se\u0301curite\u0301 Alimentaire et la Nutrition, le ministre ivoi ...","og_url":"https:\/\/www.africa-press.net\/cotedivoire\/politique\/sidi-tiemoko-toure-presente-le-pnmn-2024-2027","og_site_name":"C\u00f4te d&#039;Ivoire","article_published_time":"2025-05-27T12:51:22+00:00","article_modified_time":"2025-05-27T13:39:01+00:00","og_image":[{"width":720,"height":540,"url":"https:\/\/static.africa-press.net\/cote\/sites\/43\/2025\/05\/sm_1748340394.078418.jpg","type":"image\/jpeg"}],"author":"cfeditorfr","twitter_card":"summary_large_image","twitter_misc":{"\u00c9crit par":"cfeditorfr","Dur\u00e9e de lecture estim\u00e9e":"3 minutes"},"schema":{"@context":"https:\/\/schema.org","@graph":[{"@type":"Article","@id":"https:\/\/www.africa-press.net\/cotedivoire\/politique\/sidi-tiemoko-toure-presente-le-pnmn-2024-2027#article","isPartOf":{"@id":"https:\/\/www.africa-press.net\/cotedivoire\/politique\/sidi-tiemoko-toure-presente-le-pnmn-2024-2027"},"author":{"name":"cfeditorfr","@id":"https:\/\/www.africa-press.net\/cotedivoire\/#\/schema\/person\/2b1cf3cd81a31e3cd26889ca66d677f1"},"headline":"Sidi Ti\u00e9moko Tour\u00e9 Pr\u00e9sente le PNMN 2024-2027","datePublished":"2025-05-27T12:51:22+00:00","dateModified":"2025-05-27T13:39:01+00:00","mainEntityOfPage":{"@id":"https:\/\/www.africa-press.net\/cotedivoire\/politique\/sidi-tiemoko-toure-presente-le-pnmn-2024-2027"},"wordCount":600,"commentCount":0,"image":{"@id":"https:\/\/www.africa-press.net\/cotedivoire\/politique\/sidi-tiemoko-toure-presente-le-pnmn-2024-2027#primaryimage"},"thumbnailUrl":"https:\/\/static.africa-press.net\/cote\/sites\/43\/2025\/05\/sm_1748340394.078418.jpg","keywords":["affirme","alimentaire","Br\u00e9sil-Afrique","C\u00d4TE D'IVOIRE","Dialogue","engagement","SECURITE"],"articleSection":["Politique","Toutes les actualit\u00e9s"],"inLanguage":"fr-FR","potentialAction":[{"@type":"CommentAction","name":"Comment","target":["https:\/\/www.africa-press.net\/cotedivoire\/politique\/sidi-tiemoko-toure-presente-le-pnmn-2024-2027#respond"]}]},{"@type":"WebPage","@id":"https:\/\/www.africa-press.net\/cotedivoire\/politique\/sidi-tiemoko-toure-presente-le-pnmn-2024-2027","url":"https:\/\/www.africa-press.net\/cotedivoire\/politique\/sidi-tiemoko-toure-presente-le-pnmn-2024-2027","name":"Sidi Ti\u00e9moko Tour\u00e9 Pr\u00e9sente le PNMN 2024-2027 - C\u00f4te d&#039;Ivoire","isPartOf":{"@id":"https:\/\/www.africa-press.net\/cotedivoire\/#website"},"primaryImageOfPage":{"@id":"https:\/\/www.africa-press.net\/cotedivoire\/politique\/sidi-tiemoko-toure-presente-le-pnmn-2024-2027#primaryimage"},"image":{"@id":"https:\/\/www.africa-press.net\/cotedivoire\/politique\/sidi-tiemoko-toure-presente-le-pnmn-2024-2027#primaryimage"},"thumbnailUrl":"https:\/\/static.africa-press.net\/cote\/sites\/43\/2025\/05\/sm_1748340394.078418.jpg","datePublished":"2025-05-27T12:51:22+00:00","dateModified":"2025-05-27T13:39:01+00:00","author":{"@id":"https:\/\/www.africa-press.net\/cotedivoire\/#\/schema\/person\/2b1cf3cd81a31e3cd26889ca66d677f1"},"description":"A\u0300 l\u2019occasion du Dialogue de Haut Niveau Bre\u0301sil-Afrique sur la Se\u0301curite\u0301 Alimentaire et la Nutrition, le ministre ivoi ...","breadcrumb":{"@id":"https:\/\/www.africa-press.net\/cotedivoire\/politique\/sidi-tiemoko-toure-presente-le-pnmn-2024-2027#breadcrumb"},"inLanguage":"fr-FR","potentialAction":[{"@type":"ReadAction","target":["https:\/\/www.africa-press.net\/cotedivoire\/politique\/sidi-tiemoko-toure-presente-le-pnmn-2024-2027"]}]},{"@type":"ImageObject","inLanguage":"fr-FR","@id":"https:\/\/www.africa-press.net\/cotedivoire\/politique\/sidi-tiemoko-toure-presente-le-pnmn-2024-2027#primaryimage","url":"https:\/\/static.africa-press.net\/cote\/sites\/43\/2025\/05\/sm_1748340394.078418.jpg","contentUrl":"https:\/\/static.africa-press.net\/cote\/sites\/43\/2025\/05\/sm_1748340394.078418.jpg","width":720,"height":540,"caption":"Sidi Ti\u00e9moko Tour\u00e9 Pr\u00e9sente le PNMN 2024-2027"},{"@type":"BreadcrumbList","@id":"https:\/\/www.africa-press.net\/cotedivoire\/politique\/sidi-tiemoko-toure-presente-le-pnmn-2024-2027#breadcrumb","itemListElement":[{"@type":"ListItem","position":1,"name":"Accueil","item":"https:\/\/www.africa-press.net\/cotedivoire\/"},{"@type":"ListItem","position":2,"name":"Sidi Ti\u00e9moko Tour\u00e9 Pr\u00e9sente le PNMN 2024-2027"}]},{"@type":"WebSite","@id":"https:\/\/www.africa-press.net\/cotedivoire\/#website","url":"https:\/\/www.africa-press.net\/cotedivoire\/","name":"C\u00f4te d&#039;Ivoire","description":"Just another Africa News Agency Sites site","potentialAction":[{"@type":"SearchAction","target":{"@type":"EntryPoint","urlTemplate":"https:\/\/www.africa-press.net\/cotedivoire\/?s={search_term_string}"},"query-input":{"@type":"PropertyValueSpecification","valueRequired":true,"valueName":"search_term_string"}}],"inLanguage":"fr-FR"},{"@type":"Person","@id":"https:\/\/www.africa-press.net\/cotedivoire\/#\/schema\/person\/2b1cf3cd81a31e3cd26889ca66d677f1","name":"cfeditorfr"}]}},"_links":{"self":[{"href":"https:\/\/www.africa-press.net\/cotedivoire\/wp-json\/wp\/v2\/posts\/99778","targetHints":{"allow":["GET"]}}],"collection":[{"href":"https:\/\/www.africa-press.net\/cotedivoire\/wp-json\/wp\/v2\/posts"}],"about":[{"href":"https:\/\/www.africa-press.net\/cotedivoire\/wp-json\/wp\/v2\/types\/post"}],"author":[{"embeddable":true,"href":"https:\/\/www.africa-press.net\/cotedivoire\/wp-json\/wp\/v2\/users\/82"}],"replies":[{"embeddable":true,"href":"https:\/\/www.africa-press.net\/cotedivoire\/wp-json\/wp\/v2\/comments?post=99778"}],"version-history":[{"count":0,"href":"https:\/\/www.africa-press.net\/cotedivoire\/wp-json\/wp\/v2\/posts\/99778\/revisions"}],"wp:featuredmedia":[{"embeddable":true,"href":"https:\/\/www.africa-press.net\/cotedivoire\/wp-json\/wp\/v2\/media\/99776"}],"wp:attachment":[{"href":"https:\/\/www.africa-press.net\/cotedivoire\/wp-json\/wp\/v2\/media?parent=99778"}],"wp:term":[{"taxonomy":"category","embeddable":true,"href":"https:\/\/www.africa-press.net\/cotedivoire\/wp-json\/wp\/v2\/categories?post=99778"},{"taxonomy":"post_tag","embeddable":true,"href":"https:\/\/www.africa-press.net\/cotedivoire\/wp-json\/wp\/v2\/tags?post=99778"}],"curies":[{"name":"wp","href":"https:\/\/api.w.org\/{rel}","templated":true}]}}