{"id":9979,"date":"2021-07-16T15:19:32","date_gmt":"2021-07-16T15:19:32","guid":{"rendered":"https:\/\/www.africa-press.net\/cotedivoire\/?p=9979"},"modified":"2021-07-16T21:01:18","modified_gmt":"2021-07-16T21:01:18","slug":"la-20e-reconstitution-des-ressources-de-lida-ouverte-a-abidjan-en-cote-divoire","status":"publish","type":"post","link":"https:\/\/www.africa-press.net\/cotedivoire\/economie\/la-20e-reconstitution-des-ressources-de-lida-ouverte-a-abidjan-en-cote-divoire","title":{"rendered":"La 20e Reconstitution des Ressources de l\u2019IDA ouverte \u00e0 Abidjan en C\u00f4te-d\u2019Ivoire"},"content":{"rendered":"<p><span style=\"color: #ff6600\"><strong><a href=\"https:\/\/www.africa-press.net\/\">Africa-Press<\/a> &#8211; <a href=\"https:\/\/www.africa-press.net\/cotedivoire\">C\u00f4te d&rsquo;Ivoire<\/a>. <\/strong><\/span>Le Pr\u00e9sident de la R\u00e9publique, S.E.M. Alassane OUATTARA, a pr\u00e9sid\u00e9, ce jeudi 15juillet 2021, au Sofitel \u2013 Abidjan H\u00f4tel Ivoire, la R\u00e9union de haut niveau sur la 20e Reconstitution des Ressources de l\u2019Association Internationale de D\u00e9veloppement(IDA-20).<\/p>\n<p>Cette r\u00e9union, organis\u00e9e conjointement par la C\u00f4te d\u2019Ivoire et la Banque Mondiale, a enregistr\u00e9 la participation d\u2019une quinzaine de Chefs d\u2019Etat et de Gouvernement ainsi que celle de hautes personnalit\u00e9s, notamment les Pr\u00e9sidents des Commissions de l\u2019Union Africaine et de la CEDEAO, le Premier Ministre ivoirien, des Pr\u00e9sidentsd\u2019Institutions et des membres du Gouvernement.<\/p>\n<p>La 20e Reconstitution des Ressources de l\u2019IDA vise \u00e0 soutenir une relance forte suite \u00e0 la crise engendr\u00e9e par la pand\u00e9mie de COVID-19, et \u00e0 aider le continent africain \u00e0 poursuivre sa transformation \u00e9conomique.<\/p>\n<p>Intervenant \u00e0 l\u2019ouverture de cette R\u00e9union de haut niveau, le Chef de l\u2019Etat a faitremarquer que ces assises se tiennent dans un contexte mondial particuli\u00e8rementdifficile, marqu\u00e9 par la pand\u00e9mie de COVID-19, qui a entrain\u00e9 une crise sanitaire,sociale et \u00e9conomique sans pr\u00e9c\u00e9dent, avec pour cons\u00e9quence le ralentissement dela dynamique de croissance amorc\u00e9e dans plusieurs r\u00e9gions du monde.<\/p>\n<p>S\u2019agissant de l\u2019Afrique subsaharienne, il a indiqu\u00e9 que cette partie du continent aconnu en 2020, en plus des attaques terroristes, sa contreperformance la plusimportante jamais enregistr\u00e9e, avec un taux de croissance n\u00e9gatif de 1,9%, et uneaugmentation de 32 millions du nombre de personnes vivant dans l\u2019extr\u00eamepauvret\u00e9.<\/p>\n<p>Apr\u00e8s avoir remerci\u00e9 les partenaires au d\u00e9veloppement pour les efforts multiplesd\u00e9ploy\u00e9s et relev\u00e9 les initiatives propres prises par les pays africains pour contenir les effets n\u00e9fastes de cette pand\u00e9mie, il a soulign\u00e9 que beaucoup reste cependant \u00e0 faire encore pour surmonter cette crise, car, en Afrique par exemple, moins de 3% de la population totale a re\u00e7u une premi\u00e8re dose de vaccin, contre environ 54 % aux \u00c9tats-Unis et dans l\u2019Union Europ\u00e9enne.<\/p>\n<p>A cet \u00e9gard, le Pr\u00e9sident Alassane OUATTARA a d\u00e9plor\u00e9 le fait que les pays d\u2019Afrique subsaharienne ne disposent malheureusement pas de la m\u00eame flexibilit\u00e9 et des m\u00eames instruments pour le financement de leurs \u00e9conomies, quand bien m\u00eame leFonds Mon\u00e9taire International a estim\u00e9 le besoin de financement en Afriquesubsaharienne \u00e0 285 milliards de dollars US sur les cinq prochaines ann\u00e9es, pourlutter contre la pand\u00e9mie de COVID-19, le d\u00e9r\u00e8glement climatique, et acc\u00e9l\u00e9rer lareprise \u00e9conomique.<\/p>\n<p>C\u2019est pourquoi, il a plaid\u00e9 pour un soutien plus important de l\u2019ensemble despartenaires, d\u2019autant qu\u2019en plus de la lutte contre la COVID- 19, les pays africains doivent faire face \u00e0 une recrudescence des attaques terroristes, sans oublier que la pauvret\u00e9 est l\u2019une des principales causes du terrorisme et des migrations. Dans ce cadre, il en a appel\u00e9 \u00e0 la solidarit\u00e9 indispensable pour le bien de tous, et pour combattre les divergences entre les r\u00e9gions du monde ainsi qu\u2019\u00e0 l\u2019int\u00e9rieur des pays.<\/p>\n<p>Pour terminer, le Pr\u00e9sident de la R\u00e9publique a indiqu\u00e9 que la r\u00e9union d\u2019aujourd\u2019huivise \u00e0 arr\u00eater les priorit\u00e9s communes de d\u00e9veloppement de l\u2019Afrique, et \u00e0 faire, dans le cadre de la reconstitution des ressources de l\u2019IDA, un plaidoyer aupr\u00e8s desprincipaux donateurs de cet organisme, afin de mobiliser au moins 100 milliards dedollars US pour la relance de nos \u00e9conomies ; en m\u00eame temps qu\u2019elle devraitpermettre de discuter des d\u00e9fis communs de d\u00e9veloppement, notamment en mati\u00e8red\u2019am\u00e9lioration du capital humain, de cr\u00e9ation d\u2019emplois pour les jeunes et femmes,et de relance \u00e9conomique pour le bien-\u00eatre des populations.<\/p>\n<p>Avant le Chef de l\u2019Etat, le Directeur G\u00e9n\u00e9ral des Op\u00e9rations de la Banque Mondiale,M. Axel Van TROTSENBURG, et le Directeur G\u00e9n\u00e9ral de la Soci\u00e9t\u00e9 Financi\u00e8reInternationale (SFI), M. Makhtar DIOP, ont r\u00e9affirm\u00e9 l\u2019engagement de leursinstitutions respectives \u00e0 accompagner l\u2019Afrique par la mobilisation des ressourcesn\u00e9cessaires pour la relance des \u00e9conomies du continent.<\/p>\n<p>A ce niveau, le Directeur G\u00e9n\u00e9ral des Op\u00e9rations de la Banque Mondiale, M. Axel VanTROTSENBURG, a r\u00e9v\u00e9l\u00e9 que les besoins en ressources des quatre-vingt (80) paysmembres de l\u2019IDA pour les trois prochaines ann\u00e9es sont estim\u00e9s \u00e0 700 milliards dedollars US dont 70% seraient r\u00e9serv\u00e9s au continent africain.<\/p>\n<p>Au terme de la c\u00e9r\u00e9monie d\u2019ouverture, les Chefs d\u2019Etat et de Gouvernement et lespartenaires au d\u00e9veloppement se sont retrouv\u00e9s \u00e0 huis clos pour des \u00e9changes plusapprofondis, \u00e0 l\u2019issue desquels, ils ont adopt\u00e9 une D\u00e9claration dite \u2018\u2019D\u00e9clarationd\u2019Abidjan\u2019\u2019.<\/p>\n<p>Dans cette D\u00e9claration, les Chefs d\u2019Etat et de Gouvernement ont r\u00e9it\u00e9r\u00e9 leur appelpour un soutien accru au continent africain en vue de mieux se reconstruire apr\u00e8s la crise d\u00e9coulant de la pand\u00e9mie de COVID-19. Ils ont exhort\u00e9 les donateurs de l\u2019IDA \u00e0 soutenir une reconstitution ambitieuse et importante des ressources de cetorganisme pour une mobilisation d\u2019au moins 100 milliards USD US d\u2019ici la fin del\u2019ann\u00e9e 2021 afin d\u2019atteindre les objectifs \u00e9nonc\u00e9s dans la pr\u00e9sente D\u00e9claration.Ils se sont enfin engag\u00e9s \u00e0 travailler \u00e0 am\u00e9liorer significativement leur capacit\u00e9d\u2019absorption des ressources pour une ex\u00e9cution diligente des projets et programmes,et \u00e0 poursuivre les efforts de mobilisation des recettes fiscales, et \u00e0 utiliser de fa\u00e7on transparente et efficiente les ressources mobilis\u00e9es, tout en renfor\u00e7ant lagouvernance.<\/p>\n<p>En marge de la rencontre, le Pr\u00e9sident Alassane OUATTARA a eu des entretiens avecplusieurs de ses homologues et une d\u00e9l\u00e9gation de la Banque Mondiale.<\/p>\n<p>Following the Meeting of Heads of State and Government ofAngola, Benin, Burkina Faso, Cameroon, C\u00f4te d\u2019Ivoire, Democratic Republic of Congo, Ethiopia, Ghana, Guinea, Guinea Bissau, Kenya, Liberia, Madagascar, Mauritania, Mozambique, Niger, Nigeria, Uganda, Rwanda, Senegal, Sudan, Tanzania and Togo.to Support A Twentieth (20th) Ambitious Replenishment of the Resources of the International Development Association (IDA20)<\/p>\n<p>ABIDJAN\u2019s DECLARATION<\/p>\n<p>Abidjan, 15th July 2021<\/p>\n<p>Preamble1. We, Heads of State and Government of Angola, Benin, Burkina Faso, Cameroon, C\u00f4te d\u2019Ivoire, Democratic Republic of Congo, Ethiopia, Ghana, Guinea, Guinea Bissau, Kenya, Liberia, Madagascar, Mauritania, Mozambique, Niger, Nigeria, Uganda, Rwanda, Senegal, Sudan, Tanzania and Togo, met in Abidjan, Republic of C\u00f4te d\u2019Ivoire, on 15th July 2021.2. We thank His Excellency Mr. Alassane Ouattara, President of the Republic of C\u00f4te d\u2019Ivoire, for the initiative of this important meeting and for welcoming us in African hospitality, to discuss the common development challenges of our countries, to agree on common objectives and goals to guide the economic recovery of our countries, and to discuss the essential role of external financing, particularly through an ambitious replenishment of the resources of the International Development Association (IDA), in a context marked by the COVID-19 pandemic.3. We express our sincere thanks to all our partners and donor countries for the actions already implemented and their interest in the 20th replenishment of IDA, a key instrument for Sub-Saharan African countries (SSA) to finance an inclusive and sustainable African economy for the well-being of its populations.4. We welcome the World Bank Group\u2019s engagement model of promoting a collaborative spirit manifested by listening, understanding, and sharing challenges to better support governments in the implementation of their national strategies, through financing instruments adapted to their needs, as demonstrated by this Abidjan initiative.5. This document, \u201cAbidjan\u2019s Declaration\u201d, represents the outcome of our discussions and should constitute the framework for prioritizing World Bank Group interventions in the coming years.Recent economic and social developments and challenges related to COVID-19 recovery.6. Sub-Saharan Africa (SSA) experienced its most significant economic underperformance in decades in 2020, due to the global crisis caused by the COVID-19 pandemic. The region\u2019s economic growth rate was -1.9% in 2020 according to the International Monetary Fund\u2019s latest regional economic outlook report, versus 3.6% initially planned. The pandemic has severely affected social indicators and hindered progress towards the achievement of the 2030 Sustainable Development Goals (SDGs) achievement as well as those of the African Union\u2019s Agenda 2063. Employment declined\u0301 by about 8.5% in 2020, and over 32 million people fell into extreme poverty\u0301. Similarly, progress in building human capital, particularly in reducing spatial and gender inequalities, has been slowed due to closure of schools, which is estimated to have affected nearly 253 million students, potentially resulting in learning and training losses. The crisis has further exposed certain vulnerabilities in Africa, particularly in terms of food security, access to drugs and vaccines, especially against COVID-19, and industrialization.7. In addition to the COVID-19 pandemic and its economic, health and humanitarian impacts, there is the security crisis experienced by many SSA countries, its risk of expansion and the need for states to devote significant resources to it, instead of other development spending. These problems have the potential to lead to increased conflict and violence, increased fragility, and instability in the region. Aware that poverty and precariousness are among the main causes of terrorism and migration in the world, we must face these challenges.8. Budgetary and cash flow constraints have increased for the countries of the region, leading to an increase in our debt, particularly non-concessional debt. While the capacity to mobilize tax revenues has been challenged by the closure of many companies or the drastic decline in economic activity, foreign direct investment has dwindled and immediate expenditures to cope with the crisis have become more significant.9. Several countries around the world have launched large-scale stimulus packages, using the monetary and fiscal instruments at their disposal to combat the adverse effects of COVID-19. However, most African countries do not have similar instruments.10. Given the additional financing needs in Sub-Saharan Africa, estimated at $285 billion over the next five years, to fight the pandemic, climate change, and accelerate economic recovery, African countries must adopt a sustainable strategy for financing their development including, in addition to their own domestic resource mobilization efforts, the mobilization of concessional and non-concessional financing, and the private sector.11. This particularly difficult context calls for greater solidarity of all our partners and an appropriate and flexible response that includes solutions to short-term social, economic and security issues and adequate support for policies to restore economic growth and reduce poverty and inequality.Priorities for Building Back Better in Africa12. It is therefore time to ACT and IDA resources must enable us to revive our economies as well as the development process to help our people recover from the impact of COVID-19, collectively rethink our development approaches, and focus on the most critical obstacles preventing a greener, more resilient and more inclusive recovery. Knowing that most of the people who will fall back into extreme poverty are those who have low levels of education, vulnerable jobs, or are already in precarious situations affected by droughts and other climatic calamities, we are targeting our actions on three (3) major themes, namely (i) human capital improvement; (ii) job creation through private sector development policies; and (iii) economic recovery.13. Investing in and protecting human capital will be critical to rebuilding a high-productivity, inclusive, and more resilient economy. This implies the improvement of health and education systems as well as the socio-professional integration of young people through the quality of professional and vocational training. Our duty is to protect our people from future shocks through robust and adaptable safety nets and resilient service delivery systems. In addition to improving access to vaccines against COVID-19, we hope that IDA-20 will offer the possibility of consolidating gains in human capital, to achieve a true human transformation of our populations. In these areas, the introduction of digital technology will be a catalyst and a transversal means of optimizing financial and human resources. In particular, it will contribute to the development of telemedicine in remote areas and distance learning, thus reducing spatial inequalities. This requires increased investment in accessible, integrated, and resilient systems, with a focus on universal health coverage, labour market adjustment, as well as second-chance schools and young girls\u2019 education. In this respect, the development of vocational training and its alignment with needs, in a regional approach that covers the entire territory, will be key assets. This will make it possible to reduce the proportion of young women and men with no prospect of a sustainable professional integration.14. We want to promote job creation through the development of the private sector, a key player in the transformation of our strategic economic sectors. The challenge of private sector development requires the continuation and amplification of efforts to improve the business climate, and major investments to increase energy supply, including access and cost reduction for populations and businesses. It also requires accelerating the dynamism of the digital economy and reforms and programmes that can stimulate the establishment of factors of production and private sector green, resilient and inclusive investments. We are thinking specifically of the development of Agro-industry, the strengthening of the manufacturing sector, manufacturing of pharmaceuticals, vaccine production in Africa through industrial partnerships, technology transfer, and sharing of intellectual property. We aim to integrate our industries into international value chains and strengthen intra-African trade, in order to capture a greater share of the added value that is essential for improving people\u2019s living standards and well-being. IDA allocations must thus make it possible to increase our access to larger volumes of financial resources, on favourable terms, thanks in particular to the establishment of innovative and competitive financing mechanisms, such as \u201cblending\u201d and guarantees backed by IDA resources.15. Economic recovery is a priority. Our region must quickly emerge from the crisis to start the virtuous process of improving economic and social indicators and the well-being of the population. It will involve the structural and spatial transformation of our economies, through the transformation of our raw materials, a better economic diversification, the development of intra-country trade, as well as the strengthening of cooperation between our States, particulary through African Continental Free Trade Area (AfCFTA). African countries need, like all countries in the world, appropriate fiscal space to face the crisis, and revive their economies without, however, jeopardizing debt sustainability and macroeconomic stability. Thus, we support all initiatives aimed at improving the access of African countries to long-term resources at attractive conditions. The restoration of economic growth must be accompanied by the development of a system for strengthening crisis preparedness to protect economies and populations from possible pandemics, humanitarian crises, natural disasters, and food insecurity. Thus, IDA could support the strengthening of national crisis prevention systems, particularly climate and food, and policies to improve agricultural productivity, through better access to seeds, fertilisers, and mechanisation equipment.16. The specificity of our region requires that, in addition to the three (3) priority areas mentioned above, issues related to security, fragility, and peace, be considered as prerequisites for a sustainable economic recovery. Indeed, we must continue to fight radicalisation and terrorism effectively. In this respect, it is important, in the framework of IDA\u2019s support, to develop regional programs targeting in particular young people and women, to put in place a package of infrastructure and viable income generating activities. This systemic approach could be integrated into the dynamics of balanced regional development and harmonised management of border areas exposed to fragility.17. This is an ambitious but achievable agenda for Africa. A program, which requires significant internal and external resources, and which will allow us to achieve the Sustainable Development Goals in particular \u201c(i) Eradicate extreme poverty in sub-Saharan Africa by 2030; (ii) Achieve universal health coverage at a lower cost; (iii) Accelerate the local production of medicines and vaccines, (iv) achieve, by 2030, universal access to electricity and water, (v) Guarantee, by 2030, access to quality education for all children under 16, and significantly increase the proportion of literate adults, (vi) Increase the number of young people and adults with the skills, particularly technical and vocational, necessary to obtain employment and entrepreneurship, (vii) Promote policies favouring innovation and the development of small and medium-sized enterprises, (viii) Promote the industrialization of our economies, in particular through the local processing of raw materials.\u201d<\/p>\n<p>18. To do this, We:a. Reiterate our call at the Africa Finance Summit in Paris, 18th May 2021, for increased support to the continent to better rebuild after the crisis ensuing from the COVID-19 pandemic.b. Call IDA donors to support an ambitious and significant IDA20 replenishment of at least USD 100 billion by the end of 2021, in order to meet the development goals set in this statement.c. Will work to significantly improve our capacity to absorb resources for the diligent execution of projects and programs.d. Undertake to continue efforts to mobilize tax revenue, and to use transparently and efficiently the mobilized resources, while strengthening governance.<\/p>\n<p>July 15th, 2021 in Abidjan, Republic of C\u00f4te d\u2019Ivoire<\/p>\n<p>Meeting of Heads of State and Government to support a twentieth (20th) ambitious replenishment of the resources of the International Development Association (IDA20)<\/p>\n<p>&nbsp;<\/p>\n<p>List of meeting participants who adopted the declaration<\/p>\n<p>Countries:Angola, Benin, Burkina Faso, Cameroon, C\u00f4te d\u2019Ivoire, Democratic Republic of Congo, Ethiopia, Ghana, Guinea, Guinea Bissau, Kenya, Liberia, Madagascar, Mauritania, Mozambique, Niger, Nigeria, Uganda, Rwanda, Senegal, Sudan, Tanzania and Togo<\/p>\n<p>As well as the President of the African Union Commission, the President of the Economic Community of West African States (ECOWAS) Commission, the President of the Economic and Monetary Community of Central Africa (CEMAC) Commission, the representative of the President of the West African Economic and Monetary Union (UEMOA) Commission and the World Bank Group.<\/p>\n","protected":false},"excerpt":{"rendered":"<p>Africa-Press &#8211; C\u00f4te d&rsquo;Ivoire. Le Pr\u00e9sident de la R\u00e9publique, S.E.M. Alassane OUATTARA, a pr\u00e9sid\u00e9, ce jeudi 15juillet 2021, au Sofitel \u2013 Abidjan H\u00f4tel Ivoire, la R\u00e9union de haut niveau sur la 20e Reconstitution des Ressources de l\u2019Association Internationale de D\u00e9veloppement(IDA-20). Cette r\u00e9union, organis\u00e9e conjointement par la C\u00f4te d\u2019Ivoire et la Banque Mondiale, a enregistr\u00e9 la [&hellip;]<\/p>\n","protected":false},"author":82,"featured_media":9978,"comment_status":"open","ping_status":"closed","sticky":false,"template":"","format":"standard","meta":{"footnotes":""},"categories":[3,11,10],"tags":[56,63,29],"class_list":["post-9979","post","type-post","status-publish","format-standard","has-post-thumbnail","hentry","category-economie","category-homepage-french","category-toutes-les-actualites","tag-africa-press","tag-africa-press-cote-divoire","tag-cote-divoire"],"yoast_head":"<!-- This site is optimized with the Yoast SEO Premium plugin v26.1 (Yoast SEO v27.0) - https:\/\/yoast.com\/product\/yoast-seo-premium-wordpress\/ -->\n<title>La 20e Reconstitution des Ressources de l\u2019IDA ouverte \u00e0 Abidjan en C\u00f4te-d\u2019Ivoire - C\u00f4te d&#039;Ivoire<\/title>\n<meta name=\"description\" content=\"Le Pr\u00e9sident de la R\u00e9publique, S.E.M. Alassane OUATTARA, a pr\u00e9sid\u00e9, ce jeudi 15juillet 2021, au Sofitel \u2013 Abidjan H\u00f4tel ...\" \/>\n<meta name=\"robots\" content=\"index, follow, max-snippet:-1, max-image-preview:large, max-video-preview:-1\" \/>\n<link rel=\"canonical\" href=\"https:\/\/www.africa-press.net\/cotedivoire\/economie\/la-20e-reconstitution-des-ressources-de-lida-ouverte-a-abidjan-en-cote-divoire\" \/>\n<meta property=\"og:locale\" content=\"fr_FR\" \/>\n<meta property=\"og:type\" content=\"article\" \/>\n<meta property=\"og:title\" content=\"La 20e Reconstitution des Ressources de l\u2019IDA ouverte \u00e0 Abidjan en C\u00f4te-d\u2019Ivoire\" \/>\n<meta property=\"og:description\" content=\"Le Pr\u00e9sident de la R\u00e9publique, S.E.M. Alassane OUATTARA, a pr\u00e9sid\u00e9, ce jeudi 15juillet 2021, au Sofitel \u2013 Abidjan H\u00f4tel ...\" \/>\n<meta property=\"og:url\" content=\"https:\/\/www.africa-press.net\/cotedivoire\/economie\/la-20e-reconstitution-des-ressources-de-lida-ouverte-a-abidjan-en-cote-divoire\" \/>\n<meta property=\"og:site_name\" content=\"C\u00f4te d&#039;Ivoire\" \/>\n<meta property=\"article:published_time\" content=\"2021-07-16T15:19:32+00:00\" \/>\n<meta property=\"article:modified_time\" content=\"2021-07-16T21:01:18+00:00\" \/>\n<meta property=\"og:image\" content=\"https:\/\/static.africa-press.net\/cote\/sites\/43\/2021\/07\/img-60f1a11632450.jpg\" \/>\n\t<meta property=\"og:image:width\" content=\"1280\" \/>\n\t<meta property=\"og:image:height\" content=\"853\" \/>\n\t<meta property=\"og:image:type\" content=\"image\/jpeg\" \/>\n<meta name=\"author\" content=\"cfeditorfr\" \/>\n<meta name=\"twitter:card\" content=\"summary_large_image\" \/>\n<meta name=\"twitter:label1\" content=\"\u00c9crit par\" \/>\n\t<meta name=\"twitter:data1\" content=\"cfeditorfr\" \/>\n\t<meta name=\"twitter:label2\" content=\"Dur\u00e9e de lecture estim\u00e9e\" \/>\n\t<meta name=\"twitter:data2\" content=\"15 minutes\" \/>\n<script type=\"application\/ld+json\" class=\"yoast-schema-graph\">{\"@context\":\"https:\/\/schema.org\",\"@graph\":[{\"@type\":\"Article\",\"@id\":\"https:\/\/www.africa-press.net\/cotedivoire\/economie\/la-20e-reconstitution-des-ressources-de-lida-ouverte-a-abidjan-en-cote-divoire#article\",\"isPartOf\":{\"@id\":\"https:\/\/www.africa-press.net\/cotedivoire\/economie\/la-20e-reconstitution-des-ressources-de-lida-ouverte-a-abidjan-en-cote-divoire\"},\"author\":{\"name\":\"cfeditorfr\",\"@id\":\"https:\/\/www.africa-press.net\/cotedivoire\/#\/schema\/person\/2b1cf3cd81a31e3cd26889ca66d677f1\"},\"headline\":\"La 20e Reconstitution des Ressources de l\u2019IDA ouverte \u00e0 Abidjan en C\u00f4te-d\u2019Ivoire\",\"datePublished\":\"2021-07-16T15:19:32+00:00\",\"dateModified\":\"2021-07-16T21:01:18+00:00\",\"mainEntityOfPage\":{\"@id\":\"https:\/\/www.africa-press.net\/cotedivoire\/economie\/la-20e-reconstitution-des-ressources-de-lida-ouverte-a-abidjan-en-cote-divoire\"},\"wordCount\":2916,\"commentCount\":0,\"image\":{\"@id\":\"https:\/\/www.africa-press.net\/cotedivoire\/economie\/la-20e-reconstitution-des-ressources-de-lida-ouverte-a-abidjan-en-cote-divoire#primaryimage\"},\"thumbnailUrl\":\"https:\/\/static.africa-press.net\/cote\/sites\/43\/2021\/07\/img-60f1a11632450.jpg\",\"keywords\":[\"Africa Press\",\"Africa Press-C\u00f4te d'Ivoire\",\"C\u00d4TE D'IVOIRE\"],\"articleSection\":[\"\u00c9conomie\",\"homepage-french\",\"Toutes les actualit\u00e9s\"],\"inLanguage\":\"fr-FR\",\"potentialAction\":[{\"@type\":\"CommentAction\",\"name\":\"Comment\",\"target\":[\"https:\/\/www.africa-press.net\/cotedivoire\/economie\/la-20e-reconstitution-des-ressources-de-lida-ouverte-a-abidjan-en-cote-divoire#respond\"]}]},{\"@type\":\"WebPage\",\"@id\":\"https:\/\/www.africa-press.net\/cotedivoire\/economie\/la-20e-reconstitution-des-ressources-de-lida-ouverte-a-abidjan-en-cote-divoire\",\"url\":\"https:\/\/www.africa-press.net\/cotedivoire\/economie\/la-20e-reconstitution-des-ressources-de-lida-ouverte-a-abidjan-en-cote-divoire\",\"name\":\"La 20e Reconstitution des Ressources de l\u2019IDA ouverte \u00e0 Abidjan en C\u00f4te-d\u2019Ivoire - C\u00f4te d&#039;Ivoire\",\"isPartOf\":{\"@id\":\"https:\/\/www.africa-press.net\/cotedivoire\/#website\"},\"primaryImageOfPage\":{\"@id\":\"https:\/\/www.africa-press.net\/cotedivoire\/economie\/la-20e-reconstitution-des-ressources-de-lida-ouverte-a-abidjan-en-cote-divoire#primaryimage\"},\"image\":{\"@id\":\"https:\/\/www.africa-press.net\/cotedivoire\/economie\/la-20e-reconstitution-des-ressources-de-lida-ouverte-a-abidjan-en-cote-divoire#primaryimage\"},\"thumbnailUrl\":\"https:\/\/static.africa-press.net\/cote\/sites\/43\/2021\/07\/img-60f1a11632450.jpg\",\"datePublished\":\"2021-07-16T15:19:32+00:00\",\"dateModified\":\"2021-07-16T21:01:18+00:00\",\"author\":{\"@id\":\"https:\/\/www.africa-press.net\/cotedivoire\/#\/schema\/person\/2b1cf3cd81a31e3cd26889ca66d677f1\"},\"description\":\"Le Pr\u00e9sident de la R\u00e9publique, S.E.M. Alassane OUATTARA, a pr\u00e9sid\u00e9, ce jeudi 15juillet 2021, au Sofitel \u2013 Abidjan H\u00f4tel ...\",\"breadcrumb\":{\"@id\":\"https:\/\/www.africa-press.net\/cotedivoire\/economie\/la-20e-reconstitution-des-ressources-de-lida-ouverte-a-abidjan-en-cote-divoire#breadcrumb\"},\"inLanguage\":\"fr-FR\",\"potentialAction\":[{\"@type\":\"ReadAction\",\"target\":[\"https:\/\/www.africa-press.net\/cotedivoire\/economie\/la-20e-reconstitution-des-ressources-de-lida-ouverte-a-abidjan-en-cote-divoire\"]}]},{\"@type\":\"ImageObject\",\"inLanguage\":\"fr-FR\",\"@id\":\"https:\/\/www.africa-press.net\/cotedivoire\/economie\/la-20e-reconstitution-des-ressources-de-lida-ouverte-a-abidjan-en-cote-divoire#primaryimage\",\"url\":\"https:\/\/static.africa-press.net\/cote\/sites\/43\/2021\/07\/img-60f1a11632450.jpg\",\"contentUrl\":\"https:\/\/static.africa-press.net\/cote\/sites\/43\/2021\/07\/img-60f1a11632450.jpg\",\"width\":1280,\"height\":853,\"caption\":\"La 20e Reconstitution des Ressources de l\u2019IDA ouverte \u00e0 Abidjan en C\u00f4te-d\u2019Ivoire\"},{\"@type\":\"BreadcrumbList\",\"@id\":\"https:\/\/www.africa-press.net\/cotedivoire\/economie\/la-20e-reconstitution-des-ressources-de-lida-ouverte-a-abidjan-en-cote-divoire#breadcrumb\",\"itemListElement\":[{\"@type\":\"ListItem\",\"position\":1,\"name\":\"Accueil\",\"item\":\"https:\/\/www.africa-press.net\/cotedivoire\/\"},{\"@type\":\"ListItem\",\"position\":2,\"name\":\"La 20e Reconstitution des Ressources de l\u2019IDA ouverte \u00e0 Abidjan en C\u00f4te-d\u2019Ivoire\"}]},{\"@type\":\"WebSite\",\"@id\":\"https:\/\/www.africa-press.net\/cotedivoire\/#website\",\"url\":\"https:\/\/www.africa-press.net\/cotedivoire\/\",\"name\":\"C\u00f4te d&#039;Ivoire\",\"description\":\"Just another Africa News Agency Sites site\",\"potentialAction\":[{\"@type\":\"SearchAction\",\"target\":{\"@type\":\"EntryPoint\",\"urlTemplate\":\"https:\/\/www.africa-press.net\/cotedivoire\/?s={search_term_string}\"},\"query-input\":{\"@type\":\"PropertyValueSpecification\",\"valueRequired\":true,\"valueName\":\"search_term_string\"}}],\"inLanguage\":\"fr-FR\"},{\"@type\":\"Person\",\"@id\":\"https:\/\/www.africa-press.net\/cotedivoire\/#\/schema\/person\/2b1cf3cd81a31e3cd26889ca66d677f1\",\"name\":\"cfeditorfr\"}]}<\/script>\n<!-- \/ Yoast SEO Premium plugin. -->","yoast_head_json":{"title":"La 20e Reconstitution des Ressources de l\u2019IDA ouverte \u00e0 Abidjan en C\u00f4te-d\u2019Ivoire - C\u00f4te d&#039;Ivoire","description":"Le Pr\u00e9sident de la R\u00e9publique, S.E.M. Alassane OUATTARA, a pr\u00e9sid\u00e9, ce jeudi 15juillet 2021, au Sofitel \u2013 Abidjan H\u00f4tel ...","robots":{"index":"index","follow":"follow","max-snippet":"max-snippet:-1","max-image-preview":"max-image-preview:large","max-video-preview":"max-video-preview:-1"},"canonical":"https:\/\/www.africa-press.net\/cotedivoire\/economie\/la-20e-reconstitution-des-ressources-de-lida-ouverte-a-abidjan-en-cote-divoire","og_locale":"fr_FR","og_type":"article","og_title":"La 20e Reconstitution des Ressources de l\u2019IDA ouverte \u00e0 Abidjan en C\u00f4te-d\u2019Ivoire","og_description":"Le Pr\u00e9sident de la R\u00e9publique, S.E.M. Alassane OUATTARA, a pr\u00e9sid\u00e9, ce jeudi 15juillet 2021, au Sofitel \u2013 Abidjan H\u00f4tel ...","og_url":"https:\/\/www.africa-press.net\/cotedivoire\/economie\/la-20e-reconstitution-des-ressources-de-lida-ouverte-a-abidjan-en-cote-divoire","og_site_name":"C\u00f4te d&#039;Ivoire","article_published_time":"2021-07-16T15:19:32+00:00","article_modified_time":"2021-07-16T21:01:18+00:00","og_image":[{"width":1280,"height":853,"url":"https:\/\/static.africa-press.net\/cote\/sites\/43\/2021\/07\/img-60f1a11632450.jpg","type":"image\/jpeg"}],"author":"cfeditorfr","twitter_card":"summary_large_image","twitter_misc":{"\u00c9crit par":"cfeditorfr","Dur\u00e9e de lecture estim\u00e9e":"15 minutes"},"schema":{"@context":"https:\/\/schema.org","@graph":[{"@type":"Article","@id":"https:\/\/www.africa-press.net\/cotedivoire\/economie\/la-20e-reconstitution-des-ressources-de-lida-ouverte-a-abidjan-en-cote-divoire#article","isPartOf":{"@id":"https:\/\/www.africa-press.net\/cotedivoire\/economie\/la-20e-reconstitution-des-ressources-de-lida-ouverte-a-abidjan-en-cote-divoire"},"author":{"name":"cfeditorfr","@id":"https:\/\/www.africa-press.net\/cotedivoire\/#\/schema\/person\/2b1cf3cd81a31e3cd26889ca66d677f1"},"headline":"La 20e Reconstitution des Ressources de l\u2019IDA ouverte \u00e0 Abidjan en C\u00f4te-d\u2019Ivoire","datePublished":"2021-07-16T15:19:32+00:00","dateModified":"2021-07-16T21:01:18+00:00","mainEntityOfPage":{"@id":"https:\/\/www.africa-press.net\/cotedivoire\/economie\/la-20e-reconstitution-des-ressources-de-lida-ouverte-a-abidjan-en-cote-divoire"},"wordCount":2916,"commentCount":0,"image":{"@id":"https:\/\/www.africa-press.net\/cotedivoire\/economie\/la-20e-reconstitution-des-ressources-de-lida-ouverte-a-abidjan-en-cote-divoire#primaryimage"},"thumbnailUrl":"https:\/\/static.africa-press.net\/cote\/sites\/43\/2021\/07\/img-60f1a11632450.jpg","keywords":["Africa Press","Africa Press-C\u00f4te d'Ivoire","C\u00d4TE D'IVOIRE"],"articleSection":["\u00c9conomie","homepage-french","Toutes les actualit\u00e9s"],"inLanguage":"fr-FR","potentialAction":[{"@type":"CommentAction","name":"Comment","target":["https:\/\/www.africa-press.net\/cotedivoire\/economie\/la-20e-reconstitution-des-ressources-de-lida-ouverte-a-abidjan-en-cote-divoire#respond"]}]},{"@type":"WebPage","@id":"https:\/\/www.africa-press.net\/cotedivoire\/economie\/la-20e-reconstitution-des-ressources-de-lida-ouverte-a-abidjan-en-cote-divoire","url":"https:\/\/www.africa-press.net\/cotedivoire\/economie\/la-20e-reconstitution-des-ressources-de-lida-ouverte-a-abidjan-en-cote-divoire","name":"La 20e Reconstitution des Ressources de l\u2019IDA ouverte \u00e0 Abidjan en C\u00f4te-d\u2019Ivoire - C\u00f4te d&#039;Ivoire","isPartOf":{"@id":"https:\/\/www.africa-press.net\/cotedivoire\/#website"},"primaryImageOfPage":{"@id":"https:\/\/www.africa-press.net\/cotedivoire\/economie\/la-20e-reconstitution-des-ressources-de-lida-ouverte-a-abidjan-en-cote-divoire#primaryimage"},"image":{"@id":"https:\/\/www.africa-press.net\/cotedivoire\/economie\/la-20e-reconstitution-des-ressources-de-lida-ouverte-a-abidjan-en-cote-divoire#primaryimage"},"thumbnailUrl":"https:\/\/static.africa-press.net\/cote\/sites\/43\/2021\/07\/img-60f1a11632450.jpg","datePublished":"2021-07-16T15:19:32+00:00","dateModified":"2021-07-16T21:01:18+00:00","author":{"@id":"https:\/\/www.africa-press.net\/cotedivoire\/#\/schema\/person\/2b1cf3cd81a31e3cd26889ca66d677f1"},"description":"Le Pr\u00e9sident de la R\u00e9publique, S.E.M. Alassane OUATTARA, a pr\u00e9sid\u00e9, ce jeudi 15juillet 2021, au Sofitel \u2013 Abidjan H\u00f4tel ...","breadcrumb":{"@id":"https:\/\/www.africa-press.net\/cotedivoire\/economie\/la-20e-reconstitution-des-ressources-de-lida-ouverte-a-abidjan-en-cote-divoire#breadcrumb"},"inLanguage":"fr-FR","potentialAction":[{"@type":"ReadAction","target":["https:\/\/www.africa-press.net\/cotedivoire\/economie\/la-20e-reconstitution-des-ressources-de-lida-ouverte-a-abidjan-en-cote-divoire"]}]},{"@type":"ImageObject","inLanguage":"fr-FR","@id":"https:\/\/www.africa-press.net\/cotedivoire\/economie\/la-20e-reconstitution-des-ressources-de-lida-ouverte-a-abidjan-en-cote-divoire#primaryimage","url":"https:\/\/static.africa-press.net\/cote\/sites\/43\/2021\/07\/img-60f1a11632450.jpg","contentUrl":"https:\/\/static.africa-press.net\/cote\/sites\/43\/2021\/07\/img-60f1a11632450.jpg","width":1280,"height":853,"caption":"La 20e Reconstitution des Ressources de l\u2019IDA ouverte \u00e0 Abidjan en C\u00f4te-d\u2019Ivoire"},{"@type":"BreadcrumbList","@id":"https:\/\/www.africa-press.net\/cotedivoire\/economie\/la-20e-reconstitution-des-ressources-de-lida-ouverte-a-abidjan-en-cote-divoire#breadcrumb","itemListElement":[{"@type":"ListItem","position":1,"name":"Accueil","item":"https:\/\/www.africa-press.net\/cotedivoire\/"},{"@type":"ListItem","position":2,"name":"La 20e Reconstitution des Ressources de l\u2019IDA ouverte \u00e0 Abidjan en C\u00f4te-d\u2019Ivoire"}]},{"@type":"WebSite","@id":"https:\/\/www.africa-press.net\/cotedivoire\/#website","url":"https:\/\/www.africa-press.net\/cotedivoire\/","name":"C\u00f4te d&#039;Ivoire","description":"Just another Africa News Agency Sites site","potentialAction":[{"@type":"SearchAction","target":{"@type":"EntryPoint","urlTemplate":"https:\/\/www.africa-press.net\/cotedivoire\/?s={search_term_string}"},"query-input":{"@type":"PropertyValueSpecification","valueRequired":true,"valueName":"search_term_string"}}],"inLanguage":"fr-FR"},{"@type":"Person","@id":"https:\/\/www.africa-press.net\/cotedivoire\/#\/schema\/person\/2b1cf3cd81a31e3cd26889ca66d677f1","name":"cfeditorfr"}]}},"_links":{"self":[{"href":"https:\/\/www.africa-press.net\/cotedivoire\/wp-json\/wp\/v2\/posts\/9979","targetHints":{"allow":["GET"]}}],"collection":[{"href":"https:\/\/www.africa-press.net\/cotedivoire\/wp-json\/wp\/v2\/posts"}],"about":[{"href":"https:\/\/www.africa-press.net\/cotedivoire\/wp-json\/wp\/v2\/types\/post"}],"author":[{"embeddable":true,"href":"https:\/\/www.africa-press.net\/cotedivoire\/wp-json\/wp\/v2\/users\/82"}],"replies":[{"embeddable":true,"href":"https:\/\/www.africa-press.net\/cotedivoire\/wp-json\/wp\/v2\/comments?post=9979"}],"version-history":[{"count":0,"href":"https:\/\/www.africa-press.net\/cotedivoire\/wp-json\/wp\/v2\/posts\/9979\/revisions"}],"wp:featuredmedia":[{"embeddable":true,"href":"https:\/\/www.africa-press.net\/cotedivoire\/wp-json\/wp\/v2\/media\/9978"}],"wp:attachment":[{"href":"https:\/\/www.africa-press.net\/cotedivoire\/wp-json\/wp\/v2\/media?parent=9979"}],"wp:term":[{"taxonomy":"category","embeddable":true,"href":"https:\/\/www.africa-press.net\/cotedivoire\/wp-json\/wp\/v2\/categories?post=9979"},{"taxonomy":"post_tag","embeddable":true,"href":"https:\/\/www.africa-press.net\/cotedivoire\/wp-json\/wp\/v2\/tags?post=9979"}],"curies":[{"name":"wp","href":"https:\/\/api.w.org\/{rel}","templated":true}]}}