{"id":9982,"date":"2021-07-16T15:26:12","date_gmt":"2021-07-16T15:26:12","guid":{"rendered":"https:\/\/www.africa-press.net\/cotedivoire\/?p=9982"},"modified":"2021-07-16T21:01:28","modified_gmt":"2021-07-16T21:01:28","slug":"defense-des-forces-speciales-americaines-et-ivoiriennes-bouclent-un-exercice-conjoint-de-7-semaines","status":"publish","type":"post","link":"https:\/\/www.africa-press.net\/cotedivoire\/politique\/defense-des-forces-speciales-americaines-et-ivoiriennes-bouclent-un-exercice-conjoint-de-7-semaines","title":{"rendered":"D\u00e9fense\/Des forces sp\u00e9ciales am\u00e9ricaines et ivoiriennes bouclent un exercice conjoint de 7 semaines"},"content":{"rendered":"<p><span style=\"color: #ff6600\"><strong><a href=\"https:\/\/www.africa-press.net\/\">Africa-Press<\/a> &#8211; <a href=\"https:\/\/www.africa-press.net\/cotedivoire\">C\u00f4te d&rsquo;Ivoire<\/a>. <\/strong><\/span>\u00a0Les forces de U.S. Special Operations Command Africa, Commandement des op\u00e9rations sp\u00e9ciales des \u00c9tats-Unis en Afrique, ont conclu un a Joint Combined Exercise Training (JCET ou entra\u00eenements combin\u00e9s conjoints) \u00e0 Abidjan et \u00e0 Yamoussoukro, en C\u00f4te d\u2019Ivoire, le 9 juillet 2021.<\/p>\n<p>L\u2019\u00e9quipe am\u00e9ricaine s\u2019est associ\u00e9e aux forces sp\u00e9ciales de la C\u00f4te d\u2019Ivoire pour am\u00e9liorer leurs capacit\u00e9s op\u00e9rationnelles et tactiques, pr\u00e9venir, r\u00e9pondre et mettre fin \u00e0 l\u2019extr\u00e9misme violent. Les JCET am\u00e9liorent les relations des \u00c9tats-Unis avec les pays partenaires, en d\u00e9veloppant et en maintenant des relations inter-militaires critiques et en am\u00e9liorant la pr\u00e9paration et l\u2019interop\u00e9rabilit\u00e9 interarm\u00e9es et alli\u00e9es.<\/p>\n<p>\u00ab La formation aux c\u00f4t\u00e9s de partenaires non seulement affine nos comp\u00e9tences militaires, mais construit \u00e9galement les relations dont nous avons besoin dans les moments difficiles \u00bb, a d\u00e9clar\u00e9 le commandant du Special Operations Command Africa, le Contre-Amiral Jamie Sands. \u00ab Nous sommes fiers de travailler aux c\u00f4t\u00e9s de nos homologues ivoiriens face \u00e0 l\u2019intrusion d\u2019organisations extr\u00e9mistes violentes sur leur fronti\u00e8re nord. \u00bb<\/p>\n<p>\u00ab Aujourd\u2019hui, le niveau de professionnalisme requis de ceux qui portent un uniforme est plus \u00e9lev\u00e9 que jamais \u00bb, a d\u00e9clar\u00e9 l\u2019Ambassadeur des \u00c9tats-Unis en C\u00f4te d\u2019Ivoire, Richard Bell, lors de la c\u00e9r\u00e9monie de cl\u00f4ture. \u00ab La s\u00e9curit\u00e9 est fondamentale pour cr\u00e9er un environnement propice au progr\u00e8s. La confiance mutuelle entre les autorit\u00e9s et les populations est cruciale ; c\u2019est pr\u00e9cis\u00e9ment cette confiance que l\u2019ennemi essaie de briser. \u00bb<\/p>\n<p>Le JCET r\u00e9cemment conclu est l\u2019une des nombreuses activit\u00e9s con\u00e7ues pour renforcer les relations s\u00e9curitaires entre les \u00c9tats-Unis et la C\u00f4te d\u2019Ivoire et am\u00e9liorer la s\u00e9curit\u00e9 nationale et r\u00e9gionale. La C\u00f4te d\u2019Ivoire sera un partenaire cl\u00e9 lors du Flintlock 2022 qui se tiendra l\u2019ann\u00e9e prochaine, le plus grand exercice annuel des forces d\u2019op\u00e9rations sp\u00e9ciales du U.S. Africa Command.<\/p>\n<p>U.S. Africa Command et les forces d\u2019op\u00e9rations sp\u00e9ciales se sont engag\u00e9s pour une alliance mutuellement b\u00e9n\u00e9fique avec la C\u00f4te d\u2019Ivoire et ses autres partenaires.<\/p>\n<p>&nbsp;<\/p>\n","protected":false},"excerpt":{"rendered":"<p>Africa-Press &#8211; C\u00f4te d&rsquo;Ivoire. \u00a0Les forces de U.S. Special Operations Command Africa, Commandement des op\u00e9rations sp\u00e9ciales des \u00c9tats-Unis en Afrique, ont conclu un a Joint Combined Exercise Training (JCET ou entra\u00eenements combin\u00e9s conjoints) \u00e0 Abidjan et \u00e0 Yamoussoukro, en C\u00f4te d\u2019Ivoire, le 9 juillet 2021. L\u2019\u00e9quipe am\u00e9ricaine s\u2019est associ\u00e9e aux forces sp\u00e9ciales de la C\u00f4te [&hellip;]<\/p>\n","protected":false},"author":82,"featured_media":9981,"comment_status":"open","ping_status":"closed","sticky":false,"template":"","format":"standard","meta":{"footnotes":""},"categories":[11,2,10],"tags":[56,63,29],"class_list":["post-9982","post","type-post","status-publish","format-standard","has-post-thumbnail","hentry","category-homepage-french","category-politique","category-toutes-les-actualites","tag-africa-press","tag-africa-press-cote-divoire","tag-cote-divoire"],"yoast_head":"<!-- This site is optimized with the Yoast SEO Premium plugin v26.1 (Yoast SEO v27.0) - https:\/\/yoast.com\/product\/yoast-seo-premium-wordpress\/ -->\n<title>D\u00e9fense\/Des forces sp\u00e9ciales am\u00e9ricaines et ivoiriennes bouclent un exercice conjoint de 7 semaines - C\u00f4te d&#039;Ivoire<\/title>\n<meta name=\"description\" content=\"Abidjan, C\u00f4te d\u2019Ivoire \u2013 Les forces de U.S. Special Operations Command Africa, Commandement des op\u00e9rations sp\u00e9ciales des ...\" \/>\n<meta name=\"robots\" content=\"index, follow, max-snippet:-1, max-image-preview:large, max-video-preview:-1\" \/>\n<link rel=\"canonical\" href=\"https:\/\/www.africa-press.net\/cotedivoire\/politique\/defense-des-forces-speciales-americaines-et-ivoiriennes-bouclent-un-exercice-conjoint-de-7-semaines\" \/>\n<meta property=\"og:locale\" content=\"fr_FR\" \/>\n<meta property=\"og:type\" content=\"article\" \/>\n<meta property=\"og:title\" content=\"D\u00e9fense\/Des forces sp\u00e9ciales am\u00e9ricaines et ivoiriennes bouclent un exercice conjoint de 7 semaines\" \/>\n<meta property=\"og:description\" content=\"Abidjan, C\u00f4te d\u2019Ivoire \u2013 Les forces de U.S. Special Operations Command Africa, Commandement des op\u00e9rations sp\u00e9ciales des ...\" \/>\n<meta property=\"og:url\" content=\"https:\/\/www.africa-press.net\/cotedivoire\/politique\/defense-des-forces-speciales-americaines-et-ivoiriennes-bouclent-un-exercice-conjoint-de-7-semaines\" \/>\n<meta property=\"og:site_name\" content=\"C\u00f4te d&#039;Ivoire\" \/>\n<meta property=\"article:published_time\" content=\"2021-07-16T15:26:12+00:00\" \/>\n<meta property=\"article:modified_time\" content=\"2021-07-16T21:01:28+00:00\" \/>\n<meta property=\"og:image\" content=\"https:\/\/static.africa-press.net\/cote\/sites\/43\/2021\/07\/img-60f1a145b7adb.jpg\" \/>\n\t<meta property=\"og:image:width\" content=\"946\" \/>\n\t<meta property=\"og:image:height\" content=\"427\" \/>\n\t<meta property=\"og:image:type\" content=\"image\/jpeg\" \/>\n<meta name=\"author\" content=\"cfeditorfr\" \/>\n<meta name=\"twitter:card\" content=\"summary_large_image\" \/>\n<meta name=\"twitter:label1\" content=\"\u00c9crit par\" \/>\n\t<meta name=\"twitter:data1\" content=\"cfeditorfr\" \/>\n\t<meta name=\"twitter:label2\" content=\"Dur\u00e9e de lecture estim\u00e9e\" \/>\n\t<meta name=\"twitter:data2\" content=\"2 minutes\" \/>\n<script type=\"application\/ld+json\" class=\"yoast-schema-graph\">{\"@context\":\"https:\/\/schema.org\",\"@graph\":[{\"@type\":\"Article\",\"@id\":\"https:\/\/www.africa-press.net\/cotedivoire\/politique\/defense-des-forces-speciales-americaines-et-ivoiriennes-bouclent-un-exercice-conjoint-de-7-semaines#article\",\"isPartOf\":{\"@id\":\"https:\/\/www.africa-press.net\/cotedivoire\/politique\/defense-des-forces-speciales-americaines-et-ivoiriennes-bouclent-un-exercice-conjoint-de-7-semaines\"},\"author\":{\"name\":\"cfeditorfr\",\"@id\":\"https:\/\/www.africa-press.net\/cotedivoire\/#\/schema\/person\/2b1cf3cd81a31e3cd26889ca66d677f1\"},\"headline\":\"D\u00e9fense\/Des forces sp\u00e9ciales am\u00e9ricaines et ivoiriennes bouclent un exercice conjoint de 7 semaines\",\"datePublished\":\"2021-07-16T15:26:12+00:00\",\"dateModified\":\"2021-07-16T21:01:28+00:00\",\"mainEntityOfPage\":{\"@id\":\"https:\/\/www.africa-press.net\/cotedivoire\/politique\/defense-des-forces-speciales-americaines-et-ivoiriennes-bouclent-un-exercice-conjoint-de-7-semaines\"},\"wordCount\":400,\"commentCount\":0,\"image\":{\"@id\":\"https:\/\/www.africa-press.net\/cotedivoire\/politique\/defense-des-forces-speciales-americaines-et-ivoiriennes-bouclent-un-exercice-conjoint-de-7-semaines#primaryimage\"},\"thumbnailUrl\":\"https:\/\/static.africa-press.net\/cote\/sites\/43\/2021\/07\/img-60f1a145b7adb.jpg\",\"keywords\":[\"Africa Press\",\"Africa Press-C\u00f4te d'Ivoire\",\"C\u00d4TE D'IVOIRE\"],\"articleSection\":[\"homepage-french\",\"Politique\",\"Toutes les actualit\u00e9s\"],\"inLanguage\":\"fr-FR\",\"potentialAction\":[{\"@type\":\"CommentAction\",\"name\":\"Comment\",\"target\":[\"https:\/\/www.africa-press.net\/cotedivoire\/politique\/defense-des-forces-speciales-americaines-et-ivoiriennes-bouclent-un-exercice-conjoint-de-7-semaines#respond\"]}]},{\"@type\":\"WebPage\",\"@id\":\"https:\/\/www.africa-press.net\/cotedivoire\/politique\/defense-des-forces-speciales-americaines-et-ivoiriennes-bouclent-un-exercice-conjoint-de-7-semaines\",\"url\":\"https:\/\/www.africa-press.net\/cotedivoire\/politique\/defense-des-forces-speciales-americaines-et-ivoiriennes-bouclent-un-exercice-conjoint-de-7-semaines\",\"name\":\"D\u00e9fense\/Des forces sp\u00e9ciales am\u00e9ricaines et ivoiriennes bouclent un exercice conjoint de 7 semaines - C\u00f4te d&#039;Ivoire\",\"isPartOf\":{\"@id\":\"https:\/\/www.africa-press.net\/cotedivoire\/#website\"},\"primaryImageOfPage\":{\"@id\":\"https:\/\/www.africa-press.net\/cotedivoire\/politique\/defense-des-forces-speciales-americaines-et-ivoiriennes-bouclent-un-exercice-conjoint-de-7-semaines#primaryimage\"},\"image\":{\"@id\":\"https:\/\/www.africa-press.net\/cotedivoire\/politique\/defense-des-forces-speciales-americaines-et-ivoiriennes-bouclent-un-exercice-conjoint-de-7-semaines#primaryimage\"},\"thumbnailUrl\":\"https:\/\/static.africa-press.net\/cote\/sites\/43\/2021\/07\/img-60f1a145b7adb.jpg\",\"datePublished\":\"2021-07-16T15:26:12+00:00\",\"dateModified\":\"2021-07-16T21:01:28+00:00\",\"author\":{\"@id\":\"https:\/\/www.africa-press.net\/cotedivoire\/#\/schema\/person\/2b1cf3cd81a31e3cd26889ca66d677f1\"},\"description\":\"Abidjan, C\u00f4te d\u2019Ivoire \u2013 Les forces de U.S. Special Operations Command Africa, Commandement des op\u00e9rations sp\u00e9ciales des ...\",\"breadcrumb\":{\"@id\":\"https:\/\/www.africa-press.net\/cotedivoire\/politique\/defense-des-forces-speciales-americaines-et-ivoiriennes-bouclent-un-exercice-conjoint-de-7-semaines#breadcrumb\"},\"inLanguage\":\"fr-FR\",\"potentialAction\":[{\"@type\":\"ReadAction\",\"target\":[\"https:\/\/www.africa-press.net\/cotedivoire\/politique\/defense-des-forces-speciales-americaines-et-ivoiriennes-bouclent-un-exercice-conjoint-de-7-semaines\"]}]},{\"@type\":\"ImageObject\",\"inLanguage\":\"fr-FR\",\"@id\":\"https:\/\/www.africa-press.net\/cotedivoire\/politique\/defense-des-forces-speciales-americaines-et-ivoiriennes-bouclent-un-exercice-conjoint-de-7-semaines#primaryimage\",\"url\":\"https:\/\/static.africa-press.net\/cote\/sites\/43\/2021\/07\/img-60f1a145b7adb.jpg\",\"contentUrl\":\"https:\/\/static.africa-press.net\/cote\/sites\/43\/2021\/07\/img-60f1a145b7adb.jpg\",\"width\":946,\"height\":427,\"caption\":\"D\u00e9fense\/Des forces sp\u00e9ciales am\u00e9ricaines et ivoiriennes bouclent un exercice conjoint de 7 semaines\"},{\"@type\":\"BreadcrumbList\",\"@id\":\"https:\/\/www.africa-press.net\/cotedivoire\/politique\/defense-des-forces-speciales-americaines-et-ivoiriennes-bouclent-un-exercice-conjoint-de-7-semaines#breadcrumb\",\"itemListElement\":[{\"@type\":\"ListItem\",\"position\":1,\"name\":\"Accueil\",\"item\":\"https:\/\/www.africa-press.net\/cotedivoire\/\"},{\"@type\":\"ListItem\",\"position\":2,\"name\":\"D\u00e9fense\/Des forces sp\u00e9ciales am\u00e9ricaines et ivoiriennes bouclent un exercice conjoint de 7 semaines\"}]},{\"@type\":\"WebSite\",\"@id\":\"https:\/\/www.africa-press.net\/cotedivoire\/#website\",\"url\":\"https:\/\/www.africa-press.net\/cotedivoire\/\",\"name\":\"C\u00f4te d&#039;Ivoire\",\"description\":\"Just another Africa News Agency Sites site\",\"potentialAction\":[{\"@type\":\"SearchAction\",\"target\":{\"@type\":\"EntryPoint\",\"urlTemplate\":\"https:\/\/www.africa-press.net\/cotedivoire\/?s={search_term_string}\"},\"query-input\":{\"@type\":\"PropertyValueSpecification\",\"valueRequired\":true,\"valueName\":\"search_term_string\"}}],\"inLanguage\":\"fr-FR\"},{\"@type\":\"Person\",\"@id\":\"https:\/\/www.africa-press.net\/cotedivoire\/#\/schema\/person\/2b1cf3cd81a31e3cd26889ca66d677f1\",\"name\":\"cfeditorfr\"}]}<\/script>\n<!-- \/ Yoast SEO Premium plugin. -->","yoast_head_json":{"title":"D\u00e9fense\/Des forces sp\u00e9ciales am\u00e9ricaines et ivoiriennes bouclent un exercice conjoint de 7 semaines - C\u00f4te d&#039;Ivoire","description":"Abidjan, C\u00f4te d\u2019Ivoire \u2013 Les forces de U.S. Special Operations Command Africa, Commandement des op\u00e9rations sp\u00e9ciales des ...","robots":{"index":"index","follow":"follow","max-snippet":"max-snippet:-1","max-image-preview":"max-image-preview:large","max-video-preview":"max-video-preview:-1"},"canonical":"https:\/\/www.africa-press.net\/cotedivoire\/politique\/defense-des-forces-speciales-americaines-et-ivoiriennes-bouclent-un-exercice-conjoint-de-7-semaines","og_locale":"fr_FR","og_type":"article","og_title":"D\u00e9fense\/Des forces sp\u00e9ciales am\u00e9ricaines et ivoiriennes bouclent un exercice conjoint de 7 semaines","og_description":"Abidjan, C\u00f4te d\u2019Ivoire \u2013 Les forces de U.S. Special Operations Command Africa, Commandement des op\u00e9rations sp\u00e9ciales des ...","og_url":"https:\/\/www.africa-press.net\/cotedivoire\/politique\/defense-des-forces-speciales-americaines-et-ivoiriennes-bouclent-un-exercice-conjoint-de-7-semaines","og_site_name":"C\u00f4te d&#039;Ivoire","article_published_time":"2021-07-16T15:26:12+00:00","article_modified_time":"2021-07-16T21:01:28+00:00","og_image":[{"width":946,"height":427,"url":"https:\/\/static.africa-press.net\/cote\/sites\/43\/2021\/07\/img-60f1a145b7adb.jpg","type":"image\/jpeg"}],"author":"cfeditorfr","twitter_card":"summary_large_image","twitter_misc":{"\u00c9crit par":"cfeditorfr","Dur\u00e9e de lecture estim\u00e9e":"2 minutes"},"schema":{"@context":"https:\/\/schema.org","@graph":[{"@type":"Article","@id":"https:\/\/www.africa-press.net\/cotedivoire\/politique\/defense-des-forces-speciales-americaines-et-ivoiriennes-bouclent-un-exercice-conjoint-de-7-semaines#article","isPartOf":{"@id":"https:\/\/www.africa-press.net\/cotedivoire\/politique\/defense-des-forces-speciales-americaines-et-ivoiriennes-bouclent-un-exercice-conjoint-de-7-semaines"},"author":{"name":"cfeditorfr","@id":"https:\/\/www.africa-press.net\/cotedivoire\/#\/schema\/person\/2b1cf3cd81a31e3cd26889ca66d677f1"},"headline":"D\u00e9fense\/Des forces sp\u00e9ciales am\u00e9ricaines et ivoiriennes bouclent un exercice conjoint de 7 semaines","datePublished":"2021-07-16T15:26:12+00:00","dateModified":"2021-07-16T21:01:28+00:00","mainEntityOfPage":{"@id":"https:\/\/www.africa-press.net\/cotedivoire\/politique\/defense-des-forces-speciales-americaines-et-ivoiriennes-bouclent-un-exercice-conjoint-de-7-semaines"},"wordCount":400,"commentCount":0,"image":{"@id":"https:\/\/www.africa-press.net\/cotedivoire\/politique\/defense-des-forces-speciales-americaines-et-ivoiriennes-bouclent-un-exercice-conjoint-de-7-semaines#primaryimage"},"thumbnailUrl":"https:\/\/static.africa-press.net\/cote\/sites\/43\/2021\/07\/img-60f1a145b7adb.jpg","keywords":["Africa Press","Africa Press-C\u00f4te d'Ivoire","C\u00d4TE D'IVOIRE"],"articleSection":["homepage-french","Politique","Toutes les actualit\u00e9s"],"inLanguage":"fr-FR","potentialAction":[{"@type":"CommentAction","name":"Comment","target":["https:\/\/www.africa-press.net\/cotedivoire\/politique\/defense-des-forces-speciales-americaines-et-ivoiriennes-bouclent-un-exercice-conjoint-de-7-semaines#respond"]}]},{"@type":"WebPage","@id":"https:\/\/www.africa-press.net\/cotedivoire\/politique\/defense-des-forces-speciales-americaines-et-ivoiriennes-bouclent-un-exercice-conjoint-de-7-semaines","url":"https:\/\/www.africa-press.net\/cotedivoire\/politique\/defense-des-forces-speciales-americaines-et-ivoiriennes-bouclent-un-exercice-conjoint-de-7-semaines","name":"D\u00e9fense\/Des forces sp\u00e9ciales am\u00e9ricaines et ivoiriennes bouclent un exercice conjoint de 7 semaines - C\u00f4te d&#039;Ivoire","isPartOf":{"@id":"https:\/\/www.africa-press.net\/cotedivoire\/#website"},"primaryImageOfPage":{"@id":"https:\/\/www.africa-press.net\/cotedivoire\/politique\/defense-des-forces-speciales-americaines-et-ivoiriennes-bouclent-un-exercice-conjoint-de-7-semaines#primaryimage"},"image":{"@id":"https:\/\/www.africa-press.net\/cotedivoire\/politique\/defense-des-forces-speciales-americaines-et-ivoiriennes-bouclent-un-exercice-conjoint-de-7-semaines#primaryimage"},"thumbnailUrl":"https:\/\/static.africa-press.net\/cote\/sites\/43\/2021\/07\/img-60f1a145b7adb.jpg","datePublished":"2021-07-16T15:26:12+00:00","dateModified":"2021-07-16T21:01:28+00:00","author":{"@id":"https:\/\/www.africa-press.net\/cotedivoire\/#\/schema\/person\/2b1cf3cd81a31e3cd26889ca66d677f1"},"description":"Abidjan, C\u00f4te d\u2019Ivoire \u2013 Les forces de U.S. Special Operations Command Africa, Commandement des op\u00e9rations sp\u00e9ciales des ...","breadcrumb":{"@id":"https:\/\/www.africa-press.net\/cotedivoire\/politique\/defense-des-forces-speciales-americaines-et-ivoiriennes-bouclent-un-exercice-conjoint-de-7-semaines#breadcrumb"},"inLanguage":"fr-FR","potentialAction":[{"@type":"ReadAction","target":["https:\/\/www.africa-press.net\/cotedivoire\/politique\/defense-des-forces-speciales-americaines-et-ivoiriennes-bouclent-un-exercice-conjoint-de-7-semaines"]}]},{"@type":"ImageObject","inLanguage":"fr-FR","@id":"https:\/\/www.africa-press.net\/cotedivoire\/politique\/defense-des-forces-speciales-americaines-et-ivoiriennes-bouclent-un-exercice-conjoint-de-7-semaines#primaryimage","url":"https:\/\/static.africa-press.net\/cote\/sites\/43\/2021\/07\/img-60f1a145b7adb.jpg","contentUrl":"https:\/\/static.africa-press.net\/cote\/sites\/43\/2021\/07\/img-60f1a145b7adb.jpg","width":946,"height":427,"caption":"D\u00e9fense\/Des forces sp\u00e9ciales am\u00e9ricaines et ivoiriennes bouclent un exercice conjoint de 7 semaines"},{"@type":"BreadcrumbList","@id":"https:\/\/www.africa-press.net\/cotedivoire\/politique\/defense-des-forces-speciales-americaines-et-ivoiriennes-bouclent-un-exercice-conjoint-de-7-semaines#breadcrumb","itemListElement":[{"@type":"ListItem","position":1,"name":"Accueil","item":"https:\/\/www.africa-press.net\/cotedivoire\/"},{"@type":"ListItem","position":2,"name":"D\u00e9fense\/Des forces sp\u00e9ciales am\u00e9ricaines et ivoiriennes bouclent un exercice conjoint de 7 semaines"}]},{"@type":"WebSite","@id":"https:\/\/www.africa-press.net\/cotedivoire\/#website","url":"https:\/\/www.africa-press.net\/cotedivoire\/","name":"C\u00f4te d&#039;Ivoire","description":"Just another Africa News Agency Sites site","potentialAction":[{"@type":"SearchAction","target":{"@type":"EntryPoint","urlTemplate":"https:\/\/www.africa-press.net\/cotedivoire\/?s={search_term_string}"},"query-input":{"@type":"PropertyValueSpecification","valueRequired":true,"valueName":"search_term_string"}}],"inLanguage":"fr-FR"},{"@type":"Person","@id":"https:\/\/www.africa-press.net\/cotedivoire\/#\/schema\/person\/2b1cf3cd81a31e3cd26889ca66d677f1","name":"cfeditorfr"}]}},"_links":{"self":[{"href":"https:\/\/www.africa-press.net\/cotedivoire\/wp-json\/wp\/v2\/posts\/9982","targetHints":{"allow":["GET"]}}],"collection":[{"href":"https:\/\/www.africa-press.net\/cotedivoire\/wp-json\/wp\/v2\/posts"}],"about":[{"href":"https:\/\/www.africa-press.net\/cotedivoire\/wp-json\/wp\/v2\/types\/post"}],"author":[{"embeddable":true,"href":"https:\/\/www.africa-press.net\/cotedivoire\/wp-json\/wp\/v2\/users\/82"}],"replies":[{"embeddable":true,"href":"https:\/\/www.africa-press.net\/cotedivoire\/wp-json\/wp\/v2\/comments?post=9982"}],"version-history":[{"count":0,"href":"https:\/\/www.africa-press.net\/cotedivoire\/wp-json\/wp\/v2\/posts\/9982\/revisions"}],"wp:featuredmedia":[{"embeddable":true,"href":"https:\/\/www.africa-press.net\/cotedivoire\/wp-json\/wp\/v2\/media\/9981"}],"wp:attachment":[{"href":"https:\/\/www.africa-press.net\/cotedivoire\/wp-json\/wp\/v2\/media?parent=9982"}],"wp:term":[{"taxonomy":"category","embeddable":true,"href":"https:\/\/www.africa-press.net\/cotedivoire\/wp-json\/wp\/v2\/categories?post=9982"},{"taxonomy":"post_tag","embeddable":true,"href":"https:\/\/www.africa-press.net\/cotedivoire\/wp-json\/wp\/v2\/tags?post=9982"}],"curies":[{"name":"wp","href":"https:\/\/api.w.org\/{rel}","templated":true}]}}