{"id":9985,"date":"2021-07-16T15:34:47","date_gmt":"2021-07-16T15:34:47","guid":{"rendered":"https:\/\/www.africa-press.net\/cotedivoire\/?p=9985"},"modified":"2021-07-16T21:01:42","modified_gmt":"2021-07-16T21:01:42","slug":"matca-mutuelle-dassurance-des-taxis-dabidjan-toujours-du-rififi-entre-direction-et-delegues","status":"publish","type":"post","link":"https:\/\/www.africa-press.net\/cotedivoire\/toutes-les-actualites\/matca-mutuelle-dassurance-des-taxis-dabidjan-toujours-du-rififi-entre-direction-et-delegues","title":{"rendered":"MATCA Mutuelle d\u2019assurance des taxis d\u2019Abidjan: Toujours du rififi entre Direction et D\u00e9l\u00e9gu\u00e9s"},"content":{"rendered":"<p><span style=\"color: #ff6600\"><strong><a href=\"https:\/\/www.africa-press.net\/\">Africa-Press<\/a> &#8211; <a href=\"https:\/\/www.africa-press.net\/cotedivoire\">C\u00f4te d&rsquo;Ivoire<\/a>. <\/strong><\/span>L \u2019Assembl\u00e9e g\u00e9n\u00e9rale \u00e9lective de la Matca sauf cataclysme ou changement de derni\u00e8re minute est pr\u00e9vue pour la fin de l\u2019ann\u00e9e et pr\u00e9cis\u00e9ment en d\u00e9cembre.<\/p>\n<p>Avant cet important rendez-vous qui permettra aux d\u00e9l\u00e9gu\u00e9s d\u2019\u00e9lire leurs dirigeants, l\u2019\u00e9quipe dirigeante actuelle de la Matca a d\u00e9cid\u00e9 contre toute attente de changer les d\u00e9l\u00e9gu\u00e9s.<\/p>\n<p>Dans un communiqu\u00e9 dont copie nous est parvenue, la direction de la mutuelle annonce le renouvellement des d\u00e9l\u00e9gu\u00e9s dans toutes les communes d\u2019Abidjan. Ce communiqu\u00e9 paru chez notre confr\u00e8re Fraternit\u00e9 Matin a suscit\u00e9 la r\u00e9action de quelques d\u00e9l\u00e9gu\u00e9s. Joint au t\u00e9l\u00e9phone ce jeudi 15 juillet 2021 en d\u00e9but d\u2019apr\u00e8s-midi, Coulibaly Bakary dit Bako, un des d\u00e9l\u00e9gu\u00e9s de la Matca se dit offusqu\u00e9. \u00ab Le renouvellement des d\u00e9l\u00e9gu\u00e9s voulu par la direction actuelle de la Matca est une fuite en avant des dirigeants actuels. Nous leur avons demand\u00e9 et au nom de la transparence de mettre \u00e0 notre disposition les toutes les informations relatives au co\u00fbt du ravalement de la fa\u00e7ade de l\u2019immeuble KM au Plateau appartenant au patrimoine de notre mutuelle. Nous sommes toujours sans r\u00e9ponse et comme pour nous narguer, ils nous annoncent le renouvellement des d\u00e9l\u00e9gu\u00e9s. Nous ne nous sentons pas concern\u00e9s par cette forfaiture. Je pense qu\u2019il faut plut\u00f4t rassurer les d\u00e9l\u00e9gu\u00e9s en leur fournissant les informations qu\u2019ils souhaitent avoir et non d\u00e9placer le probl\u00e8me en brandissant un renouvellement des d\u00e9l\u00e9gu\u00e9s. Vouloir renouveler les d\u00e9l\u00e9gu\u00e9s au moment o\u00f9 ils posent un probl\u00e8me aussi important c\u2019est refuser la carte de la transparence \u00e0 un moment o\u00f9 nos autorit\u00e9s la bonne gouvernance est le ma\u00eetre mot de nos autorit\u00e9s.<\/p>\n<p>Quoiqu\u2019il en soit, nous avons \u00e9crit aux autorit\u00e9s du pays afin qu\u2019elles jettent un regard sur la gestion de notre mutuelle et nous sommes en attente de leur r\u00e9ponse.<\/p>\n<p>Voici donc notre pr\u00e9alable avant la prochaine d\u2019AG \u00bb, a d\u00e9clar\u00e9 le d\u00e9l\u00e9gu\u00e9 de Marcory. Quant \u00e0 Coulibaly Brahima, d\u00e9l\u00e9gu\u00e9 de Yopougon il fustige les dirigeants de la Matca qui selon lui sont aux abois. \u00ab Ils sont incapables de fournir des explications convaincantes relativement au ravalement de la fa\u00e7ade de l\u2019immeuble KM. Elles veulent nous distraire en voulant changer les d\u00e9l\u00e9gu\u00e9s pour avoir des d\u00e9l\u00e9gu\u00e9s qui sont \u00e0 leur solde lors de l\u2019AG. Nous n\u2019avons fait que demander une transparence dans la gestion notre mutuelle. Notre demande est toujours d\u2019actualit\u00e9. Nous exigeons des explications sur le co\u00fbt du ravalement de la fa\u00e7ade de l\u2019immeuble KM. La cr\u00e9dibilit\u00e9 de notre \u00e9quipe dirigeante en d\u00e9pend \u00bb, a-t-il tranch\u00e9.<\/p>\n<p>Rappelons \u00e0 toutes fins utiles que lors d\u2019un \u00e9change avec les journalistes, le 25 juin dernier, Coulibaly Bakary \u2018\u2019Bako\u2019\u2019 et Coulibaly Brahima avaient exig\u00e9 de leurs dirigeants des explications sur l\u2019op\u00e9ration financi\u00e8re du ravalement de la fa\u00e7ade de l\u2019immeuble KM au Plateau. Depuis cette date, l\u2019\u00e9quipe dirigeante n\u2019a pas trouv\u00e9 n\u00e9cessaire de r\u00e9pondre \u00e0 la requ\u00eate des soci\u00e9taires. Une guerre semble donc \u00eatre d\u00e9clar\u00e9e entre d\u00e9l\u00e9gu\u00e9s et direction avant la prochaine Assembl\u00e9e qui s\u2019annonce d\u00e9cisive.<\/p>\n<p>&nbsp;<\/p>\n","protected":false},"excerpt":{"rendered":"<p>Africa-Press &#8211; C\u00f4te d&rsquo;Ivoire. L \u2019Assembl\u00e9e g\u00e9n\u00e9rale \u00e9lective de la Matca sauf cataclysme ou changement de derni\u00e8re minute est pr\u00e9vue pour la fin de l\u2019ann\u00e9e et pr\u00e9cis\u00e9ment en d\u00e9cembre. Avant cet important rendez-vous qui permettra aux d\u00e9l\u00e9gu\u00e9s d\u2019\u00e9lire leurs dirigeants, l\u2019\u00e9quipe dirigeante actuelle de la Matca a d\u00e9cid\u00e9 contre toute attente de changer les d\u00e9l\u00e9gu\u00e9s. [&hellip;]<\/p>\n","protected":false},"author":82,"featured_media":9984,"comment_status":"open","ping_status":"closed","sticky":false,"template":"","format":"standard","meta":{"footnotes":""},"categories":[21,11,10],"tags":[56,63,29],"class_list":["post-9985","post","type-post","status-publish","format-standard","has-post-thumbnail","hentry","category-communaute","category-homepage-french","category-toutes-les-actualites","tag-africa-press","tag-africa-press-cote-divoire","tag-cote-divoire"],"yoast_head":"<!-- This site is optimized with the Yoast SEO Premium plugin v26.1 (Yoast SEO v27.0) - https:\/\/yoast.com\/product\/yoast-seo-premium-wordpress\/ -->\n<title>MATCA Mutuelle d\u2019assurance des taxis d\u2019Abidjan: Toujours du rififi entre Direction et D\u00e9l\u00e9gu\u00e9s - C\u00f4te d&#039;Ivoire<\/title>\n<meta name=\"description\" content=\"L \u2019Assembl\u00e9e g\u00e9n\u00e9rale \u00e9lective de la Matca sauf cataclysme ou changement de derni\u00e8re minute est pr\u00e9vue pour la fin de l\u2019 ...\" \/>\n<meta name=\"robots\" content=\"index, follow, max-snippet:-1, max-image-preview:large, max-video-preview:-1\" \/>\n<link rel=\"canonical\" href=\"https:\/\/www.africa-press.net\/cotedivoire\/toutes-les-actualites\/matca-mutuelle-dassurance-des-taxis-dabidjan-toujours-du-rififi-entre-direction-et-delegues\" \/>\n<meta property=\"og:locale\" content=\"fr_FR\" \/>\n<meta property=\"og:type\" content=\"article\" \/>\n<meta property=\"og:title\" content=\"MATCA Mutuelle d\u2019assurance des taxis d\u2019Abidjan: Toujours du rififi entre Direction et D\u00e9l\u00e9gu\u00e9s\" \/>\n<meta property=\"og:description\" content=\"L \u2019Assembl\u00e9e g\u00e9n\u00e9rale \u00e9lective de la Matca sauf cataclysme ou changement de derni\u00e8re minute est pr\u00e9vue pour la fin de l\u2019 ...\" \/>\n<meta property=\"og:url\" content=\"https:\/\/www.africa-press.net\/cotedivoire\/toutes-les-actualites\/matca-mutuelle-dassurance-des-taxis-dabidjan-toujours-du-rififi-entre-direction-et-delegues\" \/>\n<meta property=\"og:site_name\" content=\"C\u00f4te d&#039;Ivoire\" \/>\n<meta property=\"article:published_time\" content=\"2021-07-16T15:34:47+00:00\" \/>\n<meta property=\"article:modified_time\" content=\"2021-07-16T21:01:42+00:00\" \/>\n<meta property=\"og:image\" content=\"https:\/\/static.africa-press.net\/cote\/sites\/43\/2021\/07\/img-60f1a16b73658.jpg\" \/>\n\t<meta property=\"og:image:width\" content=\"720\" \/>\n\t<meta property=\"og:image:height\" content=\"374\" \/>\n\t<meta property=\"og:image:type\" content=\"image\/jpeg\" \/>\n<meta name=\"author\" content=\"cfeditorfr\" \/>\n<meta name=\"twitter:card\" content=\"summary_large_image\" \/>\n<meta name=\"twitter:label1\" content=\"\u00c9crit par\" \/>\n\t<meta name=\"twitter:data1\" content=\"cfeditorfr\" \/>\n\t<meta name=\"twitter:label2\" content=\"Dur\u00e9e de lecture estim\u00e9e\" \/>\n\t<meta name=\"twitter:data2\" content=\"3 minutes\" \/>\n<script type=\"application\/ld+json\" class=\"yoast-schema-graph\">{\"@context\":\"https:\/\/schema.org\",\"@graph\":[{\"@type\":\"Article\",\"@id\":\"https:\/\/www.africa-press.net\/cotedivoire\/toutes-les-actualites\/matca-mutuelle-dassurance-des-taxis-dabidjan-toujours-du-rififi-entre-direction-et-delegues#article\",\"isPartOf\":{\"@id\":\"https:\/\/www.africa-press.net\/cotedivoire\/toutes-les-actualites\/matca-mutuelle-dassurance-des-taxis-dabidjan-toujours-du-rififi-entre-direction-et-delegues\"},\"author\":{\"name\":\"cfeditorfr\",\"@id\":\"https:\/\/www.africa-press.net\/cotedivoire\/#\/schema\/person\/2b1cf3cd81a31e3cd26889ca66d677f1\"},\"headline\":\"MATCA Mutuelle d\u2019assurance des taxis d\u2019Abidjan: Toujours du rififi entre Direction et D\u00e9l\u00e9gu\u00e9s\",\"datePublished\":\"2021-07-16T15:34:47+00:00\",\"dateModified\":\"2021-07-16T21:01:42+00:00\",\"mainEntityOfPage\":{\"@id\":\"https:\/\/www.africa-press.net\/cotedivoire\/toutes-les-actualites\/matca-mutuelle-dassurance-des-taxis-dabidjan-toujours-du-rififi-entre-direction-et-delegues\"},\"wordCount\":607,\"commentCount\":0,\"image\":{\"@id\":\"https:\/\/www.africa-press.net\/cotedivoire\/toutes-les-actualites\/matca-mutuelle-dassurance-des-taxis-dabidjan-toujours-du-rififi-entre-direction-et-delegues#primaryimage\"},\"thumbnailUrl\":\"https:\/\/static.africa-press.net\/cote\/sites\/43\/2021\/07\/img-60f1a16b73658.jpg\",\"keywords\":[\"Africa Press\",\"Africa Press-C\u00f4te d'Ivoire\",\"C\u00d4TE D'IVOIRE\"],\"articleSection\":[\"Communaut\u00e9\",\"homepage-french\",\"Toutes les actualit\u00e9s\"],\"inLanguage\":\"fr-FR\",\"potentialAction\":[{\"@type\":\"CommentAction\",\"name\":\"Comment\",\"target\":[\"https:\/\/www.africa-press.net\/cotedivoire\/toutes-les-actualites\/matca-mutuelle-dassurance-des-taxis-dabidjan-toujours-du-rififi-entre-direction-et-delegues#respond\"]}]},{\"@type\":\"WebPage\",\"@id\":\"https:\/\/www.africa-press.net\/cotedivoire\/toutes-les-actualites\/matca-mutuelle-dassurance-des-taxis-dabidjan-toujours-du-rififi-entre-direction-et-delegues\",\"url\":\"https:\/\/www.africa-press.net\/cotedivoire\/toutes-les-actualites\/matca-mutuelle-dassurance-des-taxis-dabidjan-toujours-du-rififi-entre-direction-et-delegues\",\"name\":\"MATCA Mutuelle d\u2019assurance des taxis d\u2019Abidjan: Toujours du rififi entre Direction et D\u00e9l\u00e9gu\u00e9s - C\u00f4te d&#039;Ivoire\",\"isPartOf\":{\"@id\":\"https:\/\/www.africa-press.net\/cotedivoire\/#website\"},\"primaryImageOfPage\":{\"@id\":\"https:\/\/www.africa-press.net\/cotedivoire\/toutes-les-actualites\/matca-mutuelle-dassurance-des-taxis-dabidjan-toujours-du-rififi-entre-direction-et-delegues#primaryimage\"},\"image\":{\"@id\":\"https:\/\/www.africa-press.net\/cotedivoire\/toutes-les-actualites\/matca-mutuelle-dassurance-des-taxis-dabidjan-toujours-du-rififi-entre-direction-et-delegues#primaryimage\"},\"thumbnailUrl\":\"https:\/\/static.africa-press.net\/cote\/sites\/43\/2021\/07\/img-60f1a16b73658.jpg\",\"datePublished\":\"2021-07-16T15:34:47+00:00\",\"dateModified\":\"2021-07-16T21:01:42+00:00\",\"author\":{\"@id\":\"https:\/\/www.africa-press.net\/cotedivoire\/#\/schema\/person\/2b1cf3cd81a31e3cd26889ca66d677f1\"},\"description\":\"L \u2019Assembl\u00e9e g\u00e9n\u00e9rale \u00e9lective de la Matca sauf cataclysme ou changement de derni\u00e8re minute est pr\u00e9vue pour la fin de l\u2019 ...\",\"breadcrumb\":{\"@id\":\"https:\/\/www.africa-press.net\/cotedivoire\/toutes-les-actualites\/matca-mutuelle-dassurance-des-taxis-dabidjan-toujours-du-rififi-entre-direction-et-delegues#breadcrumb\"},\"inLanguage\":\"fr-FR\",\"potentialAction\":[{\"@type\":\"ReadAction\",\"target\":[\"https:\/\/www.africa-press.net\/cotedivoire\/toutes-les-actualites\/matca-mutuelle-dassurance-des-taxis-dabidjan-toujours-du-rififi-entre-direction-et-delegues\"]}]},{\"@type\":\"ImageObject\",\"inLanguage\":\"fr-FR\",\"@id\":\"https:\/\/www.africa-press.net\/cotedivoire\/toutes-les-actualites\/matca-mutuelle-dassurance-des-taxis-dabidjan-toujours-du-rififi-entre-direction-et-delegues#primaryimage\",\"url\":\"https:\/\/static.africa-press.net\/cote\/sites\/43\/2021\/07\/img-60f1a16b73658.jpg\",\"contentUrl\":\"https:\/\/static.africa-press.net\/cote\/sites\/43\/2021\/07\/img-60f1a16b73658.jpg\",\"width\":720,\"height\":374,\"caption\":\"MATCA Mutuelle d\u2019assurance des taxis d\u2019Abidjan: Toujours du rififi entre Direction et D\u00e9l\u00e9gu\u00e9s\"},{\"@type\":\"BreadcrumbList\",\"@id\":\"https:\/\/www.africa-press.net\/cotedivoire\/toutes-les-actualites\/matca-mutuelle-dassurance-des-taxis-dabidjan-toujours-du-rififi-entre-direction-et-delegues#breadcrumb\",\"itemListElement\":[{\"@type\":\"ListItem\",\"position\":1,\"name\":\"Accueil\",\"item\":\"https:\/\/www.africa-press.net\/cotedivoire\/\"},{\"@type\":\"ListItem\",\"position\":2,\"name\":\"MATCA Mutuelle d\u2019assurance des taxis d\u2019Abidjan: Toujours du rififi entre Direction et D\u00e9l\u00e9gu\u00e9s\"}]},{\"@type\":\"WebSite\",\"@id\":\"https:\/\/www.africa-press.net\/cotedivoire\/#website\",\"url\":\"https:\/\/www.africa-press.net\/cotedivoire\/\",\"name\":\"C\u00f4te d&#039;Ivoire\",\"description\":\"Just another Africa News Agency Sites site\",\"potentialAction\":[{\"@type\":\"SearchAction\",\"target\":{\"@type\":\"EntryPoint\",\"urlTemplate\":\"https:\/\/www.africa-press.net\/cotedivoire\/?s={search_term_string}\"},\"query-input\":{\"@type\":\"PropertyValueSpecification\",\"valueRequired\":true,\"valueName\":\"search_term_string\"}}],\"inLanguage\":\"fr-FR\"},{\"@type\":\"Person\",\"@id\":\"https:\/\/www.africa-press.net\/cotedivoire\/#\/schema\/person\/2b1cf3cd81a31e3cd26889ca66d677f1\",\"name\":\"cfeditorfr\"}]}<\/script>\n<!-- \/ Yoast SEO Premium plugin. -->","yoast_head_json":{"title":"MATCA Mutuelle d\u2019assurance des taxis d\u2019Abidjan: Toujours du rififi entre Direction et D\u00e9l\u00e9gu\u00e9s - C\u00f4te d&#039;Ivoire","description":"L \u2019Assembl\u00e9e g\u00e9n\u00e9rale \u00e9lective de la Matca sauf cataclysme ou changement de derni\u00e8re minute est pr\u00e9vue pour la fin de l\u2019 ...","robots":{"index":"index","follow":"follow","max-snippet":"max-snippet:-1","max-image-preview":"max-image-preview:large","max-video-preview":"max-video-preview:-1"},"canonical":"https:\/\/www.africa-press.net\/cotedivoire\/toutes-les-actualites\/matca-mutuelle-dassurance-des-taxis-dabidjan-toujours-du-rififi-entre-direction-et-delegues","og_locale":"fr_FR","og_type":"article","og_title":"MATCA Mutuelle d\u2019assurance des taxis d\u2019Abidjan: Toujours du rififi entre Direction et D\u00e9l\u00e9gu\u00e9s","og_description":"L \u2019Assembl\u00e9e g\u00e9n\u00e9rale \u00e9lective de la Matca sauf cataclysme ou changement de derni\u00e8re minute est pr\u00e9vue pour la fin de l\u2019 ...","og_url":"https:\/\/www.africa-press.net\/cotedivoire\/toutes-les-actualites\/matca-mutuelle-dassurance-des-taxis-dabidjan-toujours-du-rififi-entre-direction-et-delegues","og_site_name":"C\u00f4te d&#039;Ivoire","article_published_time":"2021-07-16T15:34:47+00:00","article_modified_time":"2021-07-16T21:01:42+00:00","og_image":[{"width":720,"height":374,"url":"https:\/\/static.africa-press.net\/cote\/sites\/43\/2021\/07\/img-60f1a16b73658.jpg","type":"image\/jpeg"}],"author":"cfeditorfr","twitter_card":"summary_large_image","twitter_misc":{"\u00c9crit par":"cfeditorfr","Dur\u00e9e de lecture estim\u00e9e":"3 minutes"},"schema":{"@context":"https:\/\/schema.org","@graph":[{"@type":"Article","@id":"https:\/\/www.africa-press.net\/cotedivoire\/toutes-les-actualites\/matca-mutuelle-dassurance-des-taxis-dabidjan-toujours-du-rififi-entre-direction-et-delegues#article","isPartOf":{"@id":"https:\/\/www.africa-press.net\/cotedivoire\/toutes-les-actualites\/matca-mutuelle-dassurance-des-taxis-dabidjan-toujours-du-rififi-entre-direction-et-delegues"},"author":{"name":"cfeditorfr","@id":"https:\/\/www.africa-press.net\/cotedivoire\/#\/schema\/person\/2b1cf3cd81a31e3cd26889ca66d677f1"},"headline":"MATCA Mutuelle d\u2019assurance des taxis d\u2019Abidjan: Toujours du rififi entre Direction et D\u00e9l\u00e9gu\u00e9s","datePublished":"2021-07-16T15:34:47+00:00","dateModified":"2021-07-16T21:01:42+00:00","mainEntityOfPage":{"@id":"https:\/\/www.africa-press.net\/cotedivoire\/toutes-les-actualites\/matca-mutuelle-dassurance-des-taxis-dabidjan-toujours-du-rififi-entre-direction-et-delegues"},"wordCount":607,"commentCount":0,"image":{"@id":"https:\/\/www.africa-press.net\/cotedivoire\/toutes-les-actualites\/matca-mutuelle-dassurance-des-taxis-dabidjan-toujours-du-rififi-entre-direction-et-delegues#primaryimage"},"thumbnailUrl":"https:\/\/static.africa-press.net\/cote\/sites\/43\/2021\/07\/img-60f1a16b73658.jpg","keywords":["Africa Press","Africa Press-C\u00f4te d'Ivoire","C\u00d4TE D'IVOIRE"],"articleSection":["Communaut\u00e9","homepage-french","Toutes les actualit\u00e9s"],"inLanguage":"fr-FR","potentialAction":[{"@type":"CommentAction","name":"Comment","target":["https:\/\/www.africa-press.net\/cotedivoire\/toutes-les-actualites\/matca-mutuelle-dassurance-des-taxis-dabidjan-toujours-du-rififi-entre-direction-et-delegues#respond"]}]},{"@type":"WebPage","@id":"https:\/\/www.africa-press.net\/cotedivoire\/toutes-les-actualites\/matca-mutuelle-dassurance-des-taxis-dabidjan-toujours-du-rififi-entre-direction-et-delegues","url":"https:\/\/www.africa-press.net\/cotedivoire\/toutes-les-actualites\/matca-mutuelle-dassurance-des-taxis-dabidjan-toujours-du-rififi-entre-direction-et-delegues","name":"MATCA Mutuelle d\u2019assurance des taxis d\u2019Abidjan: Toujours du rififi entre Direction et D\u00e9l\u00e9gu\u00e9s - C\u00f4te d&#039;Ivoire","isPartOf":{"@id":"https:\/\/www.africa-press.net\/cotedivoire\/#website"},"primaryImageOfPage":{"@id":"https:\/\/www.africa-press.net\/cotedivoire\/toutes-les-actualites\/matca-mutuelle-dassurance-des-taxis-dabidjan-toujours-du-rififi-entre-direction-et-delegues#primaryimage"},"image":{"@id":"https:\/\/www.africa-press.net\/cotedivoire\/toutes-les-actualites\/matca-mutuelle-dassurance-des-taxis-dabidjan-toujours-du-rififi-entre-direction-et-delegues#primaryimage"},"thumbnailUrl":"https:\/\/static.africa-press.net\/cote\/sites\/43\/2021\/07\/img-60f1a16b73658.jpg","datePublished":"2021-07-16T15:34:47+00:00","dateModified":"2021-07-16T21:01:42+00:00","author":{"@id":"https:\/\/www.africa-press.net\/cotedivoire\/#\/schema\/person\/2b1cf3cd81a31e3cd26889ca66d677f1"},"description":"L \u2019Assembl\u00e9e g\u00e9n\u00e9rale \u00e9lective de la Matca sauf cataclysme ou changement de derni\u00e8re minute est pr\u00e9vue pour la fin de l\u2019 ...","breadcrumb":{"@id":"https:\/\/www.africa-press.net\/cotedivoire\/toutes-les-actualites\/matca-mutuelle-dassurance-des-taxis-dabidjan-toujours-du-rififi-entre-direction-et-delegues#breadcrumb"},"inLanguage":"fr-FR","potentialAction":[{"@type":"ReadAction","target":["https:\/\/www.africa-press.net\/cotedivoire\/toutes-les-actualites\/matca-mutuelle-dassurance-des-taxis-dabidjan-toujours-du-rififi-entre-direction-et-delegues"]}]},{"@type":"ImageObject","inLanguage":"fr-FR","@id":"https:\/\/www.africa-press.net\/cotedivoire\/toutes-les-actualites\/matca-mutuelle-dassurance-des-taxis-dabidjan-toujours-du-rififi-entre-direction-et-delegues#primaryimage","url":"https:\/\/static.africa-press.net\/cote\/sites\/43\/2021\/07\/img-60f1a16b73658.jpg","contentUrl":"https:\/\/static.africa-press.net\/cote\/sites\/43\/2021\/07\/img-60f1a16b73658.jpg","width":720,"height":374,"caption":"MATCA Mutuelle d\u2019assurance des taxis d\u2019Abidjan: Toujours du rififi entre Direction et D\u00e9l\u00e9gu\u00e9s"},{"@type":"BreadcrumbList","@id":"https:\/\/www.africa-press.net\/cotedivoire\/toutes-les-actualites\/matca-mutuelle-dassurance-des-taxis-dabidjan-toujours-du-rififi-entre-direction-et-delegues#breadcrumb","itemListElement":[{"@type":"ListItem","position":1,"name":"Accueil","item":"https:\/\/www.africa-press.net\/cotedivoire\/"},{"@type":"ListItem","position":2,"name":"MATCA Mutuelle d\u2019assurance des taxis d\u2019Abidjan: Toujours du rififi entre Direction et D\u00e9l\u00e9gu\u00e9s"}]},{"@type":"WebSite","@id":"https:\/\/www.africa-press.net\/cotedivoire\/#website","url":"https:\/\/www.africa-press.net\/cotedivoire\/","name":"C\u00f4te d&#039;Ivoire","description":"Just another Africa News Agency Sites site","potentialAction":[{"@type":"SearchAction","target":{"@type":"EntryPoint","urlTemplate":"https:\/\/www.africa-press.net\/cotedivoire\/?s={search_term_string}"},"query-input":{"@type":"PropertyValueSpecification","valueRequired":true,"valueName":"search_term_string"}}],"inLanguage":"fr-FR"},{"@type":"Person","@id":"https:\/\/www.africa-press.net\/cotedivoire\/#\/schema\/person\/2b1cf3cd81a31e3cd26889ca66d677f1","name":"cfeditorfr"}]}},"_links":{"self":[{"href":"https:\/\/www.africa-press.net\/cotedivoire\/wp-json\/wp\/v2\/posts\/9985","targetHints":{"allow":["GET"]}}],"collection":[{"href":"https:\/\/www.africa-press.net\/cotedivoire\/wp-json\/wp\/v2\/posts"}],"about":[{"href":"https:\/\/www.africa-press.net\/cotedivoire\/wp-json\/wp\/v2\/types\/post"}],"author":[{"embeddable":true,"href":"https:\/\/www.africa-press.net\/cotedivoire\/wp-json\/wp\/v2\/users\/82"}],"replies":[{"embeddable":true,"href":"https:\/\/www.africa-press.net\/cotedivoire\/wp-json\/wp\/v2\/comments?post=9985"}],"version-history":[{"count":0,"href":"https:\/\/www.africa-press.net\/cotedivoire\/wp-json\/wp\/v2\/posts\/9985\/revisions"}],"wp:featuredmedia":[{"embeddable":true,"href":"https:\/\/www.africa-press.net\/cotedivoire\/wp-json\/wp\/v2\/media\/9984"}],"wp:attachment":[{"href":"https:\/\/www.africa-press.net\/cotedivoire\/wp-json\/wp\/v2\/media?parent=9985"}],"wp:term":[{"taxonomy":"category","embeddable":true,"href":"https:\/\/www.africa-press.net\/cotedivoire\/wp-json\/wp\/v2\/categories?post=9985"},{"taxonomy":"post_tag","embeddable":true,"href":"https:\/\/www.africa-press.net\/cotedivoire\/wp-json\/wp\/v2\/tags?post=9985"}],"curies":[{"name":"wp","href":"https:\/\/api.w.org\/{rel}","templated":true}]}}