{"id":99856,"date":"2025-05-29T16:05:01","date_gmt":"2025-05-29T16:05:01","guid":{"rendered":"https:\/\/www.africa-press.net\/cotedivoire\/politique\/remarck-ouattara-meilleur-choix-pour-la-paix-sociale"},"modified":"2025-05-29T16:19:49","modified_gmt":"2025-05-29T16:19:49","slug":"remarck-ouattara-meilleur-choix-pour-la-paix-sociale","status":"publish","type":"post","link":"https:\/\/www.africa-press.net\/cotedivoire\/politique\/remarck-ouattara-meilleur-choix-pour-la-paix-sociale","title":{"rendered":"Remarck : Ouattara, meilleur choix pour la paix sociale"},"content":{"rendered":"<p><span style=\"color: #ff6600\"><strong>Africa-Press &#8211; C\u00f4te d&rsquo;Ivoire. <\/strong><\/span>La re\u0301gion du Go\u0302h a vibre\u0301 le dimanche 25 mai 2025, au rythme du pre\u0301-congre\u0300s e\u0301clate\u0301 du Rassemblement des houphoue\u0308tistes pour la de\u0301mocratie et la paix (RHDP), sous la supervision de la ministre de la Culture et de la Francophonie, Franc\u0327oise Remarck. Cheffe de la de\u0301le\u0301gation du parti pour ce de\u0301partement, elle a saisi l\u2019occasion pour re\u0301affirmer son soutien au pre\u0301sident Alassane Ouattara, le pre\u0301sentant comme \u00ab le meilleur choix \u00bb pour la stabilite\u0301 et le de\u0301veloppement de la Co\u0302te d\u2019Ivoire.<\/p>\n<p>Lors du meeting de clo\u0302ture, tenu a\u0300 la place Laurent Gbagbo de Gagnoa, la ministre a tenu un discours ferme face aux appels a\u0300 l\u2019alternance politique lance\u0301s par certains partis de l\u2019opposition. \u00ab Est-on oblige\u0301 de changer pour changer? \u00bb, a-t-elle lance\u0301 a\u0300 la foule. Pour Franc\u0327oise Remarck, la volonte\u0301 de rupture affiche\u0301e par l\u2019opposition ne repose sur aucun projet structure\u0301. Elle a mis en garde contre les discours creux et populistes, affirmant que \u00ab l\u2019alternance ne doit pas e\u0302tre un slogan, mais une re\u0301ponse a\u0300 des enjeux re\u0301els \u00bb.<\/p>\n<p>Appuyant son propos, la ministre a mis en avant les re\u0301sultats tangibles du pre\u0301sident Ouattara, e\u0301voquant une croissance e\u0301conomique stable, des projets de de\u0301veloppement visibles a\u0300 travers le pays, et une image positive de la Co\u0302te d\u2019Ivoire sur la sce\u0300ne internationale. \u00ab Le Pre\u0301sident Alassane Ouattara est une chance pour notre pays. Il demeure le meilleur choix pour garantir la paix sociale, la stabilite\u0301 et la continuite\u0301 du de\u0301veloppement \u00bb, a-t-elle affirme\u0301.<\/p>\n<p>A\u0300 l\u2019adresse de la jeunesse du parti, Franc\u0327oise Remarck a lance\u0301 un appel a\u0300 l\u2019unite\u0301, a\u0300 la formation politique et a\u0300 la vigilance face a\u0300 la manipulation. \u00ab Ne vous laissez pas distraire par des aventuriers politiques sans vision. L\u2019avenir du pays ne peut pas reposer sur des incertitudes \u00bb, a-t-elle pre\u0301venu.<\/p>\n<p>L\u2019e\u0301ve\u0301nement a e\u0301te\u0301 organise\u0301 avec succe\u0300s gra\u0302ce a\u0300 la coordination du RHDP Go\u0302h, dirige\u0301e par Joachim Dje\u0301dje\u0301 Bagnon, pre\u0301sident du Conseil re\u0301gional, et celle de Gagnoa-commune et sous-pre\u0301fecture, pre\u0301side\u0301e par le ministre-gouverneur Louis Andre\u0301 Dacoury-Tabley. Les travaux pre\u0301paratoires, tenus au centre Emmau\u0308s de Guessihio, ont permis de mobiliser largement la base militante.<\/p>\n<p>Ce pre\u0301-congre\u0300s s\u2019inscrit dans la dynamique pre\u0301paratoire du congre\u0300s national du RHDP et de la pre\u0301sidentielle de 2025. Franc\u0327oise Remarck a exhorte\u0301 les militants a\u0300 rester mobilise\u0301s pour assurer la victoire du parti et garantir la poursuite des actions du chef de l\u2019E\u0301tat.<\/p>\n<p><strong>Pour plus d&rsquo;informations et d&rsquo;analyses sur la <span style=\"color: #ff6600\">C\u00f4te d&rsquo;Ivoire<\/span>, suivez <span style=\"color: #ff6600\">Africa-Press<\/span><\/strong><\/p>\n","protected":false},"excerpt":{"rendered":"<p>Africa-Press &#8211; C\u00f4te d&rsquo;Ivoire. La re\u0301gion du Go\u0302h a vibre\u0301 le dimanche 25 mai 2025, au rythme du pre\u0301-congre\u0300s e\u0301clate\u0301 du Rassemblement des houphoue\u0308tistes pour la de\u0301mocratie et la paix (RHDP), sous la supervision de la ministre de la Culture et de la Francophonie, Franc\u0327oise Remarck. Cheffe de la de\u0301le\u0301gation du parti pour ce de\u0301partement, [&hellip;]<\/p>\n","protected":false},"author":82,"featured_media":99855,"comment_status":"open","ping_status":"closed","sticky":false,"template":"","format":"standard","meta":{"footnotes":""},"categories":[2,10],"tags":[17812,38,29,7826,3656,17773,2956,371,8368],"class_list":["post-99856","post","type-post","status-publish","format-standard","has-post-thumbnail","hentry","category-politique","category-toutes-les-actualites","tag-affirme","tag-alassane-ouattara","tag-cote-divoire","tag-francoise-remarck","tag-goh","tag-pre-congres","tag-president","tag-rhdp","tag-soutien"],"yoast_head":"<!-- This site is optimized with the Yoast SEO Premium plugin v26.1 (Yoast SEO v27.0) - https:\/\/yoast.com\/product\/yoast-seo-premium-wordpress\/ -->\n<title>Remarck : Ouattara, meilleur choix pour la paix sociale - C\u00f4te d&#039;Ivoire<\/title>\n<meta name=\"description\" content=\"La re\u0301gion du Go\u0302h a vibre\u0301 le dimanche 25 mai 2025, au rythme du pre\u0301-congre\u0300s e\u0301clate\u0301 du Rassemblement des houphoue\u0308t ...\" \/>\n<meta name=\"robots\" content=\"index, follow, max-snippet:-1, max-image-preview:large, max-video-preview:-1\" \/>\n<link rel=\"canonical\" href=\"https:\/\/www.africa-press.net\/cotedivoire\/politique\/remarck-ouattara-meilleur-choix-pour-la-paix-sociale\" \/>\n<meta property=\"og:locale\" content=\"fr_FR\" \/>\n<meta property=\"og:type\" content=\"article\" \/>\n<meta property=\"og:title\" content=\"Remarck : Ouattara, meilleur choix pour la paix sociale\" \/>\n<meta property=\"og:description\" content=\"La re\u0301gion du Go\u0302h a vibre\u0301 le dimanche 25 mai 2025, au rythme du pre\u0301-congre\u0300s e\u0301clate\u0301 du Rassemblement des houphoue\u0308t ...\" \/>\n<meta property=\"og:url\" content=\"https:\/\/www.africa-press.net\/cotedivoire\/politique\/remarck-ouattara-meilleur-choix-pour-la-paix-sociale\" \/>\n<meta property=\"og:site_name\" content=\"C\u00f4te d&#039;Ivoire\" \/>\n<meta property=\"article:published_time\" content=\"2025-05-29T16:05:01+00:00\" \/>\n<meta property=\"article:modified_time\" content=\"2025-05-29T16:19:49+00:00\" \/>\n<meta property=\"og:image\" content=\"https:\/\/static.africa-press.net\/cote\/sites\/43\/2025\/05\/sm_1748522949.540063.jpg\" \/>\n\t<meta property=\"og:image:width\" content=\"720\" \/>\n\t<meta property=\"og:image:height\" content=\"450\" \/>\n\t<meta property=\"og:image:type\" content=\"image\/jpeg\" \/>\n<meta name=\"author\" content=\"cfeditorfr\" \/>\n<meta name=\"twitter:card\" content=\"summary_large_image\" \/>\n<meta name=\"twitter:label1\" content=\"\u00c9crit par\" \/>\n\t<meta name=\"twitter:data1\" content=\"cfeditorfr\" \/>\n\t<meta name=\"twitter:label2\" content=\"Dur\u00e9e de lecture estim\u00e9e\" \/>\n\t<meta name=\"twitter:data2\" content=\"2 minutes\" \/>\n<script type=\"application\/ld+json\" class=\"yoast-schema-graph\">{\"@context\":\"https:\/\/schema.org\",\"@graph\":[{\"@type\":\"Article\",\"@id\":\"https:\/\/www.africa-press.net\/cotedivoire\/politique\/remarck-ouattara-meilleur-choix-pour-la-paix-sociale#article\",\"isPartOf\":{\"@id\":\"https:\/\/www.africa-press.net\/cotedivoire\/politique\/remarck-ouattara-meilleur-choix-pour-la-paix-sociale\"},\"author\":{\"name\":\"cfeditorfr\",\"@id\":\"https:\/\/www.africa-press.net\/cotedivoire\/#\/schema\/person\/2b1cf3cd81a31e3cd26889ca66d677f1\"},\"headline\":\"Remarck : Ouattara, meilleur choix pour la paix sociale\",\"datePublished\":\"2025-05-29T16:05:01+00:00\",\"dateModified\":\"2025-05-29T16:19:49+00:00\",\"mainEntityOfPage\":{\"@id\":\"https:\/\/www.africa-press.net\/cotedivoire\/politique\/remarck-ouattara-meilleur-choix-pour-la-paix-sociale\"},\"wordCount\":476,\"commentCount\":0,\"image\":{\"@id\":\"https:\/\/www.africa-press.net\/cotedivoire\/politique\/remarck-ouattara-meilleur-choix-pour-la-paix-sociale#primaryimage\"},\"thumbnailUrl\":\"https:\/\/static.africa-press.net\/cote\/sites\/43\/2025\/05\/sm_1748522949.540063.jpg\",\"keywords\":[\"affirme\",\"Alassane Ouattara\",\"C\u00d4TE D'IVOIRE\",\"Fran\u00e7oise Remarck\",\"G\u00f4h\",\"pr\u00e9-congr\u00e8s\",\"pr\u00e9sident\",\"RHDP\",\"Soutien\"],\"articleSection\":[\"Politique\",\"Toutes les actualit\u00e9s\"],\"inLanguage\":\"fr-FR\",\"potentialAction\":[{\"@type\":\"CommentAction\",\"name\":\"Comment\",\"target\":[\"https:\/\/www.africa-press.net\/cotedivoire\/politique\/remarck-ouattara-meilleur-choix-pour-la-paix-sociale#respond\"]}]},{\"@type\":\"WebPage\",\"@id\":\"https:\/\/www.africa-press.net\/cotedivoire\/politique\/remarck-ouattara-meilleur-choix-pour-la-paix-sociale\",\"url\":\"https:\/\/www.africa-press.net\/cotedivoire\/politique\/remarck-ouattara-meilleur-choix-pour-la-paix-sociale\",\"name\":\"Remarck : Ouattara, meilleur choix pour la paix sociale - C\u00f4te d&#039;Ivoire\",\"isPartOf\":{\"@id\":\"https:\/\/www.africa-press.net\/cotedivoire\/#website\"},\"primaryImageOfPage\":{\"@id\":\"https:\/\/www.africa-press.net\/cotedivoire\/politique\/remarck-ouattara-meilleur-choix-pour-la-paix-sociale#primaryimage\"},\"image\":{\"@id\":\"https:\/\/www.africa-press.net\/cotedivoire\/politique\/remarck-ouattara-meilleur-choix-pour-la-paix-sociale#primaryimage\"},\"thumbnailUrl\":\"https:\/\/static.africa-press.net\/cote\/sites\/43\/2025\/05\/sm_1748522949.540063.jpg\",\"datePublished\":\"2025-05-29T16:05:01+00:00\",\"dateModified\":\"2025-05-29T16:19:49+00:00\",\"author\":{\"@id\":\"https:\/\/www.africa-press.net\/cotedivoire\/#\/schema\/person\/2b1cf3cd81a31e3cd26889ca66d677f1\"},\"description\":\"La re\u0301gion du Go\u0302h a vibre\u0301 le dimanche 25 mai 2025, au rythme du pre\u0301-congre\u0300s e\u0301clate\u0301 du Rassemblement des houphoue\u0308t ...\",\"breadcrumb\":{\"@id\":\"https:\/\/www.africa-press.net\/cotedivoire\/politique\/remarck-ouattara-meilleur-choix-pour-la-paix-sociale#breadcrumb\"},\"inLanguage\":\"fr-FR\",\"potentialAction\":[{\"@type\":\"ReadAction\",\"target\":[\"https:\/\/www.africa-press.net\/cotedivoire\/politique\/remarck-ouattara-meilleur-choix-pour-la-paix-sociale\"]}]},{\"@type\":\"ImageObject\",\"inLanguage\":\"fr-FR\",\"@id\":\"https:\/\/www.africa-press.net\/cotedivoire\/politique\/remarck-ouattara-meilleur-choix-pour-la-paix-sociale#primaryimage\",\"url\":\"https:\/\/static.africa-press.net\/cote\/sites\/43\/2025\/05\/sm_1748522949.540063.jpg\",\"contentUrl\":\"https:\/\/static.africa-press.net\/cote\/sites\/43\/2025\/05\/sm_1748522949.540063.jpg\",\"width\":720,\"height\":450,\"caption\":\"Remarck : Ouattara, meilleur choix pour la paix sociale\"},{\"@type\":\"BreadcrumbList\",\"@id\":\"https:\/\/www.africa-press.net\/cotedivoire\/politique\/remarck-ouattara-meilleur-choix-pour-la-paix-sociale#breadcrumb\",\"itemListElement\":[{\"@type\":\"ListItem\",\"position\":1,\"name\":\"Accueil\",\"item\":\"https:\/\/www.africa-press.net\/cotedivoire\/\"},{\"@type\":\"ListItem\",\"position\":2,\"name\":\"Remarck : Ouattara, meilleur choix pour la paix sociale\"}]},{\"@type\":\"WebSite\",\"@id\":\"https:\/\/www.africa-press.net\/cotedivoire\/#website\",\"url\":\"https:\/\/www.africa-press.net\/cotedivoire\/\",\"name\":\"C\u00f4te d&#039;Ivoire\",\"description\":\"Just another Africa News Agency Sites site\",\"potentialAction\":[{\"@type\":\"SearchAction\",\"target\":{\"@type\":\"EntryPoint\",\"urlTemplate\":\"https:\/\/www.africa-press.net\/cotedivoire\/?s={search_term_string}\"},\"query-input\":{\"@type\":\"PropertyValueSpecification\",\"valueRequired\":true,\"valueName\":\"search_term_string\"}}],\"inLanguage\":\"fr-FR\"},{\"@type\":\"Person\",\"@id\":\"https:\/\/www.africa-press.net\/cotedivoire\/#\/schema\/person\/2b1cf3cd81a31e3cd26889ca66d677f1\",\"name\":\"cfeditorfr\"}]}<\/script>\n<!-- \/ Yoast SEO Premium plugin. -->","yoast_head_json":{"title":"Remarck : Ouattara, meilleur choix pour la paix sociale - C\u00f4te d&#039;Ivoire","description":"La re\u0301gion du Go\u0302h a vibre\u0301 le dimanche 25 mai 2025, au rythme du pre\u0301-congre\u0300s e\u0301clate\u0301 du Rassemblement des houphoue\u0308t ...","robots":{"index":"index","follow":"follow","max-snippet":"max-snippet:-1","max-image-preview":"max-image-preview:large","max-video-preview":"max-video-preview:-1"},"canonical":"https:\/\/www.africa-press.net\/cotedivoire\/politique\/remarck-ouattara-meilleur-choix-pour-la-paix-sociale","og_locale":"fr_FR","og_type":"article","og_title":"Remarck : Ouattara, meilleur choix pour la paix sociale","og_description":"La re\u0301gion du Go\u0302h a vibre\u0301 le dimanche 25 mai 2025, au rythme du pre\u0301-congre\u0300s e\u0301clate\u0301 du Rassemblement des houphoue\u0308t ...","og_url":"https:\/\/www.africa-press.net\/cotedivoire\/politique\/remarck-ouattara-meilleur-choix-pour-la-paix-sociale","og_site_name":"C\u00f4te d&#039;Ivoire","article_published_time":"2025-05-29T16:05:01+00:00","article_modified_time":"2025-05-29T16:19:49+00:00","og_image":[{"width":720,"height":450,"url":"https:\/\/static.africa-press.net\/cote\/sites\/43\/2025\/05\/sm_1748522949.540063.jpg","type":"image\/jpeg"}],"author":"cfeditorfr","twitter_card":"summary_large_image","twitter_misc":{"\u00c9crit par":"cfeditorfr","Dur\u00e9e de lecture estim\u00e9e":"2 minutes"},"schema":{"@context":"https:\/\/schema.org","@graph":[{"@type":"Article","@id":"https:\/\/www.africa-press.net\/cotedivoire\/politique\/remarck-ouattara-meilleur-choix-pour-la-paix-sociale#article","isPartOf":{"@id":"https:\/\/www.africa-press.net\/cotedivoire\/politique\/remarck-ouattara-meilleur-choix-pour-la-paix-sociale"},"author":{"name":"cfeditorfr","@id":"https:\/\/www.africa-press.net\/cotedivoire\/#\/schema\/person\/2b1cf3cd81a31e3cd26889ca66d677f1"},"headline":"Remarck : Ouattara, meilleur choix pour la paix sociale","datePublished":"2025-05-29T16:05:01+00:00","dateModified":"2025-05-29T16:19:49+00:00","mainEntityOfPage":{"@id":"https:\/\/www.africa-press.net\/cotedivoire\/politique\/remarck-ouattara-meilleur-choix-pour-la-paix-sociale"},"wordCount":476,"commentCount":0,"image":{"@id":"https:\/\/www.africa-press.net\/cotedivoire\/politique\/remarck-ouattara-meilleur-choix-pour-la-paix-sociale#primaryimage"},"thumbnailUrl":"https:\/\/static.africa-press.net\/cote\/sites\/43\/2025\/05\/sm_1748522949.540063.jpg","keywords":["affirme","Alassane Ouattara","C\u00d4TE D'IVOIRE","Fran\u00e7oise Remarck","G\u00f4h","pr\u00e9-congr\u00e8s","pr\u00e9sident","RHDP","Soutien"],"articleSection":["Politique","Toutes les actualit\u00e9s"],"inLanguage":"fr-FR","potentialAction":[{"@type":"CommentAction","name":"Comment","target":["https:\/\/www.africa-press.net\/cotedivoire\/politique\/remarck-ouattara-meilleur-choix-pour-la-paix-sociale#respond"]}]},{"@type":"WebPage","@id":"https:\/\/www.africa-press.net\/cotedivoire\/politique\/remarck-ouattara-meilleur-choix-pour-la-paix-sociale","url":"https:\/\/www.africa-press.net\/cotedivoire\/politique\/remarck-ouattara-meilleur-choix-pour-la-paix-sociale","name":"Remarck : Ouattara, meilleur choix pour la paix sociale - C\u00f4te d&#039;Ivoire","isPartOf":{"@id":"https:\/\/www.africa-press.net\/cotedivoire\/#website"},"primaryImageOfPage":{"@id":"https:\/\/www.africa-press.net\/cotedivoire\/politique\/remarck-ouattara-meilleur-choix-pour-la-paix-sociale#primaryimage"},"image":{"@id":"https:\/\/www.africa-press.net\/cotedivoire\/politique\/remarck-ouattara-meilleur-choix-pour-la-paix-sociale#primaryimage"},"thumbnailUrl":"https:\/\/static.africa-press.net\/cote\/sites\/43\/2025\/05\/sm_1748522949.540063.jpg","datePublished":"2025-05-29T16:05:01+00:00","dateModified":"2025-05-29T16:19:49+00:00","author":{"@id":"https:\/\/www.africa-press.net\/cotedivoire\/#\/schema\/person\/2b1cf3cd81a31e3cd26889ca66d677f1"},"description":"La re\u0301gion du Go\u0302h a vibre\u0301 le dimanche 25 mai 2025, au rythme du pre\u0301-congre\u0300s e\u0301clate\u0301 du Rassemblement des houphoue\u0308t ...","breadcrumb":{"@id":"https:\/\/www.africa-press.net\/cotedivoire\/politique\/remarck-ouattara-meilleur-choix-pour-la-paix-sociale#breadcrumb"},"inLanguage":"fr-FR","potentialAction":[{"@type":"ReadAction","target":["https:\/\/www.africa-press.net\/cotedivoire\/politique\/remarck-ouattara-meilleur-choix-pour-la-paix-sociale"]}]},{"@type":"ImageObject","inLanguage":"fr-FR","@id":"https:\/\/www.africa-press.net\/cotedivoire\/politique\/remarck-ouattara-meilleur-choix-pour-la-paix-sociale#primaryimage","url":"https:\/\/static.africa-press.net\/cote\/sites\/43\/2025\/05\/sm_1748522949.540063.jpg","contentUrl":"https:\/\/static.africa-press.net\/cote\/sites\/43\/2025\/05\/sm_1748522949.540063.jpg","width":720,"height":450,"caption":"Remarck : Ouattara, meilleur choix pour la paix sociale"},{"@type":"BreadcrumbList","@id":"https:\/\/www.africa-press.net\/cotedivoire\/politique\/remarck-ouattara-meilleur-choix-pour-la-paix-sociale#breadcrumb","itemListElement":[{"@type":"ListItem","position":1,"name":"Accueil","item":"https:\/\/www.africa-press.net\/cotedivoire\/"},{"@type":"ListItem","position":2,"name":"Remarck : Ouattara, meilleur choix pour la paix sociale"}]},{"@type":"WebSite","@id":"https:\/\/www.africa-press.net\/cotedivoire\/#website","url":"https:\/\/www.africa-press.net\/cotedivoire\/","name":"C\u00f4te d&#039;Ivoire","description":"Just another Africa News Agency Sites site","potentialAction":[{"@type":"SearchAction","target":{"@type":"EntryPoint","urlTemplate":"https:\/\/www.africa-press.net\/cotedivoire\/?s={search_term_string}"},"query-input":{"@type":"PropertyValueSpecification","valueRequired":true,"valueName":"search_term_string"}}],"inLanguage":"fr-FR"},{"@type":"Person","@id":"https:\/\/www.africa-press.net\/cotedivoire\/#\/schema\/person\/2b1cf3cd81a31e3cd26889ca66d677f1","name":"cfeditorfr"}]}},"_links":{"self":[{"href":"https:\/\/www.africa-press.net\/cotedivoire\/wp-json\/wp\/v2\/posts\/99856","targetHints":{"allow":["GET"]}}],"collection":[{"href":"https:\/\/www.africa-press.net\/cotedivoire\/wp-json\/wp\/v2\/posts"}],"about":[{"href":"https:\/\/www.africa-press.net\/cotedivoire\/wp-json\/wp\/v2\/types\/post"}],"author":[{"embeddable":true,"href":"https:\/\/www.africa-press.net\/cotedivoire\/wp-json\/wp\/v2\/users\/82"}],"replies":[{"embeddable":true,"href":"https:\/\/www.africa-press.net\/cotedivoire\/wp-json\/wp\/v2\/comments?post=99856"}],"version-history":[{"count":0,"href":"https:\/\/www.africa-press.net\/cotedivoire\/wp-json\/wp\/v2\/posts\/99856\/revisions"}],"wp:featuredmedia":[{"embeddable":true,"href":"https:\/\/www.africa-press.net\/cotedivoire\/wp-json\/wp\/v2\/media\/99855"}],"wp:attachment":[{"href":"https:\/\/www.africa-press.net\/cotedivoire\/wp-json\/wp\/v2\/media?parent=99856"}],"wp:term":[{"taxonomy":"category","embeddable":true,"href":"https:\/\/www.africa-press.net\/cotedivoire\/wp-json\/wp\/v2\/categories?post=99856"},{"taxonomy":"post_tag","embeddable":true,"href":"https:\/\/www.africa-press.net\/cotedivoire\/wp-json\/wp\/v2\/tags?post=99856"}],"curies":[{"name":"wp","href":"https:\/\/api.w.org\/{rel}","templated":true}]}}