{"id":9988,"date":"2021-07-16T15:40:17","date_gmt":"2021-07-16T15:40:17","guid":{"rendered":"https:\/\/www.africa-press.net\/cotedivoire\/?p=9988"},"modified":"2021-07-16T21:01:49","modified_gmt":"2021-07-16T21:01:49","slug":"cote-divoire-des-cadres-du-pdci-annoncent-la-candidature-de-bedie-au-prix-nobel-de-la-paix","status":"publish","type":"post","link":"https:\/\/www.africa-press.net\/cotedivoire\/politique\/cote-divoire-des-cadres-du-pdci-annoncent-la-candidature-de-bedie-au-prix-nobel-de-la-paix","title":{"rendered":"Des cadres du PDCI annoncent la candidature de B\u00e9di\u00e9 au Prix Nobel de la Paix"},"content":{"rendered":"<p><span style=\"color: #ff6600\"><strong><a href=\"https:\/\/www.africa-press.net\/\">Africa-Press<\/a> &#8211; <a href=\"https:\/\/www.africa-press.net\/cotedivoire\">C\u00f4te d&rsquo;Ivoire<\/a>. <\/strong><\/span>Et rebelote au PDCI-RDA, apr\u00e8s une premi\u00e8re tentative \u00e9chou\u00e9e, des cadres du PDCI-RDA annoncent vouloir pr\u00e9senter la candidature de l\u2019ex pr\u00e9sident Henri Konan B\u00e9di\u00e9 au prix Nobel de la Paix. Il s\u2019agit de la 2e tentative.<\/p>\n<p>Le dernier Prix Nobel de la Paix, le Premier ministre \u00e9thiopien, Laur\u00e9at du Prix F\u00e9lix Houphou\u00ebt-Boigny pour la Paix, n\u2019est jamais rentr\u00e9 officiellement en possession de ce dernier prix. Plusieurs tentatives de remise du Prix FHB ont en effet \u00e9chou\u00e9 sur les dissensions entre les pr\u00e9sidents B\u00e9di\u00e9 et Alassane Ouattara.<\/p>\n<p>Avant-dernier Prix Nobel pour la Paix en 2019, le PM \u00e9thiopien Abiy Ahmed a perdu tout cr\u00e9dit suite \u00e0 la guerre entre ses troupes, appuy\u00e9es par l\u2019\u00c9rythr\u00e9e et des milices tribales \u00e9thiopiennes contre les rebelles du Tigr\u00e9. Une guerre tr\u00e8s meurtri\u00e8re qu\u2019il est finalement sur le point de perdre.<\/p>\n<p>En 2020 le Prix Nobel de la Paix avait \u00e9t\u00e9 d\u00e9cern\u00e9 au Programme alimentaire mondial de l\u2019ONU. Les chances de B\u00e9di\u00e9 de remporter ce prix sont qualifi\u00e9es de quasiment inexistantes par plusieurs analystes.<\/p>\n<p>&nbsp;<\/p>\n","protected":false},"excerpt":{"rendered":"<p>Africa-Press &#8211; C\u00f4te d&rsquo;Ivoire. Et rebelote au PDCI-RDA, apr\u00e8s une premi\u00e8re tentative \u00e9chou\u00e9e, des cadres du PDCI-RDA annoncent vouloir pr\u00e9senter la candidature de l\u2019ex pr\u00e9sident Henri Konan B\u00e9di\u00e9 au prix Nobel de la Paix. Il s\u2019agit de la 2e tentative. Le dernier Prix Nobel de la Paix, le Premier ministre \u00e9thiopien, Laur\u00e9at du Prix F\u00e9lix [&hellip;]<\/p>\n","protected":false},"author":82,"featured_media":9987,"comment_status":"open","ping_status":"closed","sticky":false,"template":"","format":"standard","meta":{"footnotes":""},"categories":[11,2,20,10],"tags":[56,63,29],"class_list":["post-9988","post","type-post","status-publish","format-standard","has-post-thumbnail","hentry","category-homepage-french","category-politique","category-top-nouvelles","category-toutes-les-actualites","tag-africa-press","tag-africa-press-cote-divoire","tag-cote-divoire"],"yoast_head":"<!-- This site is optimized with the Yoast SEO Premium plugin v26.1 (Yoast SEO v27.0) - https:\/\/yoast.com\/product\/yoast-seo-premium-wordpress\/ -->\n<title>Des cadres du PDCI annoncent la candidature de B\u00e9di\u00e9 au Prix Nobel de la Paix - C\u00f4te d&#039;Ivoire<\/title>\n<meta name=\"description\" content=\"Et rebelote au PDCI-RDA, apr\u00e8s une premi\u00e8re tentative \u00e9chou\u00e9e, des cadres du PDCI-RDA annoncent vouloir pr\u00e9senter la can ...\" \/>\n<meta name=\"robots\" content=\"index, follow, max-snippet:-1, max-image-preview:large, max-video-preview:-1\" \/>\n<link rel=\"canonical\" href=\"https:\/\/www.africa-press.net\/cotedivoire\/politique\/cote-divoire-des-cadres-du-pdci-annoncent-la-candidature-de-bedie-au-prix-nobel-de-la-paix\" \/>\n<meta property=\"og:locale\" content=\"fr_FR\" \/>\n<meta property=\"og:type\" content=\"article\" \/>\n<meta property=\"og:title\" content=\"Des cadres du PDCI annoncent la candidature de B\u00e9di\u00e9 au Prix Nobel de la Paix\" \/>\n<meta property=\"og:description\" content=\"Et rebelote au PDCI-RDA, apr\u00e8s une premi\u00e8re tentative \u00e9chou\u00e9e, des cadres du PDCI-RDA annoncent vouloir pr\u00e9senter la can ...\" \/>\n<meta property=\"og:url\" content=\"https:\/\/www.africa-press.net\/cotedivoire\/politique\/cote-divoire-des-cadres-du-pdci-annoncent-la-candidature-de-bedie-au-prix-nobel-de-la-paix\" \/>\n<meta property=\"og:site_name\" content=\"C\u00f4te d&#039;Ivoire\" \/>\n<meta property=\"article:published_time\" content=\"2021-07-16T15:40:17+00:00\" \/>\n<meta property=\"article:modified_time\" content=\"2021-07-16T21:01:49+00:00\" \/>\n<meta property=\"og:image\" content=\"https:\/\/static.africa-press.net\/cote\/sites\/43\/2021\/07\/img-60f1a189a88cc.jpg\" \/>\n\t<meta property=\"og:image:width\" content=\"720\" \/>\n\t<meta property=\"og:image:height\" content=\"479\" \/>\n\t<meta property=\"og:image:type\" content=\"image\/jpeg\" \/>\n<meta name=\"author\" content=\"cfeditorfr\" \/>\n<meta name=\"twitter:card\" content=\"summary_large_image\" \/>\n<meta name=\"twitter:label1\" content=\"\u00c9crit par\" \/>\n\t<meta name=\"twitter:data1\" content=\"cfeditorfr\" \/>\n\t<meta name=\"twitter:label2\" content=\"Dur\u00e9e de lecture estim\u00e9e\" \/>\n\t<meta name=\"twitter:data2\" content=\"1 minute\" \/>\n<script type=\"application\/ld+json\" class=\"yoast-schema-graph\">{\"@context\":\"https:\/\/schema.org\",\"@graph\":[{\"@type\":\"Article\",\"@id\":\"https:\/\/www.africa-press.net\/cotedivoire\/politique\/cote-divoire-des-cadres-du-pdci-annoncent-la-candidature-de-bedie-au-prix-nobel-de-la-paix#article\",\"isPartOf\":{\"@id\":\"https:\/\/www.africa-press.net\/cotedivoire\/politique\/cote-divoire-des-cadres-du-pdci-annoncent-la-candidature-de-bedie-au-prix-nobel-de-la-paix\"},\"author\":{\"name\":\"cfeditorfr\",\"@id\":\"https:\/\/www.africa-press.net\/cotedivoire\/#\/schema\/person\/2b1cf3cd81a31e3cd26889ca66d677f1\"},\"headline\":\"Des cadres du PDCI annoncent la candidature de B\u00e9di\u00e9 au Prix Nobel de la Paix\",\"datePublished\":\"2021-07-16T15:40:17+00:00\",\"dateModified\":\"2021-07-16T21:01:49+00:00\",\"mainEntityOfPage\":{\"@id\":\"https:\/\/www.africa-press.net\/cotedivoire\/politique\/cote-divoire-des-cadres-du-pdci-annoncent-la-candidature-de-bedie-au-prix-nobel-de-la-paix\"},\"wordCount\":213,\"commentCount\":0,\"image\":{\"@id\":\"https:\/\/www.africa-press.net\/cotedivoire\/politique\/cote-divoire-des-cadres-du-pdci-annoncent-la-candidature-de-bedie-au-prix-nobel-de-la-paix#primaryimage\"},\"thumbnailUrl\":\"https:\/\/static.africa-press.net\/cote\/sites\/43\/2021\/07\/img-60f1a189a88cc.jpg\",\"keywords\":[\"Africa Press\",\"Africa Press-C\u00f4te d'Ivoire\",\"C\u00d4TE D'IVOIRE\"],\"articleSection\":[\"homepage-french\",\"Politique\",\"Top Nouvelles\",\"Toutes les actualit\u00e9s\"],\"inLanguage\":\"fr-FR\",\"potentialAction\":[{\"@type\":\"CommentAction\",\"name\":\"Comment\",\"target\":[\"https:\/\/www.africa-press.net\/cotedivoire\/politique\/cote-divoire-des-cadres-du-pdci-annoncent-la-candidature-de-bedie-au-prix-nobel-de-la-paix#respond\"]}]},{\"@type\":\"WebPage\",\"@id\":\"https:\/\/www.africa-press.net\/cotedivoire\/politique\/cote-divoire-des-cadres-du-pdci-annoncent-la-candidature-de-bedie-au-prix-nobel-de-la-paix\",\"url\":\"https:\/\/www.africa-press.net\/cotedivoire\/politique\/cote-divoire-des-cadres-du-pdci-annoncent-la-candidature-de-bedie-au-prix-nobel-de-la-paix\",\"name\":\"Des cadres du PDCI annoncent la candidature de B\u00e9di\u00e9 au Prix Nobel de la Paix - C\u00f4te d&#039;Ivoire\",\"isPartOf\":{\"@id\":\"https:\/\/www.africa-press.net\/cotedivoire\/#website\"},\"primaryImageOfPage\":{\"@id\":\"https:\/\/www.africa-press.net\/cotedivoire\/politique\/cote-divoire-des-cadres-du-pdci-annoncent-la-candidature-de-bedie-au-prix-nobel-de-la-paix#primaryimage\"},\"image\":{\"@id\":\"https:\/\/www.africa-press.net\/cotedivoire\/politique\/cote-divoire-des-cadres-du-pdci-annoncent-la-candidature-de-bedie-au-prix-nobel-de-la-paix#primaryimage\"},\"thumbnailUrl\":\"https:\/\/static.africa-press.net\/cote\/sites\/43\/2021\/07\/img-60f1a189a88cc.jpg\",\"datePublished\":\"2021-07-16T15:40:17+00:00\",\"dateModified\":\"2021-07-16T21:01:49+00:00\",\"author\":{\"@id\":\"https:\/\/www.africa-press.net\/cotedivoire\/#\/schema\/person\/2b1cf3cd81a31e3cd26889ca66d677f1\"},\"description\":\"Et rebelote au PDCI-RDA, apr\u00e8s une premi\u00e8re tentative \u00e9chou\u00e9e, des cadres du PDCI-RDA annoncent vouloir pr\u00e9senter la can ...\",\"breadcrumb\":{\"@id\":\"https:\/\/www.africa-press.net\/cotedivoire\/politique\/cote-divoire-des-cadres-du-pdci-annoncent-la-candidature-de-bedie-au-prix-nobel-de-la-paix#breadcrumb\"},\"inLanguage\":\"fr-FR\",\"potentialAction\":[{\"@type\":\"ReadAction\",\"target\":[\"https:\/\/www.africa-press.net\/cotedivoire\/politique\/cote-divoire-des-cadres-du-pdci-annoncent-la-candidature-de-bedie-au-prix-nobel-de-la-paix\"]}]},{\"@type\":\"ImageObject\",\"inLanguage\":\"fr-FR\",\"@id\":\"https:\/\/www.africa-press.net\/cotedivoire\/politique\/cote-divoire-des-cadres-du-pdci-annoncent-la-candidature-de-bedie-au-prix-nobel-de-la-paix#primaryimage\",\"url\":\"https:\/\/static.africa-press.net\/cote\/sites\/43\/2021\/07\/img-60f1a189a88cc.jpg\",\"contentUrl\":\"https:\/\/static.africa-press.net\/cote\/sites\/43\/2021\/07\/img-60f1a189a88cc.jpg\",\"width\":720,\"height\":479,\"caption\":\"C\u00f4te-d\u2019Ivoire: Des cadres du PDCI annoncent la candidature de B\u00e9di\u00e9 au Prix Nobel de la Paix\"},{\"@type\":\"BreadcrumbList\",\"@id\":\"https:\/\/www.africa-press.net\/cotedivoire\/politique\/cote-divoire-des-cadres-du-pdci-annoncent-la-candidature-de-bedie-au-prix-nobel-de-la-paix#breadcrumb\",\"itemListElement\":[{\"@type\":\"ListItem\",\"position\":1,\"name\":\"Accueil\",\"item\":\"https:\/\/www.africa-press.net\/cotedivoire\/\"},{\"@type\":\"ListItem\",\"position\":2,\"name\":\"Des cadres du PDCI annoncent la candidature de B\u00e9di\u00e9 au Prix Nobel de la Paix\"}]},{\"@type\":\"WebSite\",\"@id\":\"https:\/\/www.africa-press.net\/cotedivoire\/#website\",\"url\":\"https:\/\/www.africa-press.net\/cotedivoire\/\",\"name\":\"C\u00f4te d&#039;Ivoire\",\"description\":\"Just another Africa News Agency Sites site\",\"potentialAction\":[{\"@type\":\"SearchAction\",\"target\":{\"@type\":\"EntryPoint\",\"urlTemplate\":\"https:\/\/www.africa-press.net\/cotedivoire\/?s={search_term_string}\"},\"query-input\":{\"@type\":\"PropertyValueSpecification\",\"valueRequired\":true,\"valueName\":\"search_term_string\"}}],\"inLanguage\":\"fr-FR\"},{\"@type\":\"Person\",\"@id\":\"https:\/\/www.africa-press.net\/cotedivoire\/#\/schema\/person\/2b1cf3cd81a31e3cd26889ca66d677f1\",\"name\":\"cfeditorfr\"}]}<\/script>\n<!-- \/ Yoast SEO Premium plugin. -->","yoast_head_json":{"title":"Des cadres du PDCI annoncent la candidature de B\u00e9di\u00e9 au Prix Nobel de la Paix - C\u00f4te d&#039;Ivoire","description":"Et rebelote au PDCI-RDA, apr\u00e8s une premi\u00e8re tentative \u00e9chou\u00e9e, des cadres du PDCI-RDA annoncent vouloir pr\u00e9senter la can ...","robots":{"index":"index","follow":"follow","max-snippet":"max-snippet:-1","max-image-preview":"max-image-preview:large","max-video-preview":"max-video-preview:-1"},"canonical":"https:\/\/www.africa-press.net\/cotedivoire\/politique\/cote-divoire-des-cadres-du-pdci-annoncent-la-candidature-de-bedie-au-prix-nobel-de-la-paix","og_locale":"fr_FR","og_type":"article","og_title":"Des cadres du PDCI annoncent la candidature de B\u00e9di\u00e9 au Prix Nobel de la Paix","og_description":"Et rebelote au PDCI-RDA, apr\u00e8s une premi\u00e8re tentative \u00e9chou\u00e9e, des cadres du PDCI-RDA annoncent vouloir pr\u00e9senter la can ...","og_url":"https:\/\/www.africa-press.net\/cotedivoire\/politique\/cote-divoire-des-cadres-du-pdci-annoncent-la-candidature-de-bedie-au-prix-nobel-de-la-paix","og_site_name":"C\u00f4te d&#039;Ivoire","article_published_time":"2021-07-16T15:40:17+00:00","article_modified_time":"2021-07-16T21:01:49+00:00","og_image":[{"width":720,"height":479,"url":"https:\/\/static.africa-press.net\/cote\/sites\/43\/2021\/07\/img-60f1a189a88cc.jpg","type":"image\/jpeg"}],"author":"cfeditorfr","twitter_card":"summary_large_image","twitter_misc":{"\u00c9crit par":"cfeditorfr","Dur\u00e9e de lecture estim\u00e9e":"1 minute"},"schema":{"@context":"https:\/\/schema.org","@graph":[{"@type":"Article","@id":"https:\/\/www.africa-press.net\/cotedivoire\/politique\/cote-divoire-des-cadres-du-pdci-annoncent-la-candidature-de-bedie-au-prix-nobel-de-la-paix#article","isPartOf":{"@id":"https:\/\/www.africa-press.net\/cotedivoire\/politique\/cote-divoire-des-cadres-du-pdci-annoncent-la-candidature-de-bedie-au-prix-nobel-de-la-paix"},"author":{"name":"cfeditorfr","@id":"https:\/\/www.africa-press.net\/cotedivoire\/#\/schema\/person\/2b1cf3cd81a31e3cd26889ca66d677f1"},"headline":"Des cadres du PDCI annoncent la candidature de B\u00e9di\u00e9 au Prix Nobel de la Paix","datePublished":"2021-07-16T15:40:17+00:00","dateModified":"2021-07-16T21:01:49+00:00","mainEntityOfPage":{"@id":"https:\/\/www.africa-press.net\/cotedivoire\/politique\/cote-divoire-des-cadres-du-pdci-annoncent-la-candidature-de-bedie-au-prix-nobel-de-la-paix"},"wordCount":213,"commentCount":0,"image":{"@id":"https:\/\/www.africa-press.net\/cotedivoire\/politique\/cote-divoire-des-cadres-du-pdci-annoncent-la-candidature-de-bedie-au-prix-nobel-de-la-paix#primaryimage"},"thumbnailUrl":"https:\/\/static.africa-press.net\/cote\/sites\/43\/2021\/07\/img-60f1a189a88cc.jpg","keywords":["Africa Press","Africa Press-C\u00f4te d'Ivoire","C\u00d4TE D'IVOIRE"],"articleSection":["homepage-french","Politique","Top Nouvelles","Toutes les actualit\u00e9s"],"inLanguage":"fr-FR","potentialAction":[{"@type":"CommentAction","name":"Comment","target":["https:\/\/www.africa-press.net\/cotedivoire\/politique\/cote-divoire-des-cadres-du-pdci-annoncent-la-candidature-de-bedie-au-prix-nobel-de-la-paix#respond"]}]},{"@type":"WebPage","@id":"https:\/\/www.africa-press.net\/cotedivoire\/politique\/cote-divoire-des-cadres-du-pdci-annoncent-la-candidature-de-bedie-au-prix-nobel-de-la-paix","url":"https:\/\/www.africa-press.net\/cotedivoire\/politique\/cote-divoire-des-cadres-du-pdci-annoncent-la-candidature-de-bedie-au-prix-nobel-de-la-paix","name":"Des cadres du PDCI annoncent la candidature de B\u00e9di\u00e9 au Prix Nobel de la Paix - C\u00f4te d&#039;Ivoire","isPartOf":{"@id":"https:\/\/www.africa-press.net\/cotedivoire\/#website"},"primaryImageOfPage":{"@id":"https:\/\/www.africa-press.net\/cotedivoire\/politique\/cote-divoire-des-cadres-du-pdci-annoncent-la-candidature-de-bedie-au-prix-nobel-de-la-paix#primaryimage"},"image":{"@id":"https:\/\/www.africa-press.net\/cotedivoire\/politique\/cote-divoire-des-cadres-du-pdci-annoncent-la-candidature-de-bedie-au-prix-nobel-de-la-paix#primaryimage"},"thumbnailUrl":"https:\/\/static.africa-press.net\/cote\/sites\/43\/2021\/07\/img-60f1a189a88cc.jpg","datePublished":"2021-07-16T15:40:17+00:00","dateModified":"2021-07-16T21:01:49+00:00","author":{"@id":"https:\/\/www.africa-press.net\/cotedivoire\/#\/schema\/person\/2b1cf3cd81a31e3cd26889ca66d677f1"},"description":"Et rebelote au PDCI-RDA, apr\u00e8s une premi\u00e8re tentative \u00e9chou\u00e9e, des cadres du PDCI-RDA annoncent vouloir pr\u00e9senter la can ...","breadcrumb":{"@id":"https:\/\/www.africa-press.net\/cotedivoire\/politique\/cote-divoire-des-cadres-du-pdci-annoncent-la-candidature-de-bedie-au-prix-nobel-de-la-paix#breadcrumb"},"inLanguage":"fr-FR","potentialAction":[{"@type":"ReadAction","target":["https:\/\/www.africa-press.net\/cotedivoire\/politique\/cote-divoire-des-cadres-du-pdci-annoncent-la-candidature-de-bedie-au-prix-nobel-de-la-paix"]}]},{"@type":"ImageObject","inLanguage":"fr-FR","@id":"https:\/\/www.africa-press.net\/cotedivoire\/politique\/cote-divoire-des-cadres-du-pdci-annoncent-la-candidature-de-bedie-au-prix-nobel-de-la-paix#primaryimage","url":"https:\/\/static.africa-press.net\/cote\/sites\/43\/2021\/07\/img-60f1a189a88cc.jpg","contentUrl":"https:\/\/static.africa-press.net\/cote\/sites\/43\/2021\/07\/img-60f1a189a88cc.jpg","width":720,"height":479,"caption":"C\u00f4te-d\u2019Ivoire: Des cadres du PDCI annoncent la candidature de B\u00e9di\u00e9 au Prix Nobel de la Paix"},{"@type":"BreadcrumbList","@id":"https:\/\/www.africa-press.net\/cotedivoire\/politique\/cote-divoire-des-cadres-du-pdci-annoncent-la-candidature-de-bedie-au-prix-nobel-de-la-paix#breadcrumb","itemListElement":[{"@type":"ListItem","position":1,"name":"Accueil","item":"https:\/\/www.africa-press.net\/cotedivoire\/"},{"@type":"ListItem","position":2,"name":"Des cadres du PDCI annoncent la candidature de B\u00e9di\u00e9 au Prix Nobel de la Paix"}]},{"@type":"WebSite","@id":"https:\/\/www.africa-press.net\/cotedivoire\/#website","url":"https:\/\/www.africa-press.net\/cotedivoire\/","name":"C\u00f4te d&#039;Ivoire","description":"Just another Africa News Agency Sites site","potentialAction":[{"@type":"SearchAction","target":{"@type":"EntryPoint","urlTemplate":"https:\/\/www.africa-press.net\/cotedivoire\/?s={search_term_string}"},"query-input":{"@type":"PropertyValueSpecification","valueRequired":true,"valueName":"search_term_string"}}],"inLanguage":"fr-FR"},{"@type":"Person","@id":"https:\/\/www.africa-press.net\/cotedivoire\/#\/schema\/person\/2b1cf3cd81a31e3cd26889ca66d677f1","name":"cfeditorfr"}]}},"_links":{"self":[{"href":"https:\/\/www.africa-press.net\/cotedivoire\/wp-json\/wp\/v2\/posts\/9988","targetHints":{"allow":["GET"]}}],"collection":[{"href":"https:\/\/www.africa-press.net\/cotedivoire\/wp-json\/wp\/v2\/posts"}],"about":[{"href":"https:\/\/www.africa-press.net\/cotedivoire\/wp-json\/wp\/v2\/types\/post"}],"author":[{"embeddable":true,"href":"https:\/\/www.africa-press.net\/cotedivoire\/wp-json\/wp\/v2\/users\/82"}],"replies":[{"embeddable":true,"href":"https:\/\/www.africa-press.net\/cotedivoire\/wp-json\/wp\/v2\/comments?post=9988"}],"version-history":[{"count":0,"href":"https:\/\/www.africa-press.net\/cotedivoire\/wp-json\/wp\/v2\/posts\/9988\/revisions"}],"wp:featuredmedia":[{"embeddable":true,"href":"https:\/\/www.africa-press.net\/cotedivoire\/wp-json\/wp\/v2\/media\/9987"}],"wp:attachment":[{"href":"https:\/\/www.africa-press.net\/cotedivoire\/wp-json\/wp\/v2\/media?parent=9988"}],"wp:term":[{"taxonomy":"category","embeddable":true,"href":"https:\/\/www.africa-press.net\/cotedivoire\/wp-json\/wp\/v2\/categories?post=9988"},{"taxonomy":"post_tag","embeddable":true,"href":"https:\/\/www.africa-press.net\/cotedivoire\/wp-json\/wp\/v2\/tags?post=9988"}],"curies":[{"name":"wp","href":"https:\/\/api.w.org\/{rel}","templated":true}]}}