{"id":99887,"date":"2025-05-29T16:12:40","date_gmt":"2025-05-29T16:12:40","guid":{"rendered":"https:\/\/www.africa-press.net\/cotedivoire\/politique\/fieni-koffi-appelle-a-rupture-institutionnelle-et-sociale"},"modified":"2025-05-29T16:21:55","modified_gmt":"2025-05-29T16:21:55","slug":"fieni-koffi-appelle-a-rupture-institutionnelle-et-sociale","status":"publish","type":"post","link":"https:\/\/www.africa-press.net\/cotedivoire\/politique\/fieni-koffi-appelle-a-rupture-institutionnelle-et-sociale","title":{"rendered":"Fi\u00e9ni Koffi Appelle \u00e0 Rupture Institutionnelle et Sociale"},"content":{"rendered":"<p><span style=\"color: #ff6600\"><strong>Africa-Press &#8211; C\u00f4te d&rsquo;Ivoire. <\/strong><\/span>A\u0300 l\u2019approche de la pre\u0301sidentielle d\u2019octobre 2025, Fie\u0301ni Koffi, candidat de\u0301clare\u0301 et pre\u0301sident du parti Pro-Co\u0302te d\u2019Ivoire, a pre\u0301sente\u0301 ce mercredi 28 mai 2025 a\u0300 Cocody les grandes lignes de son projet de socie\u0301te\u0301, porte\u0301 par une ide\u0301e forte: faire de la Co\u0302te d\u2019Ivoire une Re\u0301publique fe\u0301de\u0301rale.<\/p>\n<p>De retour d\u2019une tourne\u0301e nationale qu\u2019il juge \u00ab rassurante \u00bb, il affirme avoir e\u0301te\u0301 chaleureusement accueilli par des populations de\u0301ja\u0300 sensibles a\u0300 sa vision politique.<\/p>\n<p>\u00ab Les Ivoiriens nous connaissent, ils nous ont parle\u0301 de leurs attentes, et ils adhe\u0300rent a\u0300 notre projet \u00bb, a-t-il assure\u0301.<\/p>\n<p>Au c\u0153ur de ce projet, une refonte comple\u0300te de l\u2019organisation de l\u2019E\u0301tat avec 14 E\u0301tats fe\u0301de\u0301re\u0301s dirige\u0301s par des gouverneurs e\u0301lus.<\/p>\n<p>Objectif: rapprocher les de\u0301cisions des populations, limiter le cumul des fonctions et assurer une meilleure re\u0301partition des ressources.<\/p>\n<p>Le candidat promet aussi une se\u0301rie de mesures sociales fortes: gratuite\u0301 de l\u2019eau dans les foyers, transformation des villages en mairies, et surtout un salaire mensuel garanti pour les agriculteurs, qu\u2019il conside\u0300re comme \u00ab la colonne verte\u0301brale de notre e\u0301conomie \u00bb.<\/p>\n<p>Il veut e\u0301galement moderniser la gouvernance en re\u0301duisant les de\u0301penses publiques, supprimant certaines institutions juge\u0301es inutiles, et en limitant le nombre de de\u0301pute\u0301s a\u0300 100.<\/p>\n<p>L\u2019e\u0301ducation ne sera pas en reste, avec un syste\u0300me repense\u0301 pour coller aux re\u0301alite\u0301s du pays.<\/p>\n<p>Mais pour Fie\u0301ni Koffi, le vrai changement passera par la jeunesse: \u00ab Nous devons transformer les mentalite\u0301s et donner a\u0300 nos jeunes les moyens de ba\u0302tir ici, chez nous, la richesse de demain. \u00bb Le ton est donne\u0301: une rupture assume\u0301e, fe\u0301de\u0301rale, sociale et tourne\u0301e vers l\u2019avenir.<\/p>\n<p><strong>Pour plus d&rsquo;informations et d&rsquo;analyses sur la <span style=\"color: #ff6600\">C\u00f4te d&rsquo;Ivoire<\/span>, suivez <span style=\"color: #ff6600\">Africa-Press<\/span><\/strong><\/p>\n","protected":false},"excerpt":{"rendered":"<p>Africa-Press &#8211; C\u00f4te d&rsquo;Ivoire. A\u0300 l\u2019approche de la pre\u0301sidentielle d\u2019octobre 2025, Fie\u0301ni Koffi, candidat de\u0301clare\u0301 et pre\u0301sident du parti Pro-Co\u0302te d\u2019Ivoire, a pre\u0301sente\u0301 ce mercredi 28 mai 2025 a\u0300 Cocody les grandes lignes de son projet de socie\u0301te\u0301, porte\u0301 par une ide\u0301e forte: faire de la Co\u0302te d\u2019Ivoire une Re\u0301publique fe\u0301de\u0301rale. De retour d\u2019une tourne\u0301e [&hellip;]<\/p>\n","protected":false},"author":82,"featured_media":99886,"comment_status":"open","ping_status":"closed","sticky":false,"template":"","format":"standard","meta":{"footnotes":""},"categories":[2,10],"tags":[29,15457],"class_list":["post-99887","post","type-post","status-publish","format-standard","has-post-thumbnail","hentry","category-politique","category-toutes-les-actualites","tag-cote-divoire","tag-fieni"],"yoast_head":"<!-- This site is optimized with the Yoast SEO Premium plugin v26.1 (Yoast SEO v27.0) - https:\/\/yoast.com\/product\/yoast-seo-premium-wordpress\/ -->\n<title>Fi\u00e9ni Koffi Appelle \u00e0 Rupture Institutionnelle et Sociale - C\u00f4te d&#039;Ivoire<\/title>\n<meta name=\"description\" content=\"A\u0300 l\u2019approche de la pre\u0301sidentielle d\u2019octobre 2025, Fie\u0301ni Koffi, candidat de\u0301clare\u0301 et pre\u0301sident du parti Pro-Co\u0302te d\u2019 ...\" \/>\n<meta name=\"robots\" content=\"index, follow, max-snippet:-1, max-image-preview:large, max-video-preview:-1\" \/>\n<link rel=\"canonical\" href=\"https:\/\/www.africa-press.net\/cotedivoire\/politique\/fieni-koffi-appelle-a-rupture-institutionnelle-et-sociale\" \/>\n<meta property=\"og:locale\" content=\"fr_FR\" \/>\n<meta property=\"og:type\" content=\"article\" \/>\n<meta property=\"og:title\" content=\"Fi\u00e9ni Koffi Appelle \u00e0 Rupture Institutionnelle et Sociale\" \/>\n<meta property=\"og:description\" content=\"A\u0300 l\u2019approche de la pre\u0301sidentielle d\u2019octobre 2025, Fie\u0301ni Koffi, candidat de\u0301clare\u0301 et pre\u0301sident du parti Pro-Co\u0302te d\u2019 ...\" \/>\n<meta property=\"og:url\" content=\"https:\/\/www.africa-press.net\/cotedivoire\/politique\/fieni-koffi-appelle-a-rupture-institutionnelle-et-sociale\" \/>\n<meta property=\"og:site_name\" content=\"C\u00f4te d&#039;Ivoire\" \/>\n<meta property=\"article:published_time\" content=\"2025-05-29T16:12:40+00:00\" \/>\n<meta property=\"article:modified_time\" content=\"2025-05-29T16:21:55+00:00\" \/>\n<meta property=\"og:image\" content=\"https:\/\/static.africa-press.net\/cote\/sites\/43\/2025\/05\/sm_1748523084.047308.jpg\" \/>\n\t<meta property=\"og:image:width\" content=\"720\" \/>\n\t<meta property=\"og:image:height\" content=\"351\" \/>\n\t<meta property=\"og:image:type\" content=\"image\/jpeg\" \/>\n<meta name=\"author\" content=\"cfeditorfr\" \/>\n<meta name=\"twitter:card\" content=\"summary_large_image\" \/>\n<meta name=\"twitter:label1\" content=\"\u00c9crit par\" \/>\n\t<meta name=\"twitter:data1\" content=\"cfeditorfr\" \/>\n\t<meta name=\"twitter:label2\" content=\"Dur\u00e9e de lecture estim\u00e9e\" \/>\n\t<meta name=\"twitter:data2\" content=\"2 minutes\" \/>\n<script type=\"application\/ld+json\" class=\"yoast-schema-graph\">{\"@context\":\"https:\/\/schema.org\",\"@graph\":[{\"@type\":\"Article\",\"@id\":\"https:\/\/www.africa-press.net\/cotedivoire\/politique\/fieni-koffi-appelle-a-rupture-institutionnelle-et-sociale#article\",\"isPartOf\":{\"@id\":\"https:\/\/www.africa-press.net\/cotedivoire\/politique\/fieni-koffi-appelle-a-rupture-institutionnelle-et-sociale\"},\"author\":{\"name\":\"cfeditorfr\",\"@id\":\"https:\/\/www.africa-press.net\/cotedivoire\/#\/schema\/person\/2b1cf3cd81a31e3cd26889ca66d677f1\"},\"headline\":\"Fi\u00e9ni Koffi Appelle \u00e0 Rupture Institutionnelle et Sociale\",\"datePublished\":\"2025-05-29T16:12:40+00:00\",\"dateModified\":\"2025-05-29T16:21:55+00:00\",\"mainEntityOfPage\":{\"@id\":\"https:\/\/www.africa-press.net\/cotedivoire\/politique\/fieni-koffi-appelle-a-rupture-institutionnelle-et-sociale\"},\"wordCount\":337,\"commentCount\":0,\"image\":{\"@id\":\"https:\/\/www.africa-press.net\/cotedivoire\/politique\/fieni-koffi-appelle-a-rupture-institutionnelle-et-sociale#primaryimage\"},\"thumbnailUrl\":\"https:\/\/static.africa-press.net\/cote\/sites\/43\/2025\/05\/sm_1748523084.047308.jpg\",\"keywords\":[\"C\u00d4TE D'IVOIRE\",\"Fi\u00e9ni\"],\"articleSection\":[\"Politique\",\"Toutes les actualit\u00e9s\"],\"inLanguage\":\"fr-FR\",\"potentialAction\":[{\"@type\":\"CommentAction\",\"name\":\"Comment\",\"target\":[\"https:\/\/www.africa-press.net\/cotedivoire\/politique\/fieni-koffi-appelle-a-rupture-institutionnelle-et-sociale#respond\"]}]},{\"@type\":\"WebPage\",\"@id\":\"https:\/\/www.africa-press.net\/cotedivoire\/politique\/fieni-koffi-appelle-a-rupture-institutionnelle-et-sociale\",\"url\":\"https:\/\/www.africa-press.net\/cotedivoire\/politique\/fieni-koffi-appelle-a-rupture-institutionnelle-et-sociale\",\"name\":\"Fi\u00e9ni Koffi Appelle \u00e0 Rupture Institutionnelle et Sociale - C\u00f4te d&#039;Ivoire\",\"isPartOf\":{\"@id\":\"https:\/\/www.africa-press.net\/cotedivoire\/#website\"},\"primaryImageOfPage\":{\"@id\":\"https:\/\/www.africa-press.net\/cotedivoire\/politique\/fieni-koffi-appelle-a-rupture-institutionnelle-et-sociale#primaryimage\"},\"image\":{\"@id\":\"https:\/\/www.africa-press.net\/cotedivoire\/politique\/fieni-koffi-appelle-a-rupture-institutionnelle-et-sociale#primaryimage\"},\"thumbnailUrl\":\"https:\/\/static.africa-press.net\/cote\/sites\/43\/2025\/05\/sm_1748523084.047308.jpg\",\"datePublished\":\"2025-05-29T16:12:40+00:00\",\"dateModified\":\"2025-05-29T16:21:55+00:00\",\"author\":{\"@id\":\"https:\/\/www.africa-press.net\/cotedivoire\/#\/schema\/person\/2b1cf3cd81a31e3cd26889ca66d677f1\"},\"description\":\"A\u0300 l\u2019approche de la pre\u0301sidentielle d\u2019octobre 2025, Fie\u0301ni Koffi, candidat de\u0301clare\u0301 et pre\u0301sident du parti Pro-Co\u0302te d\u2019 ...\",\"breadcrumb\":{\"@id\":\"https:\/\/www.africa-press.net\/cotedivoire\/politique\/fieni-koffi-appelle-a-rupture-institutionnelle-et-sociale#breadcrumb\"},\"inLanguage\":\"fr-FR\",\"potentialAction\":[{\"@type\":\"ReadAction\",\"target\":[\"https:\/\/www.africa-press.net\/cotedivoire\/politique\/fieni-koffi-appelle-a-rupture-institutionnelle-et-sociale\"]}]},{\"@type\":\"ImageObject\",\"inLanguage\":\"fr-FR\",\"@id\":\"https:\/\/www.africa-press.net\/cotedivoire\/politique\/fieni-koffi-appelle-a-rupture-institutionnelle-et-sociale#primaryimage\",\"url\":\"https:\/\/static.africa-press.net\/cote\/sites\/43\/2025\/05\/sm_1748523084.047308.jpg\",\"contentUrl\":\"https:\/\/static.africa-press.net\/cote\/sites\/43\/2025\/05\/sm_1748523084.047308.jpg\",\"width\":720,\"height\":351,\"caption\":\"Fi\u00e9ni Koffi Appelle \u00e0 Rupture Institutionnelle et Sociale\"},{\"@type\":\"BreadcrumbList\",\"@id\":\"https:\/\/www.africa-press.net\/cotedivoire\/politique\/fieni-koffi-appelle-a-rupture-institutionnelle-et-sociale#breadcrumb\",\"itemListElement\":[{\"@type\":\"ListItem\",\"position\":1,\"name\":\"Accueil\",\"item\":\"https:\/\/www.africa-press.net\/cotedivoire\/\"},{\"@type\":\"ListItem\",\"position\":2,\"name\":\"Fi\u00e9ni Koffi Appelle \u00e0 Rupture Institutionnelle et Sociale\"}]},{\"@type\":\"WebSite\",\"@id\":\"https:\/\/www.africa-press.net\/cotedivoire\/#website\",\"url\":\"https:\/\/www.africa-press.net\/cotedivoire\/\",\"name\":\"C\u00f4te d&#039;Ivoire\",\"description\":\"Just another Africa News Agency Sites site\",\"potentialAction\":[{\"@type\":\"SearchAction\",\"target\":{\"@type\":\"EntryPoint\",\"urlTemplate\":\"https:\/\/www.africa-press.net\/cotedivoire\/?s={search_term_string}\"},\"query-input\":{\"@type\":\"PropertyValueSpecification\",\"valueRequired\":true,\"valueName\":\"search_term_string\"}}],\"inLanguage\":\"fr-FR\"},{\"@type\":\"Person\",\"@id\":\"https:\/\/www.africa-press.net\/cotedivoire\/#\/schema\/person\/2b1cf3cd81a31e3cd26889ca66d677f1\",\"name\":\"cfeditorfr\"}]}<\/script>\n<!-- \/ Yoast SEO Premium plugin. -->","yoast_head_json":{"title":"Fi\u00e9ni Koffi Appelle \u00e0 Rupture Institutionnelle et Sociale - C\u00f4te d&#039;Ivoire","description":"A\u0300 l\u2019approche de la pre\u0301sidentielle d\u2019octobre 2025, Fie\u0301ni Koffi, candidat de\u0301clare\u0301 et pre\u0301sident du parti Pro-Co\u0302te d\u2019 ...","robots":{"index":"index","follow":"follow","max-snippet":"max-snippet:-1","max-image-preview":"max-image-preview:large","max-video-preview":"max-video-preview:-1"},"canonical":"https:\/\/www.africa-press.net\/cotedivoire\/politique\/fieni-koffi-appelle-a-rupture-institutionnelle-et-sociale","og_locale":"fr_FR","og_type":"article","og_title":"Fi\u00e9ni Koffi Appelle \u00e0 Rupture Institutionnelle et Sociale","og_description":"A\u0300 l\u2019approche de la pre\u0301sidentielle d\u2019octobre 2025, Fie\u0301ni Koffi, candidat de\u0301clare\u0301 et pre\u0301sident du parti Pro-Co\u0302te d\u2019 ...","og_url":"https:\/\/www.africa-press.net\/cotedivoire\/politique\/fieni-koffi-appelle-a-rupture-institutionnelle-et-sociale","og_site_name":"C\u00f4te d&#039;Ivoire","article_published_time":"2025-05-29T16:12:40+00:00","article_modified_time":"2025-05-29T16:21:55+00:00","og_image":[{"width":720,"height":351,"url":"https:\/\/static.africa-press.net\/cote\/sites\/43\/2025\/05\/sm_1748523084.047308.jpg","type":"image\/jpeg"}],"author":"cfeditorfr","twitter_card":"summary_large_image","twitter_misc":{"\u00c9crit par":"cfeditorfr","Dur\u00e9e de lecture estim\u00e9e":"2 minutes"},"schema":{"@context":"https:\/\/schema.org","@graph":[{"@type":"Article","@id":"https:\/\/www.africa-press.net\/cotedivoire\/politique\/fieni-koffi-appelle-a-rupture-institutionnelle-et-sociale#article","isPartOf":{"@id":"https:\/\/www.africa-press.net\/cotedivoire\/politique\/fieni-koffi-appelle-a-rupture-institutionnelle-et-sociale"},"author":{"name":"cfeditorfr","@id":"https:\/\/www.africa-press.net\/cotedivoire\/#\/schema\/person\/2b1cf3cd81a31e3cd26889ca66d677f1"},"headline":"Fi\u00e9ni Koffi Appelle \u00e0 Rupture Institutionnelle et Sociale","datePublished":"2025-05-29T16:12:40+00:00","dateModified":"2025-05-29T16:21:55+00:00","mainEntityOfPage":{"@id":"https:\/\/www.africa-press.net\/cotedivoire\/politique\/fieni-koffi-appelle-a-rupture-institutionnelle-et-sociale"},"wordCount":337,"commentCount":0,"image":{"@id":"https:\/\/www.africa-press.net\/cotedivoire\/politique\/fieni-koffi-appelle-a-rupture-institutionnelle-et-sociale#primaryimage"},"thumbnailUrl":"https:\/\/static.africa-press.net\/cote\/sites\/43\/2025\/05\/sm_1748523084.047308.jpg","keywords":["C\u00d4TE D'IVOIRE","Fi\u00e9ni"],"articleSection":["Politique","Toutes les actualit\u00e9s"],"inLanguage":"fr-FR","potentialAction":[{"@type":"CommentAction","name":"Comment","target":["https:\/\/www.africa-press.net\/cotedivoire\/politique\/fieni-koffi-appelle-a-rupture-institutionnelle-et-sociale#respond"]}]},{"@type":"WebPage","@id":"https:\/\/www.africa-press.net\/cotedivoire\/politique\/fieni-koffi-appelle-a-rupture-institutionnelle-et-sociale","url":"https:\/\/www.africa-press.net\/cotedivoire\/politique\/fieni-koffi-appelle-a-rupture-institutionnelle-et-sociale","name":"Fi\u00e9ni Koffi Appelle \u00e0 Rupture Institutionnelle et Sociale - C\u00f4te d&#039;Ivoire","isPartOf":{"@id":"https:\/\/www.africa-press.net\/cotedivoire\/#website"},"primaryImageOfPage":{"@id":"https:\/\/www.africa-press.net\/cotedivoire\/politique\/fieni-koffi-appelle-a-rupture-institutionnelle-et-sociale#primaryimage"},"image":{"@id":"https:\/\/www.africa-press.net\/cotedivoire\/politique\/fieni-koffi-appelle-a-rupture-institutionnelle-et-sociale#primaryimage"},"thumbnailUrl":"https:\/\/static.africa-press.net\/cote\/sites\/43\/2025\/05\/sm_1748523084.047308.jpg","datePublished":"2025-05-29T16:12:40+00:00","dateModified":"2025-05-29T16:21:55+00:00","author":{"@id":"https:\/\/www.africa-press.net\/cotedivoire\/#\/schema\/person\/2b1cf3cd81a31e3cd26889ca66d677f1"},"description":"A\u0300 l\u2019approche de la pre\u0301sidentielle d\u2019octobre 2025, Fie\u0301ni Koffi, candidat de\u0301clare\u0301 et pre\u0301sident du parti Pro-Co\u0302te d\u2019 ...","breadcrumb":{"@id":"https:\/\/www.africa-press.net\/cotedivoire\/politique\/fieni-koffi-appelle-a-rupture-institutionnelle-et-sociale#breadcrumb"},"inLanguage":"fr-FR","potentialAction":[{"@type":"ReadAction","target":["https:\/\/www.africa-press.net\/cotedivoire\/politique\/fieni-koffi-appelle-a-rupture-institutionnelle-et-sociale"]}]},{"@type":"ImageObject","inLanguage":"fr-FR","@id":"https:\/\/www.africa-press.net\/cotedivoire\/politique\/fieni-koffi-appelle-a-rupture-institutionnelle-et-sociale#primaryimage","url":"https:\/\/static.africa-press.net\/cote\/sites\/43\/2025\/05\/sm_1748523084.047308.jpg","contentUrl":"https:\/\/static.africa-press.net\/cote\/sites\/43\/2025\/05\/sm_1748523084.047308.jpg","width":720,"height":351,"caption":"Fi\u00e9ni Koffi Appelle \u00e0 Rupture Institutionnelle et Sociale"},{"@type":"BreadcrumbList","@id":"https:\/\/www.africa-press.net\/cotedivoire\/politique\/fieni-koffi-appelle-a-rupture-institutionnelle-et-sociale#breadcrumb","itemListElement":[{"@type":"ListItem","position":1,"name":"Accueil","item":"https:\/\/www.africa-press.net\/cotedivoire\/"},{"@type":"ListItem","position":2,"name":"Fi\u00e9ni Koffi Appelle \u00e0 Rupture Institutionnelle et Sociale"}]},{"@type":"WebSite","@id":"https:\/\/www.africa-press.net\/cotedivoire\/#website","url":"https:\/\/www.africa-press.net\/cotedivoire\/","name":"C\u00f4te d&#039;Ivoire","description":"Just another Africa News Agency Sites site","potentialAction":[{"@type":"SearchAction","target":{"@type":"EntryPoint","urlTemplate":"https:\/\/www.africa-press.net\/cotedivoire\/?s={search_term_string}"},"query-input":{"@type":"PropertyValueSpecification","valueRequired":true,"valueName":"search_term_string"}}],"inLanguage":"fr-FR"},{"@type":"Person","@id":"https:\/\/www.africa-press.net\/cotedivoire\/#\/schema\/person\/2b1cf3cd81a31e3cd26889ca66d677f1","name":"cfeditorfr"}]}},"_links":{"self":[{"href":"https:\/\/www.africa-press.net\/cotedivoire\/wp-json\/wp\/v2\/posts\/99887","targetHints":{"allow":["GET"]}}],"collection":[{"href":"https:\/\/www.africa-press.net\/cotedivoire\/wp-json\/wp\/v2\/posts"}],"about":[{"href":"https:\/\/www.africa-press.net\/cotedivoire\/wp-json\/wp\/v2\/types\/post"}],"author":[{"embeddable":true,"href":"https:\/\/www.africa-press.net\/cotedivoire\/wp-json\/wp\/v2\/users\/82"}],"replies":[{"embeddable":true,"href":"https:\/\/www.africa-press.net\/cotedivoire\/wp-json\/wp\/v2\/comments?post=99887"}],"version-history":[{"count":0,"href":"https:\/\/www.africa-press.net\/cotedivoire\/wp-json\/wp\/v2\/posts\/99887\/revisions"}],"wp:featuredmedia":[{"embeddable":true,"href":"https:\/\/www.africa-press.net\/cotedivoire\/wp-json\/wp\/v2\/media\/99886"}],"wp:attachment":[{"href":"https:\/\/www.africa-press.net\/cotedivoire\/wp-json\/wp\/v2\/media?parent=99887"}],"wp:term":[{"taxonomy":"category","embeddable":true,"href":"https:\/\/www.africa-press.net\/cotedivoire\/wp-json\/wp\/v2\/categories?post=99887"},{"taxonomy":"post_tag","embeddable":true,"href":"https:\/\/www.africa-press.net\/cotedivoire\/wp-json\/wp\/v2\/tags?post=99887"}],"curies":[{"name":"wp","href":"https:\/\/api.w.org\/{rel}","templated":true}]}}