{"id":99904,"date":"2025-05-29T16:16:43","date_gmt":"2025-05-29T16:16:43","guid":{"rendered":"https:\/\/www.africa-press.net\/cotedivoire\/politique\/letat-renforce-la-transformation-locale-du-cacao"},"modified":"2025-05-29T16:23:04","modified_gmt":"2025-05-29T16:23:04","slug":"letat-renforce-la-transformation-locale-du-cacao","status":"publish","type":"post","link":"https:\/\/www.africa-press.net\/cotedivoire\/economie\/letat-renforce-la-transformation-locale-du-cacao","title":{"rendered":"L&rsquo;Etat Renforce la Transformation Locale du Cacao"},"content":{"rendered":"<p><span style=\"color: #ff6600\"><strong>Africa-Press &#8211; C\u00f4te d&rsquo;Ivoire. <\/strong><\/span>La Co\u0302te d\u2019Ivoire, premier producteur mondial de cacao, affirme de\u0301sormais avec force son statut de leader en matie\u0300re de transformation locale. Derrie\u0300re cette dynamique, une volonte\u0301 politique claire porte\u0301e par l\u2019E\u0301tat, qui a mis en place une se\u0301rie de mesures incitatives pour booster le broyage du cacao sur le territoire national.<\/p>\n<p>Au c\u0153ur de cette strate\u0301gie, le nouveau Code des investissements, promu par le Centre de Promotion des Investissements en Co\u0302te d\u2019Ivoire (CEPICI), se distingue par son attractivite\u0301 pour les acteurs de la transformation industrielle. Il offre aux investisseurs des avantages fiscaux significatifs, notamment des re\u0301ductions de droits de douane et des suspensions de TVA. Ces dispositifs permettent aux nouveaux entrants d\u2019atteindre la rentabilite\u0301 de leurs projets avant d\u2019e\u0302tre soumis a\u0300 des charges fiscales, alle\u0301geant ainsi conside\u0301rablement la phase d\u2019installation.<\/p>\n<p>Depuis 2017, un autre levier essentiel a e\u0301te\u0301 mis en \u0153uvre: la politique dite du \u00ab DUS diffe\u0301rentiel \u00bb. Elle accorde un abattement fiscal sur le Droit Unique de Sortie (DUS) aux industriels signataires d\u2019une convention.<\/p>\n<p>En contrepartie, ceux-ci s\u2019engagent a\u0300 augmenter progressivement leur capacite\u0301 de transformation sur une pe\u0301riode de cinq ans. Les objectifs sont de\u0301finis en fonction de la capacite\u0301 de transformation initiale de chaque entreprise et du niveau de valorisation du produit transforme\u0301.<\/p>\n<p>En marge du SARA, Ye\u0301o Daouda, Directeur adjoint charge\u0301 des e\u0301tudes de l\u2019industrialisation et de la prospective au Conseil du Cafe\u0301-Cacao, a affirme\u0301 au cours d\u2019un entretien accorde\u0301 a\u0300 KOACI.COM que \u00ab cette politique vise non seulement a\u0300 stimuler les investissements industriels, mais aussi a\u0300 diversifier les produits de\u0301rive\u0301s du cacao transforme\u0301 localement \u00bb.<\/p>\n<p>Autre atout majeur offert aux transformateurs: la garantie de la disponibilite\u0301 de la matie\u0300re premie\u0300re. Contrairement aux re\u0300gles classiques du marche\u0301, les transformateurs engage\u0301s dans le processus industriel be\u0301ne\u0301ficient d\u2019une flexibilite\u0301 leur permettant de constituer un stock couvrant jusqu\u2019a\u0300 un mois et demi de leur capacite\u0301 de transformation, inde\u0301pendamment de contrats de vente imme\u0301diats. Ce dispositif favorise la continuite\u0301 de la production, tout en re\u0301duisant les risques lie\u0301s a\u0300 l\u2019approvisionnement.<\/p>\n<p>Selon M. Ye\u0301o, les re\u0301sultats de ces politiques sont tangibles. En 2011, la capacite\u0301 installe\u0301e de transformation du cacao en Co\u0302te d\u2019Ivoire e\u0301tait d\u2019environ 530 000 tonnes par an. En 2024, elle de\u0301passe les 1 065 000 tonnes, te\u0301moignant d\u2019une nette progression. Le volume re\u0301ellement transforme\u0301 a suivi cette dynamique, passant de 431 000 tonnes en 2011 a\u0300 environ 750 000 tonnes aujourd\u2019hui.<\/p>\n<p>\u00ab Cela repre\u0301sente un taux de transformation d\u2019environ 42 %, en progression constante, bien que le\u0301ge\u0300rement en dec\u0327a\u0300 de l\u2019objectif initial de 50 %. Cette situation s\u2019explique par la croissance simultane\u0301e de la production nationale, qui vient mathe\u0301matiquement freiner la progression du taux de transformation, malgre\u0301 l\u2019augmentation effective des volumes transforme\u0301s \u00bb, a-t-il pre\u0301cise\u0301.<\/p>\n<p>Les produits issus de la transformation locale sont varie\u0301s: masse de cacao (ou liqueur), beurre de cacao, tourteaux et poudre de cacao.<\/p>\n<p>Selon le Directeur adjoint du Conseil du Cafe\u0301-Cacao, cette diversification permet a\u0300 la Co\u0302te d\u2019Ivoire non seulement d\u2019augmenter la valeur ajoute\u0301e capte\u0301e localement, mais aussi de mieux re\u0301pondre aux besoins des marche\u0301s internationaux.<\/p>\n<p>En de\u0301finitive, les efforts de\u0301ploye\u0301s par le Conseil du Cafe\u0301-Cacao et l\u2019E\u0301tat de Co\u0302te d\u2019Ivoire traduisent une volonte\u0301 strate\u0301gique de faire de la transformation locale un pilier du de\u0301veloppement e\u0301conomique.<\/p>\n<p>\u00ab La progression des capacite\u0301s industrielles, la qualite\u0301 de la politique incitative et la se\u0301curisation des approvisionnements placent la Co\u0302te d\u2019Ivoire sur une trajectoire solide pour renforcer davantage sa place sur l\u2019e\u0301chiquier mondial, non seulement comme premier producteur, mais aussi comme acteur majeur de la transformation du cacao \u00bb, a conclu M. Ye\u0301o.<\/p>\n<p><strong>Pour plus d&rsquo;informations et d&rsquo;analyses sur la <span style=\"color: #ff6600\">C\u00f4te d&rsquo;Ivoire<\/span>, suivez <span style=\"color: #ff6600\">Africa-Press<\/span><\/strong><\/p>\n","protected":false},"excerpt":{"rendered":"<p>Africa-Press &#8211; C\u00f4te d&rsquo;Ivoire. La Co\u0302te d\u2019Ivoire, premier producteur mondial de cacao, affirme de\u0301sormais avec force son statut de leader en matie\u0300re de transformation locale. Derrie\u0300re cette dynamique, une volonte\u0301 politique claire porte\u0301e par l\u2019E\u0301tat, qui a mis en place une se\u0301rie de mesures incitatives pour booster le broyage du cacao sur le territoire national. [&hellip;]<\/p>\n","protected":false},"author":82,"featured_media":99903,"comment_status":"open","ping_status":"closed","sticky":false,"template":"","format":"standard","meta":{"footnotes":""},"categories":[3,10],"tags":[17839,6235,1685,29,4775,1259,17840],"class_list":["post-99904","post","type-post","status-publish","format-standard","has-post-thumbnail","hentry","category-economie","category-toutes-les-actualites","tag-affirmee","tag-ambition","tag-cacao","tag-cote-divoire","tag-directeur","tag-transformation","tag-yeo-daouda"],"yoast_head":"<!-- This site is optimized with the Yoast SEO Premium plugin v26.1 (Yoast SEO v27.0) - https:\/\/yoast.com\/product\/yoast-seo-premium-wordpress\/ -->\n<title>L&#039;Etat Renforce la Transformation Locale du Cacao - C\u00f4te d&#039;Ivoire<\/title>\n<meta name=\"description\" content=\"La Co\u0302te d\u2019Ivoire, premier producteur mondial de cacao, affirme de\u0301sormais avec force son statut de leader en matie\u0300re d ...\" \/>\n<meta name=\"robots\" content=\"index, follow, max-snippet:-1, max-image-preview:large, max-video-preview:-1\" \/>\n<link rel=\"canonical\" href=\"https:\/\/www.africa-press.net\/cotedivoire\/economie\/letat-renforce-la-transformation-locale-du-cacao\" \/>\n<meta property=\"og:locale\" content=\"fr_FR\" \/>\n<meta property=\"og:type\" content=\"article\" \/>\n<meta property=\"og:title\" content=\"L&#039;Etat Renforce la Transformation Locale du Cacao\" \/>\n<meta property=\"og:description\" content=\"La Co\u0302te d\u2019Ivoire, premier producteur mondial de cacao, affirme de\u0301sormais avec force son statut de leader en matie\u0300re d ...\" \/>\n<meta property=\"og:url\" content=\"https:\/\/www.africa-press.net\/cotedivoire\/economie\/letat-renforce-la-transformation-locale-du-cacao\" \/>\n<meta property=\"og:site_name\" content=\"C\u00f4te d&#039;Ivoire\" \/>\n<meta property=\"article:published_time\" content=\"2025-05-29T16:16:43+00:00\" \/>\n<meta property=\"article:modified_time\" content=\"2025-05-29T16:23:04+00:00\" \/>\n<meta property=\"og:image\" content=\"https:\/\/static.africa-press.net\/cote\/sites\/43\/2025\/05\/sm_1748523153.728657.jpg\" \/>\n\t<meta property=\"og:image:width\" content=\"837\" \/>\n\t<meta property=\"og:image:height\" content=\"625\" \/>\n\t<meta property=\"og:image:type\" content=\"image\/jpeg\" \/>\n<meta name=\"author\" content=\"cfeditorfr\" \/>\n<meta name=\"twitter:card\" content=\"summary_large_image\" \/>\n<meta name=\"twitter:label1\" content=\"\u00c9crit par\" \/>\n\t<meta name=\"twitter:data1\" content=\"cfeditorfr\" \/>\n\t<meta name=\"twitter:label2\" content=\"Dur\u00e9e de lecture estim\u00e9e\" \/>\n\t<meta name=\"twitter:data2\" content=\"4 minutes\" \/>\n<script type=\"application\/ld+json\" class=\"yoast-schema-graph\">{\"@context\":\"https:\/\/schema.org\",\"@graph\":[{\"@type\":\"Article\",\"@id\":\"https:\/\/www.africa-press.net\/cotedivoire\/economie\/letat-renforce-la-transformation-locale-du-cacao#article\",\"isPartOf\":{\"@id\":\"https:\/\/www.africa-press.net\/cotedivoire\/economie\/letat-renforce-la-transformation-locale-du-cacao\"},\"author\":{\"name\":\"cfeditorfr\",\"@id\":\"https:\/\/www.africa-press.net\/cotedivoire\/#\/schema\/person\/2b1cf3cd81a31e3cd26889ca66d677f1\"},\"headline\":\"L&rsquo;Etat Renforce la Transformation Locale du Cacao\",\"datePublished\":\"2025-05-29T16:16:43+00:00\",\"dateModified\":\"2025-05-29T16:23:04+00:00\",\"mainEntityOfPage\":{\"@id\":\"https:\/\/www.africa-press.net\/cotedivoire\/economie\/letat-renforce-la-transformation-locale-du-cacao\"},\"wordCount\":687,\"commentCount\":0,\"image\":{\"@id\":\"https:\/\/www.africa-press.net\/cotedivoire\/economie\/letat-renforce-la-transformation-locale-du-cacao#primaryimage\"},\"thumbnailUrl\":\"https:\/\/static.africa-press.net\/cote\/sites\/43\/2025\/05\/sm_1748523153.728657.jpg\",\"keywords\":[\"affirm\u00e9e\",\"ambition\",\"cacao\",\"C\u00d4TE D'IVOIRE\",\"directeur\",\"transformation\",\"Y\u00e9o Daouda\"],\"articleSection\":[\"\u00c9conomie\",\"Toutes les actualit\u00e9s\"],\"inLanguage\":\"fr-FR\",\"potentialAction\":[{\"@type\":\"CommentAction\",\"name\":\"Comment\",\"target\":[\"https:\/\/www.africa-press.net\/cotedivoire\/economie\/letat-renforce-la-transformation-locale-du-cacao#respond\"]}]},{\"@type\":\"WebPage\",\"@id\":\"https:\/\/www.africa-press.net\/cotedivoire\/economie\/letat-renforce-la-transformation-locale-du-cacao\",\"url\":\"https:\/\/www.africa-press.net\/cotedivoire\/economie\/letat-renforce-la-transformation-locale-du-cacao\",\"name\":\"L'Etat Renforce la Transformation Locale du Cacao - C\u00f4te d&#039;Ivoire\",\"isPartOf\":{\"@id\":\"https:\/\/www.africa-press.net\/cotedivoire\/#website\"},\"primaryImageOfPage\":{\"@id\":\"https:\/\/www.africa-press.net\/cotedivoire\/economie\/letat-renforce-la-transformation-locale-du-cacao#primaryimage\"},\"image\":{\"@id\":\"https:\/\/www.africa-press.net\/cotedivoire\/economie\/letat-renforce-la-transformation-locale-du-cacao#primaryimage\"},\"thumbnailUrl\":\"https:\/\/static.africa-press.net\/cote\/sites\/43\/2025\/05\/sm_1748523153.728657.jpg\",\"datePublished\":\"2025-05-29T16:16:43+00:00\",\"dateModified\":\"2025-05-29T16:23:04+00:00\",\"author\":{\"@id\":\"https:\/\/www.africa-press.net\/cotedivoire\/#\/schema\/person\/2b1cf3cd81a31e3cd26889ca66d677f1\"},\"description\":\"La Co\u0302te d\u2019Ivoire, premier producteur mondial de cacao, affirme de\u0301sormais avec force son statut de leader en matie\u0300re d ...\",\"breadcrumb\":{\"@id\":\"https:\/\/www.africa-press.net\/cotedivoire\/economie\/letat-renforce-la-transformation-locale-du-cacao#breadcrumb\"},\"inLanguage\":\"fr-FR\",\"potentialAction\":[{\"@type\":\"ReadAction\",\"target\":[\"https:\/\/www.africa-press.net\/cotedivoire\/economie\/letat-renforce-la-transformation-locale-du-cacao\"]}]},{\"@type\":\"ImageObject\",\"inLanguage\":\"fr-FR\",\"@id\":\"https:\/\/www.africa-press.net\/cotedivoire\/economie\/letat-renforce-la-transformation-locale-du-cacao#primaryimage\",\"url\":\"https:\/\/static.africa-press.net\/cote\/sites\/43\/2025\/05\/sm_1748523153.728657.jpg\",\"contentUrl\":\"https:\/\/static.africa-press.net\/cote\/sites\/43\/2025\/05\/sm_1748523153.728657.jpg\",\"width\":837,\"height\":625,\"caption\":\"L'Etat Renforce la Transformation Locale du Cacao\"},{\"@type\":\"BreadcrumbList\",\"@id\":\"https:\/\/www.africa-press.net\/cotedivoire\/economie\/letat-renforce-la-transformation-locale-du-cacao#breadcrumb\",\"itemListElement\":[{\"@type\":\"ListItem\",\"position\":1,\"name\":\"Accueil\",\"item\":\"https:\/\/www.africa-press.net\/cotedivoire\/\"},{\"@type\":\"ListItem\",\"position\":2,\"name\":\"L&rsquo;Etat Renforce la Transformation Locale du Cacao\"}]},{\"@type\":\"WebSite\",\"@id\":\"https:\/\/www.africa-press.net\/cotedivoire\/#website\",\"url\":\"https:\/\/www.africa-press.net\/cotedivoire\/\",\"name\":\"C\u00f4te d&#039;Ivoire\",\"description\":\"Just another Africa News Agency Sites site\",\"potentialAction\":[{\"@type\":\"SearchAction\",\"target\":{\"@type\":\"EntryPoint\",\"urlTemplate\":\"https:\/\/www.africa-press.net\/cotedivoire\/?s={search_term_string}\"},\"query-input\":{\"@type\":\"PropertyValueSpecification\",\"valueRequired\":true,\"valueName\":\"search_term_string\"}}],\"inLanguage\":\"fr-FR\"},{\"@type\":\"Person\",\"@id\":\"https:\/\/www.africa-press.net\/cotedivoire\/#\/schema\/person\/2b1cf3cd81a31e3cd26889ca66d677f1\",\"name\":\"cfeditorfr\"}]}<\/script>\n<!-- \/ Yoast SEO Premium plugin. -->","yoast_head_json":{"title":"L'Etat Renforce la Transformation Locale du Cacao - C\u00f4te d&#039;Ivoire","description":"La Co\u0302te d\u2019Ivoire, premier producteur mondial de cacao, affirme de\u0301sormais avec force son statut de leader en matie\u0300re d ...","robots":{"index":"index","follow":"follow","max-snippet":"max-snippet:-1","max-image-preview":"max-image-preview:large","max-video-preview":"max-video-preview:-1"},"canonical":"https:\/\/www.africa-press.net\/cotedivoire\/economie\/letat-renforce-la-transformation-locale-du-cacao","og_locale":"fr_FR","og_type":"article","og_title":"L'Etat Renforce la Transformation Locale du Cacao","og_description":"La Co\u0302te d\u2019Ivoire, premier producteur mondial de cacao, affirme de\u0301sormais avec force son statut de leader en matie\u0300re d ...","og_url":"https:\/\/www.africa-press.net\/cotedivoire\/economie\/letat-renforce-la-transformation-locale-du-cacao","og_site_name":"C\u00f4te d&#039;Ivoire","article_published_time":"2025-05-29T16:16:43+00:00","article_modified_time":"2025-05-29T16:23:04+00:00","og_image":[{"width":837,"height":625,"url":"https:\/\/static.africa-press.net\/cote\/sites\/43\/2025\/05\/sm_1748523153.728657.jpg","type":"image\/jpeg"}],"author":"cfeditorfr","twitter_card":"summary_large_image","twitter_misc":{"\u00c9crit par":"cfeditorfr","Dur\u00e9e de lecture estim\u00e9e":"4 minutes"},"schema":{"@context":"https:\/\/schema.org","@graph":[{"@type":"Article","@id":"https:\/\/www.africa-press.net\/cotedivoire\/economie\/letat-renforce-la-transformation-locale-du-cacao#article","isPartOf":{"@id":"https:\/\/www.africa-press.net\/cotedivoire\/economie\/letat-renforce-la-transformation-locale-du-cacao"},"author":{"name":"cfeditorfr","@id":"https:\/\/www.africa-press.net\/cotedivoire\/#\/schema\/person\/2b1cf3cd81a31e3cd26889ca66d677f1"},"headline":"L&rsquo;Etat Renforce la Transformation Locale du Cacao","datePublished":"2025-05-29T16:16:43+00:00","dateModified":"2025-05-29T16:23:04+00:00","mainEntityOfPage":{"@id":"https:\/\/www.africa-press.net\/cotedivoire\/economie\/letat-renforce-la-transformation-locale-du-cacao"},"wordCount":687,"commentCount":0,"image":{"@id":"https:\/\/www.africa-press.net\/cotedivoire\/economie\/letat-renforce-la-transformation-locale-du-cacao#primaryimage"},"thumbnailUrl":"https:\/\/static.africa-press.net\/cote\/sites\/43\/2025\/05\/sm_1748523153.728657.jpg","keywords":["affirm\u00e9e","ambition","cacao","C\u00d4TE D'IVOIRE","directeur","transformation","Y\u00e9o Daouda"],"articleSection":["\u00c9conomie","Toutes les actualit\u00e9s"],"inLanguage":"fr-FR","potentialAction":[{"@type":"CommentAction","name":"Comment","target":["https:\/\/www.africa-press.net\/cotedivoire\/economie\/letat-renforce-la-transformation-locale-du-cacao#respond"]}]},{"@type":"WebPage","@id":"https:\/\/www.africa-press.net\/cotedivoire\/economie\/letat-renforce-la-transformation-locale-du-cacao","url":"https:\/\/www.africa-press.net\/cotedivoire\/economie\/letat-renforce-la-transformation-locale-du-cacao","name":"L'Etat Renforce la Transformation Locale du Cacao - C\u00f4te d&#039;Ivoire","isPartOf":{"@id":"https:\/\/www.africa-press.net\/cotedivoire\/#website"},"primaryImageOfPage":{"@id":"https:\/\/www.africa-press.net\/cotedivoire\/economie\/letat-renforce-la-transformation-locale-du-cacao#primaryimage"},"image":{"@id":"https:\/\/www.africa-press.net\/cotedivoire\/economie\/letat-renforce-la-transformation-locale-du-cacao#primaryimage"},"thumbnailUrl":"https:\/\/static.africa-press.net\/cote\/sites\/43\/2025\/05\/sm_1748523153.728657.jpg","datePublished":"2025-05-29T16:16:43+00:00","dateModified":"2025-05-29T16:23:04+00:00","author":{"@id":"https:\/\/www.africa-press.net\/cotedivoire\/#\/schema\/person\/2b1cf3cd81a31e3cd26889ca66d677f1"},"description":"La Co\u0302te d\u2019Ivoire, premier producteur mondial de cacao, affirme de\u0301sormais avec force son statut de leader en matie\u0300re d ...","breadcrumb":{"@id":"https:\/\/www.africa-press.net\/cotedivoire\/economie\/letat-renforce-la-transformation-locale-du-cacao#breadcrumb"},"inLanguage":"fr-FR","potentialAction":[{"@type":"ReadAction","target":["https:\/\/www.africa-press.net\/cotedivoire\/economie\/letat-renforce-la-transformation-locale-du-cacao"]}]},{"@type":"ImageObject","inLanguage":"fr-FR","@id":"https:\/\/www.africa-press.net\/cotedivoire\/economie\/letat-renforce-la-transformation-locale-du-cacao#primaryimage","url":"https:\/\/static.africa-press.net\/cote\/sites\/43\/2025\/05\/sm_1748523153.728657.jpg","contentUrl":"https:\/\/static.africa-press.net\/cote\/sites\/43\/2025\/05\/sm_1748523153.728657.jpg","width":837,"height":625,"caption":"L'Etat Renforce la Transformation Locale du Cacao"},{"@type":"BreadcrumbList","@id":"https:\/\/www.africa-press.net\/cotedivoire\/economie\/letat-renforce-la-transformation-locale-du-cacao#breadcrumb","itemListElement":[{"@type":"ListItem","position":1,"name":"Accueil","item":"https:\/\/www.africa-press.net\/cotedivoire\/"},{"@type":"ListItem","position":2,"name":"L&rsquo;Etat Renforce la Transformation Locale du Cacao"}]},{"@type":"WebSite","@id":"https:\/\/www.africa-press.net\/cotedivoire\/#website","url":"https:\/\/www.africa-press.net\/cotedivoire\/","name":"C\u00f4te d&#039;Ivoire","description":"Just another Africa News Agency Sites site","potentialAction":[{"@type":"SearchAction","target":{"@type":"EntryPoint","urlTemplate":"https:\/\/www.africa-press.net\/cotedivoire\/?s={search_term_string}"},"query-input":{"@type":"PropertyValueSpecification","valueRequired":true,"valueName":"search_term_string"}}],"inLanguage":"fr-FR"},{"@type":"Person","@id":"https:\/\/www.africa-press.net\/cotedivoire\/#\/schema\/person\/2b1cf3cd81a31e3cd26889ca66d677f1","name":"cfeditorfr"}]}},"_links":{"self":[{"href":"https:\/\/www.africa-press.net\/cotedivoire\/wp-json\/wp\/v2\/posts\/99904","targetHints":{"allow":["GET"]}}],"collection":[{"href":"https:\/\/www.africa-press.net\/cotedivoire\/wp-json\/wp\/v2\/posts"}],"about":[{"href":"https:\/\/www.africa-press.net\/cotedivoire\/wp-json\/wp\/v2\/types\/post"}],"author":[{"embeddable":true,"href":"https:\/\/www.africa-press.net\/cotedivoire\/wp-json\/wp\/v2\/users\/82"}],"replies":[{"embeddable":true,"href":"https:\/\/www.africa-press.net\/cotedivoire\/wp-json\/wp\/v2\/comments?post=99904"}],"version-history":[{"count":0,"href":"https:\/\/www.africa-press.net\/cotedivoire\/wp-json\/wp\/v2\/posts\/99904\/revisions"}],"wp:featuredmedia":[{"embeddable":true,"href":"https:\/\/www.africa-press.net\/cotedivoire\/wp-json\/wp\/v2\/media\/99903"}],"wp:attachment":[{"href":"https:\/\/www.africa-press.net\/cotedivoire\/wp-json\/wp\/v2\/media?parent=99904"}],"wp:term":[{"taxonomy":"category","embeddable":true,"href":"https:\/\/www.africa-press.net\/cotedivoire\/wp-json\/wp\/v2\/categories?post=99904"},{"taxonomy":"post_tag","embeddable":true,"href":"https:\/\/www.africa-press.net\/cotedivoire\/wp-json\/wp\/v2\/tags?post=99904"}],"curies":[{"name":"wp","href":"https:\/\/api.w.org\/{rel}","templated":true}]}}