{"id":9991,"date":"2021-07-16T15:48:49","date_gmt":"2021-07-16T15:48:49","guid":{"rendered":"https:\/\/www.africa-press.net\/cotedivoire\/?p=9991"},"modified":"2021-07-16T21:02:04","modified_gmt":"2021-07-16T21:02:04","slug":"cote-divoire-mabri-et-son-udpci-jurent-netre-pour-rien-dans-la-rebellion-de-2002-et-ses-milliers-de-morts","status":"publish","type":"post","link":"https:\/\/www.africa-press.net\/cotedivoire\/politique\/cote-divoire-mabri-et-son-udpci-jurent-netre-pour-rien-dans-la-rebellion-de-2002-et-ses-milliers-de-morts","title":{"rendered":"Mabri et son UDPCI jurent n\u2019\u00eatre pour rien dans la r\u00e9bellion de 2002 et ses milliers de  morts"},"content":{"rendered":"<p><span style=\"color: #ff6600\"><strong><a href=\"https:\/\/www.africa-press.net\/\">Africa-Press<\/a> &#8211; <a href=\"https:\/\/www.africa-press.net\/cotedivoire\">C\u00f4te d&rsquo;Ivoire<\/a>.\u00a0 <\/strong><\/span>Il nous revient de fa\u00e7on r\u00e9currente que des individus malintentionn\u00e9s publient et partagent sur les r\u00e9seaux sociaux un texte intitul\u00e9 \u00bb MABRI CASSE LES PAPOS \u00bb, dans lequel le Pr\u00e9sident Abdallah Toikeusse MABRI, serait un acteur de la r\u00e9bellion de 2002 et aurait op\u00e9r\u00e9 de sales coups pour le compte de Monsieur Alassane Dramane OUATTARA.<\/p>\n<p>Pour rappel, l\u2019UDPCI a condamn\u00e9, dans un communiqu\u00e9 publi\u00e9 le 30 octobre 2020, cette fa\u00e7on \u00e9hont\u00e9e de faire la politique, quand ce fameux texte tournait en boucle sur les r\u00e9seaux sociaux.<\/p>\n<p>Malheureusement, les auteurs de cette forfaiture, r\u00e9cidivent leur sale besogne pour des raisons qui leurs sont propres.<\/p>\n<p>Cette pratique connue de tous, sortie des officines de propagande et de diabolisation des leaders politiques, dont la vision et le leadership imposent le respect, vise \u00e0 manipuler les masses et d\u00e9tourner l\u2019opinion nationale et internationale sur le r\u00f4le strat\u00e9gique que joue le Pr\u00e9sident de l\u2019UDPCI et de la Plateforme ARC-EN-CIEL dans le combat pour la d\u00e9mocratie et pour la paix en C\u00f4te d\u2019Ivoire.<\/p>\n<p>Nous ne savons absolument rien de l\u2019avant et du pendant de la R\u00e9bellion de 2002 et ne sommes concern\u00e9s ni de pr\u00e8s ni de loin par ces all\u00e9gations mensong\u00e8res.<\/p>\n<p>Nous sommes d\u00e9mocrate et r\u00e9publicain et demeurons attach\u00e9s \u00e0 la C\u00f4te d\u2019Ivoire et \u00e0 la Paix.<\/p>\n<p>L\u2019UDPCI continue de pleurer ses morts, notamment le Pr\u00e9sident Robert GUEI et le Ministre Balla KEITA, mais continue de croire en la force du pardon et de la r\u00e9conciliation vraie qui feront \u00e0 nouveau germer la graine de la fraternit\u00e9 dans notre cher pays.<\/p>\n<p>Au nom de l\u2019UDPCI et de la Plateforme ARC-EN-CIEL, j\u2019en appelle \u00e0 un dialogue inclusif pour B\u00e2tir la Nation ivoirienne dans la Coh\u00e9sion retrouv\u00e9e.<\/p>\n<p>&nbsp;<\/p>\n","protected":false},"excerpt":{"rendered":"<p>Africa-Press &#8211; C\u00f4te d&rsquo;Ivoire.\u00a0 Il nous revient de fa\u00e7on r\u00e9currente que des individus malintentionn\u00e9s publient et partagent sur les r\u00e9seaux sociaux un texte intitul\u00e9 \u00bb MABRI CASSE LES PAPOS \u00bb, dans lequel le Pr\u00e9sident Abdallah Toikeusse MABRI, serait un acteur de la r\u00e9bellion de 2002 et aurait op\u00e9r\u00e9 de sales coups pour le compte de [&hellip;]<\/p>\n","protected":false},"author":82,"featured_media":9990,"comment_status":"open","ping_status":"closed","sticky":false,"template":"","format":"standard","meta":{"footnotes":""},"categories":[11,2,20,10],"tags":[56,63,29],"class_list":["post-9991","post","type-post","status-publish","format-standard","has-post-thumbnail","hentry","category-homepage-french","category-politique","category-top-nouvelles","category-toutes-les-actualites","tag-africa-press","tag-africa-press-cote-divoire","tag-cote-divoire"],"yoast_head":"<!-- This site is optimized with the Yoast SEO Premium plugin v26.1 (Yoast SEO v27.0) - https:\/\/yoast.com\/product\/yoast-seo-premium-wordpress\/ -->\n<title>Mabri et son UDPCI jurent n\u2019\u00eatre pour rien dans la r\u00e9bellion de 2002 et ses milliers de morts - C\u00f4te d&#039;Ivoire<\/title>\n<meta name=\"description\" content=\"Communiqu\u00e9 UDPCI Il nous revient de fa\u00e7on r\u00e9currente que des individus malintentionn\u00e9s publient et partagent sur les r\u00e9 ...\" \/>\n<meta name=\"robots\" content=\"index, follow, max-snippet:-1, max-image-preview:large, max-video-preview:-1\" \/>\n<link rel=\"canonical\" href=\"https:\/\/www.africa-press.net\/cotedivoire\/politique\/cote-divoire-mabri-et-son-udpci-jurent-netre-pour-rien-dans-la-rebellion-de-2002-et-ses-milliers-de-morts\" \/>\n<meta property=\"og:locale\" content=\"fr_FR\" \/>\n<meta property=\"og:type\" content=\"article\" \/>\n<meta property=\"og:title\" content=\"Mabri et son UDPCI jurent n\u2019\u00eatre pour rien dans la r\u00e9bellion de 2002 et ses milliers de morts\" \/>\n<meta property=\"og:description\" content=\"Communiqu\u00e9 UDPCI Il nous revient de fa\u00e7on r\u00e9currente que des individus malintentionn\u00e9s publient et partagent sur les r\u00e9 ...\" \/>\n<meta property=\"og:url\" content=\"https:\/\/www.africa-press.net\/cotedivoire\/politique\/cote-divoire-mabri-et-son-udpci-jurent-netre-pour-rien-dans-la-rebellion-de-2002-et-ses-milliers-de-morts\" \/>\n<meta property=\"og:site_name\" content=\"C\u00f4te d&#039;Ivoire\" \/>\n<meta property=\"article:published_time\" content=\"2021-07-16T15:48:49+00:00\" \/>\n<meta property=\"article:modified_time\" content=\"2021-07-16T21:02:04+00:00\" \/>\n<meta property=\"og:image\" content=\"https:\/\/static.africa-press.net\/cote\/sites\/43\/2021\/07\/img-60f1a1ab3a7e0.jpg\" \/>\n\t<meta property=\"og:image:width\" content=\"720\" \/>\n\t<meta property=\"og:image:height\" content=\"405\" \/>\n\t<meta property=\"og:image:type\" content=\"image\/jpeg\" \/>\n<meta name=\"author\" content=\"cfeditorfr\" \/>\n<meta name=\"twitter:card\" content=\"summary_large_image\" \/>\n<meta name=\"twitter:label1\" content=\"\u00c9crit par\" \/>\n\t<meta name=\"twitter:data1\" content=\"cfeditorfr\" \/>\n\t<meta name=\"twitter:label2\" content=\"Dur\u00e9e de lecture estim\u00e9e\" \/>\n\t<meta name=\"twitter:data2\" content=\"2 minutes\" \/>\n<script type=\"application\/ld+json\" class=\"yoast-schema-graph\">{\"@context\":\"https:\/\/schema.org\",\"@graph\":[{\"@type\":\"Article\",\"@id\":\"https:\/\/www.africa-press.net\/cotedivoire\/politique\/cote-divoire-mabri-et-son-udpci-jurent-netre-pour-rien-dans-la-rebellion-de-2002-et-ses-milliers-de-morts#article\",\"isPartOf\":{\"@id\":\"https:\/\/www.africa-press.net\/cotedivoire\/politique\/cote-divoire-mabri-et-son-udpci-jurent-netre-pour-rien-dans-la-rebellion-de-2002-et-ses-milliers-de-morts\"},\"author\":{\"name\":\"cfeditorfr\",\"@id\":\"https:\/\/www.africa-press.net\/cotedivoire\/#\/schema\/person\/2b1cf3cd81a31e3cd26889ca66d677f1\"},\"headline\":\"Mabri et son UDPCI jurent n\u2019\u00eatre pour rien dans la r\u00e9bellion de 2002 et ses milliers de morts\",\"datePublished\":\"2021-07-16T15:48:49+00:00\",\"dateModified\":\"2021-07-16T21:02:04+00:00\",\"mainEntityOfPage\":{\"@id\":\"https:\/\/www.africa-press.net\/cotedivoire\/politique\/cote-divoire-mabri-et-son-udpci-jurent-netre-pour-rien-dans-la-rebellion-de-2002-et-ses-milliers-de-morts\"},\"wordCount\":335,\"commentCount\":0,\"image\":{\"@id\":\"https:\/\/www.africa-press.net\/cotedivoire\/politique\/cote-divoire-mabri-et-son-udpci-jurent-netre-pour-rien-dans-la-rebellion-de-2002-et-ses-milliers-de-morts#primaryimage\"},\"thumbnailUrl\":\"https:\/\/static.africa-press.net\/cote\/sites\/43\/2021\/07\/img-60f1a1ab3a7e0.jpg\",\"keywords\":[\"Africa Press\",\"Africa Press-C\u00f4te d'Ivoire\",\"C\u00d4TE D'IVOIRE\"],\"articleSection\":[\"homepage-french\",\"Politique\",\"Top Nouvelles\",\"Toutes les actualit\u00e9s\"],\"inLanguage\":\"fr-FR\",\"potentialAction\":[{\"@type\":\"CommentAction\",\"name\":\"Comment\",\"target\":[\"https:\/\/www.africa-press.net\/cotedivoire\/politique\/cote-divoire-mabri-et-son-udpci-jurent-netre-pour-rien-dans-la-rebellion-de-2002-et-ses-milliers-de-morts#respond\"]}]},{\"@type\":\"WebPage\",\"@id\":\"https:\/\/www.africa-press.net\/cotedivoire\/politique\/cote-divoire-mabri-et-son-udpci-jurent-netre-pour-rien-dans-la-rebellion-de-2002-et-ses-milliers-de-morts\",\"url\":\"https:\/\/www.africa-press.net\/cotedivoire\/politique\/cote-divoire-mabri-et-son-udpci-jurent-netre-pour-rien-dans-la-rebellion-de-2002-et-ses-milliers-de-morts\",\"name\":\"Mabri et son UDPCI jurent n\u2019\u00eatre pour rien dans la r\u00e9bellion de 2002 et ses milliers de morts - C\u00f4te d&#039;Ivoire\",\"isPartOf\":{\"@id\":\"https:\/\/www.africa-press.net\/cotedivoire\/#website\"},\"primaryImageOfPage\":{\"@id\":\"https:\/\/www.africa-press.net\/cotedivoire\/politique\/cote-divoire-mabri-et-son-udpci-jurent-netre-pour-rien-dans-la-rebellion-de-2002-et-ses-milliers-de-morts#primaryimage\"},\"image\":{\"@id\":\"https:\/\/www.africa-press.net\/cotedivoire\/politique\/cote-divoire-mabri-et-son-udpci-jurent-netre-pour-rien-dans-la-rebellion-de-2002-et-ses-milliers-de-morts#primaryimage\"},\"thumbnailUrl\":\"https:\/\/static.africa-press.net\/cote\/sites\/43\/2021\/07\/img-60f1a1ab3a7e0.jpg\",\"datePublished\":\"2021-07-16T15:48:49+00:00\",\"dateModified\":\"2021-07-16T21:02:04+00:00\",\"author\":{\"@id\":\"https:\/\/www.africa-press.net\/cotedivoire\/#\/schema\/person\/2b1cf3cd81a31e3cd26889ca66d677f1\"},\"description\":\"Communiqu\u00e9 UDPCI Il nous revient de fa\u00e7on r\u00e9currente que des individus malintentionn\u00e9s publient et partagent sur les r\u00e9 ...\",\"breadcrumb\":{\"@id\":\"https:\/\/www.africa-press.net\/cotedivoire\/politique\/cote-divoire-mabri-et-son-udpci-jurent-netre-pour-rien-dans-la-rebellion-de-2002-et-ses-milliers-de-morts#breadcrumb\"},\"inLanguage\":\"fr-FR\",\"potentialAction\":[{\"@type\":\"ReadAction\",\"target\":[\"https:\/\/www.africa-press.net\/cotedivoire\/politique\/cote-divoire-mabri-et-son-udpci-jurent-netre-pour-rien-dans-la-rebellion-de-2002-et-ses-milliers-de-morts\"]}]},{\"@type\":\"ImageObject\",\"inLanguage\":\"fr-FR\",\"@id\":\"https:\/\/www.africa-press.net\/cotedivoire\/politique\/cote-divoire-mabri-et-son-udpci-jurent-netre-pour-rien-dans-la-rebellion-de-2002-et-ses-milliers-de-morts#primaryimage\",\"url\":\"https:\/\/static.africa-press.net\/cote\/sites\/43\/2021\/07\/img-60f1a1ab3a7e0.jpg\",\"contentUrl\":\"https:\/\/static.africa-press.net\/cote\/sites\/43\/2021\/07\/img-60f1a1ab3a7e0.jpg\",\"width\":720,\"height\":405,\"caption\":\"C\u00f4te-d\u2019Ivoire: Mabri et son UDPCI jurent n\u2019\u00eatre pour rien dans la r\u00e9bellion de 2002 et ses milliers de morts\"},{\"@type\":\"BreadcrumbList\",\"@id\":\"https:\/\/www.africa-press.net\/cotedivoire\/politique\/cote-divoire-mabri-et-son-udpci-jurent-netre-pour-rien-dans-la-rebellion-de-2002-et-ses-milliers-de-morts#breadcrumb\",\"itemListElement\":[{\"@type\":\"ListItem\",\"position\":1,\"name\":\"Accueil\",\"item\":\"https:\/\/www.africa-press.net\/cotedivoire\/\"},{\"@type\":\"ListItem\",\"position\":2,\"name\":\"Mabri et son UDPCI jurent n\u2019\u00eatre pour rien dans la r\u00e9bellion de 2002 et ses milliers de morts\"}]},{\"@type\":\"WebSite\",\"@id\":\"https:\/\/www.africa-press.net\/cotedivoire\/#website\",\"url\":\"https:\/\/www.africa-press.net\/cotedivoire\/\",\"name\":\"C\u00f4te d&#039;Ivoire\",\"description\":\"Just another Africa News Agency Sites site\",\"potentialAction\":[{\"@type\":\"SearchAction\",\"target\":{\"@type\":\"EntryPoint\",\"urlTemplate\":\"https:\/\/www.africa-press.net\/cotedivoire\/?s={search_term_string}\"},\"query-input\":{\"@type\":\"PropertyValueSpecification\",\"valueRequired\":true,\"valueName\":\"search_term_string\"}}],\"inLanguage\":\"fr-FR\"},{\"@type\":\"Person\",\"@id\":\"https:\/\/www.africa-press.net\/cotedivoire\/#\/schema\/person\/2b1cf3cd81a31e3cd26889ca66d677f1\",\"name\":\"cfeditorfr\"}]}<\/script>\n<!-- \/ Yoast SEO Premium plugin. -->","yoast_head_json":{"title":"Mabri et son UDPCI jurent n\u2019\u00eatre pour rien dans la r\u00e9bellion de 2002 et ses milliers de morts - C\u00f4te d&#039;Ivoire","description":"Communiqu\u00e9 UDPCI Il nous revient de fa\u00e7on r\u00e9currente que des individus malintentionn\u00e9s publient et partagent sur les r\u00e9 ...","robots":{"index":"index","follow":"follow","max-snippet":"max-snippet:-1","max-image-preview":"max-image-preview:large","max-video-preview":"max-video-preview:-1"},"canonical":"https:\/\/www.africa-press.net\/cotedivoire\/politique\/cote-divoire-mabri-et-son-udpci-jurent-netre-pour-rien-dans-la-rebellion-de-2002-et-ses-milliers-de-morts","og_locale":"fr_FR","og_type":"article","og_title":"Mabri et son UDPCI jurent n\u2019\u00eatre pour rien dans la r\u00e9bellion de 2002 et ses milliers de morts","og_description":"Communiqu\u00e9 UDPCI Il nous revient de fa\u00e7on r\u00e9currente que des individus malintentionn\u00e9s publient et partagent sur les r\u00e9 ...","og_url":"https:\/\/www.africa-press.net\/cotedivoire\/politique\/cote-divoire-mabri-et-son-udpci-jurent-netre-pour-rien-dans-la-rebellion-de-2002-et-ses-milliers-de-morts","og_site_name":"C\u00f4te d&#039;Ivoire","article_published_time":"2021-07-16T15:48:49+00:00","article_modified_time":"2021-07-16T21:02:04+00:00","og_image":[{"width":720,"height":405,"url":"https:\/\/static.africa-press.net\/cote\/sites\/43\/2021\/07\/img-60f1a1ab3a7e0.jpg","type":"image\/jpeg"}],"author":"cfeditorfr","twitter_card":"summary_large_image","twitter_misc":{"\u00c9crit par":"cfeditorfr","Dur\u00e9e de lecture estim\u00e9e":"2 minutes"},"schema":{"@context":"https:\/\/schema.org","@graph":[{"@type":"Article","@id":"https:\/\/www.africa-press.net\/cotedivoire\/politique\/cote-divoire-mabri-et-son-udpci-jurent-netre-pour-rien-dans-la-rebellion-de-2002-et-ses-milliers-de-morts#article","isPartOf":{"@id":"https:\/\/www.africa-press.net\/cotedivoire\/politique\/cote-divoire-mabri-et-son-udpci-jurent-netre-pour-rien-dans-la-rebellion-de-2002-et-ses-milliers-de-morts"},"author":{"name":"cfeditorfr","@id":"https:\/\/www.africa-press.net\/cotedivoire\/#\/schema\/person\/2b1cf3cd81a31e3cd26889ca66d677f1"},"headline":"Mabri et son UDPCI jurent n\u2019\u00eatre pour rien dans la r\u00e9bellion de 2002 et ses milliers de morts","datePublished":"2021-07-16T15:48:49+00:00","dateModified":"2021-07-16T21:02:04+00:00","mainEntityOfPage":{"@id":"https:\/\/www.africa-press.net\/cotedivoire\/politique\/cote-divoire-mabri-et-son-udpci-jurent-netre-pour-rien-dans-la-rebellion-de-2002-et-ses-milliers-de-morts"},"wordCount":335,"commentCount":0,"image":{"@id":"https:\/\/www.africa-press.net\/cotedivoire\/politique\/cote-divoire-mabri-et-son-udpci-jurent-netre-pour-rien-dans-la-rebellion-de-2002-et-ses-milliers-de-morts#primaryimage"},"thumbnailUrl":"https:\/\/static.africa-press.net\/cote\/sites\/43\/2021\/07\/img-60f1a1ab3a7e0.jpg","keywords":["Africa Press","Africa Press-C\u00f4te d'Ivoire","C\u00d4TE D'IVOIRE"],"articleSection":["homepage-french","Politique","Top Nouvelles","Toutes les actualit\u00e9s"],"inLanguage":"fr-FR","potentialAction":[{"@type":"CommentAction","name":"Comment","target":["https:\/\/www.africa-press.net\/cotedivoire\/politique\/cote-divoire-mabri-et-son-udpci-jurent-netre-pour-rien-dans-la-rebellion-de-2002-et-ses-milliers-de-morts#respond"]}]},{"@type":"WebPage","@id":"https:\/\/www.africa-press.net\/cotedivoire\/politique\/cote-divoire-mabri-et-son-udpci-jurent-netre-pour-rien-dans-la-rebellion-de-2002-et-ses-milliers-de-morts","url":"https:\/\/www.africa-press.net\/cotedivoire\/politique\/cote-divoire-mabri-et-son-udpci-jurent-netre-pour-rien-dans-la-rebellion-de-2002-et-ses-milliers-de-morts","name":"Mabri et son UDPCI jurent n\u2019\u00eatre pour rien dans la r\u00e9bellion de 2002 et ses milliers de morts - C\u00f4te d&#039;Ivoire","isPartOf":{"@id":"https:\/\/www.africa-press.net\/cotedivoire\/#website"},"primaryImageOfPage":{"@id":"https:\/\/www.africa-press.net\/cotedivoire\/politique\/cote-divoire-mabri-et-son-udpci-jurent-netre-pour-rien-dans-la-rebellion-de-2002-et-ses-milliers-de-morts#primaryimage"},"image":{"@id":"https:\/\/www.africa-press.net\/cotedivoire\/politique\/cote-divoire-mabri-et-son-udpci-jurent-netre-pour-rien-dans-la-rebellion-de-2002-et-ses-milliers-de-morts#primaryimage"},"thumbnailUrl":"https:\/\/static.africa-press.net\/cote\/sites\/43\/2021\/07\/img-60f1a1ab3a7e0.jpg","datePublished":"2021-07-16T15:48:49+00:00","dateModified":"2021-07-16T21:02:04+00:00","author":{"@id":"https:\/\/www.africa-press.net\/cotedivoire\/#\/schema\/person\/2b1cf3cd81a31e3cd26889ca66d677f1"},"description":"Communiqu\u00e9 UDPCI Il nous revient de fa\u00e7on r\u00e9currente que des individus malintentionn\u00e9s publient et partagent sur les r\u00e9 ...","breadcrumb":{"@id":"https:\/\/www.africa-press.net\/cotedivoire\/politique\/cote-divoire-mabri-et-son-udpci-jurent-netre-pour-rien-dans-la-rebellion-de-2002-et-ses-milliers-de-morts#breadcrumb"},"inLanguage":"fr-FR","potentialAction":[{"@type":"ReadAction","target":["https:\/\/www.africa-press.net\/cotedivoire\/politique\/cote-divoire-mabri-et-son-udpci-jurent-netre-pour-rien-dans-la-rebellion-de-2002-et-ses-milliers-de-morts"]}]},{"@type":"ImageObject","inLanguage":"fr-FR","@id":"https:\/\/www.africa-press.net\/cotedivoire\/politique\/cote-divoire-mabri-et-son-udpci-jurent-netre-pour-rien-dans-la-rebellion-de-2002-et-ses-milliers-de-morts#primaryimage","url":"https:\/\/static.africa-press.net\/cote\/sites\/43\/2021\/07\/img-60f1a1ab3a7e0.jpg","contentUrl":"https:\/\/static.africa-press.net\/cote\/sites\/43\/2021\/07\/img-60f1a1ab3a7e0.jpg","width":720,"height":405,"caption":"C\u00f4te-d\u2019Ivoire: Mabri et son UDPCI jurent n\u2019\u00eatre pour rien dans la r\u00e9bellion de 2002 et ses milliers de morts"},{"@type":"BreadcrumbList","@id":"https:\/\/www.africa-press.net\/cotedivoire\/politique\/cote-divoire-mabri-et-son-udpci-jurent-netre-pour-rien-dans-la-rebellion-de-2002-et-ses-milliers-de-morts#breadcrumb","itemListElement":[{"@type":"ListItem","position":1,"name":"Accueil","item":"https:\/\/www.africa-press.net\/cotedivoire\/"},{"@type":"ListItem","position":2,"name":"Mabri et son UDPCI jurent n\u2019\u00eatre pour rien dans la r\u00e9bellion de 2002 et ses milliers de morts"}]},{"@type":"WebSite","@id":"https:\/\/www.africa-press.net\/cotedivoire\/#website","url":"https:\/\/www.africa-press.net\/cotedivoire\/","name":"C\u00f4te d&#039;Ivoire","description":"Just another Africa News Agency Sites site","potentialAction":[{"@type":"SearchAction","target":{"@type":"EntryPoint","urlTemplate":"https:\/\/www.africa-press.net\/cotedivoire\/?s={search_term_string}"},"query-input":{"@type":"PropertyValueSpecification","valueRequired":true,"valueName":"search_term_string"}}],"inLanguage":"fr-FR"},{"@type":"Person","@id":"https:\/\/www.africa-press.net\/cotedivoire\/#\/schema\/person\/2b1cf3cd81a31e3cd26889ca66d677f1","name":"cfeditorfr"}]}},"_links":{"self":[{"href":"https:\/\/www.africa-press.net\/cotedivoire\/wp-json\/wp\/v2\/posts\/9991","targetHints":{"allow":["GET"]}}],"collection":[{"href":"https:\/\/www.africa-press.net\/cotedivoire\/wp-json\/wp\/v2\/posts"}],"about":[{"href":"https:\/\/www.africa-press.net\/cotedivoire\/wp-json\/wp\/v2\/types\/post"}],"author":[{"embeddable":true,"href":"https:\/\/www.africa-press.net\/cotedivoire\/wp-json\/wp\/v2\/users\/82"}],"replies":[{"embeddable":true,"href":"https:\/\/www.africa-press.net\/cotedivoire\/wp-json\/wp\/v2\/comments?post=9991"}],"version-history":[{"count":0,"href":"https:\/\/www.africa-press.net\/cotedivoire\/wp-json\/wp\/v2\/posts\/9991\/revisions"}],"wp:featuredmedia":[{"embeddable":true,"href":"https:\/\/www.africa-press.net\/cotedivoire\/wp-json\/wp\/v2\/media\/9990"}],"wp:attachment":[{"href":"https:\/\/www.africa-press.net\/cotedivoire\/wp-json\/wp\/v2\/media?parent=9991"}],"wp:term":[{"taxonomy":"category","embeddable":true,"href":"https:\/\/www.africa-press.net\/cotedivoire\/wp-json\/wp\/v2\/categories?post=9991"},{"taxonomy":"post_tag","embeddable":true,"href":"https:\/\/www.africa-press.net\/cotedivoire\/wp-json\/wp\/v2\/tags?post=9991"}],"curies":[{"name":"wp","href":"https:\/\/api.w.org\/{rel}","templated":true}]}}