{"id":9994,"date":"2021-07-16T15:56:22","date_gmt":"2021-07-16T15:56:22","guid":{"rendered":"https:\/\/www.africa-press.net\/cotedivoire\/?p=9994"},"modified":"2021-07-16T21:02:25","modified_gmt":"2021-07-16T21:02:25","slug":"covid-19-les-recettes-dalassane-ouattara-pour-relancer-des-economies-africaines","status":"publish","type":"post","link":"https:\/\/www.africa-press.net\/cotedivoire\/economie\/covid-19-les-recettes-dalassane-ouattara-pour-relancer-des-economies-africaines","title":{"rendered":"Covid-19: Les recettes d\u2019Alassane Ouattara pour relancer des \u00e9conomies africaines"},"content":{"rendered":"<p><span style=\"color: #ff6600\"><strong><a href=\"https:\/\/www.africa-press.net\/\">Africa-Press<\/a> &#8211; <a href=\"https:\/\/www.africa-press.net\/cotedivoire\">C\u00f4te d&rsquo;Ivoire<\/a>.\u00a0 <\/strong><\/span>Le pr\u00e9sident ivoirien Alassane Ouattara ce jeudi 15 juillet \u00e0 l\u2019ouverture de la r\u00e9union de plaidoyer de la 20e Reconstitution des ressources de l\u2019Association internationale de d\u00e9veloppement qui a lieu \u00e0 Abidjan.<\/p>\n<p>Les travaux de la r\u00e9union de plaidoyer de la 20e Reconstitution des ressources de l\u2019Association internationale de d\u00e9veloppement (IDA-20) se sont ouverts ce jeudi 15 juillet \u00e0 Abidjan. Une rencontre au cours de laquelle le pr\u00e9sident ivoirien Alassane Ouattara a \u00e9mis des pistes pour la relance des \u00e9conomies africaines.<\/p>\n<p>Si \u00e0 l\u2019ouverture des travaux, Axel Van Trotsenburg, le directeur g\u00e9n\u00e9ral des op\u00e9rations de la Banque mondiale, a fait savoir qu\u2019un engagement de 25 milliards USD avait \u00e9t\u00e9 obtenu aupr\u00e8s des bailleurs de fonds pour l\u2019aide aux pays \u00e0 ce jour, de nombreuses ressources restent encore \u00e0 mobiliser selon Alassane Ouattara. Car les besoins de financement sur le continent, a-t-il relev\u00e9, seront estim\u00e9s \u00e0 plus de 280 millions USD sur les cinq prochaines ann\u00e9es pour lutter contre la pand\u00e9mie de Covid-19, le d\u00e9r\u00e8glement climatique, et acc\u00e9l\u00e9rer \u00e0 la reprise \u00e9conomique. C\u2019est pourquoi l\u2019ancien directeur Afrique du Fonds mon\u00e9taire international (FMI) plaide pour une mobilisation d\u2019au moins 100 milliards USD en vue de relancer les \u00e9conomies. \u00ab Ce serait le montant le plus important jamais mobilis\u00e9 \u00e0 ce jour \u00bb, a indiqu\u00e9 le chef d\u2019Etat ivoirien.<\/p>\n<p>En attendant les conclusions de cette rencontre internationale qui s\u2019\u00e9tend sur deux jours, les pays africains ont les yeux riv\u00e9s sur l\u2019\u00e9mission de droits de tirages sp\u00e9ciaux (DTS) de 34 milliards de dollars\/650 du FMI, promis aux \u00e9conomies africaines qui n\u2019ont pas les moyens financiers de se prot\u00e9ger contre la pand\u00e9mie du coronavirus et de relancer leurs \u00e9conomies, lors du sommet sur le financement des \u00e9conomies africaines du 18 mai 2021 \u00e0 Paris (France).<\/p>\n<p>Pour les chefs d\u2019Etat africains notamment Alassane Ouattara, le FMI doit revoir le plafond de d\u00e9ficit dans les pays subsahariens qui croulent sous le poids des difficult\u00e9s de tout ordre renforc\u00e9es par la Covid-19. \u00ab Moins de 3% de la population totale en Afrique, a re\u00e7u une premi\u00e8re dose de vaccin, contre environ 54% aux \u00c9tats-Unis et dans l\u2019Union Europ\u00e9enne\u2026Je suis totalement contre cette volont\u00e9 de maintenir les d\u00e9ficits \u00e0 5 ou 6% alors que les pays Europ\u00e9ens sont \u00e0 8 ou 9% et les \u00c9tats-Unis sont \u00e0 9% de d\u00e9ficit \u00bb, a affirm\u00e9 l\u2019ancien gouverneur de la Banque centrale des \u00c9tats de l\u2019Afrique de l\u2019ouest (BCEAO).<\/p>\n<p>Cette rencontre qui accueille une dizaine de chefs d\u2019Etat est une occasion privil\u00e9gi\u00e9e de discuter des d\u00e9fis communs de d\u00e9veloppement des pays africains, dans l\u2019am\u00e9lioration du capital humain, de cr\u00e9ation d\u2019emplois, de la question des jeunes et femmes, et de relance \u00e9conomique pour le bien-\u00eatre des populations.<\/p>\n<p>&nbsp;<\/p>\n","protected":false},"excerpt":{"rendered":"<p>Africa-Press &#8211; C\u00f4te d&rsquo;Ivoire.\u00a0 Le pr\u00e9sident ivoirien Alassane Ouattara ce jeudi 15 juillet \u00e0 l\u2019ouverture de la r\u00e9union de plaidoyer de la 20e Reconstitution des ressources de l\u2019Association internationale de d\u00e9veloppement qui a lieu \u00e0 Abidjan. Les travaux de la r\u00e9union de plaidoyer de la 20e Reconstitution des ressources de l\u2019Association internationale de d\u00e9veloppement (IDA-20) [&hellip;]<\/p>\n","protected":false},"author":82,"featured_media":9993,"comment_status":"open","ping_status":"closed","sticky":false,"template":"","format":"standard","meta":{"footnotes":""},"categories":[3,11,20,10],"tags":[56,63,29],"class_list":["post-9994","post","type-post","status-publish","format-standard","has-post-thumbnail","hentry","category-economie","category-homepage-french","category-top-nouvelles","category-toutes-les-actualites","tag-africa-press","tag-africa-press-cote-divoire","tag-cote-divoire"],"yoast_head":"<!-- This site is optimized with the Yoast SEO Premium plugin v26.1 (Yoast SEO v27.0) - https:\/\/yoast.com\/product\/yoast-seo-premium-wordpress\/ -->\n<title>Covid-19: Les recettes d\u2019Alassane Ouattara pour relancer des \u00e9conomies africaines - C\u00f4te d&#039;Ivoire<\/title>\n<meta name=\"description\" content=\"Par Issouf Kamgate Le pr\u00e9sident ivoirien Alassane Ouattara ce jeudi 15 juillet \u00e0 l\u2019ouverture de la r\u00e9union de plaidoyer ...\" \/>\n<meta name=\"robots\" content=\"index, follow, max-snippet:-1, max-image-preview:large, max-video-preview:-1\" \/>\n<link rel=\"canonical\" href=\"https:\/\/www.africa-press.net\/cotedivoire\/economie\/covid-19-les-recettes-dalassane-ouattara-pour-relancer-des-economies-africaines\" \/>\n<meta property=\"og:locale\" content=\"fr_FR\" \/>\n<meta property=\"og:type\" content=\"article\" \/>\n<meta property=\"og:title\" content=\"Covid-19: Les recettes d\u2019Alassane Ouattara pour relancer des \u00e9conomies africaines\" \/>\n<meta property=\"og:description\" content=\"Par Issouf Kamgate Le pr\u00e9sident ivoirien Alassane Ouattara ce jeudi 15 juillet \u00e0 l\u2019ouverture de la r\u00e9union de plaidoyer ...\" \/>\n<meta property=\"og:url\" content=\"https:\/\/www.africa-press.net\/cotedivoire\/economie\/covid-19-les-recettes-dalassane-ouattara-pour-relancer-des-economies-africaines\" \/>\n<meta property=\"og:site_name\" content=\"C\u00f4te d&#039;Ivoire\" \/>\n<meta property=\"article:published_time\" content=\"2021-07-16T15:56:22+00:00\" \/>\n<meta property=\"article:modified_time\" content=\"2021-07-16T21:02:25+00:00\" \/>\n<meta property=\"og:image\" content=\"https:\/\/static.africa-press.net\/cote\/sites\/43\/2021\/07\/img-60f1a1c88b6ba.jpg\" \/>\n\t<meta property=\"og:image:width\" content=\"1280\" \/>\n\t<meta property=\"og:image:height\" content=\"853\" \/>\n\t<meta property=\"og:image:type\" content=\"image\/jpeg\" \/>\n<meta name=\"author\" content=\"cfeditorfr\" \/>\n<meta name=\"twitter:card\" content=\"summary_large_image\" \/>\n<meta name=\"twitter:label1\" content=\"\u00c9crit par\" \/>\n\t<meta name=\"twitter:data1\" content=\"cfeditorfr\" \/>\n\t<meta name=\"twitter:label2\" content=\"Dur\u00e9e de lecture estim\u00e9e\" \/>\n\t<meta name=\"twitter:data2\" content=\"2 minutes\" \/>\n<script type=\"application\/ld+json\" class=\"yoast-schema-graph\">{\"@context\":\"https:\/\/schema.org\",\"@graph\":[{\"@type\":\"Article\",\"@id\":\"https:\/\/www.africa-press.net\/cotedivoire\/economie\/covid-19-les-recettes-dalassane-ouattara-pour-relancer-des-economies-africaines#article\",\"isPartOf\":{\"@id\":\"https:\/\/www.africa-press.net\/cotedivoire\/economie\/covid-19-les-recettes-dalassane-ouattara-pour-relancer-des-economies-africaines\"},\"author\":{\"name\":\"cfeditorfr\",\"@id\":\"https:\/\/www.africa-press.net\/cotedivoire\/#\/schema\/person\/2b1cf3cd81a31e3cd26889ca66d677f1\"},\"headline\":\"Covid-19: Les recettes d\u2019Alassane Ouattara pour relancer des \u00e9conomies africaines\",\"datePublished\":\"2021-07-16T15:56:22+00:00\",\"dateModified\":\"2021-07-16T21:02:25+00:00\",\"mainEntityOfPage\":{\"@id\":\"https:\/\/www.africa-press.net\/cotedivoire\/economie\/covid-19-les-recettes-dalassane-ouattara-pour-relancer-des-economies-africaines\"},\"wordCount\":490,\"commentCount\":0,\"image\":{\"@id\":\"https:\/\/www.africa-press.net\/cotedivoire\/economie\/covid-19-les-recettes-dalassane-ouattara-pour-relancer-des-economies-africaines#primaryimage\"},\"thumbnailUrl\":\"https:\/\/static.africa-press.net\/cote\/sites\/43\/2021\/07\/img-60f1a1c88b6ba.jpg\",\"keywords\":[\"Africa Press\",\"Africa Press-C\u00f4te d'Ivoire\",\"C\u00d4TE D'IVOIRE\"],\"articleSection\":[\"\u00c9conomie\",\"homepage-french\",\"Top Nouvelles\",\"Toutes les actualit\u00e9s\"],\"inLanguage\":\"fr-FR\",\"potentialAction\":[{\"@type\":\"CommentAction\",\"name\":\"Comment\",\"target\":[\"https:\/\/www.africa-press.net\/cotedivoire\/economie\/covid-19-les-recettes-dalassane-ouattara-pour-relancer-des-economies-africaines#respond\"]}]},{\"@type\":\"WebPage\",\"@id\":\"https:\/\/www.africa-press.net\/cotedivoire\/economie\/covid-19-les-recettes-dalassane-ouattara-pour-relancer-des-economies-africaines\",\"url\":\"https:\/\/www.africa-press.net\/cotedivoire\/economie\/covid-19-les-recettes-dalassane-ouattara-pour-relancer-des-economies-africaines\",\"name\":\"Covid-19: Les recettes d\u2019Alassane Ouattara pour relancer des \u00e9conomies africaines - C\u00f4te d&#039;Ivoire\",\"isPartOf\":{\"@id\":\"https:\/\/www.africa-press.net\/cotedivoire\/#website\"},\"primaryImageOfPage\":{\"@id\":\"https:\/\/www.africa-press.net\/cotedivoire\/economie\/covid-19-les-recettes-dalassane-ouattara-pour-relancer-des-economies-africaines#primaryimage\"},\"image\":{\"@id\":\"https:\/\/www.africa-press.net\/cotedivoire\/economie\/covid-19-les-recettes-dalassane-ouattara-pour-relancer-des-economies-africaines#primaryimage\"},\"thumbnailUrl\":\"https:\/\/static.africa-press.net\/cote\/sites\/43\/2021\/07\/img-60f1a1c88b6ba.jpg\",\"datePublished\":\"2021-07-16T15:56:22+00:00\",\"dateModified\":\"2021-07-16T21:02:25+00:00\",\"author\":{\"@id\":\"https:\/\/www.africa-press.net\/cotedivoire\/#\/schema\/person\/2b1cf3cd81a31e3cd26889ca66d677f1\"},\"description\":\"Par Issouf Kamgate Le pr\u00e9sident ivoirien Alassane Ouattara ce jeudi 15 juillet \u00e0 l\u2019ouverture de la r\u00e9union de plaidoyer ...\",\"breadcrumb\":{\"@id\":\"https:\/\/www.africa-press.net\/cotedivoire\/economie\/covid-19-les-recettes-dalassane-ouattara-pour-relancer-des-economies-africaines#breadcrumb\"},\"inLanguage\":\"fr-FR\",\"potentialAction\":[{\"@type\":\"ReadAction\",\"target\":[\"https:\/\/www.africa-press.net\/cotedivoire\/economie\/covid-19-les-recettes-dalassane-ouattara-pour-relancer-des-economies-africaines\"]}]},{\"@type\":\"ImageObject\",\"inLanguage\":\"fr-FR\",\"@id\":\"https:\/\/www.africa-press.net\/cotedivoire\/economie\/covid-19-les-recettes-dalassane-ouattara-pour-relancer-des-economies-africaines#primaryimage\",\"url\":\"https:\/\/static.africa-press.net\/cote\/sites\/43\/2021\/07\/img-60f1a1c88b6ba.jpg\",\"contentUrl\":\"https:\/\/static.africa-press.net\/cote\/sites\/43\/2021\/07\/img-60f1a1c88b6ba.jpg\",\"width\":1280,\"height\":853,\"caption\":\"Covid-19: Les recettes d\u2019Alassane Ouattara pour relancer des \u00e9conomies africaines\"},{\"@type\":\"BreadcrumbList\",\"@id\":\"https:\/\/www.africa-press.net\/cotedivoire\/economie\/covid-19-les-recettes-dalassane-ouattara-pour-relancer-des-economies-africaines#breadcrumb\",\"itemListElement\":[{\"@type\":\"ListItem\",\"position\":1,\"name\":\"Accueil\",\"item\":\"https:\/\/www.africa-press.net\/cotedivoire\/\"},{\"@type\":\"ListItem\",\"position\":2,\"name\":\"Covid-19: Les recettes d\u2019Alassane Ouattara pour relancer des \u00e9conomies africaines\"}]},{\"@type\":\"WebSite\",\"@id\":\"https:\/\/www.africa-press.net\/cotedivoire\/#website\",\"url\":\"https:\/\/www.africa-press.net\/cotedivoire\/\",\"name\":\"C\u00f4te d&#039;Ivoire\",\"description\":\"Just another Africa News Agency Sites site\",\"potentialAction\":[{\"@type\":\"SearchAction\",\"target\":{\"@type\":\"EntryPoint\",\"urlTemplate\":\"https:\/\/www.africa-press.net\/cotedivoire\/?s={search_term_string}\"},\"query-input\":{\"@type\":\"PropertyValueSpecification\",\"valueRequired\":true,\"valueName\":\"search_term_string\"}}],\"inLanguage\":\"fr-FR\"},{\"@type\":\"Person\",\"@id\":\"https:\/\/www.africa-press.net\/cotedivoire\/#\/schema\/person\/2b1cf3cd81a31e3cd26889ca66d677f1\",\"name\":\"cfeditorfr\"}]}<\/script>\n<!-- \/ Yoast SEO Premium plugin. -->","yoast_head_json":{"title":"Covid-19: Les recettes d\u2019Alassane Ouattara pour relancer des \u00e9conomies africaines - C\u00f4te d&#039;Ivoire","description":"Par Issouf Kamgate Le pr\u00e9sident ivoirien Alassane Ouattara ce jeudi 15 juillet \u00e0 l\u2019ouverture de la r\u00e9union de plaidoyer ...","robots":{"index":"index","follow":"follow","max-snippet":"max-snippet:-1","max-image-preview":"max-image-preview:large","max-video-preview":"max-video-preview:-1"},"canonical":"https:\/\/www.africa-press.net\/cotedivoire\/economie\/covid-19-les-recettes-dalassane-ouattara-pour-relancer-des-economies-africaines","og_locale":"fr_FR","og_type":"article","og_title":"Covid-19: Les recettes d\u2019Alassane Ouattara pour relancer des \u00e9conomies africaines","og_description":"Par Issouf Kamgate Le pr\u00e9sident ivoirien Alassane Ouattara ce jeudi 15 juillet \u00e0 l\u2019ouverture de la r\u00e9union de plaidoyer ...","og_url":"https:\/\/www.africa-press.net\/cotedivoire\/economie\/covid-19-les-recettes-dalassane-ouattara-pour-relancer-des-economies-africaines","og_site_name":"C\u00f4te d&#039;Ivoire","article_published_time":"2021-07-16T15:56:22+00:00","article_modified_time":"2021-07-16T21:02:25+00:00","og_image":[{"width":1280,"height":853,"url":"https:\/\/static.africa-press.net\/cote\/sites\/43\/2021\/07\/img-60f1a1c88b6ba.jpg","type":"image\/jpeg"}],"author":"cfeditorfr","twitter_card":"summary_large_image","twitter_misc":{"\u00c9crit par":"cfeditorfr","Dur\u00e9e de lecture estim\u00e9e":"2 minutes"},"schema":{"@context":"https:\/\/schema.org","@graph":[{"@type":"Article","@id":"https:\/\/www.africa-press.net\/cotedivoire\/economie\/covid-19-les-recettes-dalassane-ouattara-pour-relancer-des-economies-africaines#article","isPartOf":{"@id":"https:\/\/www.africa-press.net\/cotedivoire\/economie\/covid-19-les-recettes-dalassane-ouattara-pour-relancer-des-economies-africaines"},"author":{"name":"cfeditorfr","@id":"https:\/\/www.africa-press.net\/cotedivoire\/#\/schema\/person\/2b1cf3cd81a31e3cd26889ca66d677f1"},"headline":"Covid-19: Les recettes d\u2019Alassane Ouattara pour relancer des \u00e9conomies africaines","datePublished":"2021-07-16T15:56:22+00:00","dateModified":"2021-07-16T21:02:25+00:00","mainEntityOfPage":{"@id":"https:\/\/www.africa-press.net\/cotedivoire\/economie\/covid-19-les-recettes-dalassane-ouattara-pour-relancer-des-economies-africaines"},"wordCount":490,"commentCount":0,"image":{"@id":"https:\/\/www.africa-press.net\/cotedivoire\/economie\/covid-19-les-recettes-dalassane-ouattara-pour-relancer-des-economies-africaines#primaryimage"},"thumbnailUrl":"https:\/\/static.africa-press.net\/cote\/sites\/43\/2021\/07\/img-60f1a1c88b6ba.jpg","keywords":["Africa Press","Africa Press-C\u00f4te d'Ivoire","C\u00d4TE D'IVOIRE"],"articleSection":["\u00c9conomie","homepage-french","Top Nouvelles","Toutes les actualit\u00e9s"],"inLanguage":"fr-FR","potentialAction":[{"@type":"CommentAction","name":"Comment","target":["https:\/\/www.africa-press.net\/cotedivoire\/economie\/covid-19-les-recettes-dalassane-ouattara-pour-relancer-des-economies-africaines#respond"]}]},{"@type":"WebPage","@id":"https:\/\/www.africa-press.net\/cotedivoire\/economie\/covid-19-les-recettes-dalassane-ouattara-pour-relancer-des-economies-africaines","url":"https:\/\/www.africa-press.net\/cotedivoire\/economie\/covid-19-les-recettes-dalassane-ouattara-pour-relancer-des-economies-africaines","name":"Covid-19: Les recettes d\u2019Alassane Ouattara pour relancer des \u00e9conomies africaines - C\u00f4te d&#039;Ivoire","isPartOf":{"@id":"https:\/\/www.africa-press.net\/cotedivoire\/#website"},"primaryImageOfPage":{"@id":"https:\/\/www.africa-press.net\/cotedivoire\/economie\/covid-19-les-recettes-dalassane-ouattara-pour-relancer-des-economies-africaines#primaryimage"},"image":{"@id":"https:\/\/www.africa-press.net\/cotedivoire\/economie\/covid-19-les-recettes-dalassane-ouattara-pour-relancer-des-economies-africaines#primaryimage"},"thumbnailUrl":"https:\/\/static.africa-press.net\/cote\/sites\/43\/2021\/07\/img-60f1a1c88b6ba.jpg","datePublished":"2021-07-16T15:56:22+00:00","dateModified":"2021-07-16T21:02:25+00:00","author":{"@id":"https:\/\/www.africa-press.net\/cotedivoire\/#\/schema\/person\/2b1cf3cd81a31e3cd26889ca66d677f1"},"description":"Par Issouf Kamgate Le pr\u00e9sident ivoirien Alassane Ouattara ce jeudi 15 juillet \u00e0 l\u2019ouverture de la r\u00e9union de plaidoyer ...","breadcrumb":{"@id":"https:\/\/www.africa-press.net\/cotedivoire\/economie\/covid-19-les-recettes-dalassane-ouattara-pour-relancer-des-economies-africaines#breadcrumb"},"inLanguage":"fr-FR","potentialAction":[{"@type":"ReadAction","target":["https:\/\/www.africa-press.net\/cotedivoire\/economie\/covid-19-les-recettes-dalassane-ouattara-pour-relancer-des-economies-africaines"]}]},{"@type":"ImageObject","inLanguage":"fr-FR","@id":"https:\/\/www.africa-press.net\/cotedivoire\/economie\/covid-19-les-recettes-dalassane-ouattara-pour-relancer-des-economies-africaines#primaryimage","url":"https:\/\/static.africa-press.net\/cote\/sites\/43\/2021\/07\/img-60f1a1c88b6ba.jpg","contentUrl":"https:\/\/static.africa-press.net\/cote\/sites\/43\/2021\/07\/img-60f1a1c88b6ba.jpg","width":1280,"height":853,"caption":"Covid-19: Les recettes d\u2019Alassane Ouattara pour relancer des \u00e9conomies africaines"},{"@type":"BreadcrumbList","@id":"https:\/\/www.africa-press.net\/cotedivoire\/economie\/covid-19-les-recettes-dalassane-ouattara-pour-relancer-des-economies-africaines#breadcrumb","itemListElement":[{"@type":"ListItem","position":1,"name":"Accueil","item":"https:\/\/www.africa-press.net\/cotedivoire\/"},{"@type":"ListItem","position":2,"name":"Covid-19: Les recettes d\u2019Alassane Ouattara pour relancer des \u00e9conomies africaines"}]},{"@type":"WebSite","@id":"https:\/\/www.africa-press.net\/cotedivoire\/#website","url":"https:\/\/www.africa-press.net\/cotedivoire\/","name":"C\u00f4te d&#039;Ivoire","description":"Just another Africa News Agency Sites site","potentialAction":[{"@type":"SearchAction","target":{"@type":"EntryPoint","urlTemplate":"https:\/\/www.africa-press.net\/cotedivoire\/?s={search_term_string}"},"query-input":{"@type":"PropertyValueSpecification","valueRequired":true,"valueName":"search_term_string"}}],"inLanguage":"fr-FR"},{"@type":"Person","@id":"https:\/\/www.africa-press.net\/cotedivoire\/#\/schema\/person\/2b1cf3cd81a31e3cd26889ca66d677f1","name":"cfeditorfr"}]}},"_links":{"self":[{"href":"https:\/\/www.africa-press.net\/cotedivoire\/wp-json\/wp\/v2\/posts\/9994","targetHints":{"allow":["GET"]}}],"collection":[{"href":"https:\/\/www.africa-press.net\/cotedivoire\/wp-json\/wp\/v2\/posts"}],"about":[{"href":"https:\/\/www.africa-press.net\/cotedivoire\/wp-json\/wp\/v2\/types\/post"}],"author":[{"embeddable":true,"href":"https:\/\/www.africa-press.net\/cotedivoire\/wp-json\/wp\/v2\/users\/82"}],"replies":[{"embeddable":true,"href":"https:\/\/www.africa-press.net\/cotedivoire\/wp-json\/wp\/v2\/comments?post=9994"}],"version-history":[{"count":0,"href":"https:\/\/www.africa-press.net\/cotedivoire\/wp-json\/wp\/v2\/posts\/9994\/revisions"}],"wp:featuredmedia":[{"embeddable":true,"href":"https:\/\/www.africa-press.net\/cotedivoire\/wp-json\/wp\/v2\/media\/9993"}],"wp:attachment":[{"href":"https:\/\/www.africa-press.net\/cotedivoire\/wp-json\/wp\/v2\/media?parent=9994"}],"wp:term":[{"taxonomy":"category","embeddable":true,"href":"https:\/\/www.africa-press.net\/cotedivoire\/wp-json\/wp\/v2\/categories?post=9994"},{"taxonomy":"post_tag","embeddable":true,"href":"https:\/\/www.africa-press.net\/cotedivoire\/wp-json\/wp\/v2\/tags?post=9994"}],"curies":[{"name":"wp","href":"https:\/\/api.w.org\/{rel}","templated":true}]}}