{"id":99951,"date":"2025-05-30T18:17:10","date_gmt":"2025-05-30T18:17:10","guid":{"rendered":"https:\/\/www.africa-press.net\/cotedivoire\/politique\/sidi-ould-tah-remercie-ouattara-pour-son-soutien"},"modified":"2025-05-30T18:47:19","modified_gmt":"2025-05-30T18:47:19","slug":"sidi-ould-tah-remercie-ouattara-pour-son-soutien","status":"publish","type":"post","link":"https:\/\/www.africa-press.net\/cotedivoire\/politique\/sidi-ould-tah-remercie-ouattara-pour-son-soutien","title":{"rendered":"Sidi Ould Tah Remercie Ouattara Pour Son Soutien"},"content":{"rendered":"<p><span style=\"color: #ff6600\"><strong>Africa-Press &#8211; C\u00f4te d&rsquo;Ivoire. <\/strong><\/span>Sidi Ould Tah ce jeudi soir a\u0300 Abidjan au sortir de la re\u0301sidence du Pre\u0301sident Ouattara a\u0300 Abidjan aux co\u0302te\u0301s des Ministres Kaba Niale\u0301 et Adama Coulibaly<\/p>\n<p>Quelques heures seulement apre\u0300s son e\u0301lection a\u0300 la te\u0302te de la Banque africaine de de\u0301veloppement (BAD), comme plus to\u0302t annonce\u0301 sur KOACI, le Mauritanien Dr Sidi Ould Tah a e\u0301te\u0301 rec\u0327u en audience par le pre\u0301sident ivoirien, Alassane Ouattara, a\u0300 sa re\u0301sidence de Cocody-Riviera-Golf. Accompagne\u0301 du ministre de l\u2019E\u0301conomie et des Finances de la Mauritanie, Sid&rsquo;Ahmed Ould Bouh, le nouveau pre\u0301sident e\u0301lu est venu exprimer la reconnaissance de son pays pour le soutien crucial apporte\u0301 par la Co\u0302te d\u2019Ivoire dans ce processus e\u0301lectoral.<\/p>\n<p>La Re\u0301publique islamique de Mauritanie a tenu a\u0300 te\u0301moigner sa profonde gratitude envers la Co\u0302te d\u2019Ivoire, premier pays a\u0300 avoir exprime\u0301 un soutien inconditionnel a\u0300 la candidature de Dr Sidi Ould Tah.<\/p>\n<p>Le ministre mauritanien Sid\u2019Ahmed Ould Bouh a rappele\u0301 que ce soutien a e\u0301te\u0301 constant tout au long de la campagne e\u0301lectorale, saluant la mobilisation personnelle du pre\u0301sident Ouattara ainsi que celle du gouvernement ivoirien.<\/p>\n<p>\u00ab C\u2019est tout naturellement que nous sommes venus remercier son excellence le pre\u0301sident Alassane Ouattara pour sa mobilisation exemplaire. La Co\u0302te d\u2019Ivoire a e\u0301te\u0301 un allie\u0301 de la premie\u0300re heure, et cette victoire est aussi la sienne \u00bb, a-t-il de\u0301clare\u0301 a\u0300 l\u2019issue de l\u2019audience.<\/p>\n<p>Le ministre a e\u0301galement souligne\u0301 l\u2019excellence des relations bilate\u0301rales entre la Mauritanie et la Co\u0302te d\u2019Ivoire, des liens historiques que les deux pays entendent renforcer encore davantage.<\/p>\n<p>E\u0301lu au terme d\u2019un processus e\u0301lectoral rigoureux ayant ne\u0301cessite\u0301 trois tours de scrutin, Dr Sidi Ould Tah s\u2019est largement impose\u0301 avec 76,18 % des voix, face au Zambien Samuel Maimbo (20,26 %) et au Se\u0301ne\u0301galais Amadou Hott (3,55 %).<\/p>\n<p>Il succe\u0300de ainsi au Nige\u0301rian Akinwumi Adesina et devient le neuvie\u0300me pre\u0301sident de la BAD pour un mandat de cinq ans.<\/p>\n<p>Avec plus de trois de\u0301cennies d\u2019expe\u0301rience dans les domaines de l\u2019e\u0301conomie, du de\u0301veloppement rural, des finances et de la coope\u0301ration internationale, Sidi Ould Tah est conside\u0301re\u0301 comme l\u2019un des artisans du de\u0301veloppement institutionnel du continent africain.<\/p>\n<p>Avant cette e\u0301lection, il dirigeait depuis 2015 la Banque arabe pour le de\u0301veloppement e\u0301conomique en Afrique (BADEA), qu\u2019il a modernise\u0301e et repositionne\u0301e comme un acteur cle\u0301 du financement du de\u0301veloppement.<\/p>\n<p>Son parcours acade\u0301mique prestigieux \u2013 doctorat en e\u0301conomie du de\u0301veloppement a\u0300 l\u2019Universite\u0301 de Nice-Sophia Antipolis, diplo\u0302me d\u2019inge\u0301nieur agronome a\u0300 Rabat, et formation en gestion de projets a\u0300 Paris-Dauphine \u2013 renforce sa cre\u0301dibilite\u0301 et sa le\u0301gitimite\u0301.<\/p>\n<p>La Co\u0302te d\u2019Ivoire abritant le sie\u0300ge de la Banque africaine de de\u0301veloppement, cette audience a e\u0301galement reve\u0302tu un caracte\u0300re institutionnel important.<\/p>\n<p>Le nouveau pre\u0301sident de la BAD a indique\u0301 qu\u2019il e\u0301tait venu recueillir les orientations du chef de l\u2019E\u0301tat ivoirien pour la gestion future de l\u2019institution.<\/p>\n<p>\u00ab C\u2019e\u0301tait un tre\u0300s grand honneur pour moi d\u2019e\u0302tre rec\u0327u par son excellence le Pre\u0301sident Alassane Ouattara, car la Co\u0302te d\u2019Ivoire a joue\u0301 un ro\u0302le de\u0301terminant dans mon e\u0301lection, et c\u2019est aussi le pays ho\u0302te de la Banque. Je me devais de venir ici, en signe de reconnaissance mais aussi de respect institutionnel \u00bb, a de\u0301clare\u0301 Dr Sidi Ould Tah.<\/p>\n<p>Fervent de\u0301fenseur de la transformation structurelle de l\u2019Afrique, Sidi Ould Tah a toujours pro\u0302ne\u0301 une approche centre\u0301e sur la se\u0301curite\u0301 alimentaire, la lutte contre la pauvrete\u0301 et l\u2019inclusion. Il entend poursuivre cette vision a\u0300 la te\u0302te de la BAD, en mettant a\u0300 profit son expertise technique, sa connaissance du terrain et son engagement en faveur du de\u0301veloppement durable.<\/p>\n<p>Son e\u0301lection marque une nouvelle e\u0300re pour la BAD, appele\u0301e a\u0300 jouer un ro\u0302le toujours plus strate\u0301gique dans l\u2019accompagnement des e\u0301conomies africaines face aux de\u0301fis actuels: financement des infrastructures, transition e\u0301nerge\u0301tique, industrialisation, souverainete\u0301 alimentaire, et inclusion sociale.<\/p>\n<p>Enfin par cette e\u0301lection, la Mauritanie entre dans l\u2019histoire de la BAD, tandis que la coope\u0301ration entre pays africains continue de montrer l\u2019exemple en matie\u0300re de solidarite\u0301 et de vision partage\u0301e pour le de\u0301veloppement du continent.<\/p>\n\r\n                <style type=\"text\/css\">\r\n                    \r\n                    #td_uid_1_69f4c10e02d60  .td-doubleSlider-2 .td-item1 {\r\n                        background: url(https:\/\/static.africa-press.net\/cote\/sites\/43\/2025\/05\/sm_1748618217.034428-80x60.jpg) 0 0 no-repeat;\r\n                    }\r\n                    #td_uid_1_69f4c10e02d60  .td-doubleSlider-2 .td-item2 {\r\n                        background: url(https:\/\/static.africa-press.net\/cote\/sites\/43\/2025\/05\/sm_1748618221.857518-80x60.jpg) 0 0 no-repeat;\r\n                    }\r\n                <\/style>\r\n\r\n                <div id=\"td_uid_1_69f4c10e02d60\" class=\"td-gallery td-slide-on-2-columns\">\r\n                    <div class=\"post_td_gallery\">\r\n                        <div class=\"td-gallery-slide-top\">\r\n                           <div class=\"td-gallery-title\"><\/div>\r\n\r\n                            <div class=\"td-gallery-controls-wrapper\">\r\n                                <div class=\"td-gallery-slide-count\"><span class=\"td-gallery-slide-item-focus\">1<\/span> de 2<\/div>\r\n                                <div class=\"td-gallery-slide-prev-next-but\">\r\n                                    <i class = \"td-icon-left doubleSliderPrevButton\"><\/i>\r\n                                    <i class = \"td-icon-right doubleSliderNextButton\"><\/i>\r\n                                <\/div>\r\n                            <\/div>\r\n                        <\/div>\r\n\r\n                        <div class = \"td-doubleSlider-1 \">\r\n                            <div class = \"td-slider\">\r\n                                \r\n                    <div class = \"td-slide-item td-item1\">\r\n                        <figure class=\"td-slide-galery-figure td-slide-popup-gallery\">\r\n                            <a class=\"slide-gallery-image-link\" href=\"https:\/\/static.africa-press.net\/cote\/sites\/43\/2025\/05\/sm_1748618217.034428.jpg\" title=\"sm_1748618217.034428\"  data-caption=\"\"  data-description=\"\">\r\n                                <img decoding=\"async\" src=\"https:\/\/static.africa-press.net\/cote\/sites\/43\/2025\/05\/sm_1748618217.034428.jpg\" srcset=\"https:\/\/static.africa-press.net\/cote\/sites\/43\/2025\/05\/sm_1748618217.034428.jpg 1000w, https:\/\/static.africa-press.net\/cote\/sites\/43\/2025\/05\/sm_1748618217.034428-300x200.jpg 300w, https:\/\/static.africa-press.net\/cote\/sites\/43\/2025\/05\/sm_1748618217.034428-768x512.jpg 768w\" sizes=\"(max-width: 1000px) 100vw, 1000px\" alt=\"\">\r\n                            <\/a>\r\n                            \r\n                        <\/figure>\r\n                    <\/div>\r\n                    <div class = \"td-slide-item td-item2\">\r\n                        <figure class=\"td-slide-galery-figure td-slide-popup-gallery\">\r\n                            <a class=\"slide-gallery-image-link\" href=\"https:\/\/static.africa-press.net\/cote\/sites\/43\/2025\/05\/sm_1748618221.857518.jpg\" title=\"sm_1748618221.857518\"  data-caption=\"\"  data-description=\"\">\r\n                                <img decoding=\"async\" src=\"https:\/\/static.africa-press.net\/cote\/sites\/43\/2025\/05\/sm_1748618221.857518.jpg\" srcset=\"https:\/\/static.africa-press.net\/cote\/sites\/43\/2025\/05\/sm_1748618221.857518.jpg 1000w, https:\/\/static.africa-press.net\/cote\/sites\/43\/2025\/05\/sm_1748618221.857518-300x179.jpg 300w, https:\/\/static.africa-press.net\/cote\/sites\/43\/2025\/05\/sm_1748618221.857518-768x458.jpg 768w\" sizes=\"(max-width: 1000px) 100vw, 1000px\" alt=\"\">\r\n                            <\/a>\r\n                            \r\n                        <\/figure>\r\n                    <\/div>\r\n                            <\/div>\r\n                        <\/div>\r\n\r\n                        <div class = \"td-doubleSlider-2\">\r\n                            <div class = \"td-slider\">\r\n                                \r\n                    <div class = \"td-button td-item1\">\r\n                        <div class = \"td-border\"><\/div>\r\n                    <\/div>\r\n                    <div class = \"td-button td-item2\">\r\n                        <div class = \"td-border\"><\/div>\r\n                    <\/div>\r\n                            <\/div>\r\n                        <\/div>\r\n\r\n                    <\/div>\r\n\r\n                <\/div>\r\n                \n<p><strong>Pour plus d&rsquo;informations et d&rsquo;analyses sur la <span style=\"color: #ff6600\">C\u00f4te d&rsquo;Ivoire<\/span>, suivez <span style=\"color: #ff6600\">Africa-Press<\/span><\/strong><\/p>\n","protected":false},"excerpt":{"rendered":"<p>Africa-Press &#8211; C\u00f4te d&rsquo;Ivoire. Sidi Ould Tah ce jeudi soir a\u0300 Abidjan au sortir de la re\u0301sidence du Pre\u0301sident Ouattara a\u0300 Abidjan aux co\u0302te\u0301s des Ministres Kaba Niale\u0301 et Adama Coulibaly Quelques heures seulement apre\u0300s son e\u0301lection a\u0300 la te\u0302te de la Banque africaine de de\u0301veloppement (BAD), comme plus to\u0302t annonce\u0301 sur KOACI, le Mauritanien [&hellip;]<\/p>\n","protected":false},"author":82,"featured_media":99950,"comment_status":"open","ping_status":"closed","sticky":false,"template":"","format":"standard","meta":{"footnotes":""},"categories":[8,2,10],"tags":[1182,875,29,2861,2630,17847,14908],"class_list":["post-99951","post","type-post","status-publish","format-standard","has-post-thumbnail","hentry","category-photo","category-politique","category-toutes-les-actualites","tag-adama-coulibaly","tag-bad","tag-cote-divoire","tag-kaba-niale","tag-mauritanie","tag-sidahmed-ould-bouh","tag-sidi-ould-tah"],"yoast_head":"<!-- This site is optimized with the Yoast SEO Premium plugin v26.1 (Yoast SEO v27.0) - https:\/\/yoast.com\/product\/yoast-seo-premium-wordpress\/ -->\n<title>Sidi Ould Tah Remercie Ouattara Pour Son Soutien - C\u00f4te d&#039;Ivoire<\/title>\n<meta name=\"description\" content=\"Sidi Ould Tah ce jeudi soir a\u0300 Abidjan au sortir de la re\u0301sidence du Pre\u0301sident Ouattara a\u0300 Abidjan aux co\u0302te\u0301s des Mini ...\" \/>\n<meta name=\"robots\" content=\"index, follow, max-snippet:-1, max-image-preview:large, max-video-preview:-1\" \/>\n<link rel=\"canonical\" href=\"https:\/\/www.africa-press.net\/cotedivoire\/politique\/sidi-ould-tah-remercie-ouattara-pour-son-soutien\" \/>\n<meta property=\"og:locale\" content=\"fr_FR\" \/>\n<meta property=\"og:type\" content=\"article\" \/>\n<meta property=\"og:title\" content=\"Sidi Ould Tah Remercie Ouattara Pour Son Soutien\" \/>\n<meta property=\"og:description\" content=\"Sidi Ould Tah ce jeudi soir a\u0300 Abidjan au sortir de la re\u0301sidence du Pre\u0301sident Ouattara a\u0300 Abidjan aux co\u0302te\u0301s des Mini ...\" \/>\n<meta property=\"og:url\" content=\"https:\/\/www.africa-press.net\/cotedivoire\/politique\/sidi-ould-tah-remercie-ouattara-pour-son-soutien\" \/>\n<meta property=\"og:site_name\" content=\"C\u00f4te d&#039;Ivoire\" \/>\n<meta property=\"article:published_time\" content=\"2025-05-30T18:17:10+00:00\" \/>\n<meta property=\"article:modified_time\" content=\"2025-05-30T18:47:19+00:00\" \/>\n<meta property=\"og:image\" content=\"https:\/\/static.africa-press.net\/cote\/sites\/43\/2025\/05\/sm_1748618226.300767.jpg\" \/>\n\t<meta property=\"og:image:width\" content=\"720\" \/>\n\t<meta property=\"og:image:height\" content=\"362\" \/>\n\t<meta property=\"og:image:type\" content=\"image\/jpeg\" \/>\n<meta name=\"author\" content=\"cfeditorfr\" \/>\n<meta name=\"twitter:card\" content=\"summary_large_image\" \/>\n<meta name=\"twitter:label1\" content=\"\u00c9crit par\" \/>\n\t<meta name=\"twitter:data1\" content=\"cfeditorfr\" \/>\n\t<meta name=\"twitter:label2\" content=\"Dur\u00e9e de lecture estim\u00e9e\" \/>\n\t<meta name=\"twitter:data2\" content=\"4 minutes\" \/>\n<script type=\"application\/ld+json\" class=\"yoast-schema-graph\">{\"@context\":\"https:\/\/schema.org\",\"@graph\":[{\"@type\":\"Article\",\"@id\":\"https:\/\/www.africa-press.net\/cotedivoire\/politique\/sidi-ould-tah-remercie-ouattara-pour-son-soutien#article\",\"isPartOf\":{\"@id\":\"https:\/\/www.africa-press.net\/cotedivoire\/politique\/sidi-ould-tah-remercie-ouattara-pour-son-soutien\"},\"author\":{\"name\":\"cfeditorfr\",\"@id\":\"https:\/\/www.africa-press.net\/cotedivoire\/#\/schema\/person\/2b1cf3cd81a31e3cd26889ca66d677f1\"},\"headline\":\"Sidi Ould Tah Remercie Ouattara Pour Son Soutien\",\"datePublished\":\"2025-05-30T18:17:10+00:00\",\"dateModified\":\"2025-05-30T18:47:19+00:00\",\"mainEntityOfPage\":{\"@id\":\"https:\/\/www.africa-press.net\/cotedivoire\/politique\/sidi-ould-tah-remercie-ouattara-pour-son-soutien\"},\"wordCount\":804,\"commentCount\":0,\"image\":{\"@id\":\"https:\/\/www.africa-press.net\/cotedivoire\/politique\/sidi-ould-tah-remercie-ouattara-pour-son-soutien#primaryimage\"},\"thumbnailUrl\":\"https:\/\/static.africa-press.net\/cote\/sites\/43\/2025\/05\/sm_1748618226.300767.jpg\",\"keywords\":[\"Adama Coulibaly\",\"BAD\",\"C\u00d4TE D'IVOIRE\",\"Kaba Nial\u00e9\",\"MAURITANIE\",\"Sid'Ahmed Ould Bouh\",\"Sidi Ould Tah\"],\"articleSection\":[\"Photo\",\"Politique\",\"Toutes les actualit\u00e9s\"],\"inLanguage\":\"fr-FR\",\"potentialAction\":[{\"@type\":\"CommentAction\",\"name\":\"Comment\",\"target\":[\"https:\/\/www.africa-press.net\/cotedivoire\/politique\/sidi-ould-tah-remercie-ouattara-pour-son-soutien#respond\"]}]},{\"@type\":\"WebPage\",\"@id\":\"https:\/\/www.africa-press.net\/cotedivoire\/politique\/sidi-ould-tah-remercie-ouattara-pour-son-soutien\",\"url\":\"https:\/\/www.africa-press.net\/cotedivoire\/politique\/sidi-ould-tah-remercie-ouattara-pour-son-soutien\",\"name\":\"Sidi Ould Tah Remercie Ouattara Pour Son Soutien - C\u00f4te d&#039;Ivoire\",\"isPartOf\":{\"@id\":\"https:\/\/www.africa-press.net\/cotedivoire\/#website\"},\"primaryImageOfPage\":{\"@id\":\"https:\/\/www.africa-press.net\/cotedivoire\/politique\/sidi-ould-tah-remercie-ouattara-pour-son-soutien#primaryimage\"},\"image\":{\"@id\":\"https:\/\/www.africa-press.net\/cotedivoire\/politique\/sidi-ould-tah-remercie-ouattara-pour-son-soutien#primaryimage\"},\"thumbnailUrl\":\"https:\/\/static.africa-press.net\/cote\/sites\/43\/2025\/05\/sm_1748618226.300767.jpg\",\"datePublished\":\"2025-05-30T18:17:10+00:00\",\"dateModified\":\"2025-05-30T18:47:19+00:00\",\"author\":{\"@id\":\"https:\/\/www.africa-press.net\/cotedivoire\/#\/schema\/person\/2b1cf3cd81a31e3cd26889ca66d677f1\"},\"description\":\"Sidi Ould Tah ce jeudi soir a\u0300 Abidjan au sortir de la re\u0301sidence du Pre\u0301sident Ouattara a\u0300 Abidjan aux co\u0302te\u0301s des Mini ...\",\"breadcrumb\":{\"@id\":\"https:\/\/www.africa-press.net\/cotedivoire\/politique\/sidi-ould-tah-remercie-ouattara-pour-son-soutien#breadcrumb\"},\"inLanguage\":\"fr-FR\",\"potentialAction\":[{\"@type\":\"ReadAction\",\"target\":[\"https:\/\/www.africa-press.net\/cotedivoire\/politique\/sidi-ould-tah-remercie-ouattara-pour-son-soutien\"]}]},{\"@type\":\"ImageObject\",\"inLanguage\":\"fr-FR\",\"@id\":\"https:\/\/www.africa-press.net\/cotedivoire\/politique\/sidi-ould-tah-remercie-ouattara-pour-son-soutien#primaryimage\",\"url\":\"https:\/\/static.africa-press.net\/cote\/sites\/43\/2025\/05\/sm_1748618226.300767.jpg\",\"contentUrl\":\"https:\/\/static.africa-press.net\/cote\/sites\/43\/2025\/05\/sm_1748618226.300767.jpg\",\"width\":720,\"height\":362,\"caption\":\"Sidi Ould Tah Remercie Ouattara Pour Son Soutien\"},{\"@type\":\"BreadcrumbList\",\"@id\":\"https:\/\/www.africa-press.net\/cotedivoire\/politique\/sidi-ould-tah-remercie-ouattara-pour-son-soutien#breadcrumb\",\"itemListElement\":[{\"@type\":\"ListItem\",\"position\":1,\"name\":\"Accueil\",\"item\":\"https:\/\/www.africa-press.net\/cotedivoire\/\"},{\"@type\":\"ListItem\",\"position\":2,\"name\":\"Sidi Ould Tah Remercie Ouattara Pour Son Soutien\"}]},{\"@type\":\"WebSite\",\"@id\":\"https:\/\/www.africa-press.net\/cotedivoire\/#website\",\"url\":\"https:\/\/www.africa-press.net\/cotedivoire\/\",\"name\":\"C\u00f4te d&#039;Ivoire\",\"description\":\"Just another Africa News Agency Sites site\",\"potentialAction\":[{\"@type\":\"SearchAction\",\"target\":{\"@type\":\"EntryPoint\",\"urlTemplate\":\"https:\/\/www.africa-press.net\/cotedivoire\/?s={search_term_string}\"},\"query-input\":{\"@type\":\"PropertyValueSpecification\",\"valueRequired\":true,\"valueName\":\"search_term_string\"}}],\"inLanguage\":\"fr-FR\"},{\"@type\":\"Person\",\"@id\":\"https:\/\/www.africa-press.net\/cotedivoire\/#\/schema\/person\/2b1cf3cd81a31e3cd26889ca66d677f1\",\"name\":\"cfeditorfr\"}]}<\/script>\n<!-- \/ Yoast SEO Premium plugin. -->","yoast_head_json":{"title":"Sidi Ould Tah Remercie Ouattara Pour Son Soutien - C\u00f4te d&#039;Ivoire","description":"Sidi Ould Tah ce jeudi soir a\u0300 Abidjan au sortir de la re\u0301sidence du Pre\u0301sident Ouattara a\u0300 Abidjan aux co\u0302te\u0301s des Mini ...","robots":{"index":"index","follow":"follow","max-snippet":"max-snippet:-1","max-image-preview":"max-image-preview:large","max-video-preview":"max-video-preview:-1"},"canonical":"https:\/\/www.africa-press.net\/cotedivoire\/politique\/sidi-ould-tah-remercie-ouattara-pour-son-soutien","og_locale":"fr_FR","og_type":"article","og_title":"Sidi Ould Tah Remercie Ouattara Pour Son Soutien","og_description":"Sidi Ould Tah ce jeudi soir a\u0300 Abidjan au sortir de la re\u0301sidence du Pre\u0301sident Ouattara a\u0300 Abidjan aux co\u0302te\u0301s des Mini ...","og_url":"https:\/\/www.africa-press.net\/cotedivoire\/politique\/sidi-ould-tah-remercie-ouattara-pour-son-soutien","og_site_name":"C\u00f4te d&#039;Ivoire","article_published_time":"2025-05-30T18:17:10+00:00","article_modified_time":"2025-05-30T18:47:19+00:00","og_image":[{"width":720,"height":362,"url":"https:\/\/static.africa-press.net\/cote\/sites\/43\/2025\/05\/sm_1748618226.300767.jpg","type":"image\/jpeg"}],"author":"cfeditorfr","twitter_card":"summary_large_image","twitter_misc":{"\u00c9crit par":"cfeditorfr","Dur\u00e9e de lecture estim\u00e9e":"4 minutes"},"schema":{"@context":"https:\/\/schema.org","@graph":[{"@type":"Article","@id":"https:\/\/www.africa-press.net\/cotedivoire\/politique\/sidi-ould-tah-remercie-ouattara-pour-son-soutien#article","isPartOf":{"@id":"https:\/\/www.africa-press.net\/cotedivoire\/politique\/sidi-ould-tah-remercie-ouattara-pour-son-soutien"},"author":{"name":"cfeditorfr","@id":"https:\/\/www.africa-press.net\/cotedivoire\/#\/schema\/person\/2b1cf3cd81a31e3cd26889ca66d677f1"},"headline":"Sidi Ould Tah Remercie Ouattara Pour Son Soutien","datePublished":"2025-05-30T18:17:10+00:00","dateModified":"2025-05-30T18:47:19+00:00","mainEntityOfPage":{"@id":"https:\/\/www.africa-press.net\/cotedivoire\/politique\/sidi-ould-tah-remercie-ouattara-pour-son-soutien"},"wordCount":804,"commentCount":0,"image":{"@id":"https:\/\/www.africa-press.net\/cotedivoire\/politique\/sidi-ould-tah-remercie-ouattara-pour-son-soutien#primaryimage"},"thumbnailUrl":"https:\/\/static.africa-press.net\/cote\/sites\/43\/2025\/05\/sm_1748618226.300767.jpg","keywords":["Adama Coulibaly","BAD","C\u00d4TE D'IVOIRE","Kaba Nial\u00e9","MAURITANIE","Sid'Ahmed Ould Bouh","Sidi Ould Tah"],"articleSection":["Photo","Politique","Toutes les actualit\u00e9s"],"inLanguage":"fr-FR","potentialAction":[{"@type":"CommentAction","name":"Comment","target":["https:\/\/www.africa-press.net\/cotedivoire\/politique\/sidi-ould-tah-remercie-ouattara-pour-son-soutien#respond"]}]},{"@type":"WebPage","@id":"https:\/\/www.africa-press.net\/cotedivoire\/politique\/sidi-ould-tah-remercie-ouattara-pour-son-soutien","url":"https:\/\/www.africa-press.net\/cotedivoire\/politique\/sidi-ould-tah-remercie-ouattara-pour-son-soutien","name":"Sidi Ould Tah Remercie Ouattara Pour Son Soutien - C\u00f4te d&#039;Ivoire","isPartOf":{"@id":"https:\/\/www.africa-press.net\/cotedivoire\/#website"},"primaryImageOfPage":{"@id":"https:\/\/www.africa-press.net\/cotedivoire\/politique\/sidi-ould-tah-remercie-ouattara-pour-son-soutien#primaryimage"},"image":{"@id":"https:\/\/www.africa-press.net\/cotedivoire\/politique\/sidi-ould-tah-remercie-ouattara-pour-son-soutien#primaryimage"},"thumbnailUrl":"https:\/\/static.africa-press.net\/cote\/sites\/43\/2025\/05\/sm_1748618226.300767.jpg","datePublished":"2025-05-30T18:17:10+00:00","dateModified":"2025-05-30T18:47:19+00:00","author":{"@id":"https:\/\/www.africa-press.net\/cotedivoire\/#\/schema\/person\/2b1cf3cd81a31e3cd26889ca66d677f1"},"description":"Sidi Ould Tah ce jeudi soir a\u0300 Abidjan au sortir de la re\u0301sidence du Pre\u0301sident Ouattara a\u0300 Abidjan aux co\u0302te\u0301s des Mini ...","breadcrumb":{"@id":"https:\/\/www.africa-press.net\/cotedivoire\/politique\/sidi-ould-tah-remercie-ouattara-pour-son-soutien#breadcrumb"},"inLanguage":"fr-FR","potentialAction":[{"@type":"ReadAction","target":["https:\/\/www.africa-press.net\/cotedivoire\/politique\/sidi-ould-tah-remercie-ouattara-pour-son-soutien"]}]},{"@type":"ImageObject","inLanguage":"fr-FR","@id":"https:\/\/www.africa-press.net\/cotedivoire\/politique\/sidi-ould-tah-remercie-ouattara-pour-son-soutien#primaryimage","url":"https:\/\/static.africa-press.net\/cote\/sites\/43\/2025\/05\/sm_1748618226.300767.jpg","contentUrl":"https:\/\/static.africa-press.net\/cote\/sites\/43\/2025\/05\/sm_1748618226.300767.jpg","width":720,"height":362,"caption":"Sidi Ould Tah Remercie Ouattara Pour Son Soutien"},{"@type":"BreadcrumbList","@id":"https:\/\/www.africa-press.net\/cotedivoire\/politique\/sidi-ould-tah-remercie-ouattara-pour-son-soutien#breadcrumb","itemListElement":[{"@type":"ListItem","position":1,"name":"Accueil","item":"https:\/\/www.africa-press.net\/cotedivoire\/"},{"@type":"ListItem","position":2,"name":"Sidi Ould Tah Remercie Ouattara Pour Son Soutien"}]},{"@type":"WebSite","@id":"https:\/\/www.africa-press.net\/cotedivoire\/#website","url":"https:\/\/www.africa-press.net\/cotedivoire\/","name":"C\u00f4te d&#039;Ivoire","description":"Just another Africa News Agency Sites site","potentialAction":[{"@type":"SearchAction","target":{"@type":"EntryPoint","urlTemplate":"https:\/\/www.africa-press.net\/cotedivoire\/?s={search_term_string}"},"query-input":{"@type":"PropertyValueSpecification","valueRequired":true,"valueName":"search_term_string"}}],"inLanguage":"fr-FR"},{"@type":"Person","@id":"https:\/\/www.africa-press.net\/cotedivoire\/#\/schema\/person\/2b1cf3cd81a31e3cd26889ca66d677f1","name":"cfeditorfr"}]}},"_links":{"self":[{"href":"https:\/\/www.africa-press.net\/cotedivoire\/wp-json\/wp\/v2\/posts\/99951","targetHints":{"allow":["GET"]}}],"collection":[{"href":"https:\/\/www.africa-press.net\/cotedivoire\/wp-json\/wp\/v2\/posts"}],"about":[{"href":"https:\/\/www.africa-press.net\/cotedivoire\/wp-json\/wp\/v2\/types\/post"}],"author":[{"embeddable":true,"href":"https:\/\/www.africa-press.net\/cotedivoire\/wp-json\/wp\/v2\/users\/82"}],"replies":[{"embeddable":true,"href":"https:\/\/www.africa-press.net\/cotedivoire\/wp-json\/wp\/v2\/comments?post=99951"}],"version-history":[{"count":0,"href":"https:\/\/www.africa-press.net\/cotedivoire\/wp-json\/wp\/v2\/posts\/99951\/revisions"}],"wp:featuredmedia":[{"embeddable":true,"href":"https:\/\/www.africa-press.net\/cotedivoire\/wp-json\/wp\/v2\/media\/99950"}],"wp:attachment":[{"href":"https:\/\/www.africa-press.net\/cotedivoire\/wp-json\/wp\/v2\/media?parent=99951"}],"wp:term":[{"taxonomy":"category","embeddable":true,"href":"https:\/\/www.africa-press.net\/cotedivoire\/wp-json\/wp\/v2\/categories?post=99951"},{"taxonomy":"post_tag","embeddable":true,"href":"https:\/\/www.africa-press.net\/cotedivoire\/wp-json\/wp\/v2\/tags?post=99951"}],"curies":[{"name":"wp","href":"https:\/\/api.w.org\/{rel}","templated":true}]}}