{"id":15788,"date":"2023-07-24T12:12:01","date_gmt":"2023-07-24T12:12:01","guid":{"rendered":"https:\/\/www.africa-press.net\/djibouti\/politique\/integration-verte-ethiopie-djibouti-unis-pour-un-avenir-durable-2"},"modified":"2023-07-24T12:39:26","modified_gmt":"2023-07-24T12:39:26","slug":"integration-verte-ethiopie-djibouti-unis-pour-un-avenir-durable-2","status":"publish","type":"post","link":"https:\/\/www.africa-press.net\/djibouti\/photo\/integration-verte-ethiopie-djibouti-unis-pour-un-avenir-durable-2","title":{"rendered":"Int\u00e9gration verte \u00c9thiopie-Djibouti  :  Unis pour un avenir durable"},"content":{"rendered":"<p><span style=\"color: #ff6600\"><strong>Africa-Press &#8211; Djibouti. <\/strong><\/span>Pas a\u0300 pas, l\u2019E\u0301thiopie redonne vie a\u0300 son paysage verdoyant gra\u0302ce aux initiatives ambitieuses de reboisement mene\u0301es par le Premier ministre Abiy Ahmed. S\u2019appuyant sur le succe\u0300s remarquable des programmes pre\u0301ce\u0301dents, qui ont vu l\u2019implantation stupe\u0301fiante de 25 milliards d\u2019arbres depuis 2019, le pays se lance dans la prochaine phase de son vaste projet de reboisement.<\/p>\n<p>Le 17 juillet 2023, l\u2019E\u0301thiopie a une fois de plus inscrit son nom dans l\u2019histoire en plantant un impressionnant demi-milliard de jeunes pousses et d\u2019arbres fruitiers en une seule journe\u0301e. Cet exploit vise a\u0300 de\u0301passer leur propre re\u0301alisation exceptionnelle de 350 millions d\u2019arbres plante\u0301s en 12 heures le 20 juillet 2019, battant ainsi le pre\u0301ce\u0301dent record mondial de\u0301tenu par l\u2019Inde avec ses 67 millions d\u2019arbres plante\u0301s en 24 heures en 2017.<\/p>\n<p>Mettons l\u2019accent sur l\u2019esprit d\u2019inte\u0301gration verte et la relation florissante entre l\u2019E\u0301thiopie et Djibouti, une de\u0301le\u0301gation distingue\u0301e de diplomatie publique djiboutienne a entrepris un voyage a\u0300 bord du train E\u0301thio-Djiboutien. Ce geste symbolique souligne les liens profonds et l\u2019engagement mutuel en faveur de la durabilite\u0301 environnementale.<\/p>\n<p>La de\u0301le\u0301gation a eu l\u2019honneur de planter des jeunes pousses dans cinq villes a\u0300 travers l\u2019E\u0301thiopie, joignant ainsi ses mains a\u0300 l\u2019initiative Green Legacy. Il convient de noter que Djibouti a e\u0301galement organise\u0301 trois ce\u0301re\u0301monies de plantation d\u2019arbres depuis 2019 dans le cadre de l\u2019initiative Green Legacy, te\u0301moignant des efforts collaboratifs pour favoriser un avenir plus vert.<\/p>\n<p>L\u2019inte\u0301gration verte E\u0301thiopie-Djibouti se pre\u0301sente comme un exemple e\u0301clatant d\u2019action collective en faveur d\u2019un avenir durable. Alors que l\u2019E\u0301thiopie s\u2019efforce d\u2019atteindre des jalons sans pre\u0301ce\u0301dent en matie\u0300re de reboisement, le partenariat avec Djibouti renforce l\u2019engagement commun envers la protection de l\u2019environnement. Ensemble, nous nous embarquons dans ce voyage transformateur, semant les graines d\u2019un he\u0301ritage durable qui transcende les frontie\u0300res.<\/p>\n\r\n                <style type=\"text\/css\">\r\n                    \r\n                    #td_uid_1_69edc7219740b  .td-doubleSlider-2 .td-item1 {\r\n                        background: url(https:\/\/static.africa-press.net\/djibouti\/sites\/52\/2023\/07\/sm_1690189456.031002-80x60.jpg) 0 0 no-repeat;\r\n                    }\r\n                    #td_uid_1_69edc7219740b  .td-doubleSlider-2 .td-item2 {\r\n                        background: url(https:\/\/static.africa-press.net\/djibouti\/sites\/52\/2023\/07\/sm_1690189471.616222-80x60.jpg) 0 0 no-repeat;\r\n                    }\r\n                <\/style>\r\n\r\n                <div id=\"td_uid_1_69edc7219740b\" class=\"td-gallery td-slide-on-2-columns\">\r\n                    <div class=\"post_td_gallery\">\r\n                        <div class=\"td-gallery-slide-top\">\r\n                           <div class=\"td-gallery-title\"><\/div>\r\n\r\n                            <div class=\"td-gallery-controls-wrapper\">\r\n                                <div class=\"td-gallery-slide-count\"><span class=\"td-gallery-slide-item-focus\">1<\/span> de 2<\/div>\r\n                                <div class=\"td-gallery-slide-prev-next-but\">\r\n                                    <i class = \"td-icon-left doubleSliderPrevButton\"><\/i>\r\n                                    <i class = \"td-icon-right doubleSliderNextButton\"><\/i>\r\n                                <\/div>\r\n                            <\/div>\r\n                        <\/div>\r\n\r\n                        <div class = \"td-doubleSlider-1 \">\r\n                            <div class = \"td-slider\">\r\n                                \r\n                    <div class = \"td-slide-item td-item1\">\r\n                        <figure class=\"td-slide-galery-figure td-slide-popup-gallery\">\r\n                            <a class=\"slide-gallery-image-link\" href=\"https:\/\/static.africa-press.net\/djibouti\/sites\/52\/2023\/07\/sm_1690189456.031002.jpg\" title=\"sm_1690189456.031002\"  data-caption=\"\"  data-description=\"\">\r\n                                <img decoding=\"async\" src=\"https:\/\/static.africa-press.net\/djibouti\/sites\/52\/2023\/07\/sm_1690189456.031002.jpg\" srcset=\"https:\/\/static.africa-press.net\/djibouti\/sites\/52\/2023\/07\/sm_1690189456.031002.jpg 1024w, https:\/\/static.africa-press.net\/djibouti\/sites\/52\/2023\/07\/sm_1690189456.031002-300x200.jpg 300w, https:\/\/static.africa-press.net\/djibouti\/sites\/52\/2023\/07\/sm_1690189456.031002-768x512.jpg 768w\" sizes=\"(max-width: 1024px) 100vw, 1024px\" alt=\"\">\r\n                            <\/a>\r\n                            \r\n                        <\/figure>\r\n                    <\/div>\r\n                    <div class = \"td-slide-item td-item2\">\r\n                        <figure class=\"td-slide-galery-figure td-slide-popup-gallery\">\r\n                            <a class=\"slide-gallery-image-link\" href=\"https:\/\/static.africa-press.net\/djibouti\/sites\/52\/2023\/07\/sm_1690189471.616222.jpg\" title=\"sm_1690189471.616222\"  data-caption=\"\"  data-description=\"\">\r\n                                <img decoding=\"async\" src=\"https:\/\/static.africa-press.net\/djibouti\/sites\/52\/2023\/07\/sm_1690189471.616222.jpg\" srcset=\"https:\/\/static.africa-press.net\/djibouti\/sites\/52\/2023\/07\/sm_1690189471.616222.jpg 1024w, https:\/\/static.africa-press.net\/djibouti\/sites\/52\/2023\/07\/sm_1690189471.616222-300x200.jpg 300w, https:\/\/static.africa-press.net\/djibouti\/sites\/52\/2023\/07\/sm_1690189471.616222-768x511.jpg 768w\" sizes=\"(max-width: 1024px) 100vw, 1024px\" alt=\"\">\r\n                            <\/a>\r\n                            \r\n                        <\/figure>\r\n                    <\/div>\r\n                            <\/div>\r\n                        <\/div>\r\n\r\n                        <div class = \"td-doubleSlider-2\">\r\n                            <div class = \"td-slider\">\r\n                                \r\n                    <div class = \"td-button td-item1\">\r\n                        <div class = \"td-border\"><\/div>\r\n                    <\/div>\r\n                    <div class = \"td-button td-item2\">\r\n                        <div class = \"td-border\"><\/div>\r\n                    <\/div>\r\n                            <\/div>\r\n                        <\/div>\r\n\r\n                    <\/div>\r\n\r\n                <\/div>\r\n                \n<p><strong>Pour plus d&rsquo;informations et d&rsquo;analyses sur la <a href=\"https:\/\/www.africa-press.net\/djibouti\">Djibouti<\/a>, suivez <a href=\"https:\/\/www.africa-press.net\/\">Africa-Press<\/a><\/strong><\/p>\n","protected":false},"excerpt":{"rendered":"<p>Africa-Press &#8211; Djibouti. Pas a\u0300 pas, l\u2019E\u0301thiopie redonne vie a\u0300 son paysage verdoyant gra\u0302ce aux initiatives ambitieuses de reboisement mene\u0301es par le Premier ministre Abiy Ahmed. S\u2019appuyant sur le succe\u0300s remarquable des programmes pre\u0301ce\u0301dents, qui ont vu l\u2019implantation stupe\u0301fiante de 25 milliards d\u2019arbres depuis 2019, le pays se lance dans la prochaine phase de son [&hellip;]<\/p>\n","protected":false},"author":82,"featured_media":15787,"comment_status":"open","ping_status":"closed","sticky":false,"template":"","format":"standard","meta":{"footnotes":""},"categories":[21,8,10],"tags":[36,49,50],"class_list":["post-15788","post","type-post","status-publish","format-standard","has-post-thumbnail","hentry","category-communaute","category-photo","category-toutes-les-actualites","tag-africa-press","tag-africa-press-djibouti","tag-djibouti"],"yoast_head":"<!-- This site is optimized with the Yoast SEO Premium plugin v26.1 (Yoast SEO v27.0) - https:\/\/yoast.com\/product\/yoast-seo-premium-wordpress\/ -->\n<title>Int\u00e9gration verte \u00c9thiopie-Djibouti : Unis pour un avenir durable - Djibouti<\/title>\n<meta name=\"description\" content=\"Pas a\u0300 pas, l\u2019E\u0301thiopie redonne vie a\u0300 son paysage verdoyant gra\u0302ce aux initiatives ambitieuses de reboisement mene\u0301es p ...\" \/>\n<meta name=\"robots\" content=\"index, follow, max-snippet:-1, max-image-preview:large, max-video-preview:-1\" \/>\n<link rel=\"canonical\" href=\"https:\/\/www.africa-press.net\/djibouti\/photo\/integration-verte-ethiopie-djibouti-unis-pour-un-avenir-durable-2\" \/>\n<meta property=\"og:locale\" content=\"fr_FR\" \/>\n<meta property=\"og:type\" content=\"article\" \/>\n<meta property=\"og:title\" content=\"Int\u00e9gration verte \u00c9thiopie-Djibouti : Unis pour un avenir durable\" \/>\n<meta property=\"og:description\" content=\"Pas a\u0300 pas, l\u2019E\u0301thiopie redonne vie a\u0300 son paysage verdoyant gra\u0302ce aux initiatives ambitieuses de reboisement mene\u0301es p ...\" \/>\n<meta property=\"og:url\" content=\"https:\/\/www.africa-press.net\/djibouti\/photo\/integration-verte-ethiopie-djibouti-unis-pour-un-avenir-durable-2\" \/>\n<meta property=\"og:site_name\" content=\"Djibouti\" \/>\n<meta property=\"article:published_time\" content=\"2023-07-24T12:12:01+00:00\" \/>\n<meta property=\"article:modified_time\" content=\"2023-07-24T12:39:26+00:00\" \/>\n<meta property=\"og:image\" content=\"https:\/\/static.africa-press.net\/djibouti\/sites\/52\/2023\/07\/sm_1690189480.289195.jpg\" \/>\n\t<meta property=\"og:image:width\" content=\"720\" \/>\n\t<meta property=\"og:image:height\" content=\"323\" \/>\n\t<meta property=\"og:image:type\" content=\"image\/jpeg\" \/>\n<meta name=\"author\" content=\"cfeditorfr\" \/>\n<meta name=\"twitter:card\" content=\"summary_large_image\" \/>\n<meta name=\"twitter:label1\" content=\"\u00c9crit par\" \/>\n\t<meta name=\"twitter:data1\" content=\"cfeditorfr\" \/>\n\t<meta name=\"twitter:label2\" content=\"Dur\u00e9e de lecture estim\u00e9e\" \/>\n\t<meta name=\"twitter:data2\" content=\"2 minutes\" \/>\n<script type=\"application\/ld+json\" class=\"yoast-schema-graph\">{\"@context\":\"https:\/\/schema.org\",\"@graph\":[{\"@type\":\"Article\",\"@id\":\"https:\/\/www.africa-press.net\/djibouti\/photo\/integration-verte-ethiopie-djibouti-unis-pour-un-avenir-durable-2#article\",\"isPartOf\":{\"@id\":\"https:\/\/www.africa-press.net\/djibouti\/photo\/integration-verte-ethiopie-djibouti-unis-pour-un-avenir-durable-2\"},\"author\":{\"name\":\"cfeditorfr\",\"@id\":\"https:\/\/www.africa-press.net\/djibouti\/#\/schema\/person\/2b1cf3cd81a31e3cd26889ca66d677f1\"},\"headline\":\"Int\u00e9gration verte \u00c9thiopie-Djibouti : Unis pour un avenir durable\",\"datePublished\":\"2023-07-24T12:12:01+00:00\",\"dateModified\":\"2023-07-24T12:39:26+00:00\",\"mainEntityOfPage\":{\"@id\":\"https:\/\/www.africa-press.net\/djibouti\/photo\/integration-verte-ethiopie-djibouti-unis-pour-un-avenir-durable-2\"},\"wordCount\":379,\"commentCount\":0,\"image\":{\"@id\":\"https:\/\/www.africa-press.net\/djibouti\/photo\/integration-verte-ethiopie-djibouti-unis-pour-un-avenir-durable-2#primaryimage\"},\"thumbnailUrl\":\"https:\/\/static.africa-press.net\/djibouti\/sites\/52\/2023\/07\/sm_1690189480.289195.jpg\",\"keywords\":[\"Africa Press\",\"Africa Press-Djibouti\",\"Djibouti\"],\"articleSection\":[\"Communaut\u00e9\",\"Photo\",\"Toutes les actualit\u00e9s\"],\"inLanguage\":\"fr-FR\",\"potentialAction\":[{\"@type\":\"CommentAction\",\"name\":\"Comment\",\"target\":[\"https:\/\/www.africa-press.net\/djibouti\/photo\/integration-verte-ethiopie-djibouti-unis-pour-un-avenir-durable-2#respond\"]}]},{\"@type\":\"WebPage\",\"@id\":\"https:\/\/www.africa-press.net\/djibouti\/photo\/integration-verte-ethiopie-djibouti-unis-pour-un-avenir-durable-2\",\"url\":\"https:\/\/www.africa-press.net\/djibouti\/photo\/integration-verte-ethiopie-djibouti-unis-pour-un-avenir-durable-2\",\"name\":\"Int\u00e9gration verte \u00c9thiopie-Djibouti : Unis pour un avenir durable - Djibouti\",\"isPartOf\":{\"@id\":\"https:\/\/www.africa-press.net\/djibouti\/#website\"},\"primaryImageOfPage\":{\"@id\":\"https:\/\/www.africa-press.net\/djibouti\/photo\/integration-verte-ethiopie-djibouti-unis-pour-un-avenir-durable-2#primaryimage\"},\"image\":{\"@id\":\"https:\/\/www.africa-press.net\/djibouti\/photo\/integration-verte-ethiopie-djibouti-unis-pour-un-avenir-durable-2#primaryimage\"},\"thumbnailUrl\":\"https:\/\/static.africa-press.net\/djibouti\/sites\/52\/2023\/07\/sm_1690189480.289195.jpg\",\"datePublished\":\"2023-07-24T12:12:01+00:00\",\"dateModified\":\"2023-07-24T12:39:26+00:00\",\"author\":{\"@id\":\"https:\/\/www.africa-press.net\/djibouti\/#\/schema\/person\/2b1cf3cd81a31e3cd26889ca66d677f1\"},\"description\":\"Pas a\u0300 pas, l\u2019E\u0301thiopie redonne vie a\u0300 son paysage verdoyant gra\u0302ce aux initiatives ambitieuses de reboisement mene\u0301es p ...\",\"breadcrumb\":{\"@id\":\"https:\/\/www.africa-press.net\/djibouti\/photo\/integration-verte-ethiopie-djibouti-unis-pour-un-avenir-durable-2#breadcrumb\"},\"inLanguage\":\"fr-FR\",\"potentialAction\":[{\"@type\":\"ReadAction\",\"target\":[\"https:\/\/www.africa-press.net\/djibouti\/photo\/integration-verte-ethiopie-djibouti-unis-pour-un-avenir-durable-2\"]}]},{\"@type\":\"ImageObject\",\"inLanguage\":\"fr-FR\",\"@id\":\"https:\/\/www.africa-press.net\/djibouti\/photo\/integration-verte-ethiopie-djibouti-unis-pour-un-avenir-durable-2#primaryimage\",\"url\":\"https:\/\/static.africa-press.net\/djibouti\/sites\/52\/2023\/07\/sm_1690189480.289195.jpg\",\"contentUrl\":\"https:\/\/static.africa-press.net\/djibouti\/sites\/52\/2023\/07\/sm_1690189480.289195.jpg\",\"width\":720,\"height\":323,\"caption\":\"Int\u00e9gration verte \u00c9thiopie-Djibouti : Unis pour un avenir durable\"},{\"@type\":\"BreadcrumbList\",\"@id\":\"https:\/\/www.africa-press.net\/djibouti\/photo\/integration-verte-ethiopie-djibouti-unis-pour-un-avenir-durable-2#breadcrumb\",\"itemListElement\":[{\"@type\":\"ListItem\",\"position\":1,\"name\":\"Accueil\",\"item\":\"https:\/\/www.africa-press.net\/djibouti\/\"},{\"@type\":\"ListItem\",\"position\":2,\"name\":\"Int\u00e9gration verte \u00c9thiopie-Djibouti : Unis pour un avenir durable\"}]},{\"@type\":\"WebSite\",\"@id\":\"https:\/\/www.africa-press.net\/djibouti\/#website\",\"url\":\"https:\/\/www.africa-press.net\/djibouti\/\",\"name\":\"Djibouti\",\"description\":\"Just another Africa News Agency Sites site\",\"potentialAction\":[{\"@type\":\"SearchAction\",\"target\":{\"@type\":\"EntryPoint\",\"urlTemplate\":\"https:\/\/www.africa-press.net\/djibouti\/?s={search_term_string}\"},\"query-input\":{\"@type\":\"PropertyValueSpecification\",\"valueRequired\":true,\"valueName\":\"search_term_string\"}}],\"inLanguage\":\"fr-FR\"},{\"@type\":\"Person\",\"@id\":\"https:\/\/www.africa-press.net\/djibouti\/#\/schema\/person\/2b1cf3cd81a31e3cd26889ca66d677f1\",\"name\":\"cfeditorfr\"}]}<\/script>\n<!-- \/ Yoast SEO Premium plugin. -->","yoast_head_json":{"title":"Int\u00e9gration verte \u00c9thiopie-Djibouti : Unis pour un avenir durable - Djibouti","description":"Pas a\u0300 pas, l\u2019E\u0301thiopie redonne vie a\u0300 son paysage verdoyant gra\u0302ce aux initiatives ambitieuses de reboisement mene\u0301es p ...","robots":{"index":"index","follow":"follow","max-snippet":"max-snippet:-1","max-image-preview":"max-image-preview:large","max-video-preview":"max-video-preview:-1"},"canonical":"https:\/\/www.africa-press.net\/djibouti\/photo\/integration-verte-ethiopie-djibouti-unis-pour-un-avenir-durable-2","og_locale":"fr_FR","og_type":"article","og_title":"Int\u00e9gration verte \u00c9thiopie-Djibouti : Unis pour un avenir durable","og_description":"Pas a\u0300 pas, l\u2019E\u0301thiopie redonne vie a\u0300 son paysage verdoyant gra\u0302ce aux initiatives ambitieuses de reboisement mene\u0301es p ...","og_url":"https:\/\/www.africa-press.net\/djibouti\/photo\/integration-verte-ethiopie-djibouti-unis-pour-un-avenir-durable-2","og_site_name":"Djibouti","article_published_time":"2023-07-24T12:12:01+00:00","article_modified_time":"2023-07-24T12:39:26+00:00","og_image":[{"width":720,"height":323,"url":"https:\/\/static.africa-press.net\/djibouti\/sites\/52\/2023\/07\/sm_1690189480.289195.jpg","type":"image\/jpeg"}],"author":"cfeditorfr","twitter_card":"summary_large_image","twitter_misc":{"\u00c9crit par":"cfeditorfr","Dur\u00e9e de lecture estim\u00e9e":"2 minutes"},"schema":{"@context":"https:\/\/schema.org","@graph":[{"@type":"Article","@id":"https:\/\/www.africa-press.net\/djibouti\/photo\/integration-verte-ethiopie-djibouti-unis-pour-un-avenir-durable-2#article","isPartOf":{"@id":"https:\/\/www.africa-press.net\/djibouti\/photo\/integration-verte-ethiopie-djibouti-unis-pour-un-avenir-durable-2"},"author":{"name":"cfeditorfr","@id":"https:\/\/www.africa-press.net\/djibouti\/#\/schema\/person\/2b1cf3cd81a31e3cd26889ca66d677f1"},"headline":"Int\u00e9gration verte \u00c9thiopie-Djibouti : Unis pour un avenir durable","datePublished":"2023-07-24T12:12:01+00:00","dateModified":"2023-07-24T12:39:26+00:00","mainEntityOfPage":{"@id":"https:\/\/www.africa-press.net\/djibouti\/photo\/integration-verte-ethiopie-djibouti-unis-pour-un-avenir-durable-2"},"wordCount":379,"commentCount":0,"image":{"@id":"https:\/\/www.africa-press.net\/djibouti\/photo\/integration-verte-ethiopie-djibouti-unis-pour-un-avenir-durable-2#primaryimage"},"thumbnailUrl":"https:\/\/static.africa-press.net\/djibouti\/sites\/52\/2023\/07\/sm_1690189480.289195.jpg","keywords":["Africa Press","Africa Press-Djibouti","Djibouti"],"articleSection":["Communaut\u00e9","Photo","Toutes les actualit\u00e9s"],"inLanguage":"fr-FR","potentialAction":[{"@type":"CommentAction","name":"Comment","target":["https:\/\/www.africa-press.net\/djibouti\/photo\/integration-verte-ethiopie-djibouti-unis-pour-un-avenir-durable-2#respond"]}]},{"@type":"WebPage","@id":"https:\/\/www.africa-press.net\/djibouti\/photo\/integration-verte-ethiopie-djibouti-unis-pour-un-avenir-durable-2","url":"https:\/\/www.africa-press.net\/djibouti\/photo\/integration-verte-ethiopie-djibouti-unis-pour-un-avenir-durable-2","name":"Int\u00e9gration verte \u00c9thiopie-Djibouti : Unis pour un avenir durable - Djibouti","isPartOf":{"@id":"https:\/\/www.africa-press.net\/djibouti\/#website"},"primaryImageOfPage":{"@id":"https:\/\/www.africa-press.net\/djibouti\/photo\/integration-verte-ethiopie-djibouti-unis-pour-un-avenir-durable-2#primaryimage"},"image":{"@id":"https:\/\/www.africa-press.net\/djibouti\/photo\/integration-verte-ethiopie-djibouti-unis-pour-un-avenir-durable-2#primaryimage"},"thumbnailUrl":"https:\/\/static.africa-press.net\/djibouti\/sites\/52\/2023\/07\/sm_1690189480.289195.jpg","datePublished":"2023-07-24T12:12:01+00:00","dateModified":"2023-07-24T12:39:26+00:00","author":{"@id":"https:\/\/www.africa-press.net\/djibouti\/#\/schema\/person\/2b1cf3cd81a31e3cd26889ca66d677f1"},"description":"Pas a\u0300 pas, l\u2019E\u0301thiopie redonne vie a\u0300 son paysage verdoyant gra\u0302ce aux initiatives ambitieuses de reboisement mene\u0301es p ...","breadcrumb":{"@id":"https:\/\/www.africa-press.net\/djibouti\/photo\/integration-verte-ethiopie-djibouti-unis-pour-un-avenir-durable-2#breadcrumb"},"inLanguage":"fr-FR","potentialAction":[{"@type":"ReadAction","target":["https:\/\/www.africa-press.net\/djibouti\/photo\/integration-verte-ethiopie-djibouti-unis-pour-un-avenir-durable-2"]}]},{"@type":"ImageObject","inLanguage":"fr-FR","@id":"https:\/\/www.africa-press.net\/djibouti\/photo\/integration-verte-ethiopie-djibouti-unis-pour-un-avenir-durable-2#primaryimage","url":"https:\/\/static.africa-press.net\/djibouti\/sites\/52\/2023\/07\/sm_1690189480.289195.jpg","contentUrl":"https:\/\/static.africa-press.net\/djibouti\/sites\/52\/2023\/07\/sm_1690189480.289195.jpg","width":720,"height":323,"caption":"Int\u00e9gration verte \u00c9thiopie-Djibouti : Unis pour un avenir durable"},{"@type":"BreadcrumbList","@id":"https:\/\/www.africa-press.net\/djibouti\/photo\/integration-verte-ethiopie-djibouti-unis-pour-un-avenir-durable-2#breadcrumb","itemListElement":[{"@type":"ListItem","position":1,"name":"Accueil","item":"https:\/\/www.africa-press.net\/djibouti\/"},{"@type":"ListItem","position":2,"name":"Int\u00e9gration verte \u00c9thiopie-Djibouti : Unis pour un avenir durable"}]},{"@type":"WebSite","@id":"https:\/\/www.africa-press.net\/djibouti\/#website","url":"https:\/\/www.africa-press.net\/djibouti\/","name":"Djibouti","description":"Just another Africa News Agency Sites site","potentialAction":[{"@type":"SearchAction","target":{"@type":"EntryPoint","urlTemplate":"https:\/\/www.africa-press.net\/djibouti\/?s={search_term_string}"},"query-input":{"@type":"PropertyValueSpecification","valueRequired":true,"valueName":"search_term_string"}}],"inLanguage":"fr-FR"},{"@type":"Person","@id":"https:\/\/www.africa-press.net\/djibouti\/#\/schema\/person\/2b1cf3cd81a31e3cd26889ca66d677f1","name":"cfeditorfr"}]}},"_links":{"self":[{"href":"https:\/\/www.africa-press.net\/djibouti\/wp-json\/wp\/v2\/posts\/15788","targetHints":{"allow":["GET"]}}],"collection":[{"href":"https:\/\/www.africa-press.net\/djibouti\/wp-json\/wp\/v2\/posts"}],"about":[{"href":"https:\/\/www.africa-press.net\/djibouti\/wp-json\/wp\/v2\/types\/post"}],"author":[{"embeddable":true,"href":"https:\/\/www.africa-press.net\/djibouti\/wp-json\/wp\/v2\/users\/82"}],"replies":[{"embeddable":true,"href":"https:\/\/www.africa-press.net\/djibouti\/wp-json\/wp\/v2\/comments?post=15788"}],"version-history":[{"count":0,"href":"https:\/\/www.africa-press.net\/djibouti\/wp-json\/wp\/v2\/posts\/15788\/revisions"}],"wp:featuredmedia":[{"embeddable":true,"href":"https:\/\/www.africa-press.net\/djibouti\/wp-json\/wp\/v2\/media\/15787"}],"wp:attachment":[{"href":"https:\/\/www.africa-press.net\/djibouti\/wp-json\/wp\/v2\/media?parent=15788"}],"wp:term":[{"taxonomy":"category","embeddable":true,"href":"https:\/\/www.africa-press.net\/djibouti\/wp-json\/wp\/v2\/categories?post=15788"},{"taxonomy":"post_tag","embeddable":true,"href":"https:\/\/www.africa-press.net\/djibouti\/wp-json\/wp\/v2\/tags?post=15788"}],"curies":[{"name":"wp","href":"https:\/\/api.w.org\/{rel}","templated":true}]}}