{"id":16165,"date":"2023-08-01T16:41:16","date_gmt":"2023-08-01T16:41:16","guid":{"rendered":"https:\/\/www.africa-press.net\/djibouti\/politique\/2e-sommet-russie-afrique-djibouti-represente-par-le-ministre-de-lenergie-charge-des-ressources-naturelles"},"modified":"2023-08-01T16:41:16","modified_gmt":"2023-08-01T16:41:16","slug":"2e-sommet-russie-afrique-djibouti-represente-par-le-ministre-de-lenergie-charge-des-ressources-naturelles","status":"publish","type":"post","link":"https:\/\/www.africa-press.net\/djibouti\/politique\/2e-sommet-russie-afrique-djibouti-represente-par-le-ministre-de-lenergie-charge-des-ressources-naturelles","title":{"rendered":"2e Sommet Russie-Afrique : Djibouti repr\u00e9sent\u00e9 par le ministre de l\u2019Energie charg\u00e9 des Ressources Naturelles"},"content":{"rendered":"<p><span style=\"color: #ff6600\"><strong>Africa-Press &#8211; Djibouti. <\/strong><\/span>Apre\u0300s sa participation aux travaux du Forum Economique et Humanitaire a\u0300 Saint-Pe\u0301tersbourg, en Russie, le jeudi 27 juillet 2023, le ministre de l\u2019Energie, charge\u0301 des Ressources Naturelles, Yonis Ali Guedi, a pris part vendredi 28 juillet 2023, dans la me\u0302me ville, au 2e Sommet Russie-Afrique des chefs d\u2019Etat et de gouvernement, russe et africains, sur la paix, la se\u0301curite\u0301 et le de\u0301veloppement ou\u0300 il a repre\u0301sente\u0301 le pre\u0301sident de la Re\u0301publique, Ismai\u0308l Omar Guelleh.L\u2019ambassadeur de Djibouti en Russie, Dr Mohamed Ali Kamil, a pris part e\u0301galement a\u0300 ce sommet aux co\u0302te\u0301s du ministre Yonis Ali Guedi.<\/p>\n<p>En effet, organise\u0301 sous l\u2019e\u0301gide du pre\u0301sident de la fe\u0301de\u0301ration de Russie, Vladimir Poutine, l\u2019objectif poursuivi par les russes et les africains, a\u0300 travers un tel sommet, est de renforcer leurs relations bilate\u0301rales d\u2019amitie\u0301 et de coope\u0301ration en les rendant plus actives, productives et durables et surtout d\u2019identifier des nouveaux axes de collaboration strate\u0301gique mutuellement be\u0301ne\u0301fiques.<\/p>\n<p>La participation du ministre Yonis Ali Guedi a\u0300 ce sommet a e\u0301te\u0301 marque\u0301e par son intervention a\u0300 la tribune. Dans son discours prononce\u0301 a\u0300 cette occasion, il a d\u2019emble\u0301e adresse\u0301 ses vifs remerciements au gouvernement de la fe\u0301de\u0301ration de Russie ainsi qu\u2019a\u0300 la Fondation Roscongress pour leur invitation, pour l\u2019accueil chaleureux re\u0301serve\u0301 a\u0300 lui-me\u0302me et a\u0300 la de\u0301le\u0301gation l\u2019accompagnant et surtout pour l\u2019hospitalite\u0301 manifeste\u0301e a\u0300 son e\u0301gard depuis son arrive\u0301e en terre russe avant de les fe\u0301liciter pour la qualite\u0301 de l\u2019organisation de ce sommet.<\/p>\n<p>Le ministre a ensuite tenu a\u0300 transmettre aux chefs d\u2019Etats russe et africains les salutations fraternelles et amicales du pre\u0301sident de la re\u0301publique de Djibouti, Ismai\u0308l Omar Guelleh, ainsi que ses v\u0153ux de succe\u0300s et de re\u0301ussite des travaux de ce sommet Russie-Afrique.<\/p>\n<p>Le ministre Guedi a par la suite relate\u0301 les liens d\u2019amitie\u0301 et de coope\u0301ration existants entre la Russie et les pays africains depuis leur accession a\u0300 l\u2019inde\u0301pendance nationale a\u0300 nos jours en indiquant que dans le monde contemporain actuel marque\u0301 par des crises multiformes, ces relations sont appele\u0301es a\u0300 se de\u0301velopper, a\u0300 s\u2019intensifier et a\u0300 s\u2019approfondir et ce pour le plus grand be\u0301ne\u0301fice de leurs populations respectives.<\/p>\n<p>En poursuivant ses propos, le haut responsable politiquedjiboutien a affirme\u0301 que la re\u0301publique de Djibouti, sous la direction du chef de l\u2019Etat, Ismai\u0308l Omar Guelleh, assure actuellement la pre\u0301sidence tournante de l\u2019IGAD (Autorite\u0301 Intergouvernementale pour le De\u0301veloppement), organisation regroupant tous les pays de l\u2019Afrique de l\u2019Est, et ce avec pour priorite\u0301 la promotion de la paix et de la stabilite\u0301 dans la re\u0301gion de la Corne de l\u2019Afrique.<\/p>\n<p>\u00ab Dans ce cadre, notre pays s\u2019implique fortement dans les pourparlers en cours sur la recherche d\u2019une issue ou d\u2019une solution pacifique a\u0300 la guerre civile se\u0301vissant depuis quelques mois au Soudan ; comme elle l\u2019avait fait auparavant en l\u2019an 2000, en organisant le Sommet de la Paix et de la Re\u0301conciliation entre fre\u0300res somaliens ou encore en envoyant des forces de maintien de la paix dans certains pays amis en proie a\u0300 la violence et a\u0300 l\u2019inse\u0301curite\u0301 \u00bb, a-t-il dit en substance.<\/p>\n<p>Concernant le volet de\u0301veloppement, le ministre de l\u2019Energie, Yonis Ali Guedi, n\u2019a pas manque\u0301 de citer les nombreux domaines possibles de coope\u0301ration russo-africaine, notamment les secteurs de l\u2019Education, de la Sante\u0301, de l\u2019Agriculture, de l\u2019Enseignement supe\u0301rieur, de la Recherche et des Innovations Techniques et Technologiques, du Transport et des Infrastructures, de la Culture, de l\u2019Economie, de l\u2019Industrie et du Commerce, sans oublier les secteurs de l\u2019Energie, des Mines et des Hydrocarbures.<\/p>\n<p>Le ministre a par ailleurs mis l\u2019accent sur la ne\u0301cessite\u0301 d\u2019e\u0301tablir un partenariat strate\u0301gique gagnant-gagnant entre la Russie et le continent africain dans tous les domaines du de\u0301veloppement socio-e\u0301conomique susmentionne\u0301s, afin d\u2019assurer non seulement la se\u0301curite\u0301 alimentaire et e\u0301nerge\u0301tique mais e\u0301galement de stimuler une croissance e\u0301conomique durable s\u2019accompagnant de plus de cre\u0301ations de richesses et d\u2019emplois pour les concitoyens russes et africains, avec a\u0300 la cle\u0301 la re\u0301duction du cho\u0302mage et de la pauvrete\u0301. Il a, en outre, demande\u0301 aux uns et aux autres de re\u0301aliser plus d\u2019investissements dans les secteurs ne\u0301vralgiques, d\u2019e\u0301changer les expe\u0301riences et les expertises et surtout de partager les bonnes pratiques.<\/p>\n<p>\u00ab Il est plus que jamais essentiel, pour nous Africains et pour nos amis russes, de se pencher sur les de\u0301fis des temps modernes auxquels nous sommes confronte\u0301s, en proposant des solutions idoines communes et surtout de travailler en synergie pour faire face aux de\u0301fis futurs.Je suis convaincu qu\u2019ensemble nous pouvons jouer un ro\u0302le de\u0301terminant et de\u0301cisif dans le monde actuel en pesant fortement sur les de\u0301cisions prises au niveau international \u00bb,a-t-il conclu son intervention.<\/p>\n<p>Rappelons que la 1e\u0300re e\u0301dition de ce sommet Russie-Afrique avait eu lieu dans la station balne\u0301aire de Sotchi, au bord de la Mer Noire, les 23 et 24 octobre 2019 et s\u2019e\u0301tait traduite, selon les organisateurs, lors du Forum Economique et Humanitaire organise\u0301 dans la foule\u0301e, par la signature de plus de 92 accords, contrats et me\u0301morandums d\u2019entente entre Russes et Africains dans les domaines de l\u2019exportation et du commerce exte\u0301rieur, de la coope\u0301ration internationale, de la haute technologie, du transport et de la logistique, de l\u2019exploration minie\u0300re et du secteur bancaire.<\/p>\n<p>Soulignons enfin que lors de son se\u0301jour en terre russe, le ministre de l\u2019Energie, charge\u0301 des Ressources Naturelles est accompagne\u0301 d\u2019une importante de\u0301le\u0301gation multisectorielle comprenant entre autres le secre\u0301taire ge\u0301ne\u0301ral du ministe\u0300re de l\u2019Enseignement Supe\u0301rieur et de la Recherche, M. Aboubaker Hassan Ali, son conseiller Technique, M. Mahdi Waberi Hassan, et le Directeur des Hydrocarbures, M. Wahib Ali Boulo.\r\n                <style type=\"text\/css\">\r\n                    \r\n                    #td_uid_1_69ec86cdb13ae  .td-doubleSlider-2 .td-item1 {\r\n                        background: url(https:\/\/static.africa-press.net\/djibouti\/sites\/52\/2023\/08\/sm_1690898318.246665-80x60.jpg) 0 0 no-repeat;\r\n                    }\r\n                    #td_uid_1_69ec86cdb13ae  .td-doubleSlider-2 .td-item2 {\r\n                        background: url(https:\/\/static.africa-press.net\/djibouti\/sites\/52\/2023\/08\/sm_1690898332.882435-80x60.jpg) 0 0 no-repeat;\r\n                    }\r\n                    #td_uid_1_69ec86cdb13ae  .td-doubleSlider-2 .td-item3 {\r\n                        background: url(https:\/\/static.africa-press.net\/djibouti\/sites\/52\/2023\/08\/sm_1690898344.667986-80x60.jpg) 0 0 no-repeat;\r\n                    }\r\n                    #td_uid_1_69ec86cdb13ae  .td-doubleSlider-2 .td-item4 {\r\n                        background: url(https:\/\/static.africa-press.net\/djibouti\/sites\/52\/2023\/08\/sm_1690898357.837803-80x60.jpg) 0 0 no-repeat;\r\n                    }\r\n                <\/style>\r\n\r\n                <div id=\"td_uid_1_69ec86cdb13ae\" class=\"td-gallery td-slide-on-2-columns\">\r\n                    <div class=\"post_td_gallery\">\r\n                        <div class=\"td-gallery-slide-top\">\r\n                           <div class=\"td-gallery-title\"><\/div>\r\n\r\n                            <div class=\"td-gallery-controls-wrapper\">\r\n                                <div class=\"td-gallery-slide-count\"><span class=\"td-gallery-slide-item-focus\">1<\/span> de 4<\/div>\r\n                                <div class=\"td-gallery-slide-prev-next-but\">\r\n                                    <i class = \"td-icon-left doubleSliderPrevButton\"><\/i>\r\n                                    <i class = \"td-icon-right doubleSliderNextButton\"><\/i>\r\n                                <\/div>\r\n                            <\/div>\r\n                        <\/div>\r\n\r\n                        <div class = \"td-doubleSlider-1 \">\r\n                            <div class = \"td-slider\">\r\n                                \r\n                    <div class = \"td-slide-item td-item1\">\r\n                        <figure class=\"td-slide-galery-figure td-slide-popup-gallery\">\r\n                            <a class=\"slide-gallery-image-link\" href=\"https:\/\/static.africa-press.net\/djibouti\/sites\/52\/2023\/08\/sm_1690898318.246665.jpg\" title=\"sm_1690898318.246665\"  data-caption=\"\"  data-description=\"\">\r\n                                <img decoding=\"async\" src=\"https:\/\/static.africa-press.net\/djibouti\/sites\/52\/2023\/08\/sm_1690898318.246665.jpg\" srcset=\"https:\/\/static.africa-press.net\/djibouti\/sites\/52\/2023\/08\/sm_1690898318.246665.jpg 1024w, https:\/\/static.africa-press.net\/djibouti\/sites\/52\/2023\/08\/sm_1690898318.246665-300x225.jpg 300w, https:\/\/static.africa-press.net\/djibouti\/sites\/52\/2023\/08\/sm_1690898318.246665-768x576.jpg 768w, https:\/\/static.africa-press.net\/djibouti\/sites\/52\/2023\/08\/sm_1690898318.246665-80x60.jpg 80w\" sizes=\"(max-width: 1024px) 100vw, 1024px\" alt=\"\">\r\n                            <\/a>\r\n                            \r\n                        <\/figure>\r\n                    <\/div>\r\n                    <div class = \"td-slide-item td-item2\">\r\n                        <figure class=\"td-slide-galery-figure td-slide-popup-gallery\">\r\n                            <a class=\"slide-gallery-image-link\" href=\"https:\/\/static.africa-press.net\/djibouti\/sites\/52\/2023\/08\/sm_1690898332.882435.jpg\" title=\"sm_1690898332.882435\"  data-caption=\"\"  data-description=\"\">\r\n                                <img decoding=\"async\" src=\"https:\/\/static.africa-press.net\/djibouti\/sites\/52\/2023\/08\/sm_1690898332.882435.jpg\" srcset=\"https:\/\/static.africa-press.net\/djibouti\/sites\/52\/2023\/08\/sm_1690898332.882435.jpg 1024w, https:\/\/static.africa-press.net\/djibouti\/sites\/52\/2023\/08\/sm_1690898332.882435-300x225.jpg 300w, https:\/\/static.africa-press.net\/djibouti\/sites\/52\/2023\/08\/sm_1690898332.882435-768x576.jpg 768w, https:\/\/static.africa-press.net\/djibouti\/sites\/52\/2023\/08\/sm_1690898332.882435-80x60.jpg 80w\" sizes=\"(max-width: 1024px) 100vw, 1024px\" alt=\"\">\r\n                            <\/a>\r\n                            \r\n                        <\/figure>\r\n                    <\/div>\r\n                    <div class = \"td-slide-item td-item3\">\r\n                        <figure class=\"td-slide-galery-figure td-slide-popup-gallery\">\r\n                            <a class=\"slide-gallery-image-link\" href=\"https:\/\/static.africa-press.net\/djibouti\/sites\/52\/2023\/08\/sm_1690898344.667986.jpg\" title=\"sm_1690898344.667986\"  data-caption=\"\"  data-description=\"\">\r\n                                <img decoding=\"async\" src=\"https:\/\/static.africa-press.net\/djibouti\/sites\/52\/2023\/08\/sm_1690898344.667986.jpg\" srcset=\"https:\/\/static.africa-press.net\/djibouti\/sites\/52\/2023\/08\/sm_1690898344.667986.jpg 1024w, https:\/\/static.africa-press.net\/djibouti\/sites\/52\/2023\/08\/sm_1690898344.667986-300x165.jpg 300w, https:\/\/static.africa-press.net\/djibouti\/sites\/52\/2023\/08\/sm_1690898344.667986-768x422.jpg 768w\" sizes=\"(max-width: 1024px) 100vw, 1024px\" alt=\"\">\r\n                            <\/a>\r\n                            \r\n                        <\/figure>\r\n                    <\/div>\r\n                    <div class = \"td-slide-item td-item4\">\r\n                        <figure class=\"td-slide-galery-figure td-slide-popup-gallery\">\r\n                            <a class=\"slide-gallery-image-link\" href=\"https:\/\/static.africa-press.net\/djibouti\/sites\/52\/2023\/08\/sm_1690898357.837803.jpg\" title=\"sm_1690898357.837803\"  data-caption=\"\"  data-description=\"\">\r\n                                <img decoding=\"async\" src=\"https:\/\/static.africa-press.net\/djibouti\/sites\/52\/2023\/08\/sm_1690898357.837803.jpg\" srcset=\"https:\/\/static.africa-press.net\/djibouti\/sites\/52\/2023\/08\/sm_1690898357.837803.jpg 1024w, https:\/\/static.africa-press.net\/djibouti\/sites\/52\/2023\/08\/sm_1690898357.837803-300x225.jpg 300w, https:\/\/static.africa-press.net\/djibouti\/sites\/52\/2023\/08\/sm_1690898357.837803-768x576.jpg 768w, https:\/\/static.africa-press.net\/djibouti\/sites\/52\/2023\/08\/sm_1690898357.837803-80x60.jpg 80w\" sizes=\"(max-width: 1024px) 100vw, 1024px\" alt=\"\">\r\n                            <\/a>\r\n                            \r\n                        <\/figure>\r\n                    <\/div>\r\n                            <\/div>\r\n                        <\/div>\r\n\r\n                        <div class = \"td-doubleSlider-2\">\r\n                            <div class = \"td-slider\">\r\n                                \r\n                    <div class = \"td-button td-item1\">\r\n                        <div class = \"td-border\"><\/div>\r\n                    <\/div>\r\n                    <div class = \"td-button td-item2\">\r\n                        <div class = \"td-border\"><\/div>\r\n                    <\/div>\r\n                    <div class = \"td-button td-item3\">\r\n                        <div class = \"td-border\"><\/div>\r\n                    <\/div>\r\n                    <div class = \"td-button td-item4\">\r\n                        <div class = \"td-border\"><\/div>\r\n                    <\/div>\r\n                            <\/div>\r\n                        <\/div>\r\n\r\n                    <\/div>\r\n\r\n                <\/div>\r\n                <\/p>\n<p><strong>Pour plus d&rsquo;informations et d&rsquo;analyses sur la <a href=\"https:\/\/www.africa-press.net\/djibouti\">Djibouti<\/a>, suivez <a href=\"https:\/\/www.africa-press.net\/\">Africa-Press<\/a><\/strong><\/p>\n","protected":false},"excerpt":{"rendered":"<p>Africa-Press &#8211; Djibouti. Apre\u0300s sa participation aux travaux du Forum Economique et Humanitaire a\u0300 Saint-Pe\u0301tersbourg, en Russie, le jeudi 27 juillet 2023, le ministre de l\u2019Energie, charge\u0301 des Ressources Naturelles, Yonis Ali Guedi, a pris part vendredi 28 juillet 2023, dans la me\u0302me ville, au 2e Sommet Russie-Afrique des chefs d\u2019Etat et de gouvernement, russe [&hellip;]<\/p>\n","protected":false},"author":82,"featured_media":16164,"comment_status":"open","ping_status":"closed","sticky":false,"template":"","format":"standard","meta":{"footnotes":""},"categories":[8,2,20,10],"tags":[36,49,50],"class_list":["post-16165","post","type-post","status-publish","format-standard","has-post-thumbnail","hentry","category-photo","category-politique","category-top-nouvelles","category-toutes-les-actualites","tag-africa-press","tag-africa-press-djibouti","tag-djibouti"],"yoast_head":"<!-- This site is optimized with the Yoast SEO Premium plugin v26.1 (Yoast SEO v27.0) - https:\/\/yoast.com\/product\/yoast-seo-premium-wordpress\/ -->\n<title>2e Sommet Russie-Afrique : Djibouti repr\u00e9sent\u00e9 par le ministre de l\u2019Energie charg\u00e9 des Ressources Naturelles - Djibouti<\/title>\n<meta name=\"robots\" content=\"index, follow, max-snippet:-1, max-image-preview:large, max-video-preview:-1\" \/>\n<link rel=\"canonical\" href=\"https:\/\/www.africa-press.net\/djibouti\/politique\/2e-sommet-russie-afrique-djibouti-represente-par-le-ministre-de-lenergie-charge-des-ressources-naturelles\" \/>\n<meta property=\"og:locale\" content=\"fr_FR\" \/>\n<meta property=\"og:type\" content=\"article\" \/>\n<meta property=\"og:title\" content=\"2e Sommet Russie-Afrique : Djibouti repr\u00e9sent\u00e9 par le ministre de l\u2019Energie charg\u00e9 des Ressources Naturelles\" \/>\n<meta property=\"og:description\" content=\"Africa-Press &#8211; Djibouti. Apre\u0300s sa participation aux travaux du Forum Economique et Humanitaire a\u0300 Saint-Pe\u0301tersbourg, en Russie, le jeudi 27 juillet 2023, le ministre de l\u2019Energie, charge\u0301 des Ressources Naturelles, Yonis Ali Guedi, a pris part vendredi 28 juillet 2023, dans la me\u0302me ville, au 2e Sommet Russie-Afrique des chefs d\u2019Etat et de gouvernement, russe [&hellip;]\" \/>\n<meta property=\"og:url\" content=\"https:\/\/www.africa-press.net\/djibouti\/politique\/2e-sommet-russie-afrique-djibouti-represente-par-le-ministre-de-lenergie-charge-des-ressources-naturelles\" \/>\n<meta property=\"og:site_name\" content=\"Djibouti\" \/>\n<meta property=\"article:published_time\" content=\"2023-08-01T16:41:16+00:00\" \/>\n<meta property=\"og:image\" content=\"https:\/\/static.africa-press.net\/djibouti\/sites\/52\/2023\/08\/sm_1690898318.246665.jpg\" \/>\n<meta name=\"author\" content=\"cfeditorfr\" \/>\n<meta name=\"twitter:card\" content=\"summary_large_image\" \/>\n<meta name=\"twitter:label1\" content=\"\u00c9crit par\" \/>\n\t<meta name=\"twitter:data1\" content=\"cfeditorfr\" \/>\n\t<meta name=\"twitter:label2\" content=\"Dur\u00e9e de lecture estim\u00e9e\" \/>\n\t<meta name=\"twitter:data2\" content=\"5 minutes\" \/>\n<script type=\"application\/ld+json\" class=\"yoast-schema-graph\">{\"@context\":\"https:\/\/schema.org\",\"@graph\":[{\"@type\":\"Article\",\"@id\":\"https:\/\/www.africa-press.net\/djibouti\/politique\/2e-sommet-russie-afrique-djibouti-represente-par-le-ministre-de-lenergie-charge-des-ressources-naturelles#article\",\"isPartOf\":{\"@id\":\"https:\/\/www.africa-press.net\/djibouti\/politique\/2e-sommet-russie-afrique-djibouti-represente-par-le-ministre-de-lenergie-charge-des-ressources-naturelles\"},\"author\":{\"name\":\"cfeditorfr\",\"@id\":\"https:\/\/www.africa-press.net\/djibouti\/#\/schema\/person\/2b1cf3cd81a31e3cd26889ca66d677f1\"},\"headline\":\"2e Sommet Russie-Afrique : Djibouti repr\u00e9sent\u00e9 par le ministre de l\u2019Energie charg\u00e9 des Ressources Naturelles\",\"datePublished\":\"2023-08-01T16:41:16+00:00\",\"mainEntityOfPage\":{\"@id\":\"https:\/\/www.africa-press.net\/djibouti\/politique\/2e-sommet-russie-afrique-djibouti-represente-par-le-ministre-de-lenergie-charge-des-ressources-naturelles\"},\"wordCount\":1082,\"commentCount\":0,\"image\":{\"@id\":\"https:\/\/www.africa-press.net\/djibouti\/politique\/2e-sommet-russie-afrique-djibouti-represente-par-le-ministre-de-lenergie-charge-des-ressources-naturelles#primaryimage\"},\"thumbnailUrl\":\"https:\/\/static.africa-press.net\/djibouti\/sites\/52\/2023\/08\/sm_1690898368.677948.jpg\",\"keywords\":[\"Africa Press\",\"Africa Press-Djibouti\",\"Djibouti\"],\"articleSection\":[\"Photo\",\"Politique\",\"Top Nouvelles\",\"Toutes les actualit\u00e9s\"],\"inLanguage\":\"fr-FR\",\"potentialAction\":[{\"@type\":\"CommentAction\",\"name\":\"Comment\",\"target\":[\"https:\/\/www.africa-press.net\/djibouti\/politique\/2e-sommet-russie-afrique-djibouti-represente-par-le-ministre-de-lenergie-charge-des-ressources-naturelles#respond\"]}]},{\"@type\":\"WebPage\",\"@id\":\"https:\/\/www.africa-press.net\/djibouti\/politique\/2e-sommet-russie-afrique-djibouti-represente-par-le-ministre-de-lenergie-charge-des-ressources-naturelles\",\"url\":\"https:\/\/www.africa-press.net\/djibouti\/politique\/2e-sommet-russie-afrique-djibouti-represente-par-le-ministre-de-lenergie-charge-des-ressources-naturelles\",\"name\":\"2e Sommet Russie-Afrique : Djibouti repr\u00e9sent\u00e9 par le ministre de l\u2019Energie charg\u00e9 des Ressources Naturelles - Djibouti\",\"isPartOf\":{\"@id\":\"https:\/\/www.africa-press.net\/djibouti\/#website\"},\"primaryImageOfPage\":{\"@id\":\"https:\/\/www.africa-press.net\/djibouti\/politique\/2e-sommet-russie-afrique-djibouti-represente-par-le-ministre-de-lenergie-charge-des-ressources-naturelles#primaryimage\"},\"image\":{\"@id\":\"https:\/\/www.africa-press.net\/djibouti\/politique\/2e-sommet-russie-afrique-djibouti-represente-par-le-ministre-de-lenergie-charge-des-ressources-naturelles#primaryimage\"},\"thumbnailUrl\":\"https:\/\/static.africa-press.net\/djibouti\/sites\/52\/2023\/08\/sm_1690898368.677948.jpg\",\"datePublished\":\"2023-08-01T16:41:16+00:00\",\"author\":{\"@id\":\"https:\/\/www.africa-press.net\/djibouti\/#\/schema\/person\/2b1cf3cd81a31e3cd26889ca66d677f1\"},\"breadcrumb\":{\"@id\":\"https:\/\/www.africa-press.net\/djibouti\/politique\/2e-sommet-russie-afrique-djibouti-represente-par-le-ministre-de-lenergie-charge-des-ressources-naturelles#breadcrumb\"},\"inLanguage\":\"fr-FR\",\"potentialAction\":[{\"@type\":\"ReadAction\",\"target\":[\"https:\/\/www.africa-press.net\/djibouti\/politique\/2e-sommet-russie-afrique-djibouti-represente-par-le-ministre-de-lenergie-charge-des-ressources-naturelles\"]}]},{\"@type\":\"ImageObject\",\"inLanguage\":\"fr-FR\",\"@id\":\"https:\/\/www.africa-press.net\/djibouti\/politique\/2e-sommet-russie-afrique-djibouti-represente-par-le-ministre-de-lenergie-charge-des-ressources-naturelles#primaryimage\",\"url\":\"https:\/\/static.africa-press.net\/djibouti\/sites\/52\/2023\/08\/sm_1690898368.677948.jpg\",\"contentUrl\":\"https:\/\/static.africa-press.net\/djibouti\/sites\/52\/2023\/08\/sm_1690898368.677948.jpg\",\"width\":1280,\"height\":720,\"caption\":\"2e Sommet Russie-Afrique : Djibouti repr\u00e9sent\u00e9 par le ministre de l\u2019Energie charg\u00e9 des Ressources Naturelles\"},{\"@type\":\"BreadcrumbList\",\"@id\":\"https:\/\/www.africa-press.net\/djibouti\/politique\/2e-sommet-russie-afrique-djibouti-represente-par-le-ministre-de-lenergie-charge-des-ressources-naturelles#breadcrumb\",\"itemListElement\":[{\"@type\":\"ListItem\",\"position\":1,\"name\":\"Accueil\",\"item\":\"https:\/\/www.africa-press.net\/djibouti\/\"},{\"@type\":\"ListItem\",\"position\":2,\"name\":\"2e Sommet Russie-Afrique : Djibouti repr\u00e9sent\u00e9 par le ministre de l\u2019Energie charg\u00e9 des Ressources Naturelles\"}]},{\"@type\":\"WebSite\",\"@id\":\"https:\/\/www.africa-press.net\/djibouti\/#website\",\"url\":\"https:\/\/www.africa-press.net\/djibouti\/\",\"name\":\"Djibouti\",\"description\":\"Just another Africa News Agency Sites site\",\"potentialAction\":[{\"@type\":\"SearchAction\",\"target\":{\"@type\":\"EntryPoint\",\"urlTemplate\":\"https:\/\/www.africa-press.net\/djibouti\/?s={search_term_string}\"},\"query-input\":{\"@type\":\"PropertyValueSpecification\",\"valueRequired\":true,\"valueName\":\"search_term_string\"}}],\"inLanguage\":\"fr-FR\"},{\"@type\":\"Person\",\"@id\":\"https:\/\/www.africa-press.net\/djibouti\/#\/schema\/person\/2b1cf3cd81a31e3cd26889ca66d677f1\",\"name\":\"cfeditorfr\"}]}<\/script>\n<!-- \/ Yoast SEO Premium plugin. -->","yoast_head_json":{"title":"2e Sommet Russie-Afrique : Djibouti repr\u00e9sent\u00e9 par le ministre de l\u2019Energie charg\u00e9 des Ressources Naturelles - Djibouti","robots":{"index":"index","follow":"follow","max-snippet":"max-snippet:-1","max-image-preview":"max-image-preview:large","max-video-preview":"max-video-preview:-1"},"canonical":"https:\/\/www.africa-press.net\/djibouti\/politique\/2e-sommet-russie-afrique-djibouti-represente-par-le-ministre-de-lenergie-charge-des-ressources-naturelles","og_locale":"fr_FR","og_type":"article","og_title":"2e Sommet Russie-Afrique : Djibouti repr\u00e9sent\u00e9 par le ministre de l\u2019Energie charg\u00e9 des Ressources Naturelles","og_description":"Africa-Press &#8211; Djibouti. Apre\u0300s sa participation aux travaux du Forum Economique et Humanitaire a\u0300 Saint-Pe\u0301tersbourg, en Russie, le jeudi 27 juillet 2023, le ministre de l\u2019Energie, charge\u0301 des Ressources Naturelles, Yonis Ali Guedi, a pris part vendredi 28 juillet 2023, dans la me\u0302me ville, au 2e Sommet Russie-Afrique des chefs d\u2019Etat et de gouvernement, russe [&hellip;]","og_url":"https:\/\/www.africa-press.net\/djibouti\/politique\/2e-sommet-russie-afrique-djibouti-represente-par-le-ministre-de-lenergie-charge-des-ressources-naturelles","og_site_name":"Djibouti","article_published_time":"2023-08-01T16:41:16+00:00","og_image":[{"url":"https:\/\/static.africa-press.net\/djibouti\/sites\/52\/2023\/08\/sm_1690898318.246665.jpg","type":"","width":"","height":""}],"author":"cfeditorfr","twitter_card":"summary_large_image","twitter_misc":{"\u00c9crit par":"cfeditorfr","Dur\u00e9e de lecture estim\u00e9e":"5 minutes"},"schema":{"@context":"https:\/\/schema.org","@graph":[{"@type":"Article","@id":"https:\/\/www.africa-press.net\/djibouti\/politique\/2e-sommet-russie-afrique-djibouti-represente-par-le-ministre-de-lenergie-charge-des-ressources-naturelles#article","isPartOf":{"@id":"https:\/\/www.africa-press.net\/djibouti\/politique\/2e-sommet-russie-afrique-djibouti-represente-par-le-ministre-de-lenergie-charge-des-ressources-naturelles"},"author":{"name":"cfeditorfr","@id":"https:\/\/www.africa-press.net\/djibouti\/#\/schema\/person\/2b1cf3cd81a31e3cd26889ca66d677f1"},"headline":"2e Sommet Russie-Afrique : Djibouti repr\u00e9sent\u00e9 par le ministre de l\u2019Energie charg\u00e9 des Ressources Naturelles","datePublished":"2023-08-01T16:41:16+00:00","mainEntityOfPage":{"@id":"https:\/\/www.africa-press.net\/djibouti\/politique\/2e-sommet-russie-afrique-djibouti-represente-par-le-ministre-de-lenergie-charge-des-ressources-naturelles"},"wordCount":1082,"commentCount":0,"image":{"@id":"https:\/\/www.africa-press.net\/djibouti\/politique\/2e-sommet-russie-afrique-djibouti-represente-par-le-ministre-de-lenergie-charge-des-ressources-naturelles#primaryimage"},"thumbnailUrl":"https:\/\/static.africa-press.net\/djibouti\/sites\/52\/2023\/08\/sm_1690898368.677948.jpg","keywords":["Africa Press","Africa Press-Djibouti","Djibouti"],"articleSection":["Photo","Politique","Top Nouvelles","Toutes les actualit\u00e9s"],"inLanguage":"fr-FR","potentialAction":[{"@type":"CommentAction","name":"Comment","target":["https:\/\/www.africa-press.net\/djibouti\/politique\/2e-sommet-russie-afrique-djibouti-represente-par-le-ministre-de-lenergie-charge-des-ressources-naturelles#respond"]}]},{"@type":"WebPage","@id":"https:\/\/www.africa-press.net\/djibouti\/politique\/2e-sommet-russie-afrique-djibouti-represente-par-le-ministre-de-lenergie-charge-des-ressources-naturelles","url":"https:\/\/www.africa-press.net\/djibouti\/politique\/2e-sommet-russie-afrique-djibouti-represente-par-le-ministre-de-lenergie-charge-des-ressources-naturelles","name":"2e Sommet Russie-Afrique : Djibouti repr\u00e9sent\u00e9 par le ministre de l\u2019Energie charg\u00e9 des Ressources Naturelles - Djibouti","isPartOf":{"@id":"https:\/\/www.africa-press.net\/djibouti\/#website"},"primaryImageOfPage":{"@id":"https:\/\/www.africa-press.net\/djibouti\/politique\/2e-sommet-russie-afrique-djibouti-represente-par-le-ministre-de-lenergie-charge-des-ressources-naturelles#primaryimage"},"image":{"@id":"https:\/\/www.africa-press.net\/djibouti\/politique\/2e-sommet-russie-afrique-djibouti-represente-par-le-ministre-de-lenergie-charge-des-ressources-naturelles#primaryimage"},"thumbnailUrl":"https:\/\/static.africa-press.net\/djibouti\/sites\/52\/2023\/08\/sm_1690898368.677948.jpg","datePublished":"2023-08-01T16:41:16+00:00","author":{"@id":"https:\/\/www.africa-press.net\/djibouti\/#\/schema\/person\/2b1cf3cd81a31e3cd26889ca66d677f1"},"breadcrumb":{"@id":"https:\/\/www.africa-press.net\/djibouti\/politique\/2e-sommet-russie-afrique-djibouti-represente-par-le-ministre-de-lenergie-charge-des-ressources-naturelles#breadcrumb"},"inLanguage":"fr-FR","potentialAction":[{"@type":"ReadAction","target":["https:\/\/www.africa-press.net\/djibouti\/politique\/2e-sommet-russie-afrique-djibouti-represente-par-le-ministre-de-lenergie-charge-des-ressources-naturelles"]}]},{"@type":"ImageObject","inLanguage":"fr-FR","@id":"https:\/\/www.africa-press.net\/djibouti\/politique\/2e-sommet-russie-afrique-djibouti-represente-par-le-ministre-de-lenergie-charge-des-ressources-naturelles#primaryimage","url":"https:\/\/static.africa-press.net\/djibouti\/sites\/52\/2023\/08\/sm_1690898368.677948.jpg","contentUrl":"https:\/\/static.africa-press.net\/djibouti\/sites\/52\/2023\/08\/sm_1690898368.677948.jpg","width":1280,"height":720,"caption":"2e Sommet Russie-Afrique : Djibouti repr\u00e9sent\u00e9 par le ministre de l\u2019Energie charg\u00e9 des Ressources Naturelles"},{"@type":"BreadcrumbList","@id":"https:\/\/www.africa-press.net\/djibouti\/politique\/2e-sommet-russie-afrique-djibouti-represente-par-le-ministre-de-lenergie-charge-des-ressources-naturelles#breadcrumb","itemListElement":[{"@type":"ListItem","position":1,"name":"Accueil","item":"https:\/\/www.africa-press.net\/djibouti\/"},{"@type":"ListItem","position":2,"name":"2e Sommet Russie-Afrique : Djibouti repr\u00e9sent\u00e9 par le ministre de l\u2019Energie charg\u00e9 des Ressources Naturelles"}]},{"@type":"WebSite","@id":"https:\/\/www.africa-press.net\/djibouti\/#website","url":"https:\/\/www.africa-press.net\/djibouti\/","name":"Djibouti","description":"Just another Africa News Agency Sites site","potentialAction":[{"@type":"SearchAction","target":{"@type":"EntryPoint","urlTemplate":"https:\/\/www.africa-press.net\/djibouti\/?s={search_term_string}"},"query-input":{"@type":"PropertyValueSpecification","valueRequired":true,"valueName":"search_term_string"}}],"inLanguage":"fr-FR"},{"@type":"Person","@id":"https:\/\/www.africa-press.net\/djibouti\/#\/schema\/person\/2b1cf3cd81a31e3cd26889ca66d677f1","name":"cfeditorfr"}]}},"_links":{"self":[{"href":"https:\/\/www.africa-press.net\/djibouti\/wp-json\/wp\/v2\/posts\/16165","targetHints":{"allow":["GET"]}}],"collection":[{"href":"https:\/\/www.africa-press.net\/djibouti\/wp-json\/wp\/v2\/posts"}],"about":[{"href":"https:\/\/www.africa-press.net\/djibouti\/wp-json\/wp\/v2\/types\/post"}],"author":[{"embeddable":true,"href":"https:\/\/www.africa-press.net\/djibouti\/wp-json\/wp\/v2\/users\/82"}],"replies":[{"embeddable":true,"href":"https:\/\/www.africa-press.net\/djibouti\/wp-json\/wp\/v2\/comments?post=16165"}],"version-history":[{"count":0,"href":"https:\/\/www.africa-press.net\/djibouti\/wp-json\/wp\/v2\/posts\/16165\/revisions"}],"wp:featuredmedia":[{"embeddable":true,"href":"https:\/\/www.africa-press.net\/djibouti\/wp-json\/wp\/v2\/media\/16164"}],"wp:attachment":[{"href":"https:\/\/www.africa-press.net\/djibouti\/wp-json\/wp\/v2\/media?parent=16165"}],"wp:term":[{"taxonomy":"category","embeddable":true,"href":"https:\/\/www.africa-press.net\/djibouti\/wp-json\/wp\/v2\/categories?post=16165"},{"taxonomy":"post_tag","embeddable":true,"href":"https:\/\/www.africa-press.net\/djibouti\/wp-json\/wp\/v2\/tags?post=16165"}],"curies":[{"name":"wp","href":"https:\/\/api.w.org\/{rel}","templated":true}]}}