{"id":16371,"date":"2023-08-07T17:53:41","date_gmt":"2023-08-07T17:53:41","guid":{"rendered":"https:\/\/www.africa-press.net\/djibouti\/politique\/session-de-sensibilisation-au-profit-des-femmes-leaders-communautaires"},"modified":"2023-08-08T11:46:15","modified_gmt":"2023-08-08T11:46:15","slug":"session-de-sensibilisation-au-profit-des-femmes-leaders-communautaires","status":"publish","type":"post","link":"https:\/\/www.africa-press.net\/djibouti\/toutes-les-actualites\/session-de-sensibilisation-au-profit-des-femmes-leaders-communautaires","title":{"rendered":"Session de sensibilisation au profit des femmes leaders communautaires"},"content":{"rendered":"<p><span style=\"color: #ff6600\"><strong>Africa-Press &#8211; Djibouti. <\/strong><\/span>Le ministe\u0300re de la sante\u0301 en collaboration avec le FNUAP a organise\u0301 le l31 juillet une session de sensibilisation en faveur des leaders communautaires pour de\u0301sengorger les maternite\u0301s et renforcer les fre\u0301quentations au niveau des polycliniques.<\/p>\n<p>La session de sensibilisation a vu la participation des associations des femmes ainsi que des cadres ministe\u0300res de la sante\u0301. Les leaders communautaires sont implique\u0301s dans l\u2019orientation des femmes enceintes vers les polycliniques qui offrent des prestations de soins et d\u2019accouchement de qualite\u0301.<\/p>\n<p><strong>Pour plus d&rsquo;informations et d&rsquo;analyses sur la <a href=\"https:\/\/www.africa-press.net\/djibouti\">Djibouti<\/a>, suivez <a href=\"https:\/\/www.africa-press.net\/\">Africa-Press<\/a><\/strong><\/p>\n","protected":false},"excerpt":{"rendered":"<p>Africa-Press &#8211; Djibouti. Le ministe\u0300re de la sante\u0301 en collaboration avec le FNUAP a organise\u0301 le l31 juillet une session de sensibilisation en faveur des leaders communautaires pour de\u0301sengorger les maternite\u0301s et renforcer les fre\u0301quentations au niveau des polycliniques. La session de sensibilisation a vu la participation des associations des femmes ainsi que des cadres [&hellip;]<\/p>\n","protected":false},"author":82,"featured_media":16370,"comment_status":"open","ping_status":"closed","sticky":false,"template":"","format":"standard","meta":{"footnotes":""},"categories":[21,10],"tags":[36,49,50],"class_list":["post-16371","post","type-post","status-publish","format-standard","has-post-thumbnail","hentry","category-communaute","category-toutes-les-actualites","tag-africa-press","tag-africa-press-djibouti","tag-djibouti"],"yoast_head":"<!-- This site is optimized with the Yoast SEO Premium plugin v26.1 (Yoast SEO v27.0) - https:\/\/yoast.com\/product\/yoast-seo-premium-wordpress\/ -->\n<title>Session de sensibilisation au profit des femmes leaders communautaires - Djibouti<\/title>\n<meta name=\"description\" content=\"Le ministe\u0300re de la sante\u0301 en collaboration avec le FNUAP a organise\u0301 le l31 juillet une session de sensibilisation en f ...\" \/>\n<meta name=\"robots\" content=\"index, follow, max-snippet:-1, max-image-preview:large, max-video-preview:-1\" \/>\n<link rel=\"canonical\" href=\"https:\/\/www.africa-press.net\/djibouti\/toutes-les-actualites\/session-de-sensibilisation-au-profit-des-femmes-leaders-communautaires\" \/>\n<meta property=\"og:locale\" content=\"fr_FR\" \/>\n<meta property=\"og:type\" content=\"article\" \/>\n<meta property=\"og:title\" content=\"Session de sensibilisation au profit des femmes leaders communautaires\" \/>\n<meta property=\"og:description\" content=\"Le ministe\u0300re de la sante\u0301 en collaboration avec le FNUAP a organise\u0301 le l31 juillet une session de sensibilisation en f ...\" \/>\n<meta property=\"og:url\" content=\"https:\/\/www.africa-press.net\/djibouti\/toutes-les-actualites\/session-de-sensibilisation-au-profit-des-femmes-leaders-communautaires\" \/>\n<meta property=\"og:site_name\" content=\"Djibouti\" \/>\n<meta property=\"article:published_time\" content=\"2023-08-07T17:53:41+00:00\" \/>\n<meta property=\"article:modified_time\" content=\"2023-08-08T11:46:15+00:00\" \/>\n<meta property=\"og:image\" content=\"https:\/\/static.africa-press.net\/djibouti\/sites\/52\/2023\/08\/sm_1691419065.946469.jpg\" \/>\n\t<meta property=\"og:image:width\" content=\"720\" \/>\n\t<meta property=\"og:image:height\" content=\"407\" \/>\n\t<meta property=\"og:image:type\" content=\"image\/jpeg\" \/>\n<meta name=\"author\" content=\"cfeditorfr\" \/>\n<meta name=\"twitter:card\" content=\"summary_large_image\" \/>\n<meta name=\"twitter:label1\" content=\"\u00c9crit par\" \/>\n\t<meta name=\"twitter:data1\" content=\"cfeditorfr\" \/>\n\t<meta name=\"twitter:label2\" content=\"Dur\u00e9e de lecture estim\u00e9e\" \/>\n\t<meta name=\"twitter:data2\" content=\"1 minute\" \/>\n<script type=\"application\/ld+json\" class=\"yoast-schema-graph\">{\"@context\":\"https:\/\/schema.org\",\"@graph\":[{\"@type\":\"Article\",\"@id\":\"https:\/\/www.africa-press.net\/djibouti\/toutes-les-actualites\/session-de-sensibilisation-au-profit-des-femmes-leaders-communautaires#article\",\"isPartOf\":{\"@id\":\"https:\/\/www.africa-press.net\/djibouti\/toutes-les-actualites\/session-de-sensibilisation-au-profit-des-femmes-leaders-communautaires\"},\"author\":{\"name\":\"cfeditorfr\",\"@id\":\"https:\/\/www.africa-press.net\/djibouti\/#\/schema\/person\/2b1cf3cd81a31e3cd26889ca66d677f1\"},\"headline\":\"Session de sensibilisation au profit des femmes leaders communautaires\",\"datePublished\":\"2023-08-07T17:53:41+00:00\",\"dateModified\":\"2023-08-08T11:46:15+00:00\",\"mainEntityOfPage\":{\"@id\":\"https:\/\/www.africa-press.net\/djibouti\/toutes-les-actualites\/session-de-sensibilisation-au-profit-des-femmes-leaders-communautaires\"},\"wordCount\":111,\"commentCount\":0,\"image\":{\"@id\":\"https:\/\/www.africa-press.net\/djibouti\/toutes-les-actualites\/session-de-sensibilisation-au-profit-des-femmes-leaders-communautaires#primaryimage\"},\"thumbnailUrl\":\"https:\/\/static.africa-press.net\/djibouti\/sites\/52\/2023\/08\/sm_1691419065.946469.jpg\",\"keywords\":[\"Africa Press\",\"Africa Press-Djibouti\",\"Djibouti\"],\"articleSection\":[\"Communaut\u00e9\",\"Toutes les actualit\u00e9s\"],\"inLanguage\":\"fr-FR\",\"potentialAction\":[{\"@type\":\"CommentAction\",\"name\":\"Comment\",\"target\":[\"https:\/\/www.africa-press.net\/djibouti\/toutes-les-actualites\/session-de-sensibilisation-au-profit-des-femmes-leaders-communautaires#respond\"]}]},{\"@type\":\"WebPage\",\"@id\":\"https:\/\/www.africa-press.net\/djibouti\/toutes-les-actualites\/session-de-sensibilisation-au-profit-des-femmes-leaders-communautaires\",\"url\":\"https:\/\/www.africa-press.net\/djibouti\/toutes-les-actualites\/session-de-sensibilisation-au-profit-des-femmes-leaders-communautaires\",\"name\":\"Session de sensibilisation au profit des femmes leaders communautaires - Djibouti\",\"isPartOf\":{\"@id\":\"https:\/\/www.africa-press.net\/djibouti\/#website\"},\"primaryImageOfPage\":{\"@id\":\"https:\/\/www.africa-press.net\/djibouti\/toutes-les-actualites\/session-de-sensibilisation-au-profit-des-femmes-leaders-communautaires#primaryimage\"},\"image\":{\"@id\":\"https:\/\/www.africa-press.net\/djibouti\/toutes-les-actualites\/session-de-sensibilisation-au-profit-des-femmes-leaders-communautaires#primaryimage\"},\"thumbnailUrl\":\"https:\/\/static.africa-press.net\/djibouti\/sites\/52\/2023\/08\/sm_1691419065.946469.jpg\",\"datePublished\":\"2023-08-07T17:53:41+00:00\",\"dateModified\":\"2023-08-08T11:46:15+00:00\",\"author\":{\"@id\":\"https:\/\/www.africa-press.net\/djibouti\/#\/schema\/person\/2b1cf3cd81a31e3cd26889ca66d677f1\"},\"description\":\"Le ministe\u0300re de la sante\u0301 en collaboration avec le FNUAP a organise\u0301 le l31 juillet une session de sensibilisation en f ...\",\"breadcrumb\":{\"@id\":\"https:\/\/www.africa-press.net\/djibouti\/toutes-les-actualites\/session-de-sensibilisation-au-profit-des-femmes-leaders-communautaires#breadcrumb\"},\"inLanguage\":\"fr-FR\",\"potentialAction\":[{\"@type\":\"ReadAction\",\"target\":[\"https:\/\/www.africa-press.net\/djibouti\/toutes-les-actualites\/session-de-sensibilisation-au-profit-des-femmes-leaders-communautaires\"]}]},{\"@type\":\"ImageObject\",\"inLanguage\":\"fr-FR\",\"@id\":\"https:\/\/www.africa-press.net\/djibouti\/toutes-les-actualites\/session-de-sensibilisation-au-profit-des-femmes-leaders-communautaires#primaryimage\",\"url\":\"https:\/\/static.africa-press.net\/djibouti\/sites\/52\/2023\/08\/sm_1691419065.946469.jpg\",\"contentUrl\":\"https:\/\/static.africa-press.net\/djibouti\/sites\/52\/2023\/08\/sm_1691419065.946469.jpg\",\"width\":720,\"height\":407,\"caption\":\"Session de sensibilisation au profit des femmes leaders communautaires\"},{\"@type\":\"BreadcrumbList\",\"@id\":\"https:\/\/www.africa-press.net\/djibouti\/toutes-les-actualites\/session-de-sensibilisation-au-profit-des-femmes-leaders-communautaires#breadcrumb\",\"itemListElement\":[{\"@type\":\"ListItem\",\"position\":1,\"name\":\"Accueil\",\"item\":\"https:\/\/www.africa-press.net\/djibouti\/\"},{\"@type\":\"ListItem\",\"position\":2,\"name\":\"Session de sensibilisation au profit des femmes leaders communautaires\"}]},{\"@type\":\"WebSite\",\"@id\":\"https:\/\/www.africa-press.net\/djibouti\/#website\",\"url\":\"https:\/\/www.africa-press.net\/djibouti\/\",\"name\":\"Djibouti\",\"description\":\"Just another Africa News Agency Sites site\",\"potentialAction\":[{\"@type\":\"SearchAction\",\"target\":{\"@type\":\"EntryPoint\",\"urlTemplate\":\"https:\/\/www.africa-press.net\/djibouti\/?s={search_term_string}\"},\"query-input\":{\"@type\":\"PropertyValueSpecification\",\"valueRequired\":true,\"valueName\":\"search_term_string\"}}],\"inLanguage\":\"fr-FR\"},{\"@type\":\"Person\",\"@id\":\"https:\/\/www.africa-press.net\/djibouti\/#\/schema\/person\/2b1cf3cd81a31e3cd26889ca66d677f1\",\"name\":\"cfeditorfr\"}]}<\/script>\n<!-- \/ Yoast SEO Premium plugin. -->","yoast_head_json":{"title":"Session de sensibilisation au profit des femmes leaders communautaires - Djibouti","description":"Le ministe\u0300re de la sante\u0301 en collaboration avec le FNUAP a organise\u0301 le l31 juillet une session de sensibilisation en f ...","robots":{"index":"index","follow":"follow","max-snippet":"max-snippet:-1","max-image-preview":"max-image-preview:large","max-video-preview":"max-video-preview:-1"},"canonical":"https:\/\/www.africa-press.net\/djibouti\/toutes-les-actualites\/session-de-sensibilisation-au-profit-des-femmes-leaders-communautaires","og_locale":"fr_FR","og_type":"article","og_title":"Session de sensibilisation au profit des femmes leaders communautaires","og_description":"Le ministe\u0300re de la sante\u0301 en collaboration avec le FNUAP a organise\u0301 le l31 juillet une session de sensibilisation en f ...","og_url":"https:\/\/www.africa-press.net\/djibouti\/toutes-les-actualites\/session-de-sensibilisation-au-profit-des-femmes-leaders-communautaires","og_site_name":"Djibouti","article_published_time":"2023-08-07T17:53:41+00:00","article_modified_time":"2023-08-08T11:46:15+00:00","og_image":[{"width":720,"height":407,"url":"https:\/\/static.africa-press.net\/djibouti\/sites\/52\/2023\/08\/sm_1691419065.946469.jpg","type":"image\/jpeg"}],"author":"cfeditorfr","twitter_card":"summary_large_image","twitter_misc":{"\u00c9crit par":"cfeditorfr","Dur\u00e9e de lecture estim\u00e9e":"1 minute"},"schema":{"@context":"https:\/\/schema.org","@graph":[{"@type":"Article","@id":"https:\/\/www.africa-press.net\/djibouti\/toutes-les-actualites\/session-de-sensibilisation-au-profit-des-femmes-leaders-communautaires#article","isPartOf":{"@id":"https:\/\/www.africa-press.net\/djibouti\/toutes-les-actualites\/session-de-sensibilisation-au-profit-des-femmes-leaders-communautaires"},"author":{"name":"cfeditorfr","@id":"https:\/\/www.africa-press.net\/djibouti\/#\/schema\/person\/2b1cf3cd81a31e3cd26889ca66d677f1"},"headline":"Session de sensibilisation au profit des femmes leaders communautaires","datePublished":"2023-08-07T17:53:41+00:00","dateModified":"2023-08-08T11:46:15+00:00","mainEntityOfPage":{"@id":"https:\/\/www.africa-press.net\/djibouti\/toutes-les-actualites\/session-de-sensibilisation-au-profit-des-femmes-leaders-communautaires"},"wordCount":111,"commentCount":0,"image":{"@id":"https:\/\/www.africa-press.net\/djibouti\/toutes-les-actualites\/session-de-sensibilisation-au-profit-des-femmes-leaders-communautaires#primaryimage"},"thumbnailUrl":"https:\/\/static.africa-press.net\/djibouti\/sites\/52\/2023\/08\/sm_1691419065.946469.jpg","keywords":["Africa Press","Africa Press-Djibouti","Djibouti"],"articleSection":["Communaut\u00e9","Toutes les actualit\u00e9s"],"inLanguage":"fr-FR","potentialAction":[{"@type":"CommentAction","name":"Comment","target":["https:\/\/www.africa-press.net\/djibouti\/toutes-les-actualites\/session-de-sensibilisation-au-profit-des-femmes-leaders-communautaires#respond"]}]},{"@type":"WebPage","@id":"https:\/\/www.africa-press.net\/djibouti\/toutes-les-actualites\/session-de-sensibilisation-au-profit-des-femmes-leaders-communautaires","url":"https:\/\/www.africa-press.net\/djibouti\/toutes-les-actualites\/session-de-sensibilisation-au-profit-des-femmes-leaders-communautaires","name":"Session de sensibilisation au profit des femmes leaders communautaires - Djibouti","isPartOf":{"@id":"https:\/\/www.africa-press.net\/djibouti\/#website"},"primaryImageOfPage":{"@id":"https:\/\/www.africa-press.net\/djibouti\/toutes-les-actualites\/session-de-sensibilisation-au-profit-des-femmes-leaders-communautaires#primaryimage"},"image":{"@id":"https:\/\/www.africa-press.net\/djibouti\/toutes-les-actualites\/session-de-sensibilisation-au-profit-des-femmes-leaders-communautaires#primaryimage"},"thumbnailUrl":"https:\/\/static.africa-press.net\/djibouti\/sites\/52\/2023\/08\/sm_1691419065.946469.jpg","datePublished":"2023-08-07T17:53:41+00:00","dateModified":"2023-08-08T11:46:15+00:00","author":{"@id":"https:\/\/www.africa-press.net\/djibouti\/#\/schema\/person\/2b1cf3cd81a31e3cd26889ca66d677f1"},"description":"Le ministe\u0300re de la sante\u0301 en collaboration avec le FNUAP a organise\u0301 le l31 juillet une session de sensibilisation en f ...","breadcrumb":{"@id":"https:\/\/www.africa-press.net\/djibouti\/toutes-les-actualites\/session-de-sensibilisation-au-profit-des-femmes-leaders-communautaires#breadcrumb"},"inLanguage":"fr-FR","potentialAction":[{"@type":"ReadAction","target":["https:\/\/www.africa-press.net\/djibouti\/toutes-les-actualites\/session-de-sensibilisation-au-profit-des-femmes-leaders-communautaires"]}]},{"@type":"ImageObject","inLanguage":"fr-FR","@id":"https:\/\/www.africa-press.net\/djibouti\/toutes-les-actualites\/session-de-sensibilisation-au-profit-des-femmes-leaders-communautaires#primaryimage","url":"https:\/\/static.africa-press.net\/djibouti\/sites\/52\/2023\/08\/sm_1691419065.946469.jpg","contentUrl":"https:\/\/static.africa-press.net\/djibouti\/sites\/52\/2023\/08\/sm_1691419065.946469.jpg","width":720,"height":407,"caption":"Session de sensibilisation au profit des femmes leaders communautaires"},{"@type":"BreadcrumbList","@id":"https:\/\/www.africa-press.net\/djibouti\/toutes-les-actualites\/session-de-sensibilisation-au-profit-des-femmes-leaders-communautaires#breadcrumb","itemListElement":[{"@type":"ListItem","position":1,"name":"Accueil","item":"https:\/\/www.africa-press.net\/djibouti\/"},{"@type":"ListItem","position":2,"name":"Session de sensibilisation au profit des femmes leaders communautaires"}]},{"@type":"WebSite","@id":"https:\/\/www.africa-press.net\/djibouti\/#website","url":"https:\/\/www.africa-press.net\/djibouti\/","name":"Djibouti","description":"Just another Africa News Agency Sites site","potentialAction":[{"@type":"SearchAction","target":{"@type":"EntryPoint","urlTemplate":"https:\/\/www.africa-press.net\/djibouti\/?s={search_term_string}"},"query-input":{"@type":"PropertyValueSpecification","valueRequired":true,"valueName":"search_term_string"}}],"inLanguage":"fr-FR"},{"@type":"Person","@id":"https:\/\/www.africa-press.net\/djibouti\/#\/schema\/person\/2b1cf3cd81a31e3cd26889ca66d677f1","name":"cfeditorfr"}]}},"_links":{"self":[{"href":"https:\/\/www.africa-press.net\/djibouti\/wp-json\/wp\/v2\/posts\/16371","targetHints":{"allow":["GET"]}}],"collection":[{"href":"https:\/\/www.africa-press.net\/djibouti\/wp-json\/wp\/v2\/posts"}],"about":[{"href":"https:\/\/www.africa-press.net\/djibouti\/wp-json\/wp\/v2\/types\/post"}],"author":[{"embeddable":true,"href":"https:\/\/www.africa-press.net\/djibouti\/wp-json\/wp\/v2\/users\/82"}],"replies":[{"embeddable":true,"href":"https:\/\/www.africa-press.net\/djibouti\/wp-json\/wp\/v2\/comments?post=16371"}],"version-history":[{"count":0,"href":"https:\/\/www.africa-press.net\/djibouti\/wp-json\/wp\/v2\/posts\/16371\/revisions"}],"wp:featuredmedia":[{"embeddable":true,"href":"https:\/\/www.africa-press.net\/djibouti\/wp-json\/wp\/v2\/media\/16370"}],"wp:attachment":[{"href":"https:\/\/www.africa-press.net\/djibouti\/wp-json\/wp\/v2\/media?parent=16371"}],"wp:term":[{"taxonomy":"category","embeddable":true,"href":"https:\/\/www.africa-press.net\/djibouti\/wp-json\/wp\/v2\/categories?post=16371"},{"taxonomy":"post_tag","embeddable":true,"href":"https:\/\/www.africa-press.net\/djibouti\/wp-json\/wp\/v2\/tags?post=16371"}],"curies":[{"name":"wp","href":"https:\/\/api.w.org\/{rel}","templated":true}]}}