{"id":16593,"date":"2023-08-14T06:31:46","date_gmt":"2023-08-14T06:31:46","guid":{"rendered":"https:\/\/www.africa-press.net\/djibouti\/politique\/la-france-est-particulierement-influente-en-afrique-insiste-son-ministre-des-armees"},"modified":"2023-08-14T07:04:34","modified_gmt":"2023-08-14T07:04:34","slug":"la-france-est-particulierement-influente-en-afrique-insiste-son-ministre-des-armees","status":"publish","type":"post","link":"https:\/\/www.africa-press.net\/djibouti\/politique\/la-france-est-particulierement-influente-en-afrique-insiste-son-ministre-des-armees","title":{"rendered":"\u00ab\u00a0La France est particuli\u00e8rement influente en Afrique\u00a0\u00bb, insiste son ministre des Arm\u00e9es"},"content":{"rendered":"<p><span style=\"color: #ff6600\"><strong>Africa-Press &#8211; Djibouti. <\/strong><\/span>La position de la France en Afrique ne s\u2019est pas affaiblie, me\u0302me si le pays subit des tentatives de de\u0301stabilisation, a affirme\u0301 le ministre franc\u0327ais des Arme\u0301es, Se\u0301bastien Lecornu, a\u0300 Var Matin.<\/p>\n<p>Tout va tre\u0300s bien, Madame la Marquise. Alors que les forces militaires et la diplomatie franc\u0327aise sont de plus en plus conteste\u0301es en Afrique, Paris n\u2019a pas perdu son influence sur le continent, a affirme\u0301 a\u0300 Var Matin le ministre des Arme\u0301es, Se\u0301bastien Lecornu.<\/p>\n<p>Le haut fonctionnaire a assure\u0301 que la France e\u0301tait toujours \u00ab\u00a0particulie\u0300rement influente\u00a0\u00bb en Afrique, mais que sa position l\u2019exposait a\u0300 des campagnes de de\u0301stabilisation.<\/p>\n<p>\u00ab\u00a0Sur la perte d\u2019influence, je ne partage pas ce constat. La re\u0301alite\u0301 est que la France est particulie\u0300rement influente en Afrique. Et elle est tre\u0300s expose\u0301e justement parce qu\u2019elle est influente. Et parce qu\u2019elle est tre\u0300s expose\u0301e, elle fait l\u2019objet de man\u0153uvres de de\u0301stabilisation. Il ne faut pas s\u2019y tromper\u00a0\u00bb, a-t-il ainsi de\u0301clare\u0301.<\/p>\n<p>Le ministre a par ailleurs souligne\u0301 que la question se\u0301curitaire e\u0301tait plus importante que celle de l\u2019influence. Il a accuse\u0301 les autorite\u0301s de la Transition malienne d\u2019avoir arre\u0302te\u0301 la lutte contre le terrorisme et a dit craindre la pre\u0301sence d\u2019un foyer terroriste de l\u2019autre co\u0302te\u0301 de la Me\u0301diterrane\u0301e.<\/p>\n<p>\u00ab\u00a0Lorsque la junte a fait un coup d\u2019E\u0301tat au Mali, elle a cesse\u0301 de lutter contre le terrorisme [&#8230;] La situation est fragile aussi au Burkina Faso. Le sujet n\u2019est donc pas uniquement un sujet d\u2019influence, mais bien de se\u0301curite\u0301 collective. On ne peut pas ne pas voir qu\u2019un foyer terroriste majeur est a\u0300 nouveau a\u0300 un jet de pierre des rives de la Me\u0301diterrane\u0301e\u00a0\u00bb, a ainsi de\u0301clare\u0301 Se\u0301bastien Lecornu.<\/p>\n<p><b>La France conteste\u0301e<\/b><\/p>\n<p>Depuis plusieurs mois, Paris multiplie les e\u0301checs sur le continent africain. Une grogne anti-franc\u0327aise s\u2019est installe\u0301e dans certains pays, en particulier en Afrique de l\u2019Ouest, qui a notamment mene\u0301 au de\u0301part des forces militaires au Burkina Faso et en Re\u0301publique centrafricaine.<\/p>\n<p>Le me\u0302me sce\u0301nario semble vouloir se re\u0301pe\u0301ter au Niger, traditionnel soutien franc\u0327ais dans la re\u0301gion. Apre\u0300s le renversement du Pre\u0301sident Mohamed Bazoum, le Conseil national pour la sauvegarde de la patrie (CNSP) a ainsi envoye\u0301 un ultimatum a\u0300 Paris exigeant le retrait du contingent militaire franc\u0327ais sur place dans un de\u0301lai d\u2019un mois.<\/p>\n<p>De nombreux observateurs voient dans ces bouleversements le signe de l\u2019e\u0301chec franc\u0327ais dans la lutte contre le terrorisme. Le 7 aou\u0302t, 94 se\u0301nateurs franc\u0327ais avaient ainsi envoye\u0301 une lettre au Pre\u0301sident Emmanuel Macron, regrettant \u00ab\u00a0l&rsquo;e\u0301chec de l&rsquo;ope\u0301ration Barkhane\u00a0\u00bb et \u00a0\u00bb l&rsquo;effacement de la France\u00a0\u00bb sur le continent africain.<\/p>\n<p><strong>Pour plus d&rsquo;informations et d&rsquo;analyses sur la <a href=\"https:\/\/www.africa-press.net\/djibouti\">Djibouti<\/a>, suivez <a href=\"https:\/\/www.africa-press.net\/\">Africa-Press<\/a><\/strong><\/p>\n","protected":false},"excerpt":{"rendered":"<p>Africa-Press &#8211; Djibouti. La position de la France en Afrique ne s\u2019est pas affaiblie, me\u0302me si le pays subit des tentatives de de\u0301stabilisation, a affirme\u0301 le ministre franc\u0327ais des Arme\u0301es, Se\u0301bastien Lecornu, a\u0300 Var Matin. Tout va tre\u0300s bien, Madame la Marquise. Alors que les forces militaires et la diplomatie franc\u0327aise sont de plus en [&hellip;]<\/p>\n","protected":false},"author":82,"featured_media":16592,"comment_status":"open","ping_status":"closed","sticky":false,"template":"","format":"standard","meta":{"footnotes":""},"categories":[2,10],"tags":[36,49,50],"class_list":["post-16593","post","type-post","status-publish","format-standard","has-post-thumbnail","hentry","category-politique","category-toutes-les-actualites","tag-africa-press","tag-africa-press-djibouti","tag-djibouti"],"yoast_head":"<!-- This site is optimized with the Yoast SEO Premium plugin v26.1 (Yoast SEO v27.0) - https:\/\/yoast.com\/product\/yoast-seo-premium-wordpress\/ -->\n<title>&quot;La France est particuli\u00e8rement influente en Afrique&quot;, insiste son ministre des Arm\u00e9es - Djibouti<\/title>\n<meta name=\"description\" content=\"La position de la France en Afrique ne s\u2019est pas affaiblie, me\u0302me si le pays subit des tentatives de de\u0301stabilisation, a ...\" \/>\n<meta name=\"robots\" content=\"index, follow, max-snippet:-1, max-image-preview:large, max-video-preview:-1\" \/>\n<link rel=\"canonical\" href=\"https:\/\/www.africa-press.net\/djibouti\/politique\/la-france-est-particulierement-influente-en-afrique-insiste-son-ministre-des-armees\" \/>\n<meta property=\"og:locale\" content=\"fr_FR\" \/>\n<meta property=\"og:type\" content=\"article\" \/>\n<meta property=\"og:title\" content=\"&quot;La France est particuli\u00e8rement influente en Afrique&quot;, insiste son ministre des Arm\u00e9es\" \/>\n<meta property=\"og:description\" content=\"La position de la France en Afrique ne s\u2019est pas affaiblie, me\u0302me si le pays subit des tentatives de de\u0301stabilisation, a ...\" \/>\n<meta property=\"og:url\" content=\"https:\/\/www.africa-press.net\/djibouti\/politique\/la-france-est-particulierement-influente-en-afrique-insiste-son-ministre-des-armees\" \/>\n<meta property=\"og:site_name\" content=\"Djibouti\" \/>\n<meta property=\"article:published_time\" content=\"2023-08-14T06:31:46+00:00\" \/>\n<meta property=\"article:modified_time\" content=\"2023-08-14T07:04:34+00:00\" \/>\n<meta property=\"og:image\" content=\"https:\/\/static.africa-press.net\/djibouti\/sites\/52\/2023\/08\/sm_1691983985.396531.jpg\" \/>\n\t<meta property=\"og:image:width\" content=\"1350\" \/>\n\t<meta property=\"og:image:height\" content=\"900\" \/>\n\t<meta property=\"og:image:type\" content=\"image\/jpeg\" \/>\n<meta name=\"author\" content=\"cfeditorfr\" \/>\n<meta name=\"twitter:card\" content=\"summary_large_image\" \/>\n<meta name=\"twitter:label1\" content=\"\u00c9crit par\" \/>\n\t<meta name=\"twitter:data1\" content=\"cfeditorfr\" \/>\n\t<meta name=\"twitter:label2\" content=\"Dur\u00e9e de lecture estim\u00e9e\" \/>\n\t<meta name=\"twitter:data2\" content=\"3 minutes\" \/>\n<script type=\"application\/ld+json\" class=\"yoast-schema-graph\">{\"@context\":\"https:\/\/schema.org\",\"@graph\":[{\"@type\":\"Article\",\"@id\":\"https:\/\/www.africa-press.net\/djibouti\/politique\/la-france-est-particulierement-influente-en-afrique-insiste-son-ministre-des-armees#article\",\"isPartOf\":{\"@id\":\"https:\/\/www.africa-press.net\/djibouti\/politique\/la-france-est-particulierement-influente-en-afrique-insiste-son-ministre-des-armees\"},\"author\":{\"name\":\"cfeditorfr\",\"@id\":\"https:\/\/www.africa-press.net\/djibouti\/#\/schema\/person\/2b1cf3cd81a31e3cd26889ca66d677f1\"},\"headline\":\"\u00ab\u00a0La France est particuli\u00e8rement influente en Afrique\u00a0\u00bb, insiste son ministre des Arm\u00e9es\",\"datePublished\":\"2023-08-14T06:31:46+00:00\",\"dateModified\":\"2023-08-14T07:04:34+00:00\",\"mainEntityOfPage\":{\"@id\":\"https:\/\/www.africa-press.net\/djibouti\/politique\/la-france-est-particulierement-influente-en-afrique-insiste-son-ministre-des-armees\"},\"wordCount\":524,\"commentCount\":0,\"image\":{\"@id\":\"https:\/\/www.africa-press.net\/djibouti\/politique\/la-france-est-particulierement-influente-en-afrique-insiste-son-ministre-des-armees#primaryimage\"},\"thumbnailUrl\":\"https:\/\/static.africa-press.net\/djibouti\/sites\/52\/2023\/08\/sm_1691983985.396531.jpg\",\"keywords\":[\"Africa Press\",\"Africa Press-Djibouti\",\"Djibouti\"],\"articleSection\":[\"Politique\",\"Toutes les actualit\u00e9s\"],\"inLanguage\":\"fr-FR\",\"potentialAction\":[{\"@type\":\"CommentAction\",\"name\":\"Comment\",\"target\":[\"https:\/\/www.africa-press.net\/djibouti\/politique\/la-france-est-particulierement-influente-en-afrique-insiste-son-ministre-des-armees#respond\"]}]},{\"@type\":\"WebPage\",\"@id\":\"https:\/\/www.africa-press.net\/djibouti\/politique\/la-france-est-particulierement-influente-en-afrique-insiste-son-ministre-des-armees\",\"url\":\"https:\/\/www.africa-press.net\/djibouti\/politique\/la-france-est-particulierement-influente-en-afrique-insiste-son-ministre-des-armees\",\"name\":\"\\\"La France est particuli\u00e8rement influente en Afrique\\\", insiste son ministre des Arm\u00e9es - Djibouti\",\"isPartOf\":{\"@id\":\"https:\/\/www.africa-press.net\/djibouti\/#website\"},\"primaryImageOfPage\":{\"@id\":\"https:\/\/www.africa-press.net\/djibouti\/politique\/la-france-est-particulierement-influente-en-afrique-insiste-son-ministre-des-armees#primaryimage\"},\"image\":{\"@id\":\"https:\/\/www.africa-press.net\/djibouti\/politique\/la-france-est-particulierement-influente-en-afrique-insiste-son-ministre-des-armees#primaryimage\"},\"thumbnailUrl\":\"https:\/\/static.africa-press.net\/djibouti\/sites\/52\/2023\/08\/sm_1691983985.396531.jpg\",\"datePublished\":\"2023-08-14T06:31:46+00:00\",\"dateModified\":\"2023-08-14T07:04:34+00:00\",\"author\":{\"@id\":\"https:\/\/www.africa-press.net\/djibouti\/#\/schema\/person\/2b1cf3cd81a31e3cd26889ca66d677f1\"},\"description\":\"La position de la France en Afrique ne s\u2019est pas affaiblie, me\u0302me si le pays subit des tentatives de de\u0301stabilisation, a ...\",\"breadcrumb\":{\"@id\":\"https:\/\/www.africa-press.net\/djibouti\/politique\/la-france-est-particulierement-influente-en-afrique-insiste-son-ministre-des-armees#breadcrumb\"},\"inLanguage\":\"fr-FR\",\"potentialAction\":[{\"@type\":\"ReadAction\",\"target\":[\"https:\/\/www.africa-press.net\/djibouti\/politique\/la-france-est-particulierement-influente-en-afrique-insiste-son-ministre-des-armees\"]}]},{\"@type\":\"ImageObject\",\"inLanguage\":\"fr-FR\",\"@id\":\"https:\/\/www.africa-press.net\/djibouti\/politique\/la-france-est-particulierement-influente-en-afrique-insiste-son-ministre-des-armees#primaryimage\",\"url\":\"https:\/\/static.africa-press.net\/djibouti\/sites\/52\/2023\/08\/sm_1691983985.396531.jpg\",\"contentUrl\":\"https:\/\/static.africa-press.net\/djibouti\/sites\/52\/2023\/08\/sm_1691983985.396531.jpg\",\"width\":1350,\"height\":900,\"caption\":\"\\\"La France est particuli\u00e8rement influente en Afrique\\\", insiste son ministre des Arm\u00e9es\"},{\"@type\":\"BreadcrumbList\",\"@id\":\"https:\/\/www.africa-press.net\/djibouti\/politique\/la-france-est-particulierement-influente-en-afrique-insiste-son-ministre-des-armees#breadcrumb\",\"itemListElement\":[{\"@type\":\"ListItem\",\"position\":1,\"name\":\"Accueil\",\"item\":\"https:\/\/www.africa-press.net\/djibouti\/\"},{\"@type\":\"ListItem\",\"position\":2,\"name\":\"&#8220;La France est particuli\u00e8rement influente en Afrique&#8221;, insiste son ministre des Arm\u00e9es\"}]},{\"@type\":\"WebSite\",\"@id\":\"https:\/\/www.africa-press.net\/djibouti\/#website\",\"url\":\"https:\/\/www.africa-press.net\/djibouti\/\",\"name\":\"Djibouti\",\"description\":\"Just another Africa News Agency Sites site\",\"potentialAction\":[{\"@type\":\"SearchAction\",\"target\":{\"@type\":\"EntryPoint\",\"urlTemplate\":\"https:\/\/www.africa-press.net\/djibouti\/?s={search_term_string}\"},\"query-input\":{\"@type\":\"PropertyValueSpecification\",\"valueRequired\":true,\"valueName\":\"search_term_string\"}}],\"inLanguage\":\"fr-FR\"},{\"@type\":\"Person\",\"@id\":\"https:\/\/www.africa-press.net\/djibouti\/#\/schema\/person\/2b1cf3cd81a31e3cd26889ca66d677f1\",\"name\":\"cfeditorfr\"}]}<\/script>\n<!-- \/ Yoast SEO Premium plugin. -->","yoast_head_json":{"title":"\"La France est particuli\u00e8rement influente en Afrique\", insiste son ministre des Arm\u00e9es - Djibouti","description":"La position de la France en Afrique ne s\u2019est pas affaiblie, me\u0302me si le pays subit des tentatives de de\u0301stabilisation, a ...","robots":{"index":"index","follow":"follow","max-snippet":"max-snippet:-1","max-image-preview":"max-image-preview:large","max-video-preview":"max-video-preview:-1"},"canonical":"https:\/\/www.africa-press.net\/djibouti\/politique\/la-france-est-particulierement-influente-en-afrique-insiste-son-ministre-des-armees","og_locale":"fr_FR","og_type":"article","og_title":"\"La France est particuli\u00e8rement influente en Afrique\", insiste son ministre des Arm\u00e9es","og_description":"La position de la France en Afrique ne s\u2019est pas affaiblie, me\u0302me si le pays subit des tentatives de de\u0301stabilisation, a ...","og_url":"https:\/\/www.africa-press.net\/djibouti\/politique\/la-france-est-particulierement-influente-en-afrique-insiste-son-ministre-des-armees","og_site_name":"Djibouti","article_published_time":"2023-08-14T06:31:46+00:00","article_modified_time":"2023-08-14T07:04:34+00:00","og_image":[{"width":1350,"height":900,"url":"https:\/\/static.africa-press.net\/djibouti\/sites\/52\/2023\/08\/sm_1691983985.396531.jpg","type":"image\/jpeg"}],"author":"cfeditorfr","twitter_card":"summary_large_image","twitter_misc":{"\u00c9crit par":"cfeditorfr","Dur\u00e9e de lecture estim\u00e9e":"3 minutes"},"schema":{"@context":"https:\/\/schema.org","@graph":[{"@type":"Article","@id":"https:\/\/www.africa-press.net\/djibouti\/politique\/la-france-est-particulierement-influente-en-afrique-insiste-son-ministre-des-armees#article","isPartOf":{"@id":"https:\/\/www.africa-press.net\/djibouti\/politique\/la-france-est-particulierement-influente-en-afrique-insiste-son-ministre-des-armees"},"author":{"name":"cfeditorfr","@id":"https:\/\/www.africa-press.net\/djibouti\/#\/schema\/person\/2b1cf3cd81a31e3cd26889ca66d677f1"},"headline":"\u00ab\u00a0La France est particuli\u00e8rement influente en Afrique\u00a0\u00bb, insiste son ministre des Arm\u00e9es","datePublished":"2023-08-14T06:31:46+00:00","dateModified":"2023-08-14T07:04:34+00:00","mainEntityOfPage":{"@id":"https:\/\/www.africa-press.net\/djibouti\/politique\/la-france-est-particulierement-influente-en-afrique-insiste-son-ministre-des-armees"},"wordCount":524,"commentCount":0,"image":{"@id":"https:\/\/www.africa-press.net\/djibouti\/politique\/la-france-est-particulierement-influente-en-afrique-insiste-son-ministre-des-armees#primaryimage"},"thumbnailUrl":"https:\/\/static.africa-press.net\/djibouti\/sites\/52\/2023\/08\/sm_1691983985.396531.jpg","keywords":["Africa Press","Africa Press-Djibouti","Djibouti"],"articleSection":["Politique","Toutes les actualit\u00e9s"],"inLanguage":"fr-FR","potentialAction":[{"@type":"CommentAction","name":"Comment","target":["https:\/\/www.africa-press.net\/djibouti\/politique\/la-france-est-particulierement-influente-en-afrique-insiste-son-ministre-des-armees#respond"]}]},{"@type":"WebPage","@id":"https:\/\/www.africa-press.net\/djibouti\/politique\/la-france-est-particulierement-influente-en-afrique-insiste-son-ministre-des-armees","url":"https:\/\/www.africa-press.net\/djibouti\/politique\/la-france-est-particulierement-influente-en-afrique-insiste-son-ministre-des-armees","name":"\"La France est particuli\u00e8rement influente en Afrique\", insiste son ministre des Arm\u00e9es - Djibouti","isPartOf":{"@id":"https:\/\/www.africa-press.net\/djibouti\/#website"},"primaryImageOfPage":{"@id":"https:\/\/www.africa-press.net\/djibouti\/politique\/la-france-est-particulierement-influente-en-afrique-insiste-son-ministre-des-armees#primaryimage"},"image":{"@id":"https:\/\/www.africa-press.net\/djibouti\/politique\/la-france-est-particulierement-influente-en-afrique-insiste-son-ministre-des-armees#primaryimage"},"thumbnailUrl":"https:\/\/static.africa-press.net\/djibouti\/sites\/52\/2023\/08\/sm_1691983985.396531.jpg","datePublished":"2023-08-14T06:31:46+00:00","dateModified":"2023-08-14T07:04:34+00:00","author":{"@id":"https:\/\/www.africa-press.net\/djibouti\/#\/schema\/person\/2b1cf3cd81a31e3cd26889ca66d677f1"},"description":"La position de la France en Afrique ne s\u2019est pas affaiblie, me\u0302me si le pays subit des tentatives de de\u0301stabilisation, a ...","breadcrumb":{"@id":"https:\/\/www.africa-press.net\/djibouti\/politique\/la-france-est-particulierement-influente-en-afrique-insiste-son-ministre-des-armees#breadcrumb"},"inLanguage":"fr-FR","potentialAction":[{"@type":"ReadAction","target":["https:\/\/www.africa-press.net\/djibouti\/politique\/la-france-est-particulierement-influente-en-afrique-insiste-son-ministre-des-armees"]}]},{"@type":"ImageObject","inLanguage":"fr-FR","@id":"https:\/\/www.africa-press.net\/djibouti\/politique\/la-france-est-particulierement-influente-en-afrique-insiste-son-ministre-des-armees#primaryimage","url":"https:\/\/static.africa-press.net\/djibouti\/sites\/52\/2023\/08\/sm_1691983985.396531.jpg","contentUrl":"https:\/\/static.africa-press.net\/djibouti\/sites\/52\/2023\/08\/sm_1691983985.396531.jpg","width":1350,"height":900,"caption":"\"La France est particuli\u00e8rement influente en Afrique\", insiste son ministre des Arm\u00e9es"},{"@type":"BreadcrumbList","@id":"https:\/\/www.africa-press.net\/djibouti\/politique\/la-france-est-particulierement-influente-en-afrique-insiste-son-ministre-des-armees#breadcrumb","itemListElement":[{"@type":"ListItem","position":1,"name":"Accueil","item":"https:\/\/www.africa-press.net\/djibouti\/"},{"@type":"ListItem","position":2,"name":"&#8220;La France est particuli\u00e8rement influente en Afrique&#8221;, insiste son ministre des Arm\u00e9es"}]},{"@type":"WebSite","@id":"https:\/\/www.africa-press.net\/djibouti\/#website","url":"https:\/\/www.africa-press.net\/djibouti\/","name":"Djibouti","description":"Just another Africa News Agency Sites site","potentialAction":[{"@type":"SearchAction","target":{"@type":"EntryPoint","urlTemplate":"https:\/\/www.africa-press.net\/djibouti\/?s={search_term_string}"},"query-input":{"@type":"PropertyValueSpecification","valueRequired":true,"valueName":"search_term_string"}}],"inLanguage":"fr-FR"},{"@type":"Person","@id":"https:\/\/www.africa-press.net\/djibouti\/#\/schema\/person\/2b1cf3cd81a31e3cd26889ca66d677f1","name":"cfeditorfr"}]}},"_links":{"self":[{"href":"https:\/\/www.africa-press.net\/djibouti\/wp-json\/wp\/v2\/posts\/16593","targetHints":{"allow":["GET"]}}],"collection":[{"href":"https:\/\/www.africa-press.net\/djibouti\/wp-json\/wp\/v2\/posts"}],"about":[{"href":"https:\/\/www.africa-press.net\/djibouti\/wp-json\/wp\/v2\/types\/post"}],"author":[{"embeddable":true,"href":"https:\/\/www.africa-press.net\/djibouti\/wp-json\/wp\/v2\/users\/82"}],"replies":[{"embeddable":true,"href":"https:\/\/www.africa-press.net\/djibouti\/wp-json\/wp\/v2\/comments?post=16593"}],"version-history":[{"count":0,"href":"https:\/\/www.africa-press.net\/djibouti\/wp-json\/wp\/v2\/posts\/16593\/revisions"}],"wp:featuredmedia":[{"embeddable":true,"href":"https:\/\/www.africa-press.net\/djibouti\/wp-json\/wp\/v2\/media\/16592"}],"wp:attachment":[{"href":"https:\/\/www.africa-press.net\/djibouti\/wp-json\/wp\/v2\/media?parent=16593"}],"wp:term":[{"taxonomy":"category","embeddable":true,"href":"https:\/\/www.africa-press.net\/djibouti\/wp-json\/wp\/v2\/categories?post=16593"},{"taxonomy":"post_tag","embeddable":true,"href":"https:\/\/www.africa-press.net\/djibouti\/wp-json\/wp\/v2\/tags?post=16593"}],"curies":[{"name":"wp","href":"https:\/\/api.w.org\/{rel}","templated":true}]}}