{"id":16602,"date":"2023-08-14T12:50:00","date_gmt":"2023-08-14T12:50:00","guid":{"rendered":"https:\/\/www.africa-press.net\/djibouti\/politique\/celebration-a-djibouti-de-la-journee-internationale-de-la-jeunesse"},"modified":"2023-08-14T16:32:42","modified_gmt":"2023-08-14T16:32:42","slug":"celebration-a-djibouti-de-la-journee-internationale-de-la-jeunesse","status":"publish","type":"post","link":"https:\/\/www.africa-press.net\/djibouti\/toutes-les-actualites\/celebration-a-djibouti-de-la-journee-internationale-de-la-jeunesse","title":{"rendered":"C\u00e9l\u00e9bration \u00e0 Djibouti de la Journ\u00e9e Internationale de la Jeunesse"},"content":{"rendered":"<p><span style=\"color: #ff6600\"><strong>Africa-Press &#8211; Djibouti. <\/strong><\/span>La ministre de la Jeunesse et de la Culture, Dr Hibo Moumin Assoweh, a proce\u0301de\u0301 ce dimanche a\u0300 Gadileh Resort Ho\u0302tel a\u0300 la clo\u0302ture des activite\u0301s de ce\u0301le\u0301bration de la journe\u0301e internationale de la jeunesse, comme\u0301more\u0301e chaque anne\u0301e a\u0300 la date du 12 aou\u0302t.<\/p>\n<p>Le the\u0300me retenu cette anne\u0301e est \u00ab les compe\u0301tences vertes pour les jeunes : vers un monde durable \u00bb.<\/p>\n<p>Ont pris part a\u0300 cette ce\u0301re\u0301monie haute en couleurs les ministres, les officiels et personnalite\u0301s de la re\u0301gion de Tadjourah, les repre\u0301sentants des ministe\u0300res sectoriels et les partenaires notamment les repre\u0301sentants du Bureau de la coordination du Syste\u0300me des Nations Unis et le PNUD.<\/p>\n<p>E\u0301taient pre\u0301sents la secre\u0301taire d&rsquo;E\u0301tat charge\u0301e des Investissements et du De\u0301veloppement du Secteur Prive\u0301, Mme Safia Mohamed Ali Guadileh, le Pre\u0301fet de la Re\u0301gion de Tadjourah, M. Mohamed Houmed Abass, le Vice-Pre\u0301sident du Conseil Re\u0301gional de Tadjourah, le secre\u0301taire ge\u0301ne\u0301ral du ministe\u0300re de l\u2019Environnement et du De\u0301veloppement Durable, l\u2019honorable parlementaire de la localite\u0301 de Randa, et Mme la coordinatrice inte\u0301rimaire du Syste\u0300me des Nations Unies.<\/p>\n<p>Cet e\u0301ve\u0300nement a vu aussi la participation de plus de 100 jeunes issus des re\u0301gions de Tadjourah, d\u2019Ali-Sabieh et d\u2019Obock qui ont be\u0301ne\u0301ficie\u0301 de la formation sur l\u2019e\u0301conomie verte et l\u2019e\u0301conomie bleue, ainsi que le Club des Jeunes Entrepreneurs de Tadjourah, qui ont e\u0301galement participe\u0301 a\u0300 une exposition et vente des produits made in Tadjourah.<\/p>\n<p>A une se\u0301rie d\u2019allocutions officielles a succe\u0301de\u0301 la projection d&rsquo;un reportage vide\u0301o retrac\u0327ant le bilan des activite\u0301s de formation et de promotion qui ont de\u0301bute\u0301 depuis juin dernier dans le cadre des activite\u0301s estivales du MJC.<\/p>\n<p>Dans son intervention, Dr Hibo Moumin Assoweh a indique\u0301 qu\u2019a\u0300 travers cette journe\u0301e internationale de la jeunesse, son de\u0301partement a voulu mettre en exergue une question majeure, l\u2019insertion professionnelle des jeunes a\u0300 travers un large programme de sensibilisation et de promotion des opportunite\u0301s d\u2019emplois dans deux secteurs cle\u0301s du de\u0301veloppement durable a\u0300 savoir l\u2019e\u0301conomie bleue et l\u2019e\u0301conomie verte.<\/p>\n<p>Apre\u0300s une courte animation musicale et des focus group et riches discussions avec les jeunes sur les enjeux du de\u0301veloppement durable et les opportunite\u0301s d\u2019emplois, la traditionnelle photo de famille a clo\u0302ture\u0301 la se\u0301ance.<\/p>\n<p>La ministre de la Jeunesse et de la Culture, Dr Hibo Moumin Assoweh, a proce\u0301de\u0301 ce dimanche a\u0300 Gadileh Resort Ho\u0302tel a\u0300 la clo\u0302ture des activite\u0301s de ce\u0301le\u0301bration de la journe\u0301e internationale de la jeunesse, comme\u0301more\u0301e chaque anne\u0301e a\u0300 la date du 12 aou\u0302t.<\/p>\n<p>Le the\u0300me retenu cette anne\u0301e est \u00ab les compe\u0301tences vertes pour les jeunes : vers un monde durable \u00bb.<\/p>\n<p>Ont pris part a\u0300 cette ce\u0301re\u0301monie haute en couleurs les ministres, les officiels et personnalite\u0301s de la re\u0301gion de Tadjourah, les repre\u0301sentants des ministe\u0300res sectoriels et les partenaires notamment les repre\u0301sentants du Bureau de la coordination du Syste\u0300me des Nations Unis et le PNUD.<\/p>\n<p>E\u0301taient pre\u0301sents la secre\u0301taire d&rsquo;E\u0301tat charge\u0301e des Investissements et du De\u0301veloppement du Secteur Prive\u0301, Mme Safia Mohamed Ali Guadileh, le Pre\u0301fet de la Re\u0301gion de Tadjourah, M. Mohamed Houmed Abass, le Vice-Pre\u0301sident du Conseil Re\u0301gional de Tadjourah, le secre\u0301taire ge\u0301ne\u0301ral du ministe\u0300re de l\u2019Environnement et du De\u0301veloppement Durable, l\u2019honorable parlementaire de la localite\u0301 de Randa, et Mme la coordinatrice inte\u0301rimaire du Syste\u0300me des Nations Unies.<\/p>\n<p>Cet e\u0301ve\u0300nement a vu aussi la participation de plus de 100 jeunes issus des re\u0301gions de Tadjourah, d\u2019Ali-Sabieh et d\u2019Obock qui ont be\u0301ne\u0301ficie\u0301 de la formation sur l\u2019e\u0301conomie verte et l\u2019e\u0301conomie bleue, ainsi que le Club des Jeunes Entrepreneurs de Tadjourah, qui ont e\u0301galement participe\u0301 a\u0300 une exposition et vente des produits made in Tadjourah.<\/p>\n<p>A une se\u0301rie d\u2019allocutions officielles a succe\u0301de\u0301 la projection d&rsquo;un reportage vide\u0301o retrac\u0327ant le bilan des activite\u0301s de formation et de promotion qui ont de\u0301bute\u0301 depuis juin dernier dans le cadre des activite\u0301s estivales du MJC.<\/p>\n<p>Dans son intervention, Dr Hibo Moumin Assoweh a indique\u0301 qu\u2019a\u0300 travers cette journe\u0301e internationale de la jeunesse, son de\u0301partement a voulu mettre en exergue une question majeure, l\u2019insertion professionnelle des jeunes a\u0300 travers un large programme de sensibilisation et de promotion des opportunite\u0301s d\u2019emplois dans deux secteurs cle\u0301s du de\u0301veloppement durable a\u0300 savoir l\u2019e\u0301conomie bleue et l\u2019e\u0301conomie verte.<\/p>\n<p>Apre\u0300s une courte animation musicale et des focus group et riches discussions avec les jeunes sur les enjeux du de\u0301veloppement durable et les opportunite\u0301s d\u2019emplois, la traditionnelle photo de famille a clo\u0302ture\u0301 la se\u0301ance.<\/p>\n<p><strong>Pour plus d&rsquo;informations et d&rsquo;analyses sur la <a href=\"https:\/\/www.africa-press.net\/djibouti\">Djibouti<\/a>, suivez <a href=\"https:\/\/www.africa-press.net\/\">Africa-Press<\/a><\/strong><\/p>\n","protected":false},"excerpt":{"rendered":"<p>Africa-Press &#8211; Djibouti. La ministre de la Jeunesse et de la Culture, Dr Hibo Moumin Assoweh, a proce\u0301de\u0301 ce dimanche a\u0300 Gadileh Resort Ho\u0302tel a\u0300 la clo\u0302ture des activite\u0301s de ce\u0301le\u0301bration de la journe\u0301e internationale de la jeunesse, comme\u0301more\u0301e chaque anne\u0301e a\u0300 la date du 12 aou\u0302t. Le the\u0300me retenu cette anne\u0301e est \u00ab les [&hellip;]<\/p>\n","protected":false},"author":82,"featured_media":16601,"comment_status":"open","ping_status":"closed","sticky":false,"template":"","format":"standard","meta":{"footnotes":""},"categories":[21,10],"tags":[36,49,50],"class_list":["post-16602","post","type-post","status-publish","format-standard","has-post-thumbnail","hentry","category-communaute","category-toutes-les-actualites","tag-africa-press","tag-africa-press-djibouti","tag-djibouti"],"yoast_head":"<!-- This site is optimized with the Yoast SEO Premium plugin v26.1 (Yoast SEO v27.0) - https:\/\/yoast.com\/product\/yoast-seo-premium-wordpress\/ -->\n<title>C\u00e9l\u00e9bration \u00e0 Djibouti de la Journ\u00e9e Internationale de la Jeunesse - Djibouti<\/title>\n<meta name=\"description\" content=\"La ministre de la Jeunesse et de la Culture, Dr Hibo Moumin Assoweh, a proce\u0301de\u0301 ce dimanche a\u0300 Gadileh Resort Ho\u0302tel a\u0300 ...\" \/>\n<meta name=\"robots\" content=\"index, follow, max-snippet:-1, max-image-preview:large, max-video-preview:-1\" \/>\n<link rel=\"canonical\" href=\"https:\/\/www.africa-press.net\/djibouti\/toutes-les-actualites\/celebration-a-djibouti-de-la-journee-internationale-de-la-jeunesse\" \/>\n<meta property=\"og:locale\" content=\"fr_FR\" \/>\n<meta property=\"og:type\" content=\"article\" \/>\n<meta property=\"og:title\" content=\"C\u00e9l\u00e9bration \u00e0 Djibouti de la Journ\u00e9e Internationale de la Jeunesse\" \/>\n<meta property=\"og:description\" content=\"La ministre de la Jeunesse et de la Culture, Dr Hibo Moumin Assoweh, a proce\u0301de\u0301 ce dimanche a\u0300 Gadileh Resort Ho\u0302tel a\u0300 ...\" \/>\n<meta property=\"og:url\" content=\"https:\/\/www.africa-press.net\/djibouti\/toutes-les-actualites\/celebration-a-djibouti-de-la-journee-internationale-de-la-jeunesse\" \/>\n<meta property=\"og:site_name\" content=\"Djibouti\" \/>\n<meta property=\"article:published_time\" content=\"2023-08-14T12:50:00+00:00\" \/>\n<meta property=\"article:modified_time\" content=\"2023-08-14T16:32:42+00:00\" \/>\n<meta property=\"og:image\" content=\"https:\/\/static.africa-press.net\/djibouti\/sites\/52\/2023\/08\/sm_1692005880.536017.jpg\" \/>\n\t<meta property=\"og:image:width\" content=\"1024\" \/>\n\t<meta property=\"og:image:height\" content=\"683\" \/>\n\t<meta property=\"og:image:type\" content=\"image\/jpeg\" \/>\n<meta name=\"author\" content=\"cfeditorfr\" \/>\n<meta name=\"twitter:card\" content=\"summary_large_image\" \/>\n<meta name=\"twitter:label1\" content=\"\u00c9crit par\" \/>\n\t<meta name=\"twitter:data1\" content=\"cfeditorfr\" \/>\n\t<meta name=\"twitter:label2\" content=\"Dur\u00e9e de lecture estim\u00e9e\" \/>\n\t<meta name=\"twitter:data2\" content=\"4 minutes\" \/>\n<script type=\"application\/ld+json\" class=\"yoast-schema-graph\">{\"@context\":\"https:\/\/schema.org\",\"@graph\":[{\"@type\":\"Article\",\"@id\":\"https:\/\/www.africa-press.net\/djibouti\/toutes-les-actualites\/celebration-a-djibouti-de-la-journee-internationale-de-la-jeunesse#article\",\"isPartOf\":{\"@id\":\"https:\/\/www.africa-press.net\/djibouti\/toutes-les-actualites\/celebration-a-djibouti-de-la-journee-internationale-de-la-jeunesse\"},\"author\":{\"name\":\"cfeditorfr\",\"@id\":\"https:\/\/www.africa-press.net\/djibouti\/#\/schema\/person\/2b1cf3cd81a31e3cd26889ca66d677f1\"},\"headline\":\"C\u00e9l\u00e9bration \u00e0 Djibouti de la Journ\u00e9e Internationale de la Jeunesse\",\"datePublished\":\"2023-08-14T12:50:00+00:00\",\"dateModified\":\"2023-08-14T16:32:42+00:00\",\"mainEntityOfPage\":{\"@id\":\"https:\/\/www.africa-press.net\/djibouti\/toutes-les-actualites\/celebration-a-djibouti-de-la-journee-internationale-de-la-jeunesse\"},\"wordCount\":889,\"commentCount\":0,\"image\":{\"@id\":\"https:\/\/www.africa-press.net\/djibouti\/toutes-les-actualites\/celebration-a-djibouti-de-la-journee-internationale-de-la-jeunesse#primaryimage\"},\"thumbnailUrl\":\"https:\/\/static.africa-press.net\/djibouti\/sites\/52\/2023\/08\/sm_1692005880.536017.jpg\",\"keywords\":[\"Africa Press\",\"Africa Press-Djibouti\",\"Djibouti\"],\"articleSection\":[\"Communaut\u00e9\",\"Toutes les actualit\u00e9s\"],\"inLanguage\":\"fr-FR\",\"potentialAction\":[{\"@type\":\"CommentAction\",\"name\":\"Comment\",\"target\":[\"https:\/\/www.africa-press.net\/djibouti\/toutes-les-actualites\/celebration-a-djibouti-de-la-journee-internationale-de-la-jeunesse#respond\"]}]},{\"@type\":\"WebPage\",\"@id\":\"https:\/\/www.africa-press.net\/djibouti\/toutes-les-actualites\/celebration-a-djibouti-de-la-journee-internationale-de-la-jeunesse\",\"url\":\"https:\/\/www.africa-press.net\/djibouti\/toutes-les-actualites\/celebration-a-djibouti-de-la-journee-internationale-de-la-jeunesse\",\"name\":\"C\u00e9l\u00e9bration \u00e0 Djibouti de la Journ\u00e9e Internationale de la Jeunesse - Djibouti\",\"isPartOf\":{\"@id\":\"https:\/\/www.africa-press.net\/djibouti\/#website\"},\"primaryImageOfPage\":{\"@id\":\"https:\/\/www.africa-press.net\/djibouti\/toutes-les-actualites\/celebration-a-djibouti-de-la-journee-internationale-de-la-jeunesse#primaryimage\"},\"image\":{\"@id\":\"https:\/\/www.africa-press.net\/djibouti\/toutes-les-actualites\/celebration-a-djibouti-de-la-journee-internationale-de-la-jeunesse#primaryimage\"},\"thumbnailUrl\":\"https:\/\/static.africa-press.net\/djibouti\/sites\/52\/2023\/08\/sm_1692005880.536017.jpg\",\"datePublished\":\"2023-08-14T12:50:00+00:00\",\"dateModified\":\"2023-08-14T16:32:42+00:00\",\"author\":{\"@id\":\"https:\/\/www.africa-press.net\/djibouti\/#\/schema\/person\/2b1cf3cd81a31e3cd26889ca66d677f1\"},\"description\":\"La ministre de la Jeunesse et de la Culture, Dr Hibo Moumin Assoweh, a proce\u0301de\u0301 ce dimanche a\u0300 Gadileh Resort Ho\u0302tel a\u0300 ...\",\"breadcrumb\":{\"@id\":\"https:\/\/www.africa-press.net\/djibouti\/toutes-les-actualites\/celebration-a-djibouti-de-la-journee-internationale-de-la-jeunesse#breadcrumb\"},\"inLanguage\":\"fr-FR\",\"potentialAction\":[{\"@type\":\"ReadAction\",\"target\":[\"https:\/\/www.africa-press.net\/djibouti\/toutes-les-actualites\/celebration-a-djibouti-de-la-journee-internationale-de-la-jeunesse\"]}]},{\"@type\":\"ImageObject\",\"inLanguage\":\"fr-FR\",\"@id\":\"https:\/\/www.africa-press.net\/djibouti\/toutes-les-actualites\/celebration-a-djibouti-de-la-journee-internationale-de-la-jeunesse#primaryimage\",\"url\":\"https:\/\/static.africa-press.net\/djibouti\/sites\/52\/2023\/08\/sm_1692005880.536017.jpg\",\"contentUrl\":\"https:\/\/static.africa-press.net\/djibouti\/sites\/52\/2023\/08\/sm_1692005880.536017.jpg\",\"width\":1024,\"height\":683,\"caption\":\"C\u00e9l\u00e9bration \u00e0 Djibouti de la Journ\u00e9e Internationale de la Jeunesse\"},{\"@type\":\"BreadcrumbList\",\"@id\":\"https:\/\/www.africa-press.net\/djibouti\/toutes-les-actualites\/celebration-a-djibouti-de-la-journee-internationale-de-la-jeunesse#breadcrumb\",\"itemListElement\":[{\"@type\":\"ListItem\",\"position\":1,\"name\":\"Accueil\",\"item\":\"https:\/\/www.africa-press.net\/djibouti\/\"},{\"@type\":\"ListItem\",\"position\":2,\"name\":\"C\u00e9l\u00e9bration \u00e0 Djibouti de la Journ\u00e9e Internationale de la Jeunesse\"}]},{\"@type\":\"WebSite\",\"@id\":\"https:\/\/www.africa-press.net\/djibouti\/#website\",\"url\":\"https:\/\/www.africa-press.net\/djibouti\/\",\"name\":\"Djibouti\",\"description\":\"Just another Africa News Agency Sites site\",\"potentialAction\":[{\"@type\":\"SearchAction\",\"target\":{\"@type\":\"EntryPoint\",\"urlTemplate\":\"https:\/\/www.africa-press.net\/djibouti\/?s={search_term_string}\"},\"query-input\":{\"@type\":\"PropertyValueSpecification\",\"valueRequired\":true,\"valueName\":\"search_term_string\"}}],\"inLanguage\":\"fr-FR\"},{\"@type\":\"Person\",\"@id\":\"https:\/\/www.africa-press.net\/djibouti\/#\/schema\/person\/2b1cf3cd81a31e3cd26889ca66d677f1\",\"name\":\"cfeditorfr\"}]}<\/script>\n<!-- \/ Yoast SEO Premium plugin. -->","yoast_head_json":{"title":"C\u00e9l\u00e9bration \u00e0 Djibouti de la Journ\u00e9e Internationale de la Jeunesse - Djibouti","description":"La ministre de la Jeunesse et de la Culture, Dr Hibo Moumin Assoweh, a proce\u0301de\u0301 ce dimanche a\u0300 Gadileh Resort Ho\u0302tel a\u0300 ...","robots":{"index":"index","follow":"follow","max-snippet":"max-snippet:-1","max-image-preview":"max-image-preview:large","max-video-preview":"max-video-preview:-1"},"canonical":"https:\/\/www.africa-press.net\/djibouti\/toutes-les-actualites\/celebration-a-djibouti-de-la-journee-internationale-de-la-jeunesse","og_locale":"fr_FR","og_type":"article","og_title":"C\u00e9l\u00e9bration \u00e0 Djibouti de la Journ\u00e9e Internationale de la Jeunesse","og_description":"La ministre de la Jeunesse et de la Culture, Dr Hibo Moumin Assoweh, a proce\u0301de\u0301 ce dimanche a\u0300 Gadileh Resort Ho\u0302tel a\u0300 ...","og_url":"https:\/\/www.africa-press.net\/djibouti\/toutes-les-actualites\/celebration-a-djibouti-de-la-journee-internationale-de-la-jeunesse","og_site_name":"Djibouti","article_published_time":"2023-08-14T12:50:00+00:00","article_modified_time":"2023-08-14T16:32:42+00:00","og_image":[{"width":1024,"height":683,"url":"https:\/\/static.africa-press.net\/djibouti\/sites\/52\/2023\/08\/sm_1692005880.536017.jpg","type":"image\/jpeg"}],"author":"cfeditorfr","twitter_card":"summary_large_image","twitter_misc":{"\u00c9crit par":"cfeditorfr","Dur\u00e9e de lecture estim\u00e9e":"4 minutes"},"schema":{"@context":"https:\/\/schema.org","@graph":[{"@type":"Article","@id":"https:\/\/www.africa-press.net\/djibouti\/toutes-les-actualites\/celebration-a-djibouti-de-la-journee-internationale-de-la-jeunesse#article","isPartOf":{"@id":"https:\/\/www.africa-press.net\/djibouti\/toutes-les-actualites\/celebration-a-djibouti-de-la-journee-internationale-de-la-jeunesse"},"author":{"name":"cfeditorfr","@id":"https:\/\/www.africa-press.net\/djibouti\/#\/schema\/person\/2b1cf3cd81a31e3cd26889ca66d677f1"},"headline":"C\u00e9l\u00e9bration \u00e0 Djibouti de la Journ\u00e9e Internationale de la Jeunesse","datePublished":"2023-08-14T12:50:00+00:00","dateModified":"2023-08-14T16:32:42+00:00","mainEntityOfPage":{"@id":"https:\/\/www.africa-press.net\/djibouti\/toutes-les-actualites\/celebration-a-djibouti-de-la-journee-internationale-de-la-jeunesse"},"wordCount":889,"commentCount":0,"image":{"@id":"https:\/\/www.africa-press.net\/djibouti\/toutes-les-actualites\/celebration-a-djibouti-de-la-journee-internationale-de-la-jeunesse#primaryimage"},"thumbnailUrl":"https:\/\/static.africa-press.net\/djibouti\/sites\/52\/2023\/08\/sm_1692005880.536017.jpg","keywords":["Africa Press","Africa Press-Djibouti","Djibouti"],"articleSection":["Communaut\u00e9","Toutes les actualit\u00e9s"],"inLanguage":"fr-FR","potentialAction":[{"@type":"CommentAction","name":"Comment","target":["https:\/\/www.africa-press.net\/djibouti\/toutes-les-actualites\/celebration-a-djibouti-de-la-journee-internationale-de-la-jeunesse#respond"]}]},{"@type":"WebPage","@id":"https:\/\/www.africa-press.net\/djibouti\/toutes-les-actualites\/celebration-a-djibouti-de-la-journee-internationale-de-la-jeunesse","url":"https:\/\/www.africa-press.net\/djibouti\/toutes-les-actualites\/celebration-a-djibouti-de-la-journee-internationale-de-la-jeunesse","name":"C\u00e9l\u00e9bration \u00e0 Djibouti de la Journ\u00e9e Internationale de la Jeunesse - Djibouti","isPartOf":{"@id":"https:\/\/www.africa-press.net\/djibouti\/#website"},"primaryImageOfPage":{"@id":"https:\/\/www.africa-press.net\/djibouti\/toutes-les-actualites\/celebration-a-djibouti-de-la-journee-internationale-de-la-jeunesse#primaryimage"},"image":{"@id":"https:\/\/www.africa-press.net\/djibouti\/toutes-les-actualites\/celebration-a-djibouti-de-la-journee-internationale-de-la-jeunesse#primaryimage"},"thumbnailUrl":"https:\/\/static.africa-press.net\/djibouti\/sites\/52\/2023\/08\/sm_1692005880.536017.jpg","datePublished":"2023-08-14T12:50:00+00:00","dateModified":"2023-08-14T16:32:42+00:00","author":{"@id":"https:\/\/www.africa-press.net\/djibouti\/#\/schema\/person\/2b1cf3cd81a31e3cd26889ca66d677f1"},"description":"La ministre de la Jeunesse et de la Culture, Dr Hibo Moumin Assoweh, a proce\u0301de\u0301 ce dimanche a\u0300 Gadileh Resort Ho\u0302tel a\u0300 ...","breadcrumb":{"@id":"https:\/\/www.africa-press.net\/djibouti\/toutes-les-actualites\/celebration-a-djibouti-de-la-journee-internationale-de-la-jeunesse#breadcrumb"},"inLanguage":"fr-FR","potentialAction":[{"@type":"ReadAction","target":["https:\/\/www.africa-press.net\/djibouti\/toutes-les-actualites\/celebration-a-djibouti-de-la-journee-internationale-de-la-jeunesse"]}]},{"@type":"ImageObject","inLanguage":"fr-FR","@id":"https:\/\/www.africa-press.net\/djibouti\/toutes-les-actualites\/celebration-a-djibouti-de-la-journee-internationale-de-la-jeunesse#primaryimage","url":"https:\/\/static.africa-press.net\/djibouti\/sites\/52\/2023\/08\/sm_1692005880.536017.jpg","contentUrl":"https:\/\/static.africa-press.net\/djibouti\/sites\/52\/2023\/08\/sm_1692005880.536017.jpg","width":1024,"height":683,"caption":"C\u00e9l\u00e9bration \u00e0 Djibouti de la Journ\u00e9e Internationale de la Jeunesse"},{"@type":"BreadcrumbList","@id":"https:\/\/www.africa-press.net\/djibouti\/toutes-les-actualites\/celebration-a-djibouti-de-la-journee-internationale-de-la-jeunesse#breadcrumb","itemListElement":[{"@type":"ListItem","position":1,"name":"Accueil","item":"https:\/\/www.africa-press.net\/djibouti\/"},{"@type":"ListItem","position":2,"name":"C\u00e9l\u00e9bration \u00e0 Djibouti de la Journ\u00e9e Internationale de la Jeunesse"}]},{"@type":"WebSite","@id":"https:\/\/www.africa-press.net\/djibouti\/#website","url":"https:\/\/www.africa-press.net\/djibouti\/","name":"Djibouti","description":"Just another Africa News Agency Sites site","potentialAction":[{"@type":"SearchAction","target":{"@type":"EntryPoint","urlTemplate":"https:\/\/www.africa-press.net\/djibouti\/?s={search_term_string}"},"query-input":{"@type":"PropertyValueSpecification","valueRequired":true,"valueName":"search_term_string"}}],"inLanguage":"fr-FR"},{"@type":"Person","@id":"https:\/\/www.africa-press.net\/djibouti\/#\/schema\/person\/2b1cf3cd81a31e3cd26889ca66d677f1","name":"cfeditorfr"}]}},"_links":{"self":[{"href":"https:\/\/www.africa-press.net\/djibouti\/wp-json\/wp\/v2\/posts\/16602","targetHints":{"allow":["GET"]}}],"collection":[{"href":"https:\/\/www.africa-press.net\/djibouti\/wp-json\/wp\/v2\/posts"}],"about":[{"href":"https:\/\/www.africa-press.net\/djibouti\/wp-json\/wp\/v2\/types\/post"}],"author":[{"embeddable":true,"href":"https:\/\/www.africa-press.net\/djibouti\/wp-json\/wp\/v2\/users\/82"}],"replies":[{"embeddable":true,"href":"https:\/\/www.africa-press.net\/djibouti\/wp-json\/wp\/v2\/comments?post=16602"}],"version-history":[{"count":0,"href":"https:\/\/www.africa-press.net\/djibouti\/wp-json\/wp\/v2\/posts\/16602\/revisions"}],"wp:featuredmedia":[{"embeddable":true,"href":"https:\/\/www.africa-press.net\/djibouti\/wp-json\/wp\/v2\/media\/16601"}],"wp:attachment":[{"href":"https:\/\/www.africa-press.net\/djibouti\/wp-json\/wp\/v2\/media?parent=16602"}],"wp:term":[{"taxonomy":"category","embeddable":true,"href":"https:\/\/www.africa-press.net\/djibouti\/wp-json\/wp\/v2\/categories?post=16602"},{"taxonomy":"post_tag","embeddable":true,"href":"https:\/\/www.africa-press.net\/djibouti\/wp-json\/wp\/v2\/tags?post=16602"}],"curies":[{"name":"wp","href":"https:\/\/api.w.org\/{rel}","templated":true}]}}