{"id":16604,"date":"2023-08-14T12:50:57","date_gmt":"2023-08-14T12:50:57","guid":{"rendered":"https:\/\/www.africa-press.net\/djibouti\/politique\/le-premier-ministre-en-visite-de-travail-a-obock"},"modified":"2023-08-14T16:32:59","modified_gmt":"2023-08-14T16:32:59","slug":"le-premier-ministre-en-visite-de-travail-a-obock","status":"publish","type":"post","link":"https:\/\/www.africa-press.net\/djibouti\/politique\/le-premier-ministre-en-visite-de-travail-a-obock","title":{"rendered":"Le Premier ministre en visite de travail \u00e0 Obock"},"content":{"rendered":"<p><span style=\"color: #ff6600\"><strong>Africa-Press &#8211; Djibouti. <\/strong><\/span>Le Premier Ministre M. Abdoulkader Kamil Mohamed, accompagne\u0301 de son chef de cabinet et la de\u0301le\u0301gation de l\u2019Organisation internationale de la migration (OIM), s&rsquo;est rendu ce matin a\u0300 Obock, chef-lieu du district du me\u0302me nom, dans le nord du pays.<\/p>\n<p>Cette visite reve\u0302t une importance particulie\u0300re dans le contexte de la gestion des flux migratoires.<\/p>\n<p>A\u0300 son arrive\u0301e, le Premier ministre et sa de\u0301le\u0301gation ont e\u0301te\u0301 accueillis par les autorite\u0301s de la re\u0301gion a\u0300 la te\u0302te desquelles le pre\u0301fet d&rsquo;Obock, M. Moussa Aden Migane, le repre\u0301sentant du conseil re\u0301gional d&rsquo;Obock, M. Mohamed Hamadou, ainsi que les notables.<\/p>\n<p>Une re\u0301union de travail fructueuse a suivi, au cours de laquelle le Premier ministre, M. Abdoulkader Kamil Mohamed, a e\u0301change\u0301 avec l&rsquo;e\u0301quipe de l&rsquo;OIM d&rsquo;Obock.<\/p>\n<p>Les discussions se sont oriente\u0301es vers l&rsquo;assistance apporte\u0301e aux migrants traversant Djibouti en que\u0302te d&rsquo;une meilleure vie dans les pays du Golfe.<\/p>\n<p>La repre\u0301sentante de l&rsquo;OIM a rappele\u0301 que son organisation \u0153uvre en e\u0301troite collaboration avec le ministe\u0300re de l&rsquo;Inte\u0301rieur et les autorite\u0301s locales d&rsquo;Obock pour ge\u0301rer efficacement la situation complexe des migrants.<\/p>\n<p>Cette visite constitue un pas significatif vers une coope\u0301ration renforce\u0301e entre le gouvernement djiboutien et l&rsquo;OIM pour faire face a\u0300 ces de\u0301fis complexes et apporter des re\u0301ponses durables.<\/p>\n<p>La re\u0301gion d&rsquo;Obock, en raison de sa position ge\u0301ographique, est devenue un point de transit crucial pour de nombreux migrants en que\u0302te d&rsquo;opportunite\u0301s meilleures.<\/p>\n<p>Le Premier ministre Abdoulkader a ainsi re\u0301ite\u0301re\u0301 son engagement envers une approche concerte\u0301e pour aborder cette question humanitaire pressante.<\/p>\n<p>Cette visite marque le de\u0301but d&rsquo;une re\u0301flexion plus profonde sur l&rsquo;impe\u0301ratif de ge\u0301rer efficacement les flux migratoires tout en garantissant la se\u0301curite\u0301, la dignite\u0301 et le bien-e\u0302tre des migrants.<\/p>\n<p>L&rsquo;OIM et le gouvernement djiboutien travaillent main dans la main pour fac\u0327onner un avenir plus prometteur pour les personnes cherchant a\u0300 traverser Djibouti dans leur que\u0302te d&rsquo;un avenir meilleur.<\/p>\n<p>Le Premier ministre a, dans son discours, souligne\u0301 la ne\u0301cessite\u0301 de revoir la strate\u0301gie mise en place par l&rsquo;OIM, en vue de trouver des solutions ade\u0301quates pour les migrants qui affluent a\u0300 Djibouti dans l&rsquo;espoir de rejoindre les pays du Golfe.<\/p>\n<p>M. Abdoulkader Kamil Mohamed a eu l&rsquo;occasion de de\u0301couvrir en personne l&rsquo;unite\u0301 de recyclage du plastique mise en place par l&rsquo;OIM.<\/p>\n<p>Au cours de sa visite, le Premier ministre a eu l&rsquo;opportunite\u0301 d&rsquo;obtenir des explications de\u0301taille\u0301es de la part des responsables du centre, mettant en e\u0301vidence le ro\u0302le crucial qu&rsquo;il joue dans la pre\u0301servation de l&rsquo;environnement.<\/p>\n<p>La fabrique d&rsquo;Obock, frai\u0302chement modernise\u0301e avec l&rsquo;installation de nouvelles machines, se pre\u0301pare a\u0300 passer a\u0300 une nouvelle e\u0301tape dans ses activite\u0301s.<\/p>\n<p>La re\u0301ception de ces e\u0301quipements de pointe devrait en effet permettre la transformation des de\u0301chets plastiques de la ville en pave\u0301s aux formes et dimensions varie\u0301es, offrant ainsi une solution durable pour la gestion des de\u0301chets et la cre\u0301ation de produits utiles.<\/p>\n<p>Cette visite illustre l&rsquo;engagement du gouvernement envers la protection de l&rsquo;environnement et le de\u0301veloppement durable, ainsi que sa volonte\u0301 de soutenir des initiatives novatrices telle que cette unite\u0301 de recyclage du plastique. Ce qui contribue a\u0300 la fois a\u0300 la pre\u0301servation de notre plane\u0300te et a\u0300 la promotion d&rsquo;un de\u0301veloppement re\u0301gional inclusif.<\/p>\n<p>Le Premier Ministre M. Abdoulkader Kamil Mohamed, accompagne\u0301 de son chef de cabinet et la de\u0301le\u0301gation de l\u2019Organisation internationale de la migration (OIM), s&rsquo;est rendu ce matin a\u0300 Obock, chef-lieu du district du me\u0302me nom, dans le nord du pays.<\/p>\n<p>Cette visite reve\u0302t une importance particulie\u0300re dans le contexte de la gestion des flux migratoires.<\/p>\n<p>A\u0300 son arrive\u0301e, le Premier ministre et sa de\u0301le\u0301gation ont e\u0301te\u0301 accueillis par les autorite\u0301s de la re\u0301gion a\u0300 la te\u0302te desquelles le pre\u0301fet d&rsquo;Obock, M. Moussa Aden Migane, le repre\u0301sentant du conseil re\u0301gional d&rsquo;Obock, M. Mohamed Hamadou, ainsi que les notables.<\/p>\n<p>Une re\u0301union de travail fructueuse a suivi, au cours de laquelle le Premier ministre, M. Abdoulkader Kamil Mohamed, a e\u0301change\u0301 avec l&rsquo;e\u0301quipe de l&rsquo;OIM d&rsquo;Obock.<\/p>\n<p>Les discussions se sont oriente\u0301es vers l&rsquo;assistance apporte\u0301e aux migrants traversant Djibouti en que\u0302te d&rsquo;une meilleure vie dans les pays du Golfe.<\/p>\n<p>La repre\u0301sentante de l&rsquo;OIM a rappele\u0301 que son organisation \u0153uvre en e\u0301troite collaboration avec le ministe\u0300re de l&rsquo;Inte\u0301rieur et les autorite\u0301s locales d&rsquo;Obock pour ge\u0301rer efficacement la situation complexe des migrants.<\/p>\n<p>Cette visite constitue un pas significatif vers une coope\u0301ration renforce\u0301e entre le gouvernement djiboutien et l&rsquo;OIM pour faire face a\u0300 ces de\u0301fis complexes et apporter des re\u0301ponses durables.<\/p>\n<p>La re\u0301gion d&rsquo;Obock, en raison de sa position ge\u0301ographique, est devenue un point de transit crucial pour de nombreux migrants en que\u0302te d&rsquo;opportunite\u0301s meilleures.<\/p>\n<p>Le Premier ministre Abdoulkader a ainsi re\u0301ite\u0301re\u0301 son engagement envers une approche concerte\u0301e pour aborder cette question humanitaire pressante.<\/p>\n<p>Cette visite marque le de\u0301but d&rsquo;une re\u0301flexion plus profonde sur l&rsquo;impe\u0301ratif de ge\u0301rer efficacement les flux migratoires tout en garantissant la se\u0301curite\u0301, la dignite\u0301 et le bien-e\u0302tre des migrants.<\/p>\n<p>L&rsquo;OIM et le gouvernement djiboutien travaillent main dans la main pour fac\u0327onner un avenir plus prometteur pour les personnes cherchant a\u0300 traverser Djibouti dans leur que\u0302te d&rsquo;un avenir meilleur.<\/p>\n<p>Le Premier ministre a, dans son discours, souligne\u0301 la ne\u0301cessite\u0301 de revoir la strate\u0301gie mise en place par l&rsquo;OIM, en vue de trouver des solutions ade\u0301quates pour les migrants qui affluent a\u0300 Djibouti dans l&rsquo;espoir de rejoindre les pays du Golfe.<\/p>\n<p>M. Abdoulkader Kamil Mohamed a eu l&rsquo;occasion de de\u0301couvrir en personne l&rsquo;unite\u0301 de recyclage du plastique mise en place par l&rsquo;OIM.<\/p>\n<p>Au cours de sa visite, le Premier ministre a eu l&rsquo;opportunite\u0301 d&rsquo;obtenir des explications de\u0301taille\u0301es de la part des responsables du centre, mettant en e\u0301vidence le ro\u0302le crucial qu&rsquo;il joue dans la pre\u0301servation de l&rsquo;environnement.<\/p>\n<p>La fabrique d&rsquo;Obock, frai\u0302chement modernise\u0301e avec l&rsquo;installation de nouvelles machines, se pre\u0301pare a\u0300 passer a\u0300 une nouvelle e\u0301tape dans ses activite\u0301s.<\/p>\n<p>La re\u0301ception de ces e\u0301quipements de pointe devrait en effet permettre la transformation des de\u0301chets plastiques de la ville en pave\u0301s aux formes et dimensions varie\u0301es, offrant ainsi une solution durable pour la gestion des de\u0301chets et la cre\u0301ation de produits utiles.<\/p>\n<p>Cette visite illustre l&rsquo;engagement du gouvernement envers la protection de l&rsquo;environnement et le de\u0301veloppement durable, ainsi que sa volonte\u0301 de soutenir des initiatives novatrices telle que cette unite\u0301 de recyclage du plastique. Ce qui contribue a\u0300 la fois a\u0300 la pre\u0301servation de notre plane\u0300te et a\u0300 la promotion d&rsquo;un de\u0301veloppement re\u0301gional inclusif.<\/p>\n<p><strong>Pour plus d&rsquo;informations et d&rsquo;analyses sur la <a href=\"https:\/\/www.africa-press.net\/djibouti\">Djibouti<\/a>, suivez <a href=\"https:\/\/www.africa-press.net\/\">Africa-Press<\/a><\/strong><\/p>\n","protected":false},"excerpt":{"rendered":"<p>Africa-Press &#8211; Djibouti. Le Premier Ministre M. Abdoulkader Kamil Mohamed, accompagne\u0301 de son chef de cabinet et la de\u0301le\u0301gation de l\u2019Organisation internationale de la migration (OIM), s&rsquo;est rendu ce matin a\u0300 Obock, chef-lieu du district du me\u0302me nom, dans le nord du pays. Cette visite reve\u0302t une importance particulie\u0300re dans le contexte de la gestion [&hellip;]<\/p>\n","protected":false},"author":82,"featured_media":16603,"comment_status":"open","ping_status":"closed","sticky":false,"template":"","format":"standard","meta":{"footnotes":""},"categories":[2,20,10],"tags":[36,49,50],"class_list":["post-16604","post","type-post","status-publish","format-standard","has-post-thumbnail","hentry","category-politique","category-top-nouvelles","category-toutes-les-actualites","tag-africa-press","tag-africa-press-djibouti","tag-djibouti"],"yoast_head":"<!-- This site is optimized with the Yoast SEO Premium plugin v26.1 (Yoast SEO v27.0) - https:\/\/yoast.com\/product\/yoast-seo-premium-wordpress\/ -->\n<title>Le Premier ministre en visite de travail \u00e0 Obock - Djibouti<\/title>\n<meta name=\"description\" content=\"Le Premier Ministre M. Abdoulkader Kamil Mohamed, accompagne\u0301 de son chef de cabinet et la de\u0301le\u0301gation de l\u2019Organisatio ...\" \/>\n<meta name=\"robots\" content=\"index, follow, max-snippet:-1, max-image-preview:large, max-video-preview:-1\" \/>\n<link rel=\"canonical\" href=\"https:\/\/www.africa-press.net\/djibouti\/politique\/le-premier-ministre-en-visite-de-travail-a-obock\" \/>\n<meta property=\"og:locale\" content=\"fr_FR\" \/>\n<meta property=\"og:type\" content=\"article\" \/>\n<meta property=\"og:title\" content=\"Le Premier ministre en visite de travail \u00e0 Obock\" \/>\n<meta property=\"og:description\" content=\"Le Premier Ministre M. Abdoulkader Kamil Mohamed, accompagne\u0301 de son chef de cabinet et la de\u0301le\u0301gation de l\u2019Organisatio ...\" \/>\n<meta property=\"og:url\" content=\"https:\/\/www.africa-press.net\/djibouti\/politique\/le-premier-ministre-en-visite-de-travail-a-obock\" \/>\n<meta property=\"og:site_name\" content=\"Djibouti\" \/>\n<meta property=\"article:published_time\" content=\"2023-08-14T12:50:57+00:00\" \/>\n<meta property=\"article:modified_time\" content=\"2023-08-14T16:32:59+00:00\" \/>\n<meta property=\"og:image\" content=\"https:\/\/static.africa-press.net\/djibouti\/sites\/52\/2023\/08\/sm_1692005901.600467.jpg\" \/>\n\t<meta property=\"og:image:width\" content=\"1069\" \/>\n\t<meta property=\"og:image:height\" content=\"529\" \/>\n\t<meta property=\"og:image:type\" content=\"image\/jpeg\" \/>\n<meta name=\"author\" content=\"cfeditorfr\" \/>\n<meta name=\"twitter:card\" content=\"summary_large_image\" \/>\n<meta name=\"twitter:label1\" content=\"\u00c9crit par\" \/>\n\t<meta name=\"twitter:data1\" content=\"cfeditorfr\" \/>\n\t<meta name=\"twitter:label2\" content=\"Dur\u00e9e de lecture estim\u00e9e\" \/>\n\t<meta name=\"twitter:data2\" content=\"6 minutes\" \/>\n<script type=\"application\/ld+json\" class=\"yoast-schema-graph\">{\"@context\":\"https:\/\/schema.org\",\"@graph\":[{\"@type\":\"Article\",\"@id\":\"https:\/\/www.africa-press.net\/djibouti\/politique\/le-premier-ministre-en-visite-de-travail-a-obock#article\",\"isPartOf\":{\"@id\":\"https:\/\/www.africa-press.net\/djibouti\/politique\/le-premier-ministre-en-visite-de-travail-a-obock\"},\"author\":{\"name\":\"cfeditorfr\",\"@id\":\"https:\/\/www.africa-press.net\/djibouti\/#\/schema\/person\/2b1cf3cd81a31e3cd26889ca66d677f1\"},\"headline\":\"Le Premier ministre en visite de travail \u00e0 Obock\",\"datePublished\":\"2023-08-14T12:50:57+00:00\",\"dateModified\":\"2023-08-14T16:32:59+00:00\",\"mainEntityOfPage\":{\"@id\":\"https:\/\/www.africa-press.net\/djibouti\/politique\/le-premier-ministre-en-visite-de-travail-a-obock\"},\"wordCount\":1265,\"commentCount\":0,\"image\":{\"@id\":\"https:\/\/www.africa-press.net\/djibouti\/politique\/le-premier-ministre-en-visite-de-travail-a-obock#primaryimage\"},\"thumbnailUrl\":\"https:\/\/static.africa-press.net\/djibouti\/sites\/52\/2023\/08\/sm_1692005901.600467.jpg\",\"keywords\":[\"Africa Press\",\"Africa Press-Djibouti\",\"Djibouti\"],\"articleSection\":[\"Politique\",\"Top Nouvelles\",\"Toutes les actualit\u00e9s\"],\"inLanguage\":\"fr-FR\",\"potentialAction\":[{\"@type\":\"CommentAction\",\"name\":\"Comment\",\"target\":[\"https:\/\/www.africa-press.net\/djibouti\/politique\/le-premier-ministre-en-visite-de-travail-a-obock#respond\"]}]},{\"@type\":\"WebPage\",\"@id\":\"https:\/\/www.africa-press.net\/djibouti\/politique\/le-premier-ministre-en-visite-de-travail-a-obock\",\"url\":\"https:\/\/www.africa-press.net\/djibouti\/politique\/le-premier-ministre-en-visite-de-travail-a-obock\",\"name\":\"Le Premier ministre en visite de travail \u00e0 Obock - Djibouti\",\"isPartOf\":{\"@id\":\"https:\/\/www.africa-press.net\/djibouti\/#website\"},\"primaryImageOfPage\":{\"@id\":\"https:\/\/www.africa-press.net\/djibouti\/politique\/le-premier-ministre-en-visite-de-travail-a-obock#primaryimage\"},\"image\":{\"@id\":\"https:\/\/www.africa-press.net\/djibouti\/politique\/le-premier-ministre-en-visite-de-travail-a-obock#primaryimage\"},\"thumbnailUrl\":\"https:\/\/static.africa-press.net\/djibouti\/sites\/52\/2023\/08\/sm_1692005901.600467.jpg\",\"datePublished\":\"2023-08-14T12:50:57+00:00\",\"dateModified\":\"2023-08-14T16:32:59+00:00\",\"author\":{\"@id\":\"https:\/\/www.africa-press.net\/djibouti\/#\/schema\/person\/2b1cf3cd81a31e3cd26889ca66d677f1\"},\"description\":\"Le Premier Ministre M. Abdoulkader Kamil Mohamed, accompagne\u0301 de son chef de cabinet et la de\u0301le\u0301gation de l\u2019Organisatio ...\",\"breadcrumb\":{\"@id\":\"https:\/\/www.africa-press.net\/djibouti\/politique\/le-premier-ministre-en-visite-de-travail-a-obock#breadcrumb\"},\"inLanguage\":\"fr-FR\",\"potentialAction\":[{\"@type\":\"ReadAction\",\"target\":[\"https:\/\/www.africa-press.net\/djibouti\/politique\/le-premier-ministre-en-visite-de-travail-a-obock\"]}]},{\"@type\":\"ImageObject\",\"inLanguage\":\"fr-FR\",\"@id\":\"https:\/\/www.africa-press.net\/djibouti\/politique\/le-premier-ministre-en-visite-de-travail-a-obock#primaryimage\",\"url\":\"https:\/\/static.africa-press.net\/djibouti\/sites\/52\/2023\/08\/sm_1692005901.600467.jpg\",\"contentUrl\":\"https:\/\/static.africa-press.net\/djibouti\/sites\/52\/2023\/08\/sm_1692005901.600467.jpg\",\"width\":1069,\"height\":529,\"caption\":\"Le Premier ministre en visite de travail \u00e0 Obock\"},{\"@type\":\"BreadcrumbList\",\"@id\":\"https:\/\/www.africa-press.net\/djibouti\/politique\/le-premier-ministre-en-visite-de-travail-a-obock#breadcrumb\",\"itemListElement\":[{\"@type\":\"ListItem\",\"position\":1,\"name\":\"Accueil\",\"item\":\"https:\/\/www.africa-press.net\/djibouti\/\"},{\"@type\":\"ListItem\",\"position\":2,\"name\":\"Le Premier ministre en visite de travail \u00e0 Obock\"}]},{\"@type\":\"WebSite\",\"@id\":\"https:\/\/www.africa-press.net\/djibouti\/#website\",\"url\":\"https:\/\/www.africa-press.net\/djibouti\/\",\"name\":\"Djibouti\",\"description\":\"Just another Africa News Agency Sites site\",\"potentialAction\":[{\"@type\":\"SearchAction\",\"target\":{\"@type\":\"EntryPoint\",\"urlTemplate\":\"https:\/\/www.africa-press.net\/djibouti\/?s={search_term_string}\"},\"query-input\":{\"@type\":\"PropertyValueSpecification\",\"valueRequired\":true,\"valueName\":\"search_term_string\"}}],\"inLanguage\":\"fr-FR\"},{\"@type\":\"Person\",\"@id\":\"https:\/\/www.africa-press.net\/djibouti\/#\/schema\/person\/2b1cf3cd81a31e3cd26889ca66d677f1\",\"name\":\"cfeditorfr\"}]}<\/script>\n<!-- \/ Yoast SEO Premium plugin. -->","yoast_head_json":{"title":"Le Premier ministre en visite de travail \u00e0 Obock - Djibouti","description":"Le Premier Ministre M. Abdoulkader Kamil Mohamed, accompagne\u0301 de son chef de cabinet et la de\u0301le\u0301gation de l\u2019Organisatio ...","robots":{"index":"index","follow":"follow","max-snippet":"max-snippet:-1","max-image-preview":"max-image-preview:large","max-video-preview":"max-video-preview:-1"},"canonical":"https:\/\/www.africa-press.net\/djibouti\/politique\/le-premier-ministre-en-visite-de-travail-a-obock","og_locale":"fr_FR","og_type":"article","og_title":"Le Premier ministre en visite de travail \u00e0 Obock","og_description":"Le Premier Ministre M. Abdoulkader Kamil Mohamed, accompagne\u0301 de son chef de cabinet et la de\u0301le\u0301gation de l\u2019Organisatio ...","og_url":"https:\/\/www.africa-press.net\/djibouti\/politique\/le-premier-ministre-en-visite-de-travail-a-obock","og_site_name":"Djibouti","article_published_time":"2023-08-14T12:50:57+00:00","article_modified_time":"2023-08-14T16:32:59+00:00","og_image":[{"width":1069,"height":529,"url":"https:\/\/static.africa-press.net\/djibouti\/sites\/52\/2023\/08\/sm_1692005901.600467.jpg","type":"image\/jpeg"}],"author":"cfeditorfr","twitter_card":"summary_large_image","twitter_misc":{"\u00c9crit par":"cfeditorfr","Dur\u00e9e de lecture estim\u00e9e":"6 minutes"},"schema":{"@context":"https:\/\/schema.org","@graph":[{"@type":"Article","@id":"https:\/\/www.africa-press.net\/djibouti\/politique\/le-premier-ministre-en-visite-de-travail-a-obock#article","isPartOf":{"@id":"https:\/\/www.africa-press.net\/djibouti\/politique\/le-premier-ministre-en-visite-de-travail-a-obock"},"author":{"name":"cfeditorfr","@id":"https:\/\/www.africa-press.net\/djibouti\/#\/schema\/person\/2b1cf3cd81a31e3cd26889ca66d677f1"},"headline":"Le Premier ministre en visite de travail \u00e0 Obock","datePublished":"2023-08-14T12:50:57+00:00","dateModified":"2023-08-14T16:32:59+00:00","mainEntityOfPage":{"@id":"https:\/\/www.africa-press.net\/djibouti\/politique\/le-premier-ministre-en-visite-de-travail-a-obock"},"wordCount":1265,"commentCount":0,"image":{"@id":"https:\/\/www.africa-press.net\/djibouti\/politique\/le-premier-ministre-en-visite-de-travail-a-obock#primaryimage"},"thumbnailUrl":"https:\/\/static.africa-press.net\/djibouti\/sites\/52\/2023\/08\/sm_1692005901.600467.jpg","keywords":["Africa Press","Africa Press-Djibouti","Djibouti"],"articleSection":["Politique","Top Nouvelles","Toutes les actualit\u00e9s"],"inLanguage":"fr-FR","potentialAction":[{"@type":"CommentAction","name":"Comment","target":["https:\/\/www.africa-press.net\/djibouti\/politique\/le-premier-ministre-en-visite-de-travail-a-obock#respond"]}]},{"@type":"WebPage","@id":"https:\/\/www.africa-press.net\/djibouti\/politique\/le-premier-ministre-en-visite-de-travail-a-obock","url":"https:\/\/www.africa-press.net\/djibouti\/politique\/le-premier-ministre-en-visite-de-travail-a-obock","name":"Le Premier ministre en visite de travail \u00e0 Obock - Djibouti","isPartOf":{"@id":"https:\/\/www.africa-press.net\/djibouti\/#website"},"primaryImageOfPage":{"@id":"https:\/\/www.africa-press.net\/djibouti\/politique\/le-premier-ministre-en-visite-de-travail-a-obock#primaryimage"},"image":{"@id":"https:\/\/www.africa-press.net\/djibouti\/politique\/le-premier-ministre-en-visite-de-travail-a-obock#primaryimage"},"thumbnailUrl":"https:\/\/static.africa-press.net\/djibouti\/sites\/52\/2023\/08\/sm_1692005901.600467.jpg","datePublished":"2023-08-14T12:50:57+00:00","dateModified":"2023-08-14T16:32:59+00:00","author":{"@id":"https:\/\/www.africa-press.net\/djibouti\/#\/schema\/person\/2b1cf3cd81a31e3cd26889ca66d677f1"},"description":"Le Premier Ministre M. Abdoulkader Kamil Mohamed, accompagne\u0301 de son chef de cabinet et la de\u0301le\u0301gation de l\u2019Organisatio ...","breadcrumb":{"@id":"https:\/\/www.africa-press.net\/djibouti\/politique\/le-premier-ministre-en-visite-de-travail-a-obock#breadcrumb"},"inLanguage":"fr-FR","potentialAction":[{"@type":"ReadAction","target":["https:\/\/www.africa-press.net\/djibouti\/politique\/le-premier-ministre-en-visite-de-travail-a-obock"]}]},{"@type":"ImageObject","inLanguage":"fr-FR","@id":"https:\/\/www.africa-press.net\/djibouti\/politique\/le-premier-ministre-en-visite-de-travail-a-obock#primaryimage","url":"https:\/\/static.africa-press.net\/djibouti\/sites\/52\/2023\/08\/sm_1692005901.600467.jpg","contentUrl":"https:\/\/static.africa-press.net\/djibouti\/sites\/52\/2023\/08\/sm_1692005901.600467.jpg","width":1069,"height":529,"caption":"Le Premier ministre en visite de travail \u00e0 Obock"},{"@type":"BreadcrumbList","@id":"https:\/\/www.africa-press.net\/djibouti\/politique\/le-premier-ministre-en-visite-de-travail-a-obock#breadcrumb","itemListElement":[{"@type":"ListItem","position":1,"name":"Accueil","item":"https:\/\/www.africa-press.net\/djibouti\/"},{"@type":"ListItem","position":2,"name":"Le Premier ministre en visite de travail \u00e0 Obock"}]},{"@type":"WebSite","@id":"https:\/\/www.africa-press.net\/djibouti\/#website","url":"https:\/\/www.africa-press.net\/djibouti\/","name":"Djibouti","description":"Just another Africa News Agency Sites site","potentialAction":[{"@type":"SearchAction","target":{"@type":"EntryPoint","urlTemplate":"https:\/\/www.africa-press.net\/djibouti\/?s={search_term_string}"},"query-input":{"@type":"PropertyValueSpecification","valueRequired":true,"valueName":"search_term_string"}}],"inLanguage":"fr-FR"},{"@type":"Person","@id":"https:\/\/www.africa-press.net\/djibouti\/#\/schema\/person\/2b1cf3cd81a31e3cd26889ca66d677f1","name":"cfeditorfr"}]}},"_links":{"self":[{"href":"https:\/\/www.africa-press.net\/djibouti\/wp-json\/wp\/v2\/posts\/16604","targetHints":{"allow":["GET"]}}],"collection":[{"href":"https:\/\/www.africa-press.net\/djibouti\/wp-json\/wp\/v2\/posts"}],"about":[{"href":"https:\/\/www.africa-press.net\/djibouti\/wp-json\/wp\/v2\/types\/post"}],"author":[{"embeddable":true,"href":"https:\/\/www.africa-press.net\/djibouti\/wp-json\/wp\/v2\/users\/82"}],"replies":[{"embeddable":true,"href":"https:\/\/www.africa-press.net\/djibouti\/wp-json\/wp\/v2\/comments?post=16604"}],"version-history":[{"count":0,"href":"https:\/\/www.africa-press.net\/djibouti\/wp-json\/wp\/v2\/posts\/16604\/revisions"}],"wp:featuredmedia":[{"embeddable":true,"href":"https:\/\/www.africa-press.net\/djibouti\/wp-json\/wp\/v2\/media\/16603"}],"wp:attachment":[{"href":"https:\/\/www.africa-press.net\/djibouti\/wp-json\/wp\/v2\/media?parent=16604"}],"wp:term":[{"taxonomy":"category","embeddable":true,"href":"https:\/\/www.africa-press.net\/djibouti\/wp-json\/wp\/v2\/categories?post=16604"},{"taxonomy":"post_tag","embeddable":true,"href":"https:\/\/www.africa-press.net\/djibouti\/wp-json\/wp\/v2\/tags?post=16604"}],"curies":[{"name":"wp","href":"https:\/\/api.w.org\/{rel}","templated":true}]}}