{"id":16617,"date":"2023-08-14T13:32:54","date_gmt":"2023-08-14T13:32:54","guid":{"rendered":"https:\/\/www.africa-press.net\/djibouti\/politique\/celebration-de-la-journee-internationale-de-la-jeunesse-a-tadjourah"},"modified":"2023-08-14T16:37:01","modified_gmt":"2023-08-14T16:37:01","slug":"celebration-de-la-journee-internationale-de-la-jeunesse-a-tadjourah","status":"publish","type":"post","link":"https:\/\/www.africa-press.net\/djibouti\/photo\/celebration-de-la-journee-internationale-de-la-jeunesse-a-tadjourah","title":{"rendered":"C\u00e9l\u00e9bration de la Journ\u00e9e internationale de la jeunesse \u00e0 Tadjourah"},"content":{"rendered":"<p><span style=\"color: #ff6600\"><strong>Africa-Press &#8211; Djibouti. <\/strong><\/span>La ministre de la Jeunesse et de la Culture, Dr Hibo Moumin Assoweh, a proce\u0301de\u0301 samedi, a\u0300 GadilehResort Ho\u0302tel de Tadjourah, a\u0300 la clo\u0302ture des activite\u0301s de ce\u0301le\u0301bration de la journe\u0301e internationale de la jeunesse, comme\u0301more\u0301e a\u0300 la date du 12 aou\u0302t de chaque anne\u0301e. Le the\u0300me retenu pour cette anne\u0301e 2023 est \u00ab les compe\u0301tences vertes pour les jeunes : vers un monde durable \u00bb.<\/p>\n<p>Ont pris part a\u0300 cette ce\u0301re\u0301monie haute en couleurs,la secre\u0301taire d\u2019E\u0301tat charge\u0301e des Investissements et du De\u0301veloppement du Secteur Prive\u0301, le Pre\u0301fet de la Re\u0301gion de Tadjourah, le Vice-Pre\u0301sident du Conseil Re\u0301gional de Tadjourah, le Secre\u0301taire Ge\u0301ne\u0301ral du Ministe\u0300re de l\u2019Environnement et du De\u0301veloppement Durable, un parlementaire de la localite\u0301 de Randa et la coordinatrice inte\u0301rimaire du Syste\u0300me des Nations Unies. Cet e\u0301ve\u0300nement a vu aussi la participation de plus de 100 jeunes issus des re\u0301gions de Tadjourah, d\u2019Ali-Sabieh et d\u2019Obock qui ont be\u0301ne\u0301ficie\u0301 de la formation sur l\u2019e\u0301conomie verte et l\u2019e\u0301conomie bleue, ainsi que le Club des Jeunes Entrepreneurs de Tadjourah, qui ont e\u0301galement participe\u0301 a\u0300 une exposition et vente des produits made in Tadjourah.<\/p>\n<p>Apre\u0300s une se\u0301rie d\u2019allocutions officielles s\u2019en est suivie la projection d\u2019un reportage vide\u0301o retrac\u0327ant le bilan des activite\u0301s de formation et de promotion qui ont de\u0301bute\u0301 depuis juin dernier dans le cadre des activite\u0301s estivales du MJC.<\/p>\n<p>Dans son intervention, la ministre a indique\u0301 qu\u2019a\u0300 travers cette journe\u0301e internationale de la jeunesse, son de\u0301partement a voulu mettre en exergue une question majeure, l\u2019insertion professionnelle des jeunes a\u0300 travers un large programme de sensibilisation et de promotion des opportunite\u0301s d\u2019emplois dans deux secteurs cle\u0301s du de\u0301veloppement durable : a\u0300 savoir l\u2019e\u0301conomie bleue et l\u2019e\u0301conomie verte. Apre\u0300s une courte animation musicale et des focus group et riches discussions avec les jeunes sur les enjeux du de\u0301veloppement durable et les opportunite\u0301s d\u2019emplois, la traditionnelle photo de famille a clo\u0302ture\u0301 la se\u0301ance.<\/p>\n<p><b>Une soire\u0301e d\u2019animation culturelle au CDC de Tadjourah<\/b><\/p>\n<p>Par ailleurs, sous l\u2019e\u0301gide du Ministe\u0300re de la Jeunesse et de la Culture, une soire\u0301e d\u2019animation culturelle a e\u0301te\u0301 organise\u0301e dans la soire\u0301e du 11 aou\u0302t 2023 au CDC de Tadjourah.Cette activite\u0301 s\u2019inscrit dans le cadre de la ce\u0301le\u0301bration de la journe\u0301e internationale de la jeunesse ce\u0301le\u0301bre\u0301e le 12 aou\u0302t dans la re\u0301gion de Tadjourah sous le the\u0300me de \u00abDes compe\u0301tences vertes pour la jeunesse : vers un monde durable \u00bb.<\/p>\n<p>Le programme culturel de sensibilisation visait a\u0300 attirer l\u2019attention sur l\u2019importante contribution des jeunes a\u0300 l\u2019atteinte des objectifs de de\u0301veloppement durable.<\/p>\n<p>Apre\u0300s les activite\u0301s de protection de l\u2019environnement, a\u0300 savoir le nettoyage de la plage et la plantation d\u2019arbres, le programme s\u2019est poursuivi lors de cette soire\u0301e culturelle compose\u0301e de danses folkloriques et de chansons.<\/p>\n<p>Ces festivite\u0301s ont vu la participation d\u2019artistes renomme\u0301s telsque IsmaelDabaleh, Moussa Mohamed, Abdoukarim Mohamed et Nasser Aden qui ont assure\u0301 des prestations remarquables tre\u0300s applaudies par le public et plus particulie\u0300rement par la jeunesse de la ville blanche.<\/p>\n\r\n                <style type=\"text\/css\">\r\n                    \r\n                    #td_uid_1_69eda3d896b6a  .td-doubleSlider-2 .td-item1 {\r\n                        background: url(https:\/\/static.africa-press.net\/djibouti\/sites\/52\/2023\/08\/sm_1692007701.099748-80x60.jpg) 0 0 no-repeat;\r\n                    }\r\n                    #td_uid_1_69eda3d896b6a  .td-doubleSlider-2 .td-item2 {\r\n                        background: url(https:\/\/static.africa-press.net\/djibouti\/sites\/52\/2023\/08\/sm_1692007710.725671-80x60.jpg) 0 0 no-repeat;\r\n                    }\r\n                    #td_uid_1_69eda3d896b6a  .td-doubleSlider-2 .td-item3 {\r\n                        background: url(https:\/\/static.africa-press.net\/djibouti\/sites\/52\/2023\/08\/sm_1692007719.313111-80x60.jpg) 0 0 no-repeat;\r\n                    }\r\n                    #td_uid_1_69eda3d896b6a  .td-doubleSlider-2 .td-item4 {\r\n                        background: url(https:\/\/static.africa-press.net\/djibouti\/sites\/52\/2023\/08\/sm_1692007727.347025-80x60.jpg) 0 0 no-repeat;\r\n                    }\r\n                    #td_uid_1_69eda3d896b6a  .td-doubleSlider-2 .td-item5 {\r\n                        background: url(https:\/\/static.africa-press.net\/djibouti\/sites\/52\/2023\/08\/sm_1692007734.672796-80x60.jpg) 0 0 no-repeat;\r\n                    }\r\n                <\/style>\r\n\r\n                <div id=\"td_uid_1_69eda3d896b6a\" class=\"td-gallery td-slide-on-2-columns\">\r\n                    <div class=\"post_td_gallery\">\r\n                        <div class=\"td-gallery-slide-top\">\r\n                           <div class=\"td-gallery-title\"><\/div>\r\n\r\n                            <div class=\"td-gallery-controls-wrapper\">\r\n                                <div class=\"td-gallery-slide-count\"><span class=\"td-gallery-slide-item-focus\">1<\/span> de 5<\/div>\r\n                                <div class=\"td-gallery-slide-prev-next-but\">\r\n                                    <i class = \"td-icon-left doubleSliderPrevButton\"><\/i>\r\n                                    <i class = \"td-icon-right doubleSliderNextButton\"><\/i>\r\n                                <\/div>\r\n                            <\/div>\r\n                        <\/div>\r\n\r\n                        <div class = \"td-doubleSlider-1 \">\r\n                            <div class = \"td-slider\">\r\n                                \r\n                    <div class = \"td-slide-item td-item1\">\r\n                        <figure class=\"td-slide-galery-figure td-slide-popup-gallery\">\r\n                            <a class=\"slide-gallery-image-link\" href=\"https:\/\/static.africa-press.net\/djibouti\/sites\/52\/2023\/08\/sm_1692007701.099748.jpg\" title=\"sm_1692007701.099748\"  data-caption=\"\"  data-description=\"\">\r\n                                <img decoding=\"async\" src=\"https:\/\/static.africa-press.net\/djibouti\/sites\/52\/2023\/08\/sm_1692007701.099748.jpg\" srcset=\"https:\/\/static.africa-press.net\/djibouti\/sites\/52\/2023\/08\/sm_1692007701.099748.jpg 1015w, https:\/\/static.africa-press.net\/djibouti\/sites\/52\/2023\/08\/sm_1692007701.099748-300x200.jpg 300w, https:\/\/static.africa-press.net\/djibouti\/sites\/52\/2023\/08\/sm_1692007701.099748-768x513.jpg 768w\" sizes=\"(max-width: 1015px) 100vw, 1015px\" alt=\"\">\r\n                            <\/a>\r\n                            \r\n                        <\/figure>\r\n                    <\/div>\r\n                    <div class = \"td-slide-item td-item2\">\r\n                        <figure class=\"td-slide-galery-figure td-slide-popup-gallery\">\r\n                            <a class=\"slide-gallery-image-link\" href=\"https:\/\/static.africa-press.net\/djibouti\/sites\/52\/2023\/08\/sm_1692007710.725671.jpg\" title=\"sm_1692007710.725671\"  data-caption=\"\"  data-description=\"\">\r\n                                <img decoding=\"async\" src=\"https:\/\/static.africa-press.net\/djibouti\/sites\/52\/2023\/08\/sm_1692007710.725671.jpg\" srcset=\"https:\/\/static.africa-press.net\/djibouti\/sites\/52\/2023\/08\/sm_1692007710.725671.jpg 1024w, https:\/\/static.africa-press.net\/djibouti\/sites\/52\/2023\/08\/sm_1692007710.725671-300x200.jpg 300w, https:\/\/static.africa-press.net\/djibouti\/sites\/52\/2023\/08\/sm_1692007710.725671-768x512.jpg 768w\" sizes=\"(max-width: 1024px) 100vw, 1024px\" alt=\"\">\r\n                            <\/a>\r\n                            \r\n                        <\/figure>\r\n                    <\/div>\r\n                    <div class = \"td-slide-item td-item3\">\r\n                        <figure class=\"td-slide-galery-figure td-slide-popup-gallery\">\r\n                            <a class=\"slide-gallery-image-link\" href=\"https:\/\/static.africa-press.net\/djibouti\/sites\/52\/2023\/08\/sm_1692007719.313111.jpg\" title=\"sm_1692007719.313111\"  data-caption=\"\"  data-description=\"\">\r\n                                <img decoding=\"async\" src=\"https:\/\/static.africa-press.net\/djibouti\/sites\/52\/2023\/08\/sm_1692007719.313111.jpg\" srcset=\"https:\/\/static.africa-press.net\/djibouti\/sites\/52\/2023\/08\/sm_1692007719.313111.jpg 1024w, https:\/\/static.africa-press.net\/djibouti\/sites\/52\/2023\/08\/sm_1692007719.313111-300x200.jpg 300w, https:\/\/static.africa-press.net\/djibouti\/sites\/52\/2023\/08\/sm_1692007719.313111-768x512.jpg 768w\" sizes=\"(max-width: 1024px) 100vw, 1024px\" alt=\"\">\r\n                            <\/a>\r\n                            \r\n                        <\/figure>\r\n                    <\/div>\r\n                    <div class = \"td-slide-item td-item4\">\r\n                        <figure class=\"td-slide-galery-figure td-slide-popup-gallery\">\r\n                            <a class=\"slide-gallery-image-link\" href=\"https:\/\/static.africa-press.net\/djibouti\/sites\/52\/2023\/08\/sm_1692007727.347025.jpg\" title=\"sm_1692007727.347025\"  data-caption=\"\"  data-description=\"\">\r\n                                <img decoding=\"async\" src=\"https:\/\/static.africa-press.net\/djibouti\/sites\/52\/2023\/08\/sm_1692007727.347025.jpg\" srcset=\"https:\/\/static.africa-press.net\/djibouti\/sites\/52\/2023\/08\/sm_1692007727.347025.jpg 1024w, https:\/\/static.africa-press.net\/djibouti\/sites\/52\/2023\/08\/sm_1692007727.347025-300x200.jpg 300w, https:\/\/static.africa-press.net\/djibouti\/sites\/52\/2023\/08\/sm_1692007727.347025-768x512.jpg 768w\" sizes=\"(max-width: 1024px) 100vw, 1024px\" alt=\"\">\r\n                            <\/a>\r\n                            \r\n                        <\/figure>\r\n                    <\/div>\r\n                    <div class = \"td-slide-item td-item5\">\r\n                        <figure class=\"td-slide-galery-figure td-slide-popup-gallery\">\r\n                            <a class=\"slide-gallery-image-link\" href=\"https:\/\/static.africa-press.net\/djibouti\/sites\/52\/2023\/08\/sm_1692007734.672796.jpg\" title=\"sm_1692007734.672796\"  data-caption=\"\"  data-description=\"\">\r\n                                <img decoding=\"async\" src=\"https:\/\/static.africa-press.net\/djibouti\/sites\/52\/2023\/08\/sm_1692007734.672796.jpg\" srcset=\"https:\/\/static.africa-press.net\/djibouti\/sites\/52\/2023\/08\/sm_1692007734.672796.jpg 1024w, https:\/\/static.africa-press.net\/djibouti\/sites\/52\/2023\/08\/sm_1692007734.672796-300x201.jpg 300w, https:\/\/static.africa-press.net\/djibouti\/sites\/52\/2023\/08\/sm_1692007734.672796-768x514.jpg 768w\" sizes=\"(max-width: 1024px) 100vw, 1024px\" alt=\"\">\r\n                            <\/a>\r\n                            \r\n                        <\/figure>\r\n                    <\/div>\r\n                            <\/div>\r\n                        <\/div>\r\n\r\n                        <div class = \"td-doubleSlider-2\">\r\n                            <div class = \"td-slider\">\r\n                                \r\n                    <div class = \"td-button td-item1\">\r\n                        <div class = \"td-border\"><\/div>\r\n                    <\/div>\r\n                    <div class = \"td-button td-item2\">\r\n                        <div class = \"td-border\"><\/div>\r\n                    <\/div>\r\n                    <div class = \"td-button td-item3\">\r\n                        <div class = \"td-border\"><\/div>\r\n                    <\/div>\r\n                    <div class = \"td-button td-item4\">\r\n                        <div class = \"td-border\"><\/div>\r\n                    <\/div>\r\n                    <div class = \"td-button td-item5\">\r\n                        <div class = \"td-border\"><\/div>\r\n                    <\/div>\r\n                            <\/div>\r\n                        <\/div>\r\n\r\n                    <\/div>\r\n\r\n                <\/div>\r\n                \n<p><strong>Pour plus d&rsquo;informations et d&rsquo;analyses sur la <a href=\"https:\/\/www.africa-press.net\/djibouti\">Djibouti<\/a>, suivez <a href=\"https:\/\/www.africa-press.net\/\">Africa-Press<\/a><\/strong><\/p>\n","protected":false},"excerpt":{"rendered":"<p>Africa-Press &#8211; Djibouti. La ministre de la Jeunesse et de la Culture, Dr Hibo Moumin Assoweh, a proce\u0301de\u0301 samedi, a\u0300 GadilehResort Ho\u0302tel de Tadjourah, a\u0300 la clo\u0302ture des activite\u0301s de ce\u0301le\u0301bration de la journe\u0301e internationale de la jeunesse, comme\u0301more\u0301e a\u0300 la date du 12 aou\u0302t de chaque anne\u0301e. Le the\u0300me retenu pour cette anne\u0301e 2023 [&hellip;]<\/p>\n","protected":false},"author":82,"featured_media":16616,"comment_status":"open","ping_status":"closed","sticky":false,"template":"","format":"standard","meta":{"footnotes":""},"categories":[21,8,10],"tags":[36,49,50],"class_list":["post-16617","post","type-post","status-publish","format-standard","has-post-thumbnail","hentry","category-communaute","category-photo","category-toutes-les-actualites","tag-africa-press","tag-africa-press-djibouti","tag-djibouti"],"yoast_head":"<!-- This site is optimized with the Yoast SEO Premium plugin v26.1 (Yoast SEO v27.0) - https:\/\/yoast.com\/product\/yoast-seo-premium-wordpress\/ -->\n<title>C\u00e9l\u00e9bration de la Journ\u00e9e internationale de la jeunesse \u00e0 Tadjourah - Djibouti<\/title>\n<meta name=\"description\" content=\"La ministre de la Jeunesse et de la Culture, Dr Hibo Moumin Assoweh, a proce\u0301de\u0301 samedi, a\u0300 GadilehResort Ho\u0302tel de Tadj ...\" \/>\n<meta name=\"robots\" content=\"index, follow, max-snippet:-1, max-image-preview:large, max-video-preview:-1\" \/>\n<link rel=\"canonical\" href=\"https:\/\/www.africa-press.net\/djibouti\/photo\/celebration-de-la-journee-internationale-de-la-jeunesse-a-tadjourah\" \/>\n<meta property=\"og:locale\" content=\"fr_FR\" \/>\n<meta property=\"og:type\" content=\"article\" \/>\n<meta property=\"og:title\" content=\"C\u00e9l\u00e9bration de la Journ\u00e9e internationale de la jeunesse \u00e0 Tadjourah\" \/>\n<meta property=\"og:description\" content=\"La ministre de la Jeunesse et de la Culture, Dr Hibo Moumin Assoweh, a proce\u0301de\u0301 samedi, a\u0300 GadilehResort Ho\u0302tel de Tadj ...\" \/>\n<meta property=\"og:url\" content=\"https:\/\/www.africa-press.net\/djibouti\/photo\/celebration-de-la-journee-internationale-de-la-jeunesse-a-tadjourah\" \/>\n<meta property=\"og:site_name\" content=\"Djibouti\" \/>\n<meta property=\"article:published_time\" content=\"2023-08-14T13:32:54+00:00\" \/>\n<meta property=\"article:modified_time\" content=\"2023-08-14T16:37:01+00:00\" \/>\n<meta property=\"og:image\" content=\"https:\/\/static.africa-press.net\/djibouti\/sites\/52\/2023\/08\/sm_1692007744.795362.jpg\" \/>\n\t<meta property=\"og:image:width\" content=\"720\" \/>\n\t<meta property=\"og:image:height\" content=\"405\" \/>\n\t<meta property=\"og:image:type\" content=\"image\/jpeg\" \/>\n<meta name=\"author\" content=\"cfeditorfr\" \/>\n<meta name=\"twitter:card\" content=\"summary_large_image\" \/>\n<meta name=\"twitter:label1\" content=\"\u00c9crit par\" \/>\n\t<meta name=\"twitter:data1\" content=\"cfeditorfr\" \/>\n\t<meta name=\"twitter:label2\" content=\"Dur\u00e9e de lecture estim\u00e9e\" \/>\n\t<meta name=\"twitter:data2\" content=\"3 minutes\" \/>\n<script type=\"application\/ld+json\" class=\"yoast-schema-graph\">{\"@context\":\"https:\/\/schema.org\",\"@graph\":[{\"@type\":\"Article\",\"@id\":\"https:\/\/www.africa-press.net\/djibouti\/photo\/celebration-de-la-journee-internationale-de-la-jeunesse-a-tadjourah#article\",\"isPartOf\":{\"@id\":\"https:\/\/www.africa-press.net\/djibouti\/photo\/celebration-de-la-journee-internationale-de-la-jeunesse-a-tadjourah\"},\"author\":{\"name\":\"cfeditorfr\",\"@id\":\"https:\/\/www.africa-press.net\/djibouti\/#\/schema\/person\/2b1cf3cd81a31e3cd26889ca66d677f1\"},\"headline\":\"C\u00e9l\u00e9bration de la Journ\u00e9e internationale de la jeunesse \u00e0 Tadjourah\",\"datePublished\":\"2023-08-14T13:32:54+00:00\",\"dateModified\":\"2023-08-14T16:37:01+00:00\",\"mainEntityOfPage\":{\"@id\":\"https:\/\/www.africa-press.net\/djibouti\/photo\/celebration-de-la-journee-internationale-de-la-jeunesse-a-tadjourah\"},\"wordCount\":620,\"commentCount\":0,\"image\":{\"@id\":\"https:\/\/www.africa-press.net\/djibouti\/photo\/celebration-de-la-journee-internationale-de-la-jeunesse-a-tadjourah#primaryimage\"},\"thumbnailUrl\":\"https:\/\/static.africa-press.net\/djibouti\/sites\/52\/2023\/08\/sm_1692007744.795362.jpg\",\"keywords\":[\"Africa Press\",\"Africa Press-Djibouti\",\"Djibouti\"],\"articleSection\":[\"Communaut\u00e9\",\"Photo\",\"Toutes les actualit\u00e9s\"],\"inLanguage\":\"fr-FR\",\"potentialAction\":[{\"@type\":\"CommentAction\",\"name\":\"Comment\",\"target\":[\"https:\/\/www.africa-press.net\/djibouti\/photo\/celebration-de-la-journee-internationale-de-la-jeunesse-a-tadjourah#respond\"]}]},{\"@type\":\"WebPage\",\"@id\":\"https:\/\/www.africa-press.net\/djibouti\/photo\/celebration-de-la-journee-internationale-de-la-jeunesse-a-tadjourah\",\"url\":\"https:\/\/www.africa-press.net\/djibouti\/photo\/celebration-de-la-journee-internationale-de-la-jeunesse-a-tadjourah\",\"name\":\"C\u00e9l\u00e9bration de la Journ\u00e9e internationale de la jeunesse \u00e0 Tadjourah - Djibouti\",\"isPartOf\":{\"@id\":\"https:\/\/www.africa-press.net\/djibouti\/#website\"},\"primaryImageOfPage\":{\"@id\":\"https:\/\/www.africa-press.net\/djibouti\/photo\/celebration-de-la-journee-internationale-de-la-jeunesse-a-tadjourah#primaryimage\"},\"image\":{\"@id\":\"https:\/\/www.africa-press.net\/djibouti\/photo\/celebration-de-la-journee-internationale-de-la-jeunesse-a-tadjourah#primaryimage\"},\"thumbnailUrl\":\"https:\/\/static.africa-press.net\/djibouti\/sites\/52\/2023\/08\/sm_1692007744.795362.jpg\",\"datePublished\":\"2023-08-14T13:32:54+00:00\",\"dateModified\":\"2023-08-14T16:37:01+00:00\",\"author\":{\"@id\":\"https:\/\/www.africa-press.net\/djibouti\/#\/schema\/person\/2b1cf3cd81a31e3cd26889ca66d677f1\"},\"description\":\"La ministre de la Jeunesse et de la Culture, Dr Hibo Moumin Assoweh, a proce\u0301de\u0301 samedi, a\u0300 GadilehResort Ho\u0302tel de Tadj ...\",\"breadcrumb\":{\"@id\":\"https:\/\/www.africa-press.net\/djibouti\/photo\/celebration-de-la-journee-internationale-de-la-jeunesse-a-tadjourah#breadcrumb\"},\"inLanguage\":\"fr-FR\",\"potentialAction\":[{\"@type\":\"ReadAction\",\"target\":[\"https:\/\/www.africa-press.net\/djibouti\/photo\/celebration-de-la-journee-internationale-de-la-jeunesse-a-tadjourah\"]}]},{\"@type\":\"ImageObject\",\"inLanguage\":\"fr-FR\",\"@id\":\"https:\/\/www.africa-press.net\/djibouti\/photo\/celebration-de-la-journee-internationale-de-la-jeunesse-a-tadjourah#primaryimage\",\"url\":\"https:\/\/static.africa-press.net\/djibouti\/sites\/52\/2023\/08\/sm_1692007744.795362.jpg\",\"contentUrl\":\"https:\/\/static.africa-press.net\/djibouti\/sites\/52\/2023\/08\/sm_1692007744.795362.jpg\",\"width\":720,\"height\":405,\"caption\":\"C\u00e9l\u00e9bration de la Journ\u00e9e internationale de la jeunesse \u00e0 Tadjourah\"},{\"@type\":\"BreadcrumbList\",\"@id\":\"https:\/\/www.africa-press.net\/djibouti\/photo\/celebration-de-la-journee-internationale-de-la-jeunesse-a-tadjourah#breadcrumb\",\"itemListElement\":[{\"@type\":\"ListItem\",\"position\":1,\"name\":\"Accueil\",\"item\":\"https:\/\/www.africa-press.net\/djibouti\/\"},{\"@type\":\"ListItem\",\"position\":2,\"name\":\"C\u00e9l\u00e9bration de la Journ\u00e9e internationale de la jeunesse \u00e0 Tadjourah\"}]},{\"@type\":\"WebSite\",\"@id\":\"https:\/\/www.africa-press.net\/djibouti\/#website\",\"url\":\"https:\/\/www.africa-press.net\/djibouti\/\",\"name\":\"Djibouti\",\"description\":\"Just another Africa News Agency Sites site\",\"potentialAction\":[{\"@type\":\"SearchAction\",\"target\":{\"@type\":\"EntryPoint\",\"urlTemplate\":\"https:\/\/www.africa-press.net\/djibouti\/?s={search_term_string}\"},\"query-input\":{\"@type\":\"PropertyValueSpecification\",\"valueRequired\":true,\"valueName\":\"search_term_string\"}}],\"inLanguage\":\"fr-FR\"},{\"@type\":\"Person\",\"@id\":\"https:\/\/www.africa-press.net\/djibouti\/#\/schema\/person\/2b1cf3cd81a31e3cd26889ca66d677f1\",\"name\":\"cfeditorfr\"}]}<\/script>\n<!-- \/ Yoast SEO Premium plugin. -->","yoast_head_json":{"title":"C\u00e9l\u00e9bration de la Journ\u00e9e internationale de la jeunesse \u00e0 Tadjourah - Djibouti","description":"La ministre de la Jeunesse et de la Culture, Dr Hibo Moumin Assoweh, a proce\u0301de\u0301 samedi, a\u0300 GadilehResort Ho\u0302tel de Tadj ...","robots":{"index":"index","follow":"follow","max-snippet":"max-snippet:-1","max-image-preview":"max-image-preview:large","max-video-preview":"max-video-preview:-1"},"canonical":"https:\/\/www.africa-press.net\/djibouti\/photo\/celebration-de-la-journee-internationale-de-la-jeunesse-a-tadjourah","og_locale":"fr_FR","og_type":"article","og_title":"C\u00e9l\u00e9bration de la Journ\u00e9e internationale de la jeunesse \u00e0 Tadjourah","og_description":"La ministre de la Jeunesse et de la Culture, Dr Hibo Moumin Assoweh, a proce\u0301de\u0301 samedi, a\u0300 GadilehResort Ho\u0302tel de Tadj ...","og_url":"https:\/\/www.africa-press.net\/djibouti\/photo\/celebration-de-la-journee-internationale-de-la-jeunesse-a-tadjourah","og_site_name":"Djibouti","article_published_time":"2023-08-14T13:32:54+00:00","article_modified_time":"2023-08-14T16:37:01+00:00","og_image":[{"width":720,"height":405,"url":"https:\/\/static.africa-press.net\/djibouti\/sites\/52\/2023\/08\/sm_1692007744.795362.jpg","type":"image\/jpeg"}],"author":"cfeditorfr","twitter_card":"summary_large_image","twitter_misc":{"\u00c9crit par":"cfeditorfr","Dur\u00e9e de lecture estim\u00e9e":"3 minutes"},"schema":{"@context":"https:\/\/schema.org","@graph":[{"@type":"Article","@id":"https:\/\/www.africa-press.net\/djibouti\/photo\/celebration-de-la-journee-internationale-de-la-jeunesse-a-tadjourah#article","isPartOf":{"@id":"https:\/\/www.africa-press.net\/djibouti\/photo\/celebration-de-la-journee-internationale-de-la-jeunesse-a-tadjourah"},"author":{"name":"cfeditorfr","@id":"https:\/\/www.africa-press.net\/djibouti\/#\/schema\/person\/2b1cf3cd81a31e3cd26889ca66d677f1"},"headline":"C\u00e9l\u00e9bration de la Journ\u00e9e internationale de la jeunesse \u00e0 Tadjourah","datePublished":"2023-08-14T13:32:54+00:00","dateModified":"2023-08-14T16:37:01+00:00","mainEntityOfPage":{"@id":"https:\/\/www.africa-press.net\/djibouti\/photo\/celebration-de-la-journee-internationale-de-la-jeunesse-a-tadjourah"},"wordCount":620,"commentCount":0,"image":{"@id":"https:\/\/www.africa-press.net\/djibouti\/photo\/celebration-de-la-journee-internationale-de-la-jeunesse-a-tadjourah#primaryimage"},"thumbnailUrl":"https:\/\/static.africa-press.net\/djibouti\/sites\/52\/2023\/08\/sm_1692007744.795362.jpg","keywords":["Africa Press","Africa Press-Djibouti","Djibouti"],"articleSection":["Communaut\u00e9","Photo","Toutes les actualit\u00e9s"],"inLanguage":"fr-FR","potentialAction":[{"@type":"CommentAction","name":"Comment","target":["https:\/\/www.africa-press.net\/djibouti\/photo\/celebration-de-la-journee-internationale-de-la-jeunesse-a-tadjourah#respond"]}]},{"@type":"WebPage","@id":"https:\/\/www.africa-press.net\/djibouti\/photo\/celebration-de-la-journee-internationale-de-la-jeunesse-a-tadjourah","url":"https:\/\/www.africa-press.net\/djibouti\/photo\/celebration-de-la-journee-internationale-de-la-jeunesse-a-tadjourah","name":"C\u00e9l\u00e9bration de la Journ\u00e9e internationale de la jeunesse \u00e0 Tadjourah - Djibouti","isPartOf":{"@id":"https:\/\/www.africa-press.net\/djibouti\/#website"},"primaryImageOfPage":{"@id":"https:\/\/www.africa-press.net\/djibouti\/photo\/celebration-de-la-journee-internationale-de-la-jeunesse-a-tadjourah#primaryimage"},"image":{"@id":"https:\/\/www.africa-press.net\/djibouti\/photo\/celebration-de-la-journee-internationale-de-la-jeunesse-a-tadjourah#primaryimage"},"thumbnailUrl":"https:\/\/static.africa-press.net\/djibouti\/sites\/52\/2023\/08\/sm_1692007744.795362.jpg","datePublished":"2023-08-14T13:32:54+00:00","dateModified":"2023-08-14T16:37:01+00:00","author":{"@id":"https:\/\/www.africa-press.net\/djibouti\/#\/schema\/person\/2b1cf3cd81a31e3cd26889ca66d677f1"},"description":"La ministre de la Jeunesse et de la Culture, Dr Hibo Moumin Assoweh, a proce\u0301de\u0301 samedi, a\u0300 GadilehResort Ho\u0302tel de Tadj ...","breadcrumb":{"@id":"https:\/\/www.africa-press.net\/djibouti\/photo\/celebration-de-la-journee-internationale-de-la-jeunesse-a-tadjourah#breadcrumb"},"inLanguage":"fr-FR","potentialAction":[{"@type":"ReadAction","target":["https:\/\/www.africa-press.net\/djibouti\/photo\/celebration-de-la-journee-internationale-de-la-jeunesse-a-tadjourah"]}]},{"@type":"ImageObject","inLanguage":"fr-FR","@id":"https:\/\/www.africa-press.net\/djibouti\/photo\/celebration-de-la-journee-internationale-de-la-jeunesse-a-tadjourah#primaryimage","url":"https:\/\/static.africa-press.net\/djibouti\/sites\/52\/2023\/08\/sm_1692007744.795362.jpg","contentUrl":"https:\/\/static.africa-press.net\/djibouti\/sites\/52\/2023\/08\/sm_1692007744.795362.jpg","width":720,"height":405,"caption":"C\u00e9l\u00e9bration de la Journ\u00e9e internationale de la jeunesse \u00e0 Tadjourah"},{"@type":"BreadcrumbList","@id":"https:\/\/www.africa-press.net\/djibouti\/photo\/celebration-de-la-journee-internationale-de-la-jeunesse-a-tadjourah#breadcrumb","itemListElement":[{"@type":"ListItem","position":1,"name":"Accueil","item":"https:\/\/www.africa-press.net\/djibouti\/"},{"@type":"ListItem","position":2,"name":"C\u00e9l\u00e9bration de la Journ\u00e9e internationale de la jeunesse \u00e0 Tadjourah"}]},{"@type":"WebSite","@id":"https:\/\/www.africa-press.net\/djibouti\/#website","url":"https:\/\/www.africa-press.net\/djibouti\/","name":"Djibouti","description":"Just another Africa News Agency Sites site","potentialAction":[{"@type":"SearchAction","target":{"@type":"EntryPoint","urlTemplate":"https:\/\/www.africa-press.net\/djibouti\/?s={search_term_string}"},"query-input":{"@type":"PropertyValueSpecification","valueRequired":true,"valueName":"search_term_string"}}],"inLanguage":"fr-FR"},{"@type":"Person","@id":"https:\/\/www.africa-press.net\/djibouti\/#\/schema\/person\/2b1cf3cd81a31e3cd26889ca66d677f1","name":"cfeditorfr"}]}},"_links":{"self":[{"href":"https:\/\/www.africa-press.net\/djibouti\/wp-json\/wp\/v2\/posts\/16617","targetHints":{"allow":["GET"]}}],"collection":[{"href":"https:\/\/www.africa-press.net\/djibouti\/wp-json\/wp\/v2\/posts"}],"about":[{"href":"https:\/\/www.africa-press.net\/djibouti\/wp-json\/wp\/v2\/types\/post"}],"author":[{"embeddable":true,"href":"https:\/\/www.africa-press.net\/djibouti\/wp-json\/wp\/v2\/users\/82"}],"replies":[{"embeddable":true,"href":"https:\/\/www.africa-press.net\/djibouti\/wp-json\/wp\/v2\/comments?post=16617"}],"version-history":[{"count":0,"href":"https:\/\/www.africa-press.net\/djibouti\/wp-json\/wp\/v2\/posts\/16617\/revisions"}],"wp:featuredmedia":[{"embeddable":true,"href":"https:\/\/www.africa-press.net\/djibouti\/wp-json\/wp\/v2\/media\/16616"}],"wp:attachment":[{"href":"https:\/\/www.africa-press.net\/djibouti\/wp-json\/wp\/v2\/media?parent=16617"}],"wp:term":[{"taxonomy":"category","embeddable":true,"href":"https:\/\/www.africa-press.net\/djibouti\/wp-json\/wp\/v2\/categories?post=16617"},{"taxonomy":"post_tag","embeddable":true,"href":"https:\/\/www.africa-press.net\/djibouti\/wp-json\/wp\/v2\/tags?post=16617"}],"curies":[{"name":"wp","href":"https:\/\/api.w.org\/{rel}","templated":true}]}}