{"id":16620,"date":"2023-08-14T13:35:16","date_gmt":"2023-08-14T13:35:16","guid":{"rendered":"https:\/\/www.africa-press.net\/djibouti\/politique\/migration-le-premier-ministre-a-obock-pour-constater-de-visu-le-travail-accompli-par-loim-sur-le-terrain"},"modified":"2023-08-14T16:37:14","modified_gmt":"2023-08-14T16:37:14","slug":"migration-le-premier-ministre-a-obock-pour-constater-de-visu-le-travail-accompli-par-loim-sur-le-terrain","status":"publish","type":"post","link":"https:\/\/www.africa-press.net\/djibouti\/politique\/migration-le-premier-ministre-a-obock-pour-constater-de-visu-le-travail-accompli-par-loim-sur-le-terrain","title":{"rendered":"Migration : le Premier ministre \u00e0 Obock pour constater de visu le travail accompli par l\u2019OIM sur le terrain"},"content":{"rendered":"<p><span style=\"color: #ff6600\"><strong>Africa-Press &#8211; Djibouti. <\/strong><\/span><b>Cette visite constitue un pas significatif vers une coope\u0301ration renforce\u0301e entre le gouvernement djiboutien et l\u2019OIM pour faire face a\u0300 ces de\u0301fis complexes et apporter des re\u0301ponses durables<\/b><\/p>\n<p>A\u0300 l\u2019invitation du bureau de l\u2019Organisation internationale pour les migrations (OIM) a\u0300 Djibouti, le premier ministre AbdoulkaderKamil Mohamed, accompagne\u0301 de son chef de cabinet, s\u2019est rendu hier matin a\u0300 Obock par avion. Une visite qui reve\u0302t une importance particulie\u0300re dans le contexte de la gestion des flux migratoires.<\/p>\n<p>A\u0300 son arrive\u0301e, il fut accueilli par une de\u0301le\u0301gation comprenant le pre\u0301fet d\u2019Obock, Moussa Aden Migane, le repre\u0301sentant du conseil re\u0301gional d\u2019Obock, Mohamed Hamadou, la repre\u0301sentante de l\u2019OIM a\u0300 Djibouti, Tanja Pacifico, ainsi que des personnalite\u0301s notables de la re\u0301gion. Le commandant du re\u0301giment interarmes d\u2019Obock (RIAO), le colonelIlyas Omar Youssouf, le lieutenant-colonel de la police nationale, M. Kamil Mohamed Ali, et le commandant de la brigade de la gendarmerie d\u2019Obock e\u0301taient e\u0301galement pre\u0301sents pour accueillir chaleureusement le premier ministre.<\/p>\n<p>Une re\u0301union de travail fructueuse a suivi, au cours de laquelle le premier ministre AbdoulkaderKamil Mohamed a e\u0301change\u0301 avec l\u2019e\u0301quipe de l\u2019OIM d\u2019Obocksur l\u2019assistance apporte\u0301e aux migrants traversant Djibouti en que\u0302te d\u2019une meilleure vie dans les pays du Golfe. De prime abord, la repre\u0301sentante de l\u2019OIM a exprime\u0301 ses since\u0300res salutations au premier ministre pour avoir re\u0301pondu favorablement a\u0300 l\u2019invitation, soulignant l\u2019importance de sa visite afin de prendre connaissance du travail accompli par l\u2019OIM a\u0300 Obock. Elle a rappele\u0301 que l\u2019OIM \u0153uvre en e\u0301troite collaboration avec le ministe\u0300re de l\u2019Inte\u0301rieur et les autorite\u0301s locales d\u2019Obock pour ge\u0301rer efficacement la situation complexe des migrants. De son co\u0302te\u0301, le premier ministre a souligne\u0301 la ne\u0301cessite\u0301 de revoir la strate\u0301gie mise en place par l\u2019OIM, en vue de trouver des solutions ade\u0301quates pour les migrants qui affluent a\u0300 Djibouti dans l\u2019espoir de rejoindre les pays du Golfe. Cette visite constitue un pas significatif vers une coope\u0301ration renforce\u0301e entre le gouvernement djiboutien et l\u2019OIM pour faire face a\u0300 ces de\u0301fis complexes et apporter des re\u0301ponses durables.<\/p>\n<p>A savoir que la re\u0301gion d\u2019Obock, en raison de sa position ge\u0301ographique strate\u0301gique, est devenue un point de transit crucial pour de nombreux migrants en que\u0302te d\u2019opportunite\u0301s meilleures.<\/p>\n<p>Le premier ministre Abdoulkader Kamil Mohamed a ainsi de\u0301montre\u0301 son engagement envers une approche concerte\u0301e pour aborder cette question humanitaire pressante.<\/p>\n<p>Cette visite marque le de\u0301but d\u2019une re\u0301flexion plus profonde sur les moyens de ge\u0301rer efficacement les flux migratoires tout en garantissant la se\u0301curite\u0301, la dignite\u0301 et le bien-e\u0302tre des migrants.<\/p>\n<p>L\u2019OIM et le gouvernement djiboutien travaillent main dans la main pour fac\u0327onner un avenir plus prometteur pour les personnes cherchant a\u0300 traverser Djibouti dans leur que\u0302te d\u2019un avenir meilleur.<\/p>\n<p><img loading=\"lazy\" decoding=\"async\" src=\"bin\/Users\/MiladFR\/postMediaimg_6_2.jpg\" width=\"480\" height=\"270\" \/><br \/>\n<img loading=\"lazy\" decoding=\"async\" src=\"bin\/Users\/MiladFR\/postMediaimg_6_3.jpg\" width=\"480\" height=\"270\" \/><\/p>\n<p><strong>Pour plus d&rsquo;informations et d&rsquo;analyses sur la <a href=\"https:\/\/www.africa-press.net\/djibouti\">Djibouti<\/a>, suivez <a href=\"https:\/\/www.africa-press.net\/\">Africa-Press<\/a><\/strong><\/p>\n","protected":false},"excerpt":{"rendered":"<p>Africa-Press &#8211; Djibouti. Cette visite constitue un pas significatif vers une coope\u0301ration renforce\u0301e entre le gouvernement djiboutien et l\u2019OIM pour faire face a\u0300 ces de\u0301fis complexes et apporter des re\u0301ponses durables A\u0300 l\u2019invitation du bureau de l\u2019Organisation internationale pour les migrations (OIM) a\u0300 Djibouti, le premier ministre AbdoulkaderKamil Mohamed, accompagne\u0301 de son chef de cabinet, [&hellip;]<\/p>\n","protected":false},"author":82,"featured_media":16619,"comment_status":"open","ping_status":"closed","sticky":false,"template":"","format":"standard","meta":{"footnotes":""},"categories":[8,2,10],"tags":[36,49,50],"class_list":["post-16620","post","type-post","status-publish","format-standard","has-post-thumbnail","hentry","category-photo","category-politique","category-toutes-les-actualites","tag-africa-press","tag-africa-press-djibouti","tag-djibouti"],"yoast_head":"<!-- This site is optimized with the Yoast SEO Premium plugin v26.1 (Yoast SEO v27.0) - https:\/\/yoast.com\/product\/yoast-seo-premium-wordpress\/ -->\n<title>Migration : le Premier ministre \u00e0 Obock pour constater de visu le travail accompli par l\u2019OIM sur le terrain - Djibouti<\/title>\n<meta name=\"description\" content=\"Cette visite constitue un pas significatif vers une coope\u0301ration renforce\u0301e entre le gouvernement djiboutien et l\u2019OIM ...\" \/>\n<meta name=\"robots\" content=\"index, follow, max-snippet:-1, max-image-preview:large, max-video-preview:-1\" \/>\n<link rel=\"canonical\" href=\"https:\/\/www.africa-press.net\/djibouti\/politique\/migration-le-premier-ministre-a-obock-pour-constater-de-visu-le-travail-accompli-par-loim-sur-le-terrain\" \/>\n<meta property=\"og:locale\" content=\"fr_FR\" \/>\n<meta property=\"og:type\" content=\"article\" \/>\n<meta property=\"og:title\" content=\"Migration : le Premier ministre \u00e0 Obock pour constater de visu le travail accompli par l\u2019OIM sur le terrain\" \/>\n<meta property=\"og:description\" content=\"Cette visite constitue un pas significatif vers une coope\u0301ration renforce\u0301e entre le gouvernement djiboutien et l\u2019OIM ...\" \/>\n<meta property=\"og:url\" content=\"https:\/\/www.africa-press.net\/djibouti\/politique\/migration-le-premier-ministre-a-obock-pour-constater-de-visu-le-travail-accompli-par-loim-sur-le-terrain\" \/>\n<meta property=\"og:site_name\" content=\"Djibouti\" \/>\n<meta property=\"article:published_time\" content=\"2023-08-14T13:35:16+00:00\" \/>\n<meta property=\"article:modified_time\" content=\"2023-08-14T16:37:14+00:00\" \/>\n<meta property=\"og:image\" content=\"https:\/\/static.africa-press.net\/djibouti\/sites\/52\/2023\/08\/sm_1692008396.843165.jpg\" \/>\n\t<meta property=\"og:image:width\" content=\"720\" \/>\n\t<meta property=\"og:image:height\" content=\"405\" \/>\n\t<meta property=\"og:image:type\" content=\"image\/jpeg\" \/>\n<meta name=\"author\" content=\"cfeditorfr\" \/>\n<meta name=\"twitter:card\" content=\"summary_large_image\" \/>\n<meta name=\"twitter:label1\" content=\"\u00c9crit par\" \/>\n\t<meta name=\"twitter:data1\" content=\"cfeditorfr\" \/>\n\t<meta name=\"twitter:label2\" content=\"Dur\u00e9e de lecture estim\u00e9e\" \/>\n\t<meta name=\"twitter:data2\" content=\"3 minutes\" \/>\n<script type=\"application\/ld+json\" class=\"yoast-schema-graph\">{\"@context\":\"https:\/\/schema.org\",\"@graph\":[{\"@type\":\"Article\",\"@id\":\"https:\/\/www.africa-press.net\/djibouti\/politique\/migration-le-premier-ministre-a-obock-pour-constater-de-visu-le-travail-accompli-par-loim-sur-le-terrain#article\",\"isPartOf\":{\"@id\":\"https:\/\/www.africa-press.net\/djibouti\/politique\/migration-le-premier-ministre-a-obock-pour-constater-de-visu-le-travail-accompli-par-loim-sur-le-terrain\"},\"author\":{\"name\":\"cfeditorfr\",\"@id\":\"https:\/\/www.africa-press.net\/djibouti\/#\/schema\/person\/2b1cf3cd81a31e3cd26889ca66d677f1\"},\"headline\":\"Migration : le Premier ministre \u00e0 Obock pour constater de visu le travail accompli par l\u2019OIM sur le terrain\",\"datePublished\":\"2023-08-14T13:35:16+00:00\",\"dateModified\":\"2023-08-14T16:37:14+00:00\",\"mainEntityOfPage\":{\"@id\":\"https:\/\/www.africa-press.net\/djibouti\/politique\/migration-le-premier-ministre-a-obock-pour-constater-de-visu-le-travail-accompli-par-loim-sur-le-terrain\"},\"wordCount\":552,\"commentCount\":0,\"image\":{\"@id\":\"https:\/\/www.africa-press.net\/djibouti\/politique\/migration-le-premier-ministre-a-obock-pour-constater-de-visu-le-travail-accompli-par-loim-sur-le-terrain#primaryimage\"},\"thumbnailUrl\":\"https:\/\/static.africa-press.net\/djibouti\/sites\/52\/2023\/08\/sm_1692008396.843165.jpg\",\"keywords\":[\"Africa Press\",\"Africa Press-Djibouti\",\"Djibouti\"],\"articleSection\":[\"Photo\",\"Politique\",\"Toutes les actualit\u00e9s\"],\"inLanguage\":\"fr-FR\",\"potentialAction\":[{\"@type\":\"CommentAction\",\"name\":\"Comment\",\"target\":[\"https:\/\/www.africa-press.net\/djibouti\/politique\/migration-le-premier-ministre-a-obock-pour-constater-de-visu-le-travail-accompli-par-loim-sur-le-terrain#respond\"]}]},{\"@type\":\"WebPage\",\"@id\":\"https:\/\/www.africa-press.net\/djibouti\/politique\/migration-le-premier-ministre-a-obock-pour-constater-de-visu-le-travail-accompli-par-loim-sur-le-terrain\",\"url\":\"https:\/\/www.africa-press.net\/djibouti\/politique\/migration-le-premier-ministre-a-obock-pour-constater-de-visu-le-travail-accompli-par-loim-sur-le-terrain\",\"name\":\"Migration : le Premier ministre \u00e0 Obock pour constater de visu le travail accompli par l\u2019OIM sur le terrain - Djibouti\",\"isPartOf\":{\"@id\":\"https:\/\/www.africa-press.net\/djibouti\/#website\"},\"primaryImageOfPage\":{\"@id\":\"https:\/\/www.africa-press.net\/djibouti\/politique\/migration-le-premier-ministre-a-obock-pour-constater-de-visu-le-travail-accompli-par-loim-sur-le-terrain#primaryimage\"},\"image\":{\"@id\":\"https:\/\/www.africa-press.net\/djibouti\/politique\/migration-le-premier-ministre-a-obock-pour-constater-de-visu-le-travail-accompli-par-loim-sur-le-terrain#primaryimage\"},\"thumbnailUrl\":\"https:\/\/static.africa-press.net\/djibouti\/sites\/52\/2023\/08\/sm_1692008396.843165.jpg\",\"datePublished\":\"2023-08-14T13:35:16+00:00\",\"dateModified\":\"2023-08-14T16:37:14+00:00\",\"author\":{\"@id\":\"https:\/\/www.africa-press.net\/djibouti\/#\/schema\/person\/2b1cf3cd81a31e3cd26889ca66d677f1\"},\"description\":\"Cette visite constitue un pas significatif vers une coope\u0301ration renforce\u0301e entre le gouvernement djiboutien et l\u2019OIM ...\",\"breadcrumb\":{\"@id\":\"https:\/\/www.africa-press.net\/djibouti\/politique\/migration-le-premier-ministre-a-obock-pour-constater-de-visu-le-travail-accompli-par-loim-sur-le-terrain#breadcrumb\"},\"inLanguage\":\"fr-FR\",\"potentialAction\":[{\"@type\":\"ReadAction\",\"target\":[\"https:\/\/www.africa-press.net\/djibouti\/politique\/migration-le-premier-ministre-a-obock-pour-constater-de-visu-le-travail-accompli-par-loim-sur-le-terrain\"]}]},{\"@type\":\"ImageObject\",\"inLanguage\":\"fr-FR\",\"@id\":\"https:\/\/www.africa-press.net\/djibouti\/politique\/migration-le-premier-ministre-a-obock-pour-constater-de-visu-le-travail-accompli-par-loim-sur-le-terrain#primaryimage\",\"url\":\"https:\/\/static.africa-press.net\/djibouti\/sites\/52\/2023\/08\/sm_1692008396.843165.jpg\",\"contentUrl\":\"https:\/\/static.africa-press.net\/djibouti\/sites\/52\/2023\/08\/sm_1692008396.843165.jpg\",\"width\":720,\"height\":405,\"caption\":\"Migration : le Premier ministre \u00e0 Obock pour constater de visu le travail accompli par l\u2019OIM sur le terrain\"},{\"@type\":\"BreadcrumbList\",\"@id\":\"https:\/\/www.africa-press.net\/djibouti\/politique\/migration-le-premier-ministre-a-obock-pour-constater-de-visu-le-travail-accompli-par-loim-sur-le-terrain#breadcrumb\",\"itemListElement\":[{\"@type\":\"ListItem\",\"position\":1,\"name\":\"Accueil\",\"item\":\"https:\/\/www.africa-press.net\/djibouti\/\"},{\"@type\":\"ListItem\",\"position\":2,\"name\":\"Migration : le Premier ministre \u00e0 Obock pour constater de visu le travail accompli par l\u2019OIM sur le terrain\"}]},{\"@type\":\"WebSite\",\"@id\":\"https:\/\/www.africa-press.net\/djibouti\/#website\",\"url\":\"https:\/\/www.africa-press.net\/djibouti\/\",\"name\":\"Djibouti\",\"description\":\"Just another Africa News Agency Sites site\",\"potentialAction\":[{\"@type\":\"SearchAction\",\"target\":{\"@type\":\"EntryPoint\",\"urlTemplate\":\"https:\/\/www.africa-press.net\/djibouti\/?s={search_term_string}\"},\"query-input\":{\"@type\":\"PropertyValueSpecification\",\"valueRequired\":true,\"valueName\":\"search_term_string\"}}],\"inLanguage\":\"fr-FR\"},{\"@type\":\"Person\",\"@id\":\"https:\/\/www.africa-press.net\/djibouti\/#\/schema\/person\/2b1cf3cd81a31e3cd26889ca66d677f1\",\"name\":\"cfeditorfr\"}]}<\/script>\n<!-- \/ Yoast SEO Premium plugin. -->","yoast_head_json":{"title":"Migration : le Premier ministre \u00e0 Obock pour constater de visu le travail accompli par l\u2019OIM sur le terrain - Djibouti","description":"Cette visite constitue un pas significatif vers une coope\u0301ration renforce\u0301e entre le gouvernement djiboutien et l\u2019OIM ...","robots":{"index":"index","follow":"follow","max-snippet":"max-snippet:-1","max-image-preview":"max-image-preview:large","max-video-preview":"max-video-preview:-1"},"canonical":"https:\/\/www.africa-press.net\/djibouti\/politique\/migration-le-premier-ministre-a-obock-pour-constater-de-visu-le-travail-accompli-par-loim-sur-le-terrain","og_locale":"fr_FR","og_type":"article","og_title":"Migration : le Premier ministre \u00e0 Obock pour constater de visu le travail accompli par l\u2019OIM sur le terrain","og_description":"Cette visite constitue un pas significatif vers une coope\u0301ration renforce\u0301e entre le gouvernement djiboutien et l\u2019OIM ...","og_url":"https:\/\/www.africa-press.net\/djibouti\/politique\/migration-le-premier-ministre-a-obock-pour-constater-de-visu-le-travail-accompli-par-loim-sur-le-terrain","og_site_name":"Djibouti","article_published_time":"2023-08-14T13:35:16+00:00","article_modified_time":"2023-08-14T16:37:14+00:00","og_image":[{"width":720,"height":405,"url":"https:\/\/static.africa-press.net\/djibouti\/sites\/52\/2023\/08\/sm_1692008396.843165.jpg","type":"image\/jpeg"}],"author":"cfeditorfr","twitter_card":"summary_large_image","twitter_misc":{"\u00c9crit par":"cfeditorfr","Dur\u00e9e de lecture estim\u00e9e":"3 minutes"},"schema":{"@context":"https:\/\/schema.org","@graph":[{"@type":"Article","@id":"https:\/\/www.africa-press.net\/djibouti\/politique\/migration-le-premier-ministre-a-obock-pour-constater-de-visu-le-travail-accompli-par-loim-sur-le-terrain#article","isPartOf":{"@id":"https:\/\/www.africa-press.net\/djibouti\/politique\/migration-le-premier-ministre-a-obock-pour-constater-de-visu-le-travail-accompli-par-loim-sur-le-terrain"},"author":{"name":"cfeditorfr","@id":"https:\/\/www.africa-press.net\/djibouti\/#\/schema\/person\/2b1cf3cd81a31e3cd26889ca66d677f1"},"headline":"Migration : le Premier ministre \u00e0 Obock pour constater de visu le travail accompli par l\u2019OIM sur le terrain","datePublished":"2023-08-14T13:35:16+00:00","dateModified":"2023-08-14T16:37:14+00:00","mainEntityOfPage":{"@id":"https:\/\/www.africa-press.net\/djibouti\/politique\/migration-le-premier-ministre-a-obock-pour-constater-de-visu-le-travail-accompli-par-loim-sur-le-terrain"},"wordCount":552,"commentCount":0,"image":{"@id":"https:\/\/www.africa-press.net\/djibouti\/politique\/migration-le-premier-ministre-a-obock-pour-constater-de-visu-le-travail-accompli-par-loim-sur-le-terrain#primaryimage"},"thumbnailUrl":"https:\/\/static.africa-press.net\/djibouti\/sites\/52\/2023\/08\/sm_1692008396.843165.jpg","keywords":["Africa Press","Africa Press-Djibouti","Djibouti"],"articleSection":["Photo","Politique","Toutes les actualit\u00e9s"],"inLanguage":"fr-FR","potentialAction":[{"@type":"CommentAction","name":"Comment","target":["https:\/\/www.africa-press.net\/djibouti\/politique\/migration-le-premier-ministre-a-obock-pour-constater-de-visu-le-travail-accompli-par-loim-sur-le-terrain#respond"]}]},{"@type":"WebPage","@id":"https:\/\/www.africa-press.net\/djibouti\/politique\/migration-le-premier-ministre-a-obock-pour-constater-de-visu-le-travail-accompli-par-loim-sur-le-terrain","url":"https:\/\/www.africa-press.net\/djibouti\/politique\/migration-le-premier-ministre-a-obock-pour-constater-de-visu-le-travail-accompli-par-loim-sur-le-terrain","name":"Migration : le Premier ministre \u00e0 Obock pour constater de visu le travail accompli par l\u2019OIM sur le terrain - Djibouti","isPartOf":{"@id":"https:\/\/www.africa-press.net\/djibouti\/#website"},"primaryImageOfPage":{"@id":"https:\/\/www.africa-press.net\/djibouti\/politique\/migration-le-premier-ministre-a-obock-pour-constater-de-visu-le-travail-accompli-par-loim-sur-le-terrain#primaryimage"},"image":{"@id":"https:\/\/www.africa-press.net\/djibouti\/politique\/migration-le-premier-ministre-a-obock-pour-constater-de-visu-le-travail-accompli-par-loim-sur-le-terrain#primaryimage"},"thumbnailUrl":"https:\/\/static.africa-press.net\/djibouti\/sites\/52\/2023\/08\/sm_1692008396.843165.jpg","datePublished":"2023-08-14T13:35:16+00:00","dateModified":"2023-08-14T16:37:14+00:00","author":{"@id":"https:\/\/www.africa-press.net\/djibouti\/#\/schema\/person\/2b1cf3cd81a31e3cd26889ca66d677f1"},"description":"Cette visite constitue un pas significatif vers une coope\u0301ration renforce\u0301e entre le gouvernement djiboutien et l\u2019OIM ...","breadcrumb":{"@id":"https:\/\/www.africa-press.net\/djibouti\/politique\/migration-le-premier-ministre-a-obock-pour-constater-de-visu-le-travail-accompli-par-loim-sur-le-terrain#breadcrumb"},"inLanguage":"fr-FR","potentialAction":[{"@type":"ReadAction","target":["https:\/\/www.africa-press.net\/djibouti\/politique\/migration-le-premier-ministre-a-obock-pour-constater-de-visu-le-travail-accompli-par-loim-sur-le-terrain"]}]},{"@type":"ImageObject","inLanguage":"fr-FR","@id":"https:\/\/www.africa-press.net\/djibouti\/politique\/migration-le-premier-ministre-a-obock-pour-constater-de-visu-le-travail-accompli-par-loim-sur-le-terrain#primaryimage","url":"https:\/\/static.africa-press.net\/djibouti\/sites\/52\/2023\/08\/sm_1692008396.843165.jpg","contentUrl":"https:\/\/static.africa-press.net\/djibouti\/sites\/52\/2023\/08\/sm_1692008396.843165.jpg","width":720,"height":405,"caption":"Migration : le Premier ministre \u00e0 Obock pour constater de visu le travail accompli par l\u2019OIM sur le terrain"},{"@type":"BreadcrumbList","@id":"https:\/\/www.africa-press.net\/djibouti\/politique\/migration-le-premier-ministre-a-obock-pour-constater-de-visu-le-travail-accompli-par-loim-sur-le-terrain#breadcrumb","itemListElement":[{"@type":"ListItem","position":1,"name":"Accueil","item":"https:\/\/www.africa-press.net\/djibouti\/"},{"@type":"ListItem","position":2,"name":"Migration : le Premier ministre \u00e0 Obock pour constater de visu le travail accompli par l\u2019OIM sur le terrain"}]},{"@type":"WebSite","@id":"https:\/\/www.africa-press.net\/djibouti\/#website","url":"https:\/\/www.africa-press.net\/djibouti\/","name":"Djibouti","description":"Just another Africa News Agency Sites site","potentialAction":[{"@type":"SearchAction","target":{"@type":"EntryPoint","urlTemplate":"https:\/\/www.africa-press.net\/djibouti\/?s={search_term_string}"},"query-input":{"@type":"PropertyValueSpecification","valueRequired":true,"valueName":"search_term_string"}}],"inLanguage":"fr-FR"},{"@type":"Person","@id":"https:\/\/www.africa-press.net\/djibouti\/#\/schema\/person\/2b1cf3cd81a31e3cd26889ca66d677f1","name":"cfeditorfr"}]}},"_links":{"self":[{"href":"https:\/\/www.africa-press.net\/djibouti\/wp-json\/wp\/v2\/posts\/16620","targetHints":{"allow":["GET"]}}],"collection":[{"href":"https:\/\/www.africa-press.net\/djibouti\/wp-json\/wp\/v2\/posts"}],"about":[{"href":"https:\/\/www.africa-press.net\/djibouti\/wp-json\/wp\/v2\/types\/post"}],"author":[{"embeddable":true,"href":"https:\/\/www.africa-press.net\/djibouti\/wp-json\/wp\/v2\/users\/82"}],"replies":[{"embeddable":true,"href":"https:\/\/www.africa-press.net\/djibouti\/wp-json\/wp\/v2\/comments?post=16620"}],"version-history":[{"count":0,"href":"https:\/\/www.africa-press.net\/djibouti\/wp-json\/wp\/v2\/posts\/16620\/revisions"}],"wp:featuredmedia":[{"embeddable":true,"href":"https:\/\/www.africa-press.net\/djibouti\/wp-json\/wp\/v2\/media\/16619"}],"wp:attachment":[{"href":"https:\/\/www.africa-press.net\/djibouti\/wp-json\/wp\/v2\/media?parent=16620"}],"wp:term":[{"taxonomy":"category","embeddable":true,"href":"https:\/\/www.africa-press.net\/djibouti\/wp-json\/wp\/v2\/categories?post=16620"},{"taxonomy":"post_tag","embeddable":true,"href":"https:\/\/www.africa-press.net\/djibouti\/wp-json\/wp\/v2\/tags?post=16620"}],"curies":[{"name":"wp","href":"https:\/\/api.w.org\/{rel}","templated":true}]}}